{"id":1874,"date":"2019-01-26T22:10:06","date_gmt":"2019-01-26T20:10:06","guid":{"rendered":"http:\/\/www.inkultura-online.de\/politisch_unkorrekt\/?p=1874"},"modified":"2019-01-26T22:10:06","modified_gmt":"2019-01-26T20:10:06","slug":"groessenwahnsinnige-realitaetsverweigerer","status":"publish","type":"post","link":"https:\/\/www.inkultura-online.de\/politisch_unkorrekt\/groessenwahnsinnige-realitaetsverweigerer\/","title":{"rendered":"Gr\u00f6\u00dfenwahnsinnige Realit\u00e4tsverweigerer"},"content":{"rendered":"<p>Sp\u00e4testens ab dem Jahr 2038, h\u00f6chstwahrscheinlich jedoch bereits viel fr\u00fcher, wird es in Deutschland noch ungem\u00fctlicher als derzeit. Ab diesem Zeitpunkt soll die Stromerzeugung aus Kohle hierzulande beendet sein, so jedenfalls das propagierte Ziel der <a href=\"https:\/\/www.klimareporter.de\/deutschland\/das-sind-die-mitglieder-der-kohlekommission\" target=\"_blank\" rel=\"noopener\">Kohlekommission<\/a>. Politiker und andere Weltretter feiern den Beschluss euphorisch, auch wenn viele der Frohlocker dann wahrscheinlich gar nicht mehr am Leben sein d\u00fcrften. Aber was soll&#8217;s, nach uns die Sintflut.<!--more--><\/p>\n<p>Die Jubelstimmung ist gro\u00df. Der Kommissionsvorsitzende Ronald Pofalla \u2013 welche Kenntnisse und F\u00e4higkeiten verhalfen dieser Type eigentlich zu diesem Posten? \u2013 nannte das Ergebnis einen <em>\u201ehistorischen Kraftakt\u201c<\/em>. Olaf Scholz, unter dessen Zeit als Hamburger B\u00fcrgermeister diese Stadt zum Bet\u00e4tigungsfeld regierungsnaher Sturmtruppen mutierte und der aufgrund dessen mit dem Posten des Bundesfinanzministers, in diesen Kreisen f\u00e4llt man eben immer nach oben, belohnt wurde, freut sich derweil, <em>\u201eWir richten die Energieversorgung der Industrienation Deutschland komplett neu aus\u201c<\/em> und gleichzeitig will er Deutschland zu einem<em> \u201eenergiepolitischen Vorzeigeland weiterentwickeln\u201c<\/em>. Auch Merkels Mann f\u00fcrs Grobe, Peter Altmaier ist angesichts der zuk\u00fcnftigen globalen deutschen Vorbildfunktion schier au\u00dfer Sinnen: <em>\u201eWir brauchen Klimaschutz, Wohlstand und Arbeitspl\u00e4tze gleicherma\u00dfen\u201c<\/em>, \u00fcbersetzt f\u00fcr den die Kosten des Irrsinns zahlenden B\u00fcrger: der Kohleausstieg als eierlegende Wollmilchsau.<\/p>\n<p>Herr, lass Hirn vom Himmel fallen! W\u00fcrden Oberprimaner \u2013 f\u00fcr alle Sp\u00e4tgeborenen, das sind die Sch\u00fcler der Klasse 13 auf dem Gymnasium \u2013 solch einen Schwachsinn absondern, w\u00e4re es h\u00f6chste Zeit f\u00fcr das Lehrpersonal dezent p\u00e4dagogisch einzugreifen und Wissen zu vermitteln. Bei unserem politischem Personal scheint allerdings Hopfen und Malz schon l\u00e4ngst verloren.<\/p>\n<p>Aus diesem Grund tr\u00e4umt dieser Personenkreis gern und oft davon, wie und mit welchen Mitteln Deutschland den Rest der Welt ein- und \u00fcberholen kann. K\u00fcnstliche Intelligenz, Digitalisierung, schnelles Internet und die Energiewende \u2013 alles Projekte bundesdeutscher Polit-Intelligenz, mit denen die Bundesrepublik zur F\u00fchrerin der freien Welt gemacht werden soll. Sieht man einmal davon ab, dass unsere Politdarsteller offensichtlich, die j\u00fcngste Vergangenheit beweist das, sogar zu dumm sind, mit den sog. sozialen Medien verantwortungsbewusst umzugehen, dann ist das mit der globalen digitalen F\u00fchrungsposition doch nicht so ernst zu nehmen. Ob die anderen Tr\u00e4ume jemals Wirklichkeit werden?<\/p>\n<p>Nur in einer Beziehung ist Deutschland unbestrittener Weltf\u00fchrer: in der Aufnahme von Fl\u00fcchtlingen. Die sorgt n\u00e4mlich global f\u00fcr Heiterkeitsausbr\u00fcche.<\/p>\n<p>Vielleicht w\u00e4re die Kohlekommission gut beraten gewesen, solche, von wirklichen Fachleuten geschriebenen <a href=\"https:\/\/www.tichyseinblick.de\/kolumnen\/lichtblicke-kolumnen\/deutschland-fast-ohne-strom\/?fbclid=IwAR3iZHmVxRvcUFoa0h_aNbUtMYslbmUTI0QN3_DH1li16LBwIJUrh28Q-pI\" target=\"_blank\" rel=\"noopener\">Artikel<\/a> zur Kenntnis zu nehmen und keine Luftschl\u00f6sser zu bauen.<\/p>\n","protected":false},"excerpt":{"rendered":"<p>Sp\u00e4testens ab dem Jahr 2038, h\u00f6chstwahrscheinlich jedoch bereits viel fr\u00fcher, wird es in Deutschland noch ungem\u00fctlicher als derzeit. Ab diesem Zeitpunkt soll die Stromerzeugung aus Kohle hierzulande beendet sein, so jedenfalls das propagierte Ziel der Kohlekommission. Politiker und andere Weltretter &hellip; <a href=\"https:\/\/www.inkultura-online.de\/politisch_unkorrekt\/groessenwahnsinnige-realitaetsverweigerer\/\">Weiterlesen <span class=\"meta-nav\">&rarr;<\/span><\/a><\/p>\n","protected":false},"author":1,"featured_media":0,"comment_status":"closed","ping_status":"closed","sticky":false,"template":"","format":"standard","meta":{"footnotes":""},"categories":[444,10],"tags":[1154,421,1153,1155,1156],"class_list":["post-1874","post","type-post","status-publish","format-standard","hentry","category-gedanken-zum-tag","category-systemfehler","tag-digitalisierung","tag-energiewende","tag-kohleausstieg","tag-kuenstliche-intellgenz","tag-politdarsteller"],"yoast_head":"<!-- This site is optimized with the Yoast SEO plugin v27.5 - https:\/\/yoast.com\/product\/yoast-seo-wordpress\/ -->\n<title>Gr\u00f6\u00dfenwahnsinnige Realit\u00e4tsverweigerer - Zeitgeist? Frei!<\/title>\n<meta name=\"robots\" content=\"index, follow, max-snippet:-1, max-image-preview:large, max-video-preview:-1\" \/>\n<link rel=\"canonical\" href=\"https:\/\/www.inkultura-online.de\/politisch_unkorrekt\/groessenwahnsinnige-realitaetsverweigerer\/\" \/>\n<meta property=\"og:locale\" content=\"de_DE\" \/>\n<meta property=\"og:type\" content=\"article\" \/>\n<meta property=\"og:title\" content=\"Gr\u00f6\u00dfenwahnsinnige Realit\u00e4tsverweigerer - Zeitgeist? Frei!\" \/>\n<meta property=\"og:description\" content=\"Sp\u00e4testens ab dem Jahr 2038, h\u00f6chstwahrscheinlich jedoch bereits viel fr\u00fcher, wird es in Deutschland noch ungem\u00fctlicher als derzeit. Ab diesem Zeitpunkt soll die Stromerzeugung aus Kohle hierzulande beendet sein, so jedenfalls das propagierte Ziel der Kohlekommission. Politiker und andere Weltretter &hellip; Weiterlesen &rarr;\" \/>\n<meta property=\"og:url\" content=\"https:\/\/www.inkultura-online.de\/politisch_unkorrekt\/groessenwahnsinnige-realitaetsverweigerer\/\" \/>\n<meta property=\"og:site_name\" content=\"Zeitgeist? Frei!\" \/>\n<meta property=\"article:published_time\" content=\"2019-01-26T20:10:06+00:00\" \/>\n<meta name=\"author\" content=\"Orator\" \/>\n<meta name=\"twitter:label1\" content=\"Verfasst von\" \/>\n\t<meta name=\"twitter:data1\" content=\"Orator\" \/>\n\t<meta name=\"twitter:label2\" content=\"Gesch\u00e4tzte Lesezeit\" \/>\n\t<meta name=\"twitter:data2\" content=\"2\u00a0Minuten\" \/>\n<script type=\"application\/ld+json\" class=\"yoast-schema-graph\">{\"@context\":\"https:\\\/\\\/schema.org\",\"@graph\":[{\"@type\":\"Article\",\"@id\":\"https:\\\/\\\/www.inkultura-online.de\\\/politisch_unkorrekt\\\/groessenwahnsinnige-realitaetsverweigerer\\\/#article\",\"isPartOf\":{\"@id\":\"https:\\\/\\\/www.inkultura-online.de\\\/politisch_unkorrekt\\\/groessenwahnsinnige-realitaetsverweigerer\\\/\"},\"author\":{\"name\":\"Orator\",\"@id\":\"https:\\\/\\\/www.inkultura-online.de\\\/politisch_unkorrekt\\\/#\\\/schema\\\/person\\\/5b30b80e385478896a1de221e1994d86\"},\"headline\":\"Gr\u00f6\u00dfenwahnsinnige Realit\u00e4tsverweigerer\",\"datePublished\":\"2019-01-26T20:10:06+00:00\",\"mainEntityOfPage\":{\"@id\":\"https:\\\/\\\/www.inkultura-online.de\\\/politisch_unkorrekt\\\/groessenwahnsinnige-realitaetsverweigerer\\\/\"},\"wordCount\":413,\"publisher\":{\"@id\":\"https:\\\/\\\/www.inkultura-online.de\\\/politisch_unkorrekt\\\/#\\\/schema\\\/person\\\/5b30b80e385478896a1de221e1994d86\"},\"keywords\":[\"Digitalisierung\",\"Energiewende\",\"Kohleausstieg\",\"K\u00fcnstliche Intellgenz\",\"Politdarsteller\"],\"articleSection\":[\"Gedanken zum Tag\",\"Systemfehler\"],\"inLanguage\":\"de\"},{\"@type\":\"WebPage\",\"@id\":\"https:\\\/\\\/www.inkultura-online.de\\\/politisch_unkorrekt\\\/groessenwahnsinnige-realitaetsverweigerer\\\/\",\"url\":\"https:\\\/\\\/www.inkultura-online.de\\\/politisch_unkorrekt\\\/groessenwahnsinnige-realitaetsverweigerer\\\/\",\"name\":\"Gr\u00f6\u00dfenwahnsinnige Realit\u00e4tsverweigerer - Zeitgeist? Frei!\",\"isPartOf\":{\"@id\":\"https:\\\/\\\/www.inkultura-online.de\\\/politisch_unkorrekt\\\/#website\"},\"datePublished\":\"2019-01-26T20:10:06+00:00\",\"breadcrumb\":{\"@id\":\"https:\\\/\\\/www.inkultura-online.de\\\/politisch_unkorrekt\\\/groessenwahnsinnige-realitaetsverweigerer\\\/#breadcrumb\"},\"inLanguage\":\"de\",\"potentialAction\":[{\"@type\":\"ReadAction\",\"target\":[\"https:\\\/\\\/www.inkultura-online.de\\\/politisch_unkorrekt\\\/groessenwahnsinnige-realitaetsverweigerer\\\/\"]}]},{\"@type\":\"BreadcrumbList\",\"@id\":\"https:\\\/\\\/www.inkultura-online.de\\\/politisch_unkorrekt\\\/groessenwahnsinnige-realitaetsverweigerer\\\/#breadcrumb\",\"itemListElement\":[{\"@type\":\"ListItem\",\"position\":1,\"name\":\"Home\",\"item\":\"https:\\\/\\\/www.inkultura-online.de\\\/politisch_unkorrekt\\\/\"},{\"@type\":\"ListItem\",\"position\":2,\"name\":\"Gr\u00f6\u00dfenwahnsinnige Realit\u00e4tsverweigerer\"}]},{\"@type\":\"WebSite\",\"@id\":\"https:\\\/\\\/www.inkultura-online.de\\\/politisch_unkorrekt\\\/#website\",\"url\":\"https:\\\/\\\/www.inkultura-online.de\\\/politisch_unkorrekt\\\/\",\"name\":\"Zeitgeist? Frei!\",\"description\":\"Was Ihr den Geist der Zeiten hei\u00dft...\",\"publisher\":{\"@id\":\"https:\\\/\\\/www.inkultura-online.de\\\/politisch_unkorrekt\\\/#\\\/schema\\\/person\\\/5b30b80e385478896a1de221e1994d86\"},\"potentialAction\":[{\"@type\":\"SearchAction\",\"target\":{\"@type\":\"EntryPoint\",\"urlTemplate\":\"https:\\\/\\\/www.inkultura-online.de\\\/politisch_unkorrekt\\\/?s={search_term_string}\"},\"query-input\":{\"@type\":\"PropertyValueSpecification\",\"valueRequired\":true,\"valueName\":\"search_term_string\"}}],\"inLanguage\":\"de\"},{\"@type\":[\"Person\",\"Organization\"],\"@id\":\"https:\\\/\\\/www.inkultura-online.de\\\/politisch_unkorrekt\\\/#\\\/schema\\\/person\\\/5b30b80e385478896a1de221e1994d86\",\"name\":\"Orator\",\"image\":{\"@type\":\"ImageObject\",\"inLanguage\":\"de\",\"@id\":\"https:\\\/\\\/secure.gravatar.com\\\/avatar\\\/96e03166d31716e9c437060430eb7605c45a8ce6fb6dab483637ca6915dd0844?s=96&d=mm&r=g\",\"url\":\"https:\\\/\\\/secure.gravatar.com\\\/avatar\\\/96e03166d31716e9c437060430eb7605c45a8ce6fb6dab483637ca6915dd0844?s=96&d=mm&r=g\",\"contentUrl\":\"https:\\\/\\\/secure.gravatar.com\\\/avatar\\\/96e03166d31716e9c437060430eb7605c45a8ce6fb6dab483637ca6915dd0844?s=96&d=mm&r=g\",\"caption\":\"Orator\"},\"logo\":{\"@id\":\"https:\\\/\\\/secure.gravatar.com\\\/avatar\\\/96e03166d31716e9c437060430eb7605c45a8ce6fb6dab483637ca6915dd0844?s=96&d=mm&r=g\"},\"url\":\"https:\\\/\\\/www.inkultura-online.de\\\/politisch_unkorrekt\\\/author\\\/1korrektor21-2\\\/\"}]}<\/script>\n<!-- \/ Yoast SEO plugin. -->","yoast_head_json":{"title":"Gr\u00f6\u00dfenwahnsinnige Realit\u00e4tsverweigerer - Zeitgeist? Frei!","robots":{"index":"index","follow":"follow","max-snippet":"max-snippet:-1","max-image-preview":"max-image-preview:large","max-video-preview":"max-video-preview:-1"},"canonical":"https:\/\/www.inkultura-online.de\/politisch_unkorrekt\/groessenwahnsinnige-realitaetsverweigerer\/","og_locale":"de_DE","og_type":"article","og_title":"Gr\u00f6\u00dfenwahnsinnige Realit\u00e4tsverweigerer - Zeitgeist? Frei!","og_description":"Sp\u00e4testens ab dem Jahr 2038, h\u00f6chstwahrscheinlich jedoch bereits viel fr\u00fcher, wird es in Deutschland noch ungem\u00fctlicher als derzeit. Ab diesem Zeitpunkt soll die Stromerzeugung aus Kohle hierzulande beendet sein, so jedenfalls das propagierte Ziel der Kohlekommission. Politiker und andere Weltretter &hellip; Weiterlesen &rarr;","og_url":"https:\/\/www.inkultura-online.de\/politisch_unkorrekt\/groessenwahnsinnige-realitaetsverweigerer\/","og_site_name":"Zeitgeist? Frei!","article_published_time":"2019-01-26T20:10:06+00:00","author":"Orator","twitter_misc":{"Verfasst von":"Orator","Gesch\u00e4tzte Lesezeit":"2\u00a0Minuten"},"schema":{"@context":"https:\/\/schema.org","@graph":[{"@type":"Article","@id":"https:\/\/www.inkultura-online.de\/politisch_unkorrekt\/groessenwahnsinnige-realitaetsverweigerer\/#article","isPartOf":{"@id":"https:\/\/www.inkultura-online.de\/politisch_unkorrekt\/groessenwahnsinnige-realitaetsverweigerer\/"},"author":{"name":"Orator","@id":"https:\/\/www.inkultura-online.de\/politisch_unkorrekt\/#\/schema\/person\/5b30b80e385478896a1de221e1994d86"},"headline":"Gr\u00f6\u00dfenwahnsinnige Realit\u00e4tsverweigerer","datePublished":"2019-01-26T20:10:06+00:00","mainEntityOfPage":{"@id":"https:\/\/www.inkultura-online.de\/politisch_unkorrekt\/groessenwahnsinnige-realitaetsverweigerer\/"},"wordCount":413,"publisher":{"@id":"https:\/\/www.inkultura-online.de\/politisch_unkorrekt\/#\/schema\/person\/5b30b80e385478896a1de221e1994d86"},"keywords":["Digitalisierung","Energiewende","Kohleausstieg","K\u00fcnstliche Intellgenz","Politdarsteller"],"articleSection":["Gedanken zum Tag","Systemfehler"],"inLanguage":"de"},{"@type":"WebPage","@id":"https:\/\/www.inkultura-online.de\/politisch_unkorrekt\/groessenwahnsinnige-realitaetsverweigerer\/","url":"https:\/\/www.inkultura-online.de\/politisch_unkorrekt\/groessenwahnsinnige-realitaetsverweigerer\/","name":"Gr\u00f6\u00dfenwahnsinnige Realit\u00e4tsverweigerer - Zeitgeist? Frei!","isPartOf":{"@id":"https:\/\/www.inkultura-online.de\/politisch_unkorrekt\/#website"},"datePublished":"2019-01-26T20:10:06+00:00","breadcrumb":{"@id":"https:\/\/www.inkultura-online.de\/politisch_unkorrekt\/groessenwahnsinnige-realitaetsverweigerer\/#breadcrumb"},"inLanguage":"de","potentialAction":[{"@type":"ReadAction","target":["https:\/\/www.inkultura-online.de\/politisch_unkorrekt\/groessenwahnsinnige-realitaetsverweigerer\/"]}]},{"@type":"BreadcrumbList","@id":"https:\/\/www.inkultura-online.de\/politisch_unkorrekt\/groessenwahnsinnige-realitaetsverweigerer\/#breadcrumb","itemListElement":[{"@type":"ListItem","position":1,"name":"Home","item":"https:\/\/www.inkultura-online.de\/politisch_unkorrekt\/"},{"@type":"ListItem","position":2,"name":"Gr\u00f6\u00dfenwahnsinnige Realit\u00e4tsverweigerer"}]},{"@type":"WebSite","@id":"https:\/\/www.inkultura-online.de\/politisch_unkorrekt\/#website","url":"https:\/\/www.inkultura-online.de\/politisch_unkorrekt\/","name":"Zeitgeist? Frei!","description":"Was Ihr den Geist der Zeiten hei\u00dft...","publisher":{"@id":"https:\/\/www.inkultura-online.de\/politisch_unkorrekt\/#\/schema\/person\/5b30b80e385478896a1de221e1994d86"},"potentialAction":[{"@type":"SearchAction","target":{"@type":"EntryPoint","urlTemplate":"https:\/\/www.inkultura-online.de\/politisch_unkorrekt\/?s={search_term_string}"},"query-input":{"@type":"PropertyValueSpecification","valueRequired":true,"valueName":"search_term_string"}}],"inLanguage":"de"},{"@type":["Person","Organization"],"@id":"https:\/\/www.inkultura-online.de\/politisch_unkorrekt\/#\/schema\/person\/5b30b80e385478896a1de221e1994d86","name":"Orator","image":{"@type":"ImageObject","inLanguage":"de","@id":"https:\/\/secure.gravatar.com\/avatar\/96e03166d31716e9c437060430eb7605c45a8ce6fb6dab483637ca6915dd0844?s=96&d=mm&r=g","url":"https:\/\/secure.gravatar.com\/avatar\/96e03166d31716e9c437060430eb7605c45a8ce6fb6dab483637ca6915dd0844?s=96&d=mm&r=g","contentUrl":"https:\/\/secure.gravatar.com\/avatar\/96e03166d31716e9c437060430eb7605c45a8ce6fb6dab483637ca6915dd0844?s=96&d=mm&r=g","caption":"Orator"},"logo":{"@id":"https:\/\/secure.gravatar.com\/avatar\/96e03166d31716e9c437060430eb7605c45a8ce6fb6dab483637ca6915dd0844?s=96&d=mm&r=g"},"url":"https:\/\/www.inkultura-online.de\/politisch_unkorrekt\/author\/1korrektor21-2\/"}]}},"_links":{"self":[{"href":"https:\/\/www.inkultura-online.de\/politisch_unkorrekt\/wp-json\/wp\/v2\/posts\/1874","targetHints":{"allow":["GET"]}}],"collection":[{"href":"https:\/\/www.inkultura-online.de\/politisch_unkorrekt\/wp-json\/wp\/v2\/posts"}],"about":[{"href":"https:\/\/www.inkultura-online.de\/politisch_unkorrekt\/wp-json\/wp\/v2\/types\/post"}],"author":[{"embeddable":true,"href":"https:\/\/www.inkultura-online.de\/politisch_unkorrekt\/wp-json\/wp\/v2\/users\/1"}],"replies":[{"embeddable":true,"href":"https:\/\/www.inkultura-online.de\/politisch_unkorrekt\/wp-json\/wp\/v2\/comments?post=1874"}],"version-history":[{"count":1,"href":"https:\/\/www.inkultura-online.de\/politisch_unkorrekt\/wp-json\/wp\/v2\/posts\/1874\/revisions"}],"predecessor-version":[{"id":1875,"href":"https:\/\/www.inkultura-online.de\/politisch_unkorrekt\/wp-json\/wp\/v2\/posts\/1874\/revisions\/1875"}],"wp:attachment":[{"href":"https:\/\/www.inkultura-online.de\/politisch_unkorrekt\/wp-json\/wp\/v2\/media?parent=1874"}],"wp:term":[{"taxonomy":"category","embeddable":true,"href":"https:\/\/www.inkultura-online.de\/politisch_unkorrekt\/wp-json\/wp\/v2\/categories?post=1874"},{"taxonomy":"post_tag","embeddable":true,"href":"https:\/\/www.inkultura-online.de\/politisch_unkorrekt\/wp-json\/wp\/v2\/tags?post=1874"}],"curies":[{"name":"wp","href":"https:\/\/api.w.org\/{rel}","templated":true}]}}