{"id":1879,"date":"2019-02-01T11:11:53","date_gmt":"2019-02-01T09:11:53","guid":{"rendered":"http:\/\/www.inkultura-online.de\/politisch_unkorrekt\/?p=1879"},"modified":"2019-02-01T11:15:04","modified_gmt":"2019-02-01T09:15:04","slug":"ueberraschung-am-morgen","status":"publish","type":"post","link":"https:\/\/www.inkultura-online.de\/politisch_unkorrekt\/ueberraschung-am-morgen\/","title":{"rendered":"\u00dcberraschung am Morgen"},"content":{"rendered":"<p>Nach dem Fr\u00fchst\u00fcck man wieder kurz schauen, was die \u201eQualit\u00e4tsbl\u00e4tter\u201c auf die erste Seite treiben. Wegen des zu erwartenden Einheitsbreis eine l\u00e4stige \u00dcbung doch man will schlie\u00dflich auf dem Laufenden bleiben.<!--more--><\/p>\n<p>Erstes Ziel SPON. Ausland, na klar, zweimal Trump: Handelsabkommen mit China und die K\u00fcndigung des INF-Abr\u00fcstungsvertrags mit Moskau. Inland: Bundeswehr will sich drei neue Regierungsflieger anschaffen.<\/p>\n<p>Weiter nach Berlin und zum Tagesspiegel: Ebenfalls Trump und sein Vorhaben, den INF-Abr\u00fcstungsvertrag zu k\u00fcndigen. Zus\u00e4tzlich der Kommentar mit einem \u201eRezept gegen die AfD\u201c. Nichts Neues aus der Hauptstadt.<\/p>\n<p>Flugs zur FAZ, in Erwartung dort ebenfalls die Schlagzeilen zu finden, die die deutschen Verleger anscheinend beschlossen haben, unisono zu ver\u00f6ffentlichen. Doch Stopp, was ist denn das? An erster Stelle ein Artikel mit der \u00dcberschrift <a href=\"https:\/\/www.faz.net\/aktuell\/wirtschaft\/kommentar-die-neue-klimaschutzreligion-16018515.html\" target=\"_blank\" rel=\"noopener\">\u201eDie neue Klimaschutzreligion\u201c<\/a>.<\/p>\n<p>Hat der Redakteur etwa geschlafen? Ist ins CMS der Zeitung etwas ein Virus eingeschleust worden, dessen Aufgabe es ist, die Algorithmen politischer Korrektheit zugunsten einer n\u00e4her an der wissenschaftlichen und gesellschaftlichen Realit\u00e4t sich orientierenden Berichterstattung zu ver\u00e4ndern?<\/p>\n<p>Anscheinend nicht, denn f\u00fcr den Artikel zeichnet Holger Steltzner verantwortlich und der zieht, zumindest f\u00fcr deutsch-mediale Verh\u00e4ltnisse, gut vom Leder. Das wurde auch mal Zeit, denn der angewandte Irrsinn namens \u201eFeinstaubgrenzwerte\u201c ist dabei, wie der Autor feststellt,<em> \u201edie wirtschaftliche Herzkammer Deutschlands zu zerst\u00f6ren.\u201c<\/em><\/p>\n<p>Aus rein ideologischen Beweggr\u00fcnden, die mit Wissenschaft so wenig zu tun haben wie eine Kuh mit Eiskunstlauf, wird die Schl\u00fcsselindustrie Deutschlands demontiert. Die einstmals f\u00fchrende Position in sicherer und preiswerter Kerntechnologie ist l\u00e4ngst verspielt. Die Gasturbinenindustrie steht vor dem Zusammenbruch und ganze Regionen werden, wegen des irren Ausstiegs aus der Kohleenergieproduktion, dem Untergang geweiht. Die Folge: Energie, Strom f\u00fcr Wirtschaft und uns B\u00fcrger wird unbezahlbar.<\/p>\n<p><em>\u201eWoher soll der Strom k\u00fcnftig kommen?\u201c<\/em> Diese ketzerische Frage wagt doch tats\u00e4chlich der Autor des Artikels zu stellen. Ketzerisch deshalb, weil doch die Politiker nicht m\u00fcde werden, uns B\u00fcrgern zu versichern, dass eher der Himmel herabf\u00e4llt, als dass uns der Strom ausgeht. Da haben die Vollpfosten nat\u00fcrlich vollkommen recht, denn den ben\u00f6tigten Strom beziehen wir dann eben, wie es Holger Steltzner schreibt, <em>\u201eaus franz\u00f6sischen Atom- oder polnischen Kohlekraftwerken.\u201c<\/em><\/p>\n<p>Wer rettet uns vor den Hohepriestern des neuen Morgenthau-Plans?<\/p>\n","protected":false},"excerpt":{"rendered":"<p>Nach dem Fr\u00fchst\u00fcck man wieder kurz schauen, was die \u201eQualit\u00e4tsbl\u00e4tter\u201c auf die erste Seite treiben. Wegen des zu erwartenden Einheitsbreis eine l\u00e4stige \u00dcbung doch man will schlie\u00dflich auf dem Laufenden bleiben.<\/p>\n","protected":false},"author":1,"featured_media":0,"comment_status":"closed","ping_status":"closed","sticky":false,"template":"","format":"standard","meta":{"footnotes":""},"categories":[1],"tags":[1161,1139,421,1159,1160,1162],"class_list":["post-1879","post","type-post","status-publish","format-standard","hentry","category-fundstuecke","tag-atomausstieg","tag-blackout","tag-energiewende","tag-klimaschutzreligion","tag-kohleenergieausstieg","tag-strompreise"],"yoast_head":"<!-- This site is optimized with the Yoast SEO plugin v27.5 - https:\/\/yoast.com\/product\/yoast-seo-wordpress\/ -->\n<title>\u00dcberraschung am Morgen - Zeitgeist? Frei!<\/title>\n<meta name=\"robots\" content=\"index, follow, max-snippet:-1, max-image-preview:large, max-video-preview:-1\" \/>\n<link rel=\"canonical\" href=\"https:\/\/www.inkultura-online.de\/politisch_unkorrekt\/ueberraschung-am-morgen\/\" \/>\n<meta property=\"og:locale\" content=\"de_DE\" \/>\n<meta property=\"og:type\" content=\"article\" \/>\n<meta property=\"og:title\" content=\"\u00dcberraschung am Morgen - Zeitgeist? Frei!\" \/>\n<meta property=\"og:description\" content=\"Nach dem Fr\u00fchst\u00fcck man wieder kurz schauen, was die \u201eQualit\u00e4tsbl\u00e4tter\u201c auf die erste Seite treiben. Wegen des zu erwartenden Einheitsbreis eine l\u00e4stige \u00dcbung doch man will schlie\u00dflich auf dem Laufenden bleiben.\" \/>\n<meta property=\"og:url\" content=\"https:\/\/www.inkultura-online.de\/politisch_unkorrekt\/ueberraschung-am-morgen\/\" \/>\n<meta property=\"og:site_name\" content=\"Zeitgeist? Frei!\" \/>\n<meta property=\"article:published_time\" content=\"2019-02-01T09:11:53+00:00\" \/>\n<meta property=\"article:modified_time\" content=\"2019-02-01T09:15:04+00:00\" \/>\n<meta name=\"author\" content=\"Orator\" \/>\n<meta name=\"twitter:label1\" content=\"Verfasst von\" \/>\n\t<meta name=\"twitter:data1\" content=\"Orator\" \/>\n\t<meta name=\"twitter:label2\" content=\"Gesch\u00e4tzte Lesezeit\" \/>\n\t<meta name=\"twitter:data2\" content=\"2\u00a0Minuten\" \/>\n<script type=\"application\/ld+json\" class=\"yoast-schema-graph\">{\"@context\":\"https:\\\/\\\/schema.org\",\"@graph\":[{\"@type\":\"Article\",\"@id\":\"https:\\\/\\\/www.inkultura-online.de\\\/politisch_unkorrekt\\\/ueberraschung-am-morgen\\\/#article\",\"isPartOf\":{\"@id\":\"https:\\\/\\\/www.inkultura-online.de\\\/politisch_unkorrekt\\\/ueberraschung-am-morgen\\\/\"},\"author\":{\"name\":\"Orator\",\"@id\":\"https:\\\/\\\/www.inkultura-online.de\\\/politisch_unkorrekt\\\/#\\\/schema\\\/person\\\/5b30b80e385478896a1de221e1994d86\"},\"headline\":\"\u00dcberraschung am Morgen\",\"datePublished\":\"2019-02-01T09:11:53+00:00\",\"dateModified\":\"2019-02-01T09:15:04+00:00\",\"mainEntityOfPage\":{\"@id\":\"https:\\\/\\\/www.inkultura-online.de\\\/politisch_unkorrekt\\\/ueberraschung-am-morgen\\\/\"},\"wordCount\":382,\"publisher\":{\"@id\":\"https:\\\/\\\/www.inkultura-online.de\\\/politisch_unkorrekt\\\/#\\\/schema\\\/person\\\/5b30b80e385478896a1de221e1994d86\"},\"keywords\":[\"Atomausstieg\",\"Blackout\",\"Energiewende\",\"Klimaschutzreligion\",\"Kohleenergieausstieg\",\"Strompreise\"],\"articleSection\":[\"Fundst\u00fccke\"],\"inLanguage\":\"de\"},{\"@type\":\"WebPage\",\"@id\":\"https:\\\/\\\/www.inkultura-online.de\\\/politisch_unkorrekt\\\/ueberraschung-am-morgen\\\/\",\"url\":\"https:\\\/\\\/www.inkultura-online.de\\\/politisch_unkorrekt\\\/ueberraschung-am-morgen\\\/\",\"name\":\"\u00dcberraschung am Morgen - Zeitgeist? Frei!\",\"isPartOf\":{\"@id\":\"https:\\\/\\\/www.inkultura-online.de\\\/politisch_unkorrekt\\\/#website\"},\"datePublished\":\"2019-02-01T09:11:53+00:00\",\"dateModified\":\"2019-02-01T09:15:04+00:00\",\"breadcrumb\":{\"@id\":\"https:\\\/\\\/www.inkultura-online.de\\\/politisch_unkorrekt\\\/ueberraschung-am-morgen\\\/#breadcrumb\"},\"inLanguage\":\"de\",\"potentialAction\":[{\"@type\":\"ReadAction\",\"target\":[\"https:\\\/\\\/www.inkultura-online.de\\\/politisch_unkorrekt\\\/ueberraschung-am-morgen\\\/\"]}]},{\"@type\":\"BreadcrumbList\",\"@id\":\"https:\\\/\\\/www.inkultura-online.de\\\/politisch_unkorrekt\\\/ueberraschung-am-morgen\\\/#breadcrumb\",\"itemListElement\":[{\"@type\":\"ListItem\",\"position\":1,\"name\":\"Home\",\"item\":\"https:\\\/\\\/www.inkultura-online.de\\\/politisch_unkorrekt\\\/\"},{\"@type\":\"ListItem\",\"position\":2,\"name\":\"\u00dcberraschung am Morgen\"}]},{\"@type\":\"WebSite\",\"@id\":\"https:\\\/\\\/www.inkultura-online.de\\\/politisch_unkorrekt\\\/#website\",\"url\":\"https:\\\/\\\/www.inkultura-online.de\\\/politisch_unkorrekt\\\/\",\"name\":\"Zeitgeist? Frei!\",\"description\":\"Was Ihr den Geist der Zeiten hei\u00dft...\",\"publisher\":{\"@id\":\"https:\\\/\\\/www.inkultura-online.de\\\/politisch_unkorrekt\\\/#\\\/schema\\\/person\\\/5b30b80e385478896a1de221e1994d86\"},\"potentialAction\":[{\"@type\":\"SearchAction\",\"target\":{\"@type\":\"EntryPoint\",\"urlTemplate\":\"https:\\\/\\\/www.inkultura-online.de\\\/politisch_unkorrekt\\\/?s={search_term_string}\"},\"query-input\":{\"@type\":\"PropertyValueSpecification\",\"valueRequired\":true,\"valueName\":\"search_term_string\"}}],\"inLanguage\":\"de\"},{\"@type\":[\"Person\",\"Organization\"],\"@id\":\"https:\\\/\\\/www.inkultura-online.de\\\/politisch_unkorrekt\\\/#\\\/schema\\\/person\\\/5b30b80e385478896a1de221e1994d86\",\"name\":\"Orator\",\"image\":{\"@type\":\"ImageObject\",\"inLanguage\":\"de\",\"@id\":\"https:\\\/\\\/secure.gravatar.com\\\/avatar\\\/96e03166d31716e9c437060430eb7605c45a8ce6fb6dab483637ca6915dd0844?s=96&d=mm&r=g\",\"url\":\"https:\\\/\\\/secure.gravatar.com\\\/avatar\\\/96e03166d31716e9c437060430eb7605c45a8ce6fb6dab483637ca6915dd0844?s=96&d=mm&r=g\",\"contentUrl\":\"https:\\\/\\\/secure.gravatar.com\\\/avatar\\\/96e03166d31716e9c437060430eb7605c45a8ce6fb6dab483637ca6915dd0844?s=96&d=mm&r=g\",\"caption\":\"Orator\"},\"logo\":{\"@id\":\"https:\\\/\\\/secure.gravatar.com\\\/avatar\\\/96e03166d31716e9c437060430eb7605c45a8ce6fb6dab483637ca6915dd0844?s=96&d=mm&r=g\"},\"url\":\"https:\\\/\\\/www.inkultura-online.de\\\/politisch_unkorrekt\\\/author\\\/1korrektor21-2\\\/\"}]}<\/script>\n<!-- \/ Yoast SEO plugin. -->","yoast_head_json":{"title":"\u00dcberraschung am Morgen - Zeitgeist? Frei!","robots":{"index":"index","follow":"follow","max-snippet":"max-snippet:-1","max-image-preview":"max-image-preview:large","max-video-preview":"max-video-preview:-1"},"canonical":"https:\/\/www.inkultura-online.de\/politisch_unkorrekt\/ueberraschung-am-morgen\/","og_locale":"de_DE","og_type":"article","og_title":"\u00dcberraschung am Morgen - Zeitgeist? Frei!","og_description":"Nach dem Fr\u00fchst\u00fcck man wieder kurz schauen, was die \u201eQualit\u00e4tsbl\u00e4tter\u201c auf die erste Seite treiben. Wegen des zu erwartenden Einheitsbreis eine l\u00e4stige \u00dcbung doch man will schlie\u00dflich auf dem Laufenden bleiben.","og_url":"https:\/\/www.inkultura-online.de\/politisch_unkorrekt\/ueberraschung-am-morgen\/","og_site_name":"Zeitgeist? Frei!","article_published_time":"2019-02-01T09:11:53+00:00","article_modified_time":"2019-02-01T09:15:04+00:00","author":"Orator","twitter_misc":{"Verfasst von":"Orator","Gesch\u00e4tzte Lesezeit":"2\u00a0Minuten"},"schema":{"@context":"https:\/\/schema.org","@graph":[{"@type":"Article","@id":"https:\/\/www.inkultura-online.de\/politisch_unkorrekt\/ueberraschung-am-morgen\/#article","isPartOf":{"@id":"https:\/\/www.inkultura-online.de\/politisch_unkorrekt\/ueberraschung-am-morgen\/"},"author":{"name":"Orator","@id":"https:\/\/www.inkultura-online.de\/politisch_unkorrekt\/#\/schema\/person\/5b30b80e385478896a1de221e1994d86"},"headline":"\u00dcberraschung am Morgen","datePublished":"2019-02-01T09:11:53+00:00","dateModified":"2019-02-01T09:15:04+00:00","mainEntityOfPage":{"@id":"https:\/\/www.inkultura-online.de\/politisch_unkorrekt\/ueberraschung-am-morgen\/"},"wordCount":382,"publisher":{"@id":"https:\/\/www.inkultura-online.de\/politisch_unkorrekt\/#\/schema\/person\/5b30b80e385478896a1de221e1994d86"},"keywords":["Atomausstieg","Blackout","Energiewende","Klimaschutzreligion","Kohleenergieausstieg","Strompreise"],"articleSection":["Fundst\u00fccke"],"inLanguage":"de"},{"@type":"WebPage","@id":"https:\/\/www.inkultura-online.de\/politisch_unkorrekt\/ueberraschung-am-morgen\/","url":"https:\/\/www.inkultura-online.de\/politisch_unkorrekt\/ueberraschung-am-morgen\/","name":"\u00dcberraschung am Morgen - Zeitgeist? Frei!","isPartOf":{"@id":"https:\/\/www.inkultura-online.de\/politisch_unkorrekt\/#website"},"datePublished":"2019-02-01T09:11:53+00:00","dateModified":"2019-02-01T09:15:04+00:00","breadcrumb":{"@id":"https:\/\/www.inkultura-online.de\/politisch_unkorrekt\/ueberraschung-am-morgen\/#breadcrumb"},"inLanguage":"de","potentialAction":[{"@type":"ReadAction","target":["https:\/\/www.inkultura-online.de\/politisch_unkorrekt\/ueberraschung-am-morgen\/"]}]},{"@type":"BreadcrumbList","@id":"https:\/\/www.inkultura-online.de\/politisch_unkorrekt\/ueberraschung-am-morgen\/#breadcrumb","itemListElement":[{"@type":"ListItem","position":1,"name":"Home","item":"https:\/\/www.inkultura-online.de\/politisch_unkorrekt\/"},{"@type":"ListItem","position":2,"name":"\u00dcberraschung am Morgen"}]},{"@type":"WebSite","@id":"https:\/\/www.inkultura-online.de\/politisch_unkorrekt\/#website","url":"https:\/\/www.inkultura-online.de\/politisch_unkorrekt\/","name":"Zeitgeist? Frei!","description":"Was Ihr den Geist der Zeiten hei\u00dft...","publisher":{"@id":"https:\/\/www.inkultura-online.de\/politisch_unkorrekt\/#\/schema\/person\/5b30b80e385478896a1de221e1994d86"},"potentialAction":[{"@type":"SearchAction","target":{"@type":"EntryPoint","urlTemplate":"https:\/\/www.inkultura-online.de\/politisch_unkorrekt\/?s={search_term_string}"},"query-input":{"@type":"PropertyValueSpecification","valueRequired":true,"valueName":"search_term_string"}}],"inLanguage":"de"},{"@type":["Person","Organization"],"@id":"https:\/\/www.inkultura-online.de\/politisch_unkorrekt\/#\/schema\/person\/5b30b80e385478896a1de221e1994d86","name":"Orator","image":{"@type":"ImageObject","inLanguage":"de","@id":"https:\/\/secure.gravatar.com\/avatar\/96e03166d31716e9c437060430eb7605c45a8ce6fb6dab483637ca6915dd0844?s=96&d=mm&r=g","url":"https:\/\/secure.gravatar.com\/avatar\/96e03166d31716e9c437060430eb7605c45a8ce6fb6dab483637ca6915dd0844?s=96&d=mm&r=g","contentUrl":"https:\/\/secure.gravatar.com\/avatar\/96e03166d31716e9c437060430eb7605c45a8ce6fb6dab483637ca6915dd0844?s=96&d=mm&r=g","caption":"Orator"},"logo":{"@id":"https:\/\/secure.gravatar.com\/avatar\/96e03166d31716e9c437060430eb7605c45a8ce6fb6dab483637ca6915dd0844?s=96&d=mm&r=g"},"url":"https:\/\/www.inkultura-online.de\/politisch_unkorrekt\/author\/1korrektor21-2\/"}]}},"_links":{"self":[{"href":"https:\/\/www.inkultura-online.de\/politisch_unkorrekt\/wp-json\/wp\/v2\/posts\/1879","targetHints":{"allow":["GET"]}}],"collection":[{"href":"https:\/\/www.inkultura-online.de\/politisch_unkorrekt\/wp-json\/wp\/v2\/posts"}],"about":[{"href":"https:\/\/www.inkultura-online.de\/politisch_unkorrekt\/wp-json\/wp\/v2\/types\/post"}],"author":[{"embeddable":true,"href":"https:\/\/www.inkultura-online.de\/politisch_unkorrekt\/wp-json\/wp\/v2\/users\/1"}],"replies":[{"embeddable":true,"href":"https:\/\/www.inkultura-online.de\/politisch_unkorrekt\/wp-json\/wp\/v2\/comments?post=1879"}],"version-history":[{"count":3,"href":"https:\/\/www.inkultura-online.de\/politisch_unkorrekt\/wp-json\/wp\/v2\/posts\/1879\/revisions"}],"predecessor-version":[{"id":1882,"href":"https:\/\/www.inkultura-online.de\/politisch_unkorrekt\/wp-json\/wp\/v2\/posts\/1879\/revisions\/1882"}],"wp:attachment":[{"href":"https:\/\/www.inkultura-online.de\/politisch_unkorrekt\/wp-json\/wp\/v2\/media?parent=1879"}],"wp:term":[{"taxonomy":"category","embeddable":true,"href":"https:\/\/www.inkultura-online.de\/politisch_unkorrekt\/wp-json\/wp\/v2\/categories?post=1879"},{"taxonomy":"post_tag","embeddable":true,"href":"https:\/\/www.inkultura-online.de\/politisch_unkorrekt\/wp-json\/wp\/v2\/tags?post=1879"}],"curies":[{"name":"wp","href":"https:\/\/api.w.org\/{rel}","templated":true}]}}