{"id":1887,"date":"2019-02-08T09:34:56","date_gmt":"2019-02-08T07:34:56","guid":{"rendered":"http:\/\/www.inkultura-online.de\/politisch_unkorrekt\/?p=1887"},"modified":"2019-02-08T09:34:56","modified_gmt":"2019-02-08T07:34:56","slug":"sehnsucht-nach-erloesung","status":"publish","type":"post","link":"https:\/\/www.inkultura-online.de\/politisch_unkorrekt\/sehnsucht-nach-erloesung\/","title":{"rendered":"Sehnsucht nach Erl\u00f6sung"},"content":{"rendered":"<p>Die Komplexit\u00e4t der Welt, die bereits vorhandenen und die sich abzeichnenden Probleme scheinen einige Zeitgenossen und -genossinnen, vorwiegend aus dem akademischen Bereich, von Politikern ganz zu schweigen, zu \u00fcberfordern. Hysterie und eine mit sinnlosem Aktionismus verschleierte Hilflosigkeit greifen um sich, flei\u00dfig gesch\u00fcrt durch einen polit-medialen Komplex, der sich in gro\u00dfen Teilen aus Opfern einer Generationen \u00fcbergreifenden Bildungskatastrophe rekrutiert.<!--more--><\/p>\n<p>Da sich dieser Personenkreis seiner Unf\u00e4higkeit, die Herausforderungen zu meistern \u2013 ideologisch motivierte Vorschl\u00e4ge beweisen nur deren Unverm\u00f6gen \u2013 vollumf\u00e4nglich bewusst ist, kommt eine Figur wie die 16-J\u00e4hrige Schwedin Greta Thunberg gerade recht, denn sie verk\u00f6rpert die von ihnen so sehr gew\u00fcnschte Erl\u00f6sung von allen Umwelt\u00fcbeln.<\/p>\n<p>Nun ist die Erl\u00f6serin Greta, gehandicapt und gepusht, bei weitem keine Expertin f\u00fcr Umwelt- und Energiefragen. Das scheint in einer Zeit, die weder Wert auf wissenschaftlich fundierte Ergebnisse noch auf diesen basierend, vern\u00fcnftige L\u00f6sungen legt, auch kein Problem zu sein. Hauptsache, die politische Richtung stimmt. So sa\u00df z. B. in der Kohlekommission, das Gremium, das f\u00fcr die Verdunkelung Deutschlands ab 2038 verantwortlich zeichnet, weder ein Ingenieur noch ein Techniker. Im Klartext, es haben wissenschaftliche und technische Vollpfosten dar\u00fcber entschieden, aus einem Industrieland eine technologische Brache zu machen.<\/p>\n<p>Eine gr\u00fcne Politikerin, Lisa Badum, nach einem Studium der Politikwissenschaft bestens vertraut mit Energiepolitik, als deren Fachfrau die Gr\u00fcne im Deutschen Bundestag re\u00fcssiert \u2013 beweist das nicht obige These? \u2013 , schl\u00e4gt die Erl\u00f6serin sogar als Kandidatin f\u00fcr den Friedensnobelpreis vor. Der ist zwar, seit ihn der Drohnenf\u00fcrst Obama erhalten hat, etwas rufgesch\u00e4digt, doch gerade deshalb liegt Greta voll im Trend.<\/p>\n<p>Wie viele Erl\u00f6serfiguren ist auch Thunberg mit einem Handicap behaftet, wof\u00fcr sie nichts kann und was auch nicht gegen sie spricht. Gegen die Personen, die hinter ihr stehen und sie permanent pushen allerdings schon. Wir kennen diese Mechanismen aus dem irren Wirken des politischen Zeitgeists. Eine Person oder ein Personenkreis besitzt eine Eigenschaft, einen physischen oder psychischen Zustand, eine Hautfarbe oder eine Religion und schwuppdiwupp wird Kritik an diesen Gruppen wegen deren Minderheitsstatus als wie auch immer -feindlich bezeichnet und damit jeglicher Diskussion entzogen.<\/p>\n<p>Jede Wette, die Karte wird auch bald bei Greta Thunberg gezogen. G\u00f6nnen wir doch solange den Gr\u00fcnen und ihren Freunden im Geist die Erl\u00f6serin. Die gro\u00dfe K\u00e4lte und der gro\u00dfe Hunger, die sp\u00e4testens im Jahr 2038 in Deutschland herrschen werden, machen doch wieder alle gleich.<\/p>\n","protected":false},"excerpt":{"rendered":"<p>Die Komplexit\u00e4t der Welt, die bereits vorhandenen und die sich abzeichnenden Probleme scheinen einige Zeitgenossen und -genossinnen, vorwiegend aus dem akademischen Bereich, von Politikern ganz zu schweigen, zu \u00fcberfordern. Hysterie und eine mit sinnlosem Aktionismus verschleierte Hilflosigkeit greifen um sich, &hellip; <a href=\"https:\/\/www.inkultura-online.de\/politisch_unkorrekt\/sehnsucht-nach-erloesung\/\">Weiterlesen <span class=\"meta-nav\">&rarr;<\/span><\/a><\/p>\n","protected":false},"author":1,"featured_media":0,"comment_status":"closed","ping_status":"closed","sticky":false,"template":"","format":"standard","meta":{"footnotes":""},"categories":[2,444,10],"tags":[1165,1166,1168,1167],"class_list":["post-1887","post","type-post","status-publish","format-standard","hentry","category-antipathie","category-gedanken-zum-tag","category-systemfehler","tag-erloesung","tag-greta-thunberg","tag-kohlekommission","tag-lisa-badum"],"yoast_head":"<!-- This site is optimized with the Yoast SEO plugin v27.4 - https:\/\/yoast.com\/product\/yoast-seo-wordpress\/ -->\n<title>Sehnsucht nach Erl\u00f6sung - Zeitgeist? Frei!<\/title>\n<meta name=\"robots\" content=\"index, follow, max-snippet:-1, max-image-preview:large, max-video-preview:-1\" \/>\n<link rel=\"canonical\" href=\"https:\/\/www.inkultura-online.de\/politisch_unkorrekt\/sehnsucht-nach-erloesung\/\" \/>\n<meta property=\"og:locale\" content=\"de_DE\" \/>\n<meta property=\"og:type\" content=\"article\" \/>\n<meta property=\"og:title\" content=\"Sehnsucht nach Erl\u00f6sung - Zeitgeist? Frei!\" \/>\n<meta property=\"og:description\" content=\"Die Komplexit\u00e4t der Welt, die bereits vorhandenen und die sich abzeichnenden Probleme scheinen einige Zeitgenossen und -genossinnen, vorwiegend aus dem akademischen Bereich, von Politikern ganz zu schweigen, zu \u00fcberfordern. Hysterie und eine mit sinnlosem Aktionismus verschleierte Hilflosigkeit greifen um sich, &hellip; Weiterlesen &rarr;\" \/>\n<meta property=\"og:url\" content=\"https:\/\/www.inkultura-online.de\/politisch_unkorrekt\/sehnsucht-nach-erloesung\/\" \/>\n<meta property=\"og:site_name\" content=\"Zeitgeist? Frei!\" \/>\n<meta property=\"article:published_time\" content=\"2019-02-08T07:34:56+00:00\" \/>\n<meta name=\"author\" content=\"Orator\" \/>\n<meta name=\"twitter:label1\" content=\"Verfasst von\" \/>\n\t<meta name=\"twitter:data1\" content=\"Orator\" \/>\n\t<meta name=\"twitter:label2\" content=\"Gesch\u00e4tzte Lesezeit\" \/>\n\t<meta name=\"twitter:data2\" content=\"2\u00a0Minuten\" \/>\n<script type=\"application\/ld+json\" class=\"yoast-schema-graph\">{\"@context\":\"https:\\\/\\\/schema.org\",\"@graph\":[{\"@type\":\"Article\",\"@id\":\"https:\\\/\\\/www.inkultura-online.de\\\/politisch_unkorrekt\\\/sehnsucht-nach-erloesung\\\/#article\",\"isPartOf\":{\"@id\":\"https:\\\/\\\/www.inkultura-online.de\\\/politisch_unkorrekt\\\/sehnsucht-nach-erloesung\\\/\"},\"author\":{\"name\":\"Orator\",\"@id\":\"https:\\\/\\\/www.inkultura-online.de\\\/politisch_unkorrekt\\\/#\\\/schema\\\/person\\\/5b30b80e385478896a1de221e1994d86\"},\"headline\":\"Sehnsucht nach Erl\u00f6sung\",\"datePublished\":\"2019-02-08T07:34:56+00:00\",\"mainEntityOfPage\":{\"@id\":\"https:\\\/\\\/www.inkultura-online.de\\\/politisch_unkorrekt\\\/sehnsucht-nach-erloesung\\\/\"},\"wordCount\":414,\"publisher\":{\"@id\":\"https:\\\/\\\/www.inkultura-online.de\\\/politisch_unkorrekt\\\/#\\\/schema\\\/person\\\/5b30b80e385478896a1de221e1994d86\"},\"keywords\":[\"Erl\u00f6sung\",\"Greta Thunberg\",\"Kohlekommission\",\"Lisa Badum\"],\"articleSection\":[\"Antipathie\",\"Gedanken zum Tag\",\"Systemfehler\"],\"inLanguage\":\"de\"},{\"@type\":\"WebPage\",\"@id\":\"https:\\\/\\\/www.inkultura-online.de\\\/politisch_unkorrekt\\\/sehnsucht-nach-erloesung\\\/\",\"url\":\"https:\\\/\\\/www.inkultura-online.de\\\/politisch_unkorrekt\\\/sehnsucht-nach-erloesung\\\/\",\"name\":\"Sehnsucht nach Erl\u00f6sung - Zeitgeist? Frei!\",\"isPartOf\":{\"@id\":\"https:\\\/\\\/www.inkultura-online.de\\\/politisch_unkorrekt\\\/#website\"},\"datePublished\":\"2019-02-08T07:34:56+00:00\",\"breadcrumb\":{\"@id\":\"https:\\\/\\\/www.inkultura-online.de\\\/politisch_unkorrekt\\\/sehnsucht-nach-erloesung\\\/#breadcrumb\"},\"inLanguage\":\"de\",\"potentialAction\":[{\"@type\":\"ReadAction\",\"target\":[\"https:\\\/\\\/www.inkultura-online.de\\\/politisch_unkorrekt\\\/sehnsucht-nach-erloesung\\\/\"]}]},{\"@type\":\"BreadcrumbList\",\"@id\":\"https:\\\/\\\/www.inkultura-online.de\\\/politisch_unkorrekt\\\/sehnsucht-nach-erloesung\\\/#breadcrumb\",\"itemListElement\":[{\"@type\":\"ListItem\",\"position\":1,\"name\":\"Home\",\"item\":\"https:\\\/\\\/www.inkultura-online.de\\\/politisch_unkorrekt\\\/\"},{\"@type\":\"ListItem\",\"position\":2,\"name\":\"Sehnsucht nach Erl\u00f6sung\"}]},{\"@type\":\"WebSite\",\"@id\":\"https:\\\/\\\/www.inkultura-online.de\\\/politisch_unkorrekt\\\/#website\",\"url\":\"https:\\\/\\\/www.inkultura-online.de\\\/politisch_unkorrekt\\\/\",\"name\":\"Zeitgeist? Frei!\",\"description\":\"Was Ihr den Geist der Zeiten hei\u00dft...\",\"publisher\":{\"@id\":\"https:\\\/\\\/www.inkultura-online.de\\\/politisch_unkorrekt\\\/#\\\/schema\\\/person\\\/5b30b80e385478896a1de221e1994d86\"},\"potentialAction\":[{\"@type\":\"SearchAction\",\"target\":{\"@type\":\"EntryPoint\",\"urlTemplate\":\"https:\\\/\\\/www.inkultura-online.de\\\/politisch_unkorrekt\\\/?s={search_term_string}\"},\"query-input\":{\"@type\":\"PropertyValueSpecification\",\"valueRequired\":true,\"valueName\":\"search_term_string\"}}],\"inLanguage\":\"de\"},{\"@type\":[\"Person\",\"Organization\"],\"@id\":\"https:\\\/\\\/www.inkultura-online.de\\\/politisch_unkorrekt\\\/#\\\/schema\\\/person\\\/5b30b80e385478896a1de221e1994d86\",\"name\":\"Orator\",\"image\":{\"@type\":\"ImageObject\",\"inLanguage\":\"de\",\"@id\":\"https:\\\/\\\/secure.gravatar.com\\\/avatar\\\/96e03166d31716e9c437060430eb7605c45a8ce6fb6dab483637ca6915dd0844?s=96&d=mm&r=g\",\"url\":\"https:\\\/\\\/secure.gravatar.com\\\/avatar\\\/96e03166d31716e9c437060430eb7605c45a8ce6fb6dab483637ca6915dd0844?s=96&d=mm&r=g\",\"contentUrl\":\"https:\\\/\\\/secure.gravatar.com\\\/avatar\\\/96e03166d31716e9c437060430eb7605c45a8ce6fb6dab483637ca6915dd0844?s=96&d=mm&r=g\",\"caption\":\"Orator\"},\"logo\":{\"@id\":\"https:\\\/\\\/secure.gravatar.com\\\/avatar\\\/96e03166d31716e9c437060430eb7605c45a8ce6fb6dab483637ca6915dd0844?s=96&d=mm&r=g\"},\"url\":\"https:\\\/\\\/www.inkultura-online.de\\\/politisch_unkorrekt\\\/author\\\/1korrektor21-2\\\/\"}]}<\/script>\n<!-- \/ Yoast SEO plugin. -->","yoast_head_json":{"title":"Sehnsucht nach Erl\u00f6sung - Zeitgeist? Frei!","robots":{"index":"index","follow":"follow","max-snippet":"max-snippet:-1","max-image-preview":"max-image-preview:large","max-video-preview":"max-video-preview:-1"},"canonical":"https:\/\/www.inkultura-online.de\/politisch_unkorrekt\/sehnsucht-nach-erloesung\/","og_locale":"de_DE","og_type":"article","og_title":"Sehnsucht nach Erl\u00f6sung - Zeitgeist? Frei!","og_description":"Die Komplexit\u00e4t der Welt, die bereits vorhandenen und die sich abzeichnenden Probleme scheinen einige Zeitgenossen und -genossinnen, vorwiegend aus dem akademischen Bereich, von Politikern ganz zu schweigen, zu \u00fcberfordern. Hysterie und eine mit sinnlosem Aktionismus verschleierte Hilflosigkeit greifen um sich, &hellip; Weiterlesen &rarr;","og_url":"https:\/\/www.inkultura-online.de\/politisch_unkorrekt\/sehnsucht-nach-erloesung\/","og_site_name":"Zeitgeist? Frei!","article_published_time":"2019-02-08T07:34:56+00:00","author":"Orator","twitter_misc":{"Verfasst von":"Orator","Gesch\u00e4tzte Lesezeit":"2\u00a0Minuten"},"schema":{"@context":"https:\/\/schema.org","@graph":[{"@type":"Article","@id":"https:\/\/www.inkultura-online.de\/politisch_unkorrekt\/sehnsucht-nach-erloesung\/#article","isPartOf":{"@id":"https:\/\/www.inkultura-online.de\/politisch_unkorrekt\/sehnsucht-nach-erloesung\/"},"author":{"name":"Orator","@id":"https:\/\/www.inkultura-online.de\/politisch_unkorrekt\/#\/schema\/person\/5b30b80e385478896a1de221e1994d86"},"headline":"Sehnsucht nach Erl\u00f6sung","datePublished":"2019-02-08T07:34:56+00:00","mainEntityOfPage":{"@id":"https:\/\/www.inkultura-online.de\/politisch_unkorrekt\/sehnsucht-nach-erloesung\/"},"wordCount":414,"publisher":{"@id":"https:\/\/www.inkultura-online.de\/politisch_unkorrekt\/#\/schema\/person\/5b30b80e385478896a1de221e1994d86"},"keywords":["Erl\u00f6sung","Greta Thunberg","Kohlekommission","Lisa Badum"],"articleSection":["Antipathie","Gedanken zum Tag","Systemfehler"],"inLanguage":"de"},{"@type":"WebPage","@id":"https:\/\/www.inkultura-online.de\/politisch_unkorrekt\/sehnsucht-nach-erloesung\/","url":"https:\/\/www.inkultura-online.de\/politisch_unkorrekt\/sehnsucht-nach-erloesung\/","name":"Sehnsucht nach Erl\u00f6sung - Zeitgeist? Frei!","isPartOf":{"@id":"https:\/\/www.inkultura-online.de\/politisch_unkorrekt\/#website"},"datePublished":"2019-02-08T07:34:56+00:00","breadcrumb":{"@id":"https:\/\/www.inkultura-online.de\/politisch_unkorrekt\/sehnsucht-nach-erloesung\/#breadcrumb"},"inLanguage":"de","potentialAction":[{"@type":"ReadAction","target":["https:\/\/www.inkultura-online.de\/politisch_unkorrekt\/sehnsucht-nach-erloesung\/"]}]},{"@type":"BreadcrumbList","@id":"https:\/\/www.inkultura-online.de\/politisch_unkorrekt\/sehnsucht-nach-erloesung\/#breadcrumb","itemListElement":[{"@type":"ListItem","position":1,"name":"Home","item":"https:\/\/www.inkultura-online.de\/politisch_unkorrekt\/"},{"@type":"ListItem","position":2,"name":"Sehnsucht nach Erl\u00f6sung"}]},{"@type":"WebSite","@id":"https:\/\/www.inkultura-online.de\/politisch_unkorrekt\/#website","url":"https:\/\/www.inkultura-online.de\/politisch_unkorrekt\/","name":"Zeitgeist? Frei!","description":"Was Ihr den Geist der Zeiten hei\u00dft...","publisher":{"@id":"https:\/\/www.inkultura-online.de\/politisch_unkorrekt\/#\/schema\/person\/5b30b80e385478896a1de221e1994d86"},"potentialAction":[{"@type":"SearchAction","target":{"@type":"EntryPoint","urlTemplate":"https:\/\/www.inkultura-online.de\/politisch_unkorrekt\/?s={search_term_string}"},"query-input":{"@type":"PropertyValueSpecification","valueRequired":true,"valueName":"search_term_string"}}],"inLanguage":"de"},{"@type":["Person","Organization"],"@id":"https:\/\/www.inkultura-online.de\/politisch_unkorrekt\/#\/schema\/person\/5b30b80e385478896a1de221e1994d86","name":"Orator","image":{"@type":"ImageObject","inLanguage":"de","@id":"https:\/\/secure.gravatar.com\/avatar\/96e03166d31716e9c437060430eb7605c45a8ce6fb6dab483637ca6915dd0844?s=96&d=mm&r=g","url":"https:\/\/secure.gravatar.com\/avatar\/96e03166d31716e9c437060430eb7605c45a8ce6fb6dab483637ca6915dd0844?s=96&d=mm&r=g","contentUrl":"https:\/\/secure.gravatar.com\/avatar\/96e03166d31716e9c437060430eb7605c45a8ce6fb6dab483637ca6915dd0844?s=96&d=mm&r=g","caption":"Orator"},"logo":{"@id":"https:\/\/secure.gravatar.com\/avatar\/96e03166d31716e9c437060430eb7605c45a8ce6fb6dab483637ca6915dd0844?s=96&d=mm&r=g"},"url":"https:\/\/www.inkultura-online.de\/politisch_unkorrekt\/author\/1korrektor21-2\/"}]}},"_links":{"self":[{"href":"https:\/\/www.inkultura-online.de\/politisch_unkorrekt\/wp-json\/wp\/v2\/posts\/1887","targetHints":{"allow":["GET"]}}],"collection":[{"href":"https:\/\/www.inkultura-online.de\/politisch_unkorrekt\/wp-json\/wp\/v2\/posts"}],"about":[{"href":"https:\/\/www.inkultura-online.de\/politisch_unkorrekt\/wp-json\/wp\/v2\/types\/post"}],"author":[{"embeddable":true,"href":"https:\/\/www.inkultura-online.de\/politisch_unkorrekt\/wp-json\/wp\/v2\/users\/1"}],"replies":[{"embeddable":true,"href":"https:\/\/www.inkultura-online.de\/politisch_unkorrekt\/wp-json\/wp\/v2\/comments?post=1887"}],"version-history":[{"count":1,"href":"https:\/\/www.inkultura-online.de\/politisch_unkorrekt\/wp-json\/wp\/v2\/posts\/1887\/revisions"}],"predecessor-version":[{"id":1888,"href":"https:\/\/www.inkultura-online.de\/politisch_unkorrekt\/wp-json\/wp\/v2\/posts\/1887\/revisions\/1888"}],"wp:attachment":[{"href":"https:\/\/www.inkultura-online.de\/politisch_unkorrekt\/wp-json\/wp\/v2\/media?parent=1887"}],"wp:term":[{"taxonomy":"category","embeddable":true,"href":"https:\/\/www.inkultura-online.de\/politisch_unkorrekt\/wp-json\/wp\/v2\/categories?post=1887"},{"taxonomy":"post_tag","embeddable":true,"href":"https:\/\/www.inkultura-online.de\/politisch_unkorrekt\/wp-json\/wp\/v2\/tags?post=1887"}],"curies":[{"name":"wp","href":"https:\/\/api.w.org\/{rel}","templated":true}]}}