{"id":1902,"date":"2019-02-12T16:28:04","date_gmt":"2019-02-12T14:28:04","guid":{"rendered":"http:\/\/www.inkultura-online.de\/politisch_unkorrekt\/?p=1902"},"modified":"2019-02-12T16:29:30","modified_gmt":"2019-02-12T14:29:30","slug":"doppelpass","status":"publish","type":"post","link":"https:\/\/www.inkultura-online.de\/politisch_unkorrekt\/doppelpass\/","title":{"rendered":"Doppelpass"},"content":{"rendered":"<p>Der aufmerksame Beobachter des politischen Zeitgeists hat wieder einmal eine Wette gewonnen. Wie immer, wenn auch nur in Ans\u00e4tzen, wie j\u00fcngst beim Werkstadtgespr\u00e4ch einer ehemals konservativen Partei, dar\u00fcber diskutiert wird, Ordnung in das von der F\u00fchrerin dieser Partei angerichtete Asylchaos zu bringen \u2013 wohlgemerkt Diskussionen, keine Beschl\u00fcsse \u2013, dann taucht wie aus dem Nichts eine \u201eStudie\u201c auf, diesmal eine im Auftrag der Bertelsmann-Stiftung, von wem sonst?, erstellte Analyse bez\u00fcglich des angeblichen Fachkr\u00e4ftemangels in Deutschland. Deren Autoren \u2013 Wissenschaftler des Instituts f\u00fcr Arbeitsmarkt- und Berufsforschung (IAB) sowie der Hochschule Coburg \u2013 kommen zu dem Schluss, dass bis 2060 jedes 260.000 Menschen, im Klartext ausl\u00e4ndische \u201eFachkr\u00e4fte\u201c ben\u00f6tigt werden, damit in 41 Jahren nicht rund 16 Millionen Menschen fehlen, die dem Arbeitsmarkt zur Verf\u00fcgung stehen. Echt jetzt?<!--more--><\/p>\n<p>Studien, Statistiken und Analysen tragen, gerade zu brisanten politischen Themen, immer die Handschrift derjenigen, die sie in Auftrag geben. So ist es kein Wunder, das es (wieder) einmal die Bertelsmann-Stiftung ist, die mit den Ergebnissen \u2013 wie bestellt, so geliefert \u2013 nichts weniger als den seit 2015 praktizierten politischen Irrsinn der sog. Migrationspolitik im Namen angeblich \u00f6konomischer Zw\u00e4nge zu legitimieren versucht.<\/p>\n<p>Komisch, eigentlich waren doch die Hunderttausende von Menschen, die uns seit 2015 geschenkt wurden (so die Gr\u00fcne G\u00f6ring-Eckardt) gem\u00e4\u00df offizieller damaligen Regierungs- und Oppositionsdiktion, s\u00e4mtlichst hoch qualifizierte, bestens ausgebildete und nobelpreisverd\u00e4chtige Fachkr\u00e4fte, die diese L\u00fccke schlie\u00dfen w\u00fcrden.<\/p>\n<p>Bereinigt man, und genau das macht der aufmerksame Beobachter, die offiziellen Zahlen der arbeitslosen Menschen in Deutschland um die versteckten und \u201eweggerechneten&#8220; Personen, so liegt man bei ungef\u00e4hr 4 Millionen Arbeitslosen. Zieht man von der Zahl noch einmal diejenigen ab, die sich mental bereits auf Dauer aus dem System \u201eArbeit f\u00fcr Lohn\u201c verabschiedet haben, dann bleiben immer noch 3,8 Millionen Menschen, die darauf warten, ihre Arbeitskraft wieder dem Markt zur Verf\u00fcgung stellen zu k\u00f6nnen.<\/p>\n<p>Leider erf\u00fcllt dieses zur Verf\u00fcgung stehende Potenzial nicht die Erwartungen der Wirtschaft, die davon tr\u00e4umt, mit den sog. ausl\u00e4ndischen Fachkr\u00e4ften ein Reservoir zu besitzen, das bereit und willig ist, zu Mindestlohn-Konditionen, am besten noch darunter, komplizierte technische Anlagen zu entwerfen, Br\u00fccken zu konstruieren oder Patienten zu operieren. Nur aus diesem Grund wird die Wirtschaft nicht m\u00fcde, nach zu Fachkr\u00e4ften euphemisierten Billigarbeitern zu krakeelen.<\/p>\n<p>Wer, wie der Autor, zu seinem Freundes- und Bekanntenkreis viele autochthone, gut ausgebildete Fachkr\u00e4fte mit jahrelanger Berufserfahrung z\u00e4hlen darf, die sich vergeblich um eine ihrer Ausbildung und Praxis ad\u00e4quate Stelle bem\u00fchen und die sp\u00e4testens bei der Frage eines potenziellen Arbeitgebers nach ihren Lohnvorstellungen mit einem \u201eWir melden uns bei Ihnen\u201c herauskomplimentiert werden, der kann nicht so recht an das M\u00e4rchen vom \u201eFachkr\u00e4ftemangel\u201c glauben.<\/p>\n<p>Ausgerechnet auf dem Arbeitsmarkt versagt das marktwirtschaftliche Prinzip Angebot und Nachfrage? G\u00e4be es wirklich einen Fachkr\u00e4ftemangel in der Wirtschaft, dann w\u00e4ren die Geh\u00e4lter in den letzten Jahren stark gestiegen.<\/p>\n<p>Aus dem Doppelpass zwischen Politik und \u00d6konomie, wobei erstere sich mit be\u00e4ngstigendem Tempo einem globalkapitalistischem Diktat unterwirft und letztere den Gro\u00dfen Austausch (in 41 Jahren rund 16 Millionen Menschen) als Chance zur Profitmaximierung versteht, wird f\u00fcr die autochthonen B\u00fcrger ein Foulspiel, das leider von keinem Schiedsrichter abgepfiffen wird.<\/p>\n","protected":false},"excerpt":{"rendered":"<p>Der aufmerksame Beobachter des politischen Zeitgeists hat wieder einmal eine Wette gewonnen. Wie immer, wenn auch nur in Ans\u00e4tzen, wie j\u00fcngst beim Werkstadtgespr\u00e4ch einer ehemals konservativen Partei, dar\u00fcber diskutiert wird, Ordnung in das von der F\u00fchrerin dieser Partei angerichtete Asylchaos &hellip; <a href=\"https:\/\/www.inkultura-online.de\/politisch_unkorrekt\/doppelpass\/\">Weiterlesen <span class=\"meta-nav\">&rarr;<\/span><\/a><\/p>\n","protected":false},"author":1,"featured_media":0,"comment_status":"closed","ping_status":"closed","sticky":false,"template":"","format":"standard","meta":{"footnotes":""},"categories":[378,3,1,444,8,10],"tags":[1181,242,1182,64,950,52,81,24],"class_list":["post-1902","post","type-post","status-publish","format-standard","hentry","category-denunzianten","category-die-duemmsten-sprueche-der-woche","category-fundstuecke","category-gedanken-zum-tag","category-schlimme-woerter","category-systemfehler","tag-doppelpass","tag-fachkraeftemangel","tag-foulspiel","tag-groekaz","tag-grosser-austausch","tag-islamisierung","tag-merkel","tag-migration"],"yoast_head":"<!-- This site is optimized with the Yoast SEO plugin v27.5 - https:\/\/yoast.com\/product\/yoast-seo-wordpress\/ -->\n<title>Doppelpass - Zeitgeist? Frei!<\/title>\n<meta name=\"robots\" content=\"index, follow, max-snippet:-1, max-image-preview:large, max-video-preview:-1\" \/>\n<link rel=\"canonical\" href=\"https:\/\/www.inkultura-online.de\/politisch_unkorrekt\/doppelpass\/\" \/>\n<meta property=\"og:locale\" content=\"de_DE\" \/>\n<meta property=\"og:type\" content=\"article\" \/>\n<meta property=\"og:title\" content=\"Doppelpass - Zeitgeist? Frei!\" \/>\n<meta property=\"og:description\" content=\"Der aufmerksame Beobachter des politischen Zeitgeists hat wieder einmal eine Wette gewonnen. Wie immer, wenn auch nur in Ans\u00e4tzen, wie j\u00fcngst beim Werkstadtgespr\u00e4ch einer ehemals konservativen Partei, dar\u00fcber diskutiert wird, Ordnung in das von der F\u00fchrerin dieser Partei angerichtete Asylchaos &hellip; Weiterlesen &rarr;\" \/>\n<meta property=\"og:url\" content=\"https:\/\/www.inkultura-online.de\/politisch_unkorrekt\/doppelpass\/\" \/>\n<meta property=\"og:site_name\" content=\"Zeitgeist? Frei!\" \/>\n<meta property=\"article:published_time\" content=\"2019-02-12T14:28:04+00:00\" \/>\n<meta property=\"article:modified_time\" content=\"2019-02-12T14:29:30+00:00\" \/>\n<meta name=\"author\" content=\"Orator\" \/>\n<meta name=\"twitter:label1\" content=\"Verfasst von\" \/>\n\t<meta name=\"twitter:data1\" content=\"Orator\" \/>\n\t<meta name=\"twitter:label2\" content=\"Gesch\u00e4tzte Lesezeit\" \/>\n\t<meta name=\"twitter:data2\" content=\"3\u00a0Minuten\" \/>\n<script type=\"application\/ld+json\" class=\"yoast-schema-graph\">{\"@context\":\"https:\\\/\\\/schema.org\",\"@graph\":[{\"@type\":\"Article\",\"@id\":\"https:\\\/\\\/www.inkultura-online.de\\\/politisch_unkorrekt\\\/doppelpass\\\/#article\",\"isPartOf\":{\"@id\":\"https:\\\/\\\/www.inkultura-online.de\\\/politisch_unkorrekt\\\/doppelpass\\\/\"},\"author\":{\"name\":\"Orator\",\"@id\":\"https:\\\/\\\/www.inkultura-online.de\\\/politisch_unkorrekt\\\/#\\\/schema\\\/person\\\/5b30b80e385478896a1de221e1994d86\"},\"headline\":\"Doppelpass\",\"datePublished\":\"2019-02-12T14:28:04+00:00\",\"dateModified\":\"2019-02-12T14:29:30+00:00\",\"mainEntityOfPage\":{\"@id\":\"https:\\\/\\\/www.inkultura-online.de\\\/politisch_unkorrekt\\\/doppelpass\\\/\"},\"wordCount\":533,\"publisher\":{\"@id\":\"https:\\\/\\\/www.inkultura-online.de\\\/politisch_unkorrekt\\\/#\\\/schema\\\/person\\\/5b30b80e385478896a1de221e1994d86\"},\"keywords\":[\"Doppelpass\",\"Fachkr\u00e4ftemangel\",\"Foulspiel\",\"Gr\u00f6KaZ\",\"Gro\u00dfer Austausch\",\"Islamisierung\",\"Merkel\",\"Migration\"],\"articleSection\":[\"Denunzianten und Volksverr\u00e4ter\",\"Die d\u00fcmmsten Spr\u00fcche der Woche\",\"Fundst\u00fccke\",\"Gedanken zum Tag\",\"Schlimme W\u00f6rter\",\"Systemfehler\"],\"inLanguage\":\"de\"},{\"@type\":\"WebPage\",\"@id\":\"https:\\\/\\\/www.inkultura-online.de\\\/politisch_unkorrekt\\\/doppelpass\\\/\",\"url\":\"https:\\\/\\\/www.inkultura-online.de\\\/politisch_unkorrekt\\\/doppelpass\\\/\",\"name\":\"Doppelpass - Zeitgeist? Frei!\",\"isPartOf\":{\"@id\":\"https:\\\/\\\/www.inkultura-online.de\\\/politisch_unkorrekt\\\/#website\"},\"datePublished\":\"2019-02-12T14:28:04+00:00\",\"dateModified\":\"2019-02-12T14:29:30+00:00\",\"breadcrumb\":{\"@id\":\"https:\\\/\\\/www.inkultura-online.de\\\/politisch_unkorrekt\\\/doppelpass\\\/#breadcrumb\"},\"inLanguage\":\"de\",\"potentialAction\":[{\"@type\":\"ReadAction\",\"target\":[\"https:\\\/\\\/www.inkultura-online.de\\\/politisch_unkorrekt\\\/doppelpass\\\/\"]}]},{\"@type\":\"BreadcrumbList\",\"@id\":\"https:\\\/\\\/www.inkultura-online.de\\\/politisch_unkorrekt\\\/doppelpass\\\/#breadcrumb\",\"itemListElement\":[{\"@type\":\"ListItem\",\"position\":1,\"name\":\"Home\",\"item\":\"https:\\\/\\\/www.inkultura-online.de\\\/politisch_unkorrekt\\\/\"},{\"@type\":\"ListItem\",\"position\":2,\"name\":\"Doppelpass\"}]},{\"@type\":\"WebSite\",\"@id\":\"https:\\\/\\\/www.inkultura-online.de\\\/politisch_unkorrekt\\\/#website\",\"url\":\"https:\\\/\\\/www.inkultura-online.de\\\/politisch_unkorrekt\\\/\",\"name\":\"Zeitgeist? Frei!\",\"description\":\"Was Ihr den Geist der Zeiten hei\u00dft...\",\"publisher\":{\"@id\":\"https:\\\/\\\/www.inkultura-online.de\\\/politisch_unkorrekt\\\/#\\\/schema\\\/person\\\/5b30b80e385478896a1de221e1994d86\"},\"potentialAction\":[{\"@type\":\"SearchAction\",\"target\":{\"@type\":\"EntryPoint\",\"urlTemplate\":\"https:\\\/\\\/www.inkultura-online.de\\\/politisch_unkorrekt\\\/?s={search_term_string}\"},\"query-input\":{\"@type\":\"PropertyValueSpecification\",\"valueRequired\":true,\"valueName\":\"search_term_string\"}}],\"inLanguage\":\"de\"},{\"@type\":[\"Person\",\"Organization\"],\"@id\":\"https:\\\/\\\/www.inkultura-online.de\\\/politisch_unkorrekt\\\/#\\\/schema\\\/person\\\/5b30b80e385478896a1de221e1994d86\",\"name\":\"Orator\",\"image\":{\"@type\":\"ImageObject\",\"inLanguage\":\"de\",\"@id\":\"https:\\\/\\\/secure.gravatar.com\\\/avatar\\\/96e03166d31716e9c437060430eb7605c45a8ce6fb6dab483637ca6915dd0844?s=96&d=mm&r=g\",\"url\":\"https:\\\/\\\/secure.gravatar.com\\\/avatar\\\/96e03166d31716e9c437060430eb7605c45a8ce6fb6dab483637ca6915dd0844?s=96&d=mm&r=g\",\"contentUrl\":\"https:\\\/\\\/secure.gravatar.com\\\/avatar\\\/96e03166d31716e9c437060430eb7605c45a8ce6fb6dab483637ca6915dd0844?s=96&d=mm&r=g\",\"caption\":\"Orator\"},\"logo\":{\"@id\":\"https:\\\/\\\/secure.gravatar.com\\\/avatar\\\/96e03166d31716e9c437060430eb7605c45a8ce6fb6dab483637ca6915dd0844?s=96&d=mm&r=g\"},\"url\":\"https:\\\/\\\/www.inkultura-online.de\\\/politisch_unkorrekt\\\/author\\\/1korrektor21-2\\\/\"}]}<\/script>\n<!-- \/ Yoast SEO plugin. -->","yoast_head_json":{"title":"Doppelpass - Zeitgeist? Frei!","robots":{"index":"index","follow":"follow","max-snippet":"max-snippet:-1","max-image-preview":"max-image-preview:large","max-video-preview":"max-video-preview:-1"},"canonical":"https:\/\/www.inkultura-online.de\/politisch_unkorrekt\/doppelpass\/","og_locale":"de_DE","og_type":"article","og_title":"Doppelpass - Zeitgeist? Frei!","og_description":"Der aufmerksame Beobachter des politischen Zeitgeists hat wieder einmal eine Wette gewonnen. Wie immer, wenn auch nur in Ans\u00e4tzen, wie j\u00fcngst beim Werkstadtgespr\u00e4ch einer ehemals konservativen Partei, dar\u00fcber diskutiert wird, Ordnung in das von der F\u00fchrerin dieser Partei angerichtete Asylchaos &hellip; Weiterlesen &rarr;","og_url":"https:\/\/www.inkultura-online.de\/politisch_unkorrekt\/doppelpass\/","og_site_name":"Zeitgeist? Frei!","article_published_time":"2019-02-12T14:28:04+00:00","article_modified_time":"2019-02-12T14:29:30+00:00","author":"Orator","twitter_misc":{"Verfasst von":"Orator","Gesch\u00e4tzte Lesezeit":"3\u00a0Minuten"},"schema":{"@context":"https:\/\/schema.org","@graph":[{"@type":"Article","@id":"https:\/\/www.inkultura-online.de\/politisch_unkorrekt\/doppelpass\/#article","isPartOf":{"@id":"https:\/\/www.inkultura-online.de\/politisch_unkorrekt\/doppelpass\/"},"author":{"name":"Orator","@id":"https:\/\/www.inkultura-online.de\/politisch_unkorrekt\/#\/schema\/person\/5b30b80e385478896a1de221e1994d86"},"headline":"Doppelpass","datePublished":"2019-02-12T14:28:04+00:00","dateModified":"2019-02-12T14:29:30+00:00","mainEntityOfPage":{"@id":"https:\/\/www.inkultura-online.de\/politisch_unkorrekt\/doppelpass\/"},"wordCount":533,"publisher":{"@id":"https:\/\/www.inkultura-online.de\/politisch_unkorrekt\/#\/schema\/person\/5b30b80e385478896a1de221e1994d86"},"keywords":["Doppelpass","Fachkr\u00e4ftemangel","Foulspiel","Gr\u00f6KaZ","Gro\u00dfer Austausch","Islamisierung","Merkel","Migration"],"articleSection":["Denunzianten und Volksverr\u00e4ter","Die d\u00fcmmsten Spr\u00fcche der Woche","Fundst\u00fccke","Gedanken zum Tag","Schlimme W\u00f6rter","Systemfehler"],"inLanguage":"de"},{"@type":"WebPage","@id":"https:\/\/www.inkultura-online.de\/politisch_unkorrekt\/doppelpass\/","url":"https:\/\/www.inkultura-online.de\/politisch_unkorrekt\/doppelpass\/","name":"Doppelpass - Zeitgeist? Frei!","isPartOf":{"@id":"https:\/\/www.inkultura-online.de\/politisch_unkorrekt\/#website"},"datePublished":"2019-02-12T14:28:04+00:00","dateModified":"2019-02-12T14:29:30+00:00","breadcrumb":{"@id":"https:\/\/www.inkultura-online.de\/politisch_unkorrekt\/doppelpass\/#breadcrumb"},"inLanguage":"de","potentialAction":[{"@type":"ReadAction","target":["https:\/\/www.inkultura-online.de\/politisch_unkorrekt\/doppelpass\/"]}]},{"@type":"BreadcrumbList","@id":"https:\/\/www.inkultura-online.de\/politisch_unkorrekt\/doppelpass\/#breadcrumb","itemListElement":[{"@type":"ListItem","position":1,"name":"Home","item":"https:\/\/www.inkultura-online.de\/politisch_unkorrekt\/"},{"@type":"ListItem","position":2,"name":"Doppelpass"}]},{"@type":"WebSite","@id":"https:\/\/www.inkultura-online.de\/politisch_unkorrekt\/#website","url":"https:\/\/www.inkultura-online.de\/politisch_unkorrekt\/","name":"Zeitgeist? Frei!","description":"Was Ihr den Geist der Zeiten hei\u00dft...","publisher":{"@id":"https:\/\/www.inkultura-online.de\/politisch_unkorrekt\/#\/schema\/person\/5b30b80e385478896a1de221e1994d86"},"potentialAction":[{"@type":"SearchAction","target":{"@type":"EntryPoint","urlTemplate":"https:\/\/www.inkultura-online.de\/politisch_unkorrekt\/?s={search_term_string}"},"query-input":{"@type":"PropertyValueSpecification","valueRequired":true,"valueName":"search_term_string"}}],"inLanguage":"de"},{"@type":["Person","Organization"],"@id":"https:\/\/www.inkultura-online.de\/politisch_unkorrekt\/#\/schema\/person\/5b30b80e385478896a1de221e1994d86","name":"Orator","image":{"@type":"ImageObject","inLanguage":"de","@id":"https:\/\/secure.gravatar.com\/avatar\/96e03166d31716e9c437060430eb7605c45a8ce6fb6dab483637ca6915dd0844?s=96&d=mm&r=g","url":"https:\/\/secure.gravatar.com\/avatar\/96e03166d31716e9c437060430eb7605c45a8ce6fb6dab483637ca6915dd0844?s=96&d=mm&r=g","contentUrl":"https:\/\/secure.gravatar.com\/avatar\/96e03166d31716e9c437060430eb7605c45a8ce6fb6dab483637ca6915dd0844?s=96&d=mm&r=g","caption":"Orator"},"logo":{"@id":"https:\/\/secure.gravatar.com\/avatar\/96e03166d31716e9c437060430eb7605c45a8ce6fb6dab483637ca6915dd0844?s=96&d=mm&r=g"},"url":"https:\/\/www.inkultura-online.de\/politisch_unkorrekt\/author\/1korrektor21-2\/"}]}},"_links":{"self":[{"href":"https:\/\/www.inkultura-online.de\/politisch_unkorrekt\/wp-json\/wp\/v2\/posts\/1902","targetHints":{"allow":["GET"]}}],"collection":[{"href":"https:\/\/www.inkultura-online.de\/politisch_unkorrekt\/wp-json\/wp\/v2\/posts"}],"about":[{"href":"https:\/\/www.inkultura-online.de\/politisch_unkorrekt\/wp-json\/wp\/v2\/types\/post"}],"author":[{"embeddable":true,"href":"https:\/\/www.inkultura-online.de\/politisch_unkorrekt\/wp-json\/wp\/v2\/users\/1"}],"replies":[{"embeddable":true,"href":"https:\/\/www.inkultura-online.de\/politisch_unkorrekt\/wp-json\/wp\/v2\/comments?post=1902"}],"version-history":[{"count":2,"href":"https:\/\/www.inkultura-online.de\/politisch_unkorrekt\/wp-json\/wp\/v2\/posts\/1902\/revisions"}],"predecessor-version":[{"id":1904,"href":"https:\/\/www.inkultura-online.de\/politisch_unkorrekt\/wp-json\/wp\/v2\/posts\/1902\/revisions\/1904"}],"wp:attachment":[{"href":"https:\/\/www.inkultura-online.de\/politisch_unkorrekt\/wp-json\/wp\/v2\/media?parent=1902"}],"wp:term":[{"taxonomy":"category","embeddable":true,"href":"https:\/\/www.inkultura-online.de\/politisch_unkorrekt\/wp-json\/wp\/v2\/categories?post=1902"},{"taxonomy":"post_tag","embeddable":true,"href":"https:\/\/www.inkultura-online.de\/politisch_unkorrekt\/wp-json\/wp\/v2\/tags?post=1902"}],"curies":[{"name":"wp","href":"https:\/\/api.w.org\/{rel}","templated":true}]}}