{"id":1907,"date":"2019-02-23T14:10:51","date_gmt":"2019-02-23T12:10:51","guid":{"rendered":"http:\/\/www.inkultura-online.de\/politisch_unkorrekt\/?p=1907"},"modified":"2019-02-23T14:10:51","modified_gmt":"2019-02-23T12:10:51","slug":"second-hand-geschenke","status":"publish","type":"post","link":"https:\/\/www.inkultura-online.de\/politisch_unkorrekt\/second-hand-geschenke\/","title":{"rendered":"Second Hand Geschenke"},"content":{"rendered":"<p>Katrin G\u00f6ring-Eckardt, die Gr\u00fcne, die sich anl\u00e4sslich der offenen Grenzen des Herbstes 2015 \u00fcber die uns millionenfach \u201egeschenkten Menschen\u201c freute, ist anscheinend der Meinung, dass es jetzt auf ein paar hundert mehr oder weniger dieser Pr\u00e4sente auch nicht mehr ankommt. Sie fordert, dass Deutschland IS-Mitglieder mit deutschem Pass zur\u00fccknehmen muss.<!--more--><\/p>\n<p>Von der Tatsache abgesehen, dass es mit dem deutschen Pass so eine Sache ist \u2013 die gro\u00dfe Zahl der Fake-Syrer, also diejenigen, die sich mit in der T\u00fcrkei gef\u00e4lschten P\u00e4ssen in Deutschland als Fl\u00fcchtlinge vor dem IS ausgegeben haben und Syrien bestenfalls auf der Landkarte kennen, beweist das \u2013, legt KGE eine Naivit\u00e4t an den Tag, die einmal mehr die ideologische Verblendung gr\u00fcner Meinungsmacher zeigt.<\/p>\n<p>Erst fordern die Gr\u00fcnen lautstark die Aufnahme vor dem IS geflohener Syrer in Deutschland, jetzt fordern sie die R\u00fccknahme derjenigen, vor denen erstere gefl\u00fcchtet sind. Findet noch jemand den irren Widerspruch?<\/p>\n<p>Wie weit von der Realit\u00e4t entfernt m\u00fcssen KGE und Konsorten sein, wenn sie allen Ernstes die R\u00fcckkehr von M\u00f6rdern, Schl\u00e4chtern, Kopfabschneidern, Entf\u00fchrern und Vergewaltigern guthei\u00dfen, wohl wissend, und das ist das Brisante an der Forderung der gr\u00fcnen Politikerin, dass es bei den von ihr angesprochenen juristischen Verfahren gegen IS-Terroristen hier in Deutschland mangels handfester Beweise \u2013 von wem und woher sollen Zeugenaussagen kommen, ohne die kein Urteil gesprochen werden kann \u2013 auch kein zu verk\u00fcndendes Strafma\u00df gibt, diese Typen also l\u00e4chelnd aus dem Gerichtssaal marschieren. Da pinkelt sich doch der Rechtsstaat selber ans Bein.<\/p>\n<p>Niemand in Europa, au\u00dfer den deutschen Gr\u00fcnen, will IS-Terroristen wieder zur\u00fcck in sein Land lassen. Was also tun, wenn US-Pr\u00e4sident Trump seine Drohung wahrmacht, die in Syrien verhafteten Verbrecher, sollten ihre Heimatl\u00e4nder sich weigern sie zur\u00fcckzunehmen, auf freien Fu\u00df zu setzen?<\/p>\n<p>Ganz einfach! Stellt die Verbrecher in Syrien vor ein internationales Gericht. Gebt den dortigen Beh\u00f6rden jede finanzielle und juristische Hilfe, die sie brauchen, um diese Herausforderung zu meistern. Baut dort Gef\u00e4ngnisse, um die Halunken wegzusperren und sorgt daf\u00fcr, dass keiner dieser Verbrecher seinen Fu\u00df jemals wieder in Freiheit setzen darf.<\/p>\n","protected":false},"excerpt":{"rendered":"<p>Katrin G\u00f6ring-Eckardt, die Gr\u00fcne, die sich anl\u00e4sslich der offenen Grenzen des Herbstes 2015 \u00fcber die uns millionenfach \u201egeschenkten Menschen\u201c freute, ist anscheinend der Meinung, dass es jetzt auf ein paar hundert mehr oder weniger dieser Pr\u00e4sente auch nicht mehr ankommt. &hellip; <a href=\"https:\/\/www.inkultura-online.de\/politisch_unkorrekt\/second-hand-geschenke\/\">Weiterlesen <span class=\"meta-nav\">&rarr;<\/span><\/a><\/p>\n","protected":false},"author":1,"featured_media":0,"comment_status":"closed","ping_status":"closed","sticky":false,"template":"","format":"standard","meta":{"footnotes":""},"categories":[378,3,444,10],"tags":[1183,1184,893],"class_list":["post-1907","post","type-post","status-publish","format-standard","hentry","category-denunzianten","category-die-duemmsten-sprueche-der-woche","category-gedanken-zum-tag","category-systemfehler","tag-is-terroristen","tag-rueckfuehrung","tag-trump"],"yoast_head":"<!-- This site is optimized with the Yoast SEO plugin v27.5 - https:\/\/yoast.com\/product\/yoast-seo-wordpress\/ -->\n<title>Second Hand Geschenke - Zeitgeist? Frei!<\/title>\n<meta name=\"robots\" content=\"index, follow, max-snippet:-1, max-image-preview:large, max-video-preview:-1\" \/>\n<link rel=\"canonical\" href=\"https:\/\/www.inkultura-online.de\/politisch_unkorrekt\/second-hand-geschenke\/\" \/>\n<meta property=\"og:locale\" content=\"de_DE\" \/>\n<meta property=\"og:type\" content=\"article\" \/>\n<meta property=\"og:title\" content=\"Second Hand Geschenke - Zeitgeist? Frei!\" \/>\n<meta property=\"og:description\" content=\"Katrin G\u00f6ring-Eckardt, die Gr\u00fcne, die sich anl\u00e4sslich der offenen Grenzen des Herbstes 2015 \u00fcber die uns millionenfach \u201egeschenkten Menschen\u201c freute, ist anscheinend der Meinung, dass es jetzt auf ein paar hundert mehr oder weniger dieser Pr\u00e4sente auch nicht mehr ankommt. &hellip; Weiterlesen &rarr;\" \/>\n<meta property=\"og:url\" content=\"https:\/\/www.inkultura-online.de\/politisch_unkorrekt\/second-hand-geschenke\/\" \/>\n<meta property=\"og:site_name\" content=\"Zeitgeist? Frei!\" \/>\n<meta property=\"article:published_time\" content=\"2019-02-23T12:10:51+00:00\" \/>\n<meta name=\"author\" content=\"Orator\" \/>\n<meta name=\"twitter:label1\" content=\"Verfasst von\" \/>\n\t<meta name=\"twitter:data1\" content=\"Orator\" \/>\n\t<meta name=\"twitter:label2\" content=\"Gesch\u00e4tzte Lesezeit\" \/>\n\t<meta name=\"twitter:data2\" content=\"2\u00a0Minuten\" \/>\n<script type=\"application\/ld+json\" class=\"yoast-schema-graph\">{\"@context\":\"https:\\\/\\\/schema.org\",\"@graph\":[{\"@type\":\"Article\",\"@id\":\"https:\\\/\\\/www.inkultura-online.de\\\/politisch_unkorrekt\\\/second-hand-geschenke\\\/#article\",\"isPartOf\":{\"@id\":\"https:\\\/\\\/www.inkultura-online.de\\\/politisch_unkorrekt\\\/second-hand-geschenke\\\/\"},\"author\":{\"name\":\"Orator\",\"@id\":\"https:\\\/\\\/www.inkultura-online.de\\\/politisch_unkorrekt\\\/#\\\/schema\\\/person\\\/5b30b80e385478896a1de221e1994d86\"},\"headline\":\"Second Hand Geschenke\",\"datePublished\":\"2019-02-23T12:10:51+00:00\",\"mainEntityOfPage\":{\"@id\":\"https:\\\/\\\/www.inkultura-online.de\\\/politisch_unkorrekt\\\/second-hand-geschenke\\\/\"},\"wordCount\":363,\"publisher\":{\"@id\":\"https:\\\/\\\/www.inkultura-online.de\\\/politisch_unkorrekt\\\/#\\\/schema\\\/person\\\/5b30b80e385478896a1de221e1994d86\"},\"keywords\":[\"IS-Terroristen\",\"R\u00fcckf\u00fchrung\",\"Trump\"],\"articleSection\":[\"Denunzianten und Volksverr\u00e4ter\",\"Die d\u00fcmmsten Spr\u00fcche der Woche\",\"Gedanken zum Tag\",\"Systemfehler\"],\"inLanguage\":\"de\"},{\"@type\":\"WebPage\",\"@id\":\"https:\\\/\\\/www.inkultura-online.de\\\/politisch_unkorrekt\\\/second-hand-geschenke\\\/\",\"url\":\"https:\\\/\\\/www.inkultura-online.de\\\/politisch_unkorrekt\\\/second-hand-geschenke\\\/\",\"name\":\"Second Hand Geschenke - Zeitgeist? Frei!\",\"isPartOf\":{\"@id\":\"https:\\\/\\\/www.inkultura-online.de\\\/politisch_unkorrekt\\\/#website\"},\"datePublished\":\"2019-02-23T12:10:51+00:00\",\"breadcrumb\":{\"@id\":\"https:\\\/\\\/www.inkultura-online.de\\\/politisch_unkorrekt\\\/second-hand-geschenke\\\/#breadcrumb\"},\"inLanguage\":\"de\",\"potentialAction\":[{\"@type\":\"ReadAction\",\"target\":[\"https:\\\/\\\/www.inkultura-online.de\\\/politisch_unkorrekt\\\/second-hand-geschenke\\\/\"]}]},{\"@type\":\"BreadcrumbList\",\"@id\":\"https:\\\/\\\/www.inkultura-online.de\\\/politisch_unkorrekt\\\/second-hand-geschenke\\\/#breadcrumb\",\"itemListElement\":[{\"@type\":\"ListItem\",\"position\":1,\"name\":\"Home\",\"item\":\"https:\\\/\\\/www.inkultura-online.de\\\/politisch_unkorrekt\\\/\"},{\"@type\":\"ListItem\",\"position\":2,\"name\":\"Second Hand Geschenke\"}]},{\"@type\":\"WebSite\",\"@id\":\"https:\\\/\\\/www.inkultura-online.de\\\/politisch_unkorrekt\\\/#website\",\"url\":\"https:\\\/\\\/www.inkultura-online.de\\\/politisch_unkorrekt\\\/\",\"name\":\"Zeitgeist? Frei!\",\"description\":\"Was Ihr den Geist der Zeiten hei\u00dft...\",\"publisher\":{\"@id\":\"https:\\\/\\\/www.inkultura-online.de\\\/politisch_unkorrekt\\\/#\\\/schema\\\/person\\\/5b30b80e385478896a1de221e1994d86\"},\"potentialAction\":[{\"@type\":\"SearchAction\",\"target\":{\"@type\":\"EntryPoint\",\"urlTemplate\":\"https:\\\/\\\/www.inkultura-online.de\\\/politisch_unkorrekt\\\/?s={search_term_string}\"},\"query-input\":{\"@type\":\"PropertyValueSpecification\",\"valueRequired\":true,\"valueName\":\"search_term_string\"}}],\"inLanguage\":\"de\"},{\"@type\":[\"Person\",\"Organization\"],\"@id\":\"https:\\\/\\\/www.inkultura-online.de\\\/politisch_unkorrekt\\\/#\\\/schema\\\/person\\\/5b30b80e385478896a1de221e1994d86\",\"name\":\"Orator\",\"image\":{\"@type\":\"ImageObject\",\"inLanguage\":\"de\",\"@id\":\"https:\\\/\\\/secure.gravatar.com\\\/avatar\\\/96e03166d31716e9c437060430eb7605c45a8ce6fb6dab483637ca6915dd0844?s=96&d=mm&r=g\",\"url\":\"https:\\\/\\\/secure.gravatar.com\\\/avatar\\\/96e03166d31716e9c437060430eb7605c45a8ce6fb6dab483637ca6915dd0844?s=96&d=mm&r=g\",\"contentUrl\":\"https:\\\/\\\/secure.gravatar.com\\\/avatar\\\/96e03166d31716e9c437060430eb7605c45a8ce6fb6dab483637ca6915dd0844?s=96&d=mm&r=g\",\"caption\":\"Orator\"},\"logo\":{\"@id\":\"https:\\\/\\\/secure.gravatar.com\\\/avatar\\\/96e03166d31716e9c437060430eb7605c45a8ce6fb6dab483637ca6915dd0844?s=96&d=mm&r=g\"},\"url\":\"https:\\\/\\\/www.inkultura-online.de\\\/politisch_unkorrekt\\\/author\\\/1korrektor21-2\\\/\"}]}<\/script>\n<!-- \/ Yoast SEO plugin. -->","yoast_head_json":{"title":"Second Hand Geschenke - Zeitgeist? Frei!","robots":{"index":"index","follow":"follow","max-snippet":"max-snippet:-1","max-image-preview":"max-image-preview:large","max-video-preview":"max-video-preview:-1"},"canonical":"https:\/\/www.inkultura-online.de\/politisch_unkorrekt\/second-hand-geschenke\/","og_locale":"de_DE","og_type":"article","og_title":"Second Hand Geschenke - Zeitgeist? Frei!","og_description":"Katrin G\u00f6ring-Eckardt, die Gr\u00fcne, die sich anl\u00e4sslich der offenen Grenzen des Herbstes 2015 \u00fcber die uns millionenfach \u201egeschenkten Menschen\u201c freute, ist anscheinend der Meinung, dass es jetzt auf ein paar hundert mehr oder weniger dieser Pr\u00e4sente auch nicht mehr ankommt. &hellip; Weiterlesen &rarr;","og_url":"https:\/\/www.inkultura-online.de\/politisch_unkorrekt\/second-hand-geschenke\/","og_site_name":"Zeitgeist? Frei!","article_published_time":"2019-02-23T12:10:51+00:00","author":"Orator","twitter_misc":{"Verfasst von":"Orator","Gesch\u00e4tzte Lesezeit":"2\u00a0Minuten"},"schema":{"@context":"https:\/\/schema.org","@graph":[{"@type":"Article","@id":"https:\/\/www.inkultura-online.de\/politisch_unkorrekt\/second-hand-geschenke\/#article","isPartOf":{"@id":"https:\/\/www.inkultura-online.de\/politisch_unkorrekt\/second-hand-geschenke\/"},"author":{"name":"Orator","@id":"https:\/\/www.inkultura-online.de\/politisch_unkorrekt\/#\/schema\/person\/5b30b80e385478896a1de221e1994d86"},"headline":"Second Hand Geschenke","datePublished":"2019-02-23T12:10:51+00:00","mainEntityOfPage":{"@id":"https:\/\/www.inkultura-online.de\/politisch_unkorrekt\/second-hand-geschenke\/"},"wordCount":363,"publisher":{"@id":"https:\/\/www.inkultura-online.de\/politisch_unkorrekt\/#\/schema\/person\/5b30b80e385478896a1de221e1994d86"},"keywords":["IS-Terroristen","R\u00fcckf\u00fchrung","Trump"],"articleSection":["Denunzianten und Volksverr\u00e4ter","Die d\u00fcmmsten Spr\u00fcche der Woche","Gedanken zum Tag","Systemfehler"],"inLanguage":"de"},{"@type":"WebPage","@id":"https:\/\/www.inkultura-online.de\/politisch_unkorrekt\/second-hand-geschenke\/","url":"https:\/\/www.inkultura-online.de\/politisch_unkorrekt\/second-hand-geschenke\/","name":"Second Hand Geschenke - Zeitgeist? Frei!","isPartOf":{"@id":"https:\/\/www.inkultura-online.de\/politisch_unkorrekt\/#website"},"datePublished":"2019-02-23T12:10:51+00:00","breadcrumb":{"@id":"https:\/\/www.inkultura-online.de\/politisch_unkorrekt\/second-hand-geschenke\/#breadcrumb"},"inLanguage":"de","potentialAction":[{"@type":"ReadAction","target":["https:\/\/www.inkultura-online.de\/politisch_unkorrekt\/second-hand-geschenke\/"]}]},{"@type":"BreadcrumbList","@id":"https:\/\/www.inkultura-online.de\/politisch_unkorrekt\/second-hand-geschenke\/#breadcrumb","itemListElement":[{"@type":"ListItem","position":1,"name":"Home","item":"https:\/\/www.inkultura-online.de\/politisch_unkorrekt\/"},{"@type":"ListItem","position":2,"name":"Second Hand Geschenke"}]},{"@type":"WebSite","@id":"https:\/\/www.inkultura-online.de\/politisch_unkorrekt\/#website","url":"https:\/\/www.inkultura-online.de\/politisch_unkorrekt\/","name":"Zeitgeist? Frei!","description":"Was Ihr den Geist der Zeiten hei\u00dft...","publisher":{"@id":"https:\/\/www.inkultura-online.de\/politisch_unkorrekt\/#\/schema\/person\/5b30b80e385478896a1de221e1994d86"},"potentialAction":[{"@type":"SearchAction","target":{"@type":"EntryPoint","urlTemplate":"https:\/\/www.inkultura-online.de\/politisch_unkorrekt\/?s={search_term_string}"},"query-input":{"@type":"PropertyValueSpecification","valueRequired":true,"valueName":"search_term_string"}}],"inLanguage":"de"},{"@type":["Person","Organization"],"@id":"https:\/\/www.inkultura-online.de\/politisch_unkorrekt\/#\/schema\/person\/5b30b80e385478896a1de221e1994d86","name":"Orator","image":{"@type":"ImageObject","inLanguage":"de","@id":"https:\/\/secure.gravatar.com\/avatar\/96e03166d31716e9c437060430eb7605c45a8ce6fb6dab483637ca6915dd0844?s=96&d=mm&r=g","url":"https:\/\/secure.gravatar.com\/avatar\/96e03166d31716e9c437060430eb7605c45a8ce6fb6dab483637ca6915dd0844?s=96&d=mm&r=g","contentUrl":"https:\/\/secure.gravatar.com\/avatar\/96e03166d31716e9c437060430eb7605c45a8ce6fb6dab483637ca6915dd0844?s=96&d=mm&r=g","caption":"Orator"},"logo":{"@id":"https:\/\/secure.gravatar.com\/avatar\/96e03166d31716e9c437060430eb7605c45a8ce6fb6dab483637ca6915dd0844?s=96&d=mm&r=g"},"url":"https:\/\/www.inkultura-online.de\/politisch_unkorrekt\/author\/1korrektor21-2\/"}]}},"_links":{"self":[{"href":"https:\/\/www.inkultura-online.de\/politisch_unkorrekt\/wp-json\/wp\/v2\/posts\/1907","targetHints":{"allow":["GET"]}}],"collection":[{"href":"https:\/\/www.inkultura-online.de\/politisch_unkorrekt\/wp-json\/wp\/v2\/posts"}],"about":[{"href":"https:\/\/www.inkultura-online.de\/politisch_unkorrekt\/wp-json\/wp\/v2\/types\/post"}],"author":[{"embeddable":true,"href":"https:\/\/www.inkultura-online.de\/politisch_unkorrekt\/wp-json\/wp\/v2\/users\/1"}],"replies":[{"embeddable":true,"href":"https:\/\/www.inkultura-online.de\/politisch_unkorrekt\/wp-json\/wp\/v2\/comments?post=1907"}],"version-history":[{"count":1,"href":"https:\/\/www.inkultura-online.de\/politisch_unkorrekt\/wp-json\/wp\/v2\/posts\/1907\/revisions"}],"predecessor-version":[{"id":1908,"href":"https:\/\/www.inkultura-online.de\/politisch_unkorrekt\/wp-json\/wp\/v2\/posts\/1907\/revisions\/1908"}],"wp:attachment":[{"href":"https:\/\/www.inkultura-online.de\/politisch_unkorrekt\/wp-json\/wp\/v2\/media?parent=1907"}],"wp:term":[{"taxonomy":"category","embeddable":true,"href":"https:\/\/www.inkultura-online.de\/politisch_unkorrekt\/wp-json\/wp\/v2\/categories?post=1907"},{"taxonomy":"post_tag","embeddable":true,"href":"https:\/\/www.inkultura-online.de\/politisch_unkorrekt\/wp-json\/wp\/v2\/tags?post=1907"}],"curies":[{"name":"wp","href":"https:\/\/api.w.org\/{rel}","templated":true}]}}