{"id":1909,"date":"2019-03-02T11:10:31","date_gmt":"2019-03-02T09:10:31","guid":{"rendered":"http:\/\/www.inkultura-online.de\/politisch_unkorrekt\/?p=1909"},"modified":"2019-03-02T11:10:31","modified_gmt":"2019-03-02T09:10:31","slug":"so-rekrutieren-die-gruenen-den-nachwuchs","status":"publish","type":"post","link":"https:\/\/www.inkultura-online.de\/politisch_unkorrekt\/so-rekrutieren-die-gruenen-den-nachwuchs\/","title":{"rendered":"So rekrutieren die Gr\u00fcnen den Nachwuchs"},"content":{"rendered":"<p>Meine Gro\u00dfmutter war eine \u00fcberaus kluge Frau und hatte stets Augen und Ohren f\u00fcr praktizierten Schwachsinn, den sie mit markanten Spr\u00fcchen kommentierte. Einer ihrer Lieblingss\u00e4tze an die Adresse eines faulen Enkels war folgender: \u201eLerne erst einmal etwas Vern\u00fcnftiges, Politiker kannst du immer noch werden.\u201c Zu meinem Gl\u00fcck habe ich ihren Spruch beherzigt und mich bei meinem weiteren Schulbesuch auf den Hosenboden gesetzt und flei\u00dfig gute Noten gesammelt.<\/p>\n<p>Die Gr\u00fcnen sehen das mit den Schulnoten etwas anders. In Hessen sollen die Schulen <a href=\"https:\/\/www.focus.de\/familie\/schule\/gruene-setzen-sich-mit-forderung-durch-hessische-schulen-duerfen-kuenftig-auf-noten-verzichten_id_10258907.html\" target=\"_blank\" rel=\"noopener noreferrer\">neue p\u00e4dagogische Wege<\/a> beschreiten und in Zukunft nicht mehr zwingend Noten vergeben. Auch eine Weise, um den Parteinachwuchs zu generieren. Betrachtet man die Lebensl\u00e4ufe so mancher Gr\u00fcnInnen, so k\u00f6nnte man zu dem Schluss gelangen, das Bildung f\u00fcr die Karriere in der Verbots- und Gouvernantenpartei eher hinderlich ist. Insofern ist die gr\u00fcne (Un)Bildungspolitik in Hessen nur folgerichtig.<\/p>\n","protected":false},"excerpt":{"rendered":"<p>Meine Gro\u00dfmutter war eine \u00fcberaus kluge Frau und hatte stets Augen und Ohren f\u00fcr praktizierten Schwachsinn, den sie mit markanten Spr\u00fcchen kommentierte. Einer ihrer Lieblingss\u00e4tze an die Adresse eines faulen Enkels war folgender: \u201eLerne erst einmal etwas Vern\u00fcnftiges, Politiker kannst &hellip; <a href=\"https:\/\/www.inkultura-online.de\/politisch_unkorrekt\/so-rekrutieren-die-gruenen-den-nachwuchs\/\">Weiterlesen <span class=\"meta-nav\">&rarr;<\/span><\/a><\/p>\n","protected":false},"author":1,"featured_media":0,"comment_status":"closed","ping_status":"closed","sticky":false,"template":"","format":"standard","meta":{"footnotes":""},"categories":[1],"tags":[1185,1186],"class_list":["post-1909","post","type-post","status-publish","format-standard","hentry","category-fundstuecke","tag-gruene-bildungspolitik","tag-parteinachwuchs"],"yoast_head":"<!-- This site is optimized with the Yoast SEO plugin v27.5 - https:\/\/yoast.com\/product\/yoast-seo-wordpress\/ -->\n<title>So rekrutieren die Gr\u00fcnen den Nachwuchs - Zeitgeist? Frei!<\/title>\n<meta name=\"robots\" content=\"index, follow, max-snippet:-1, max-image-preview:large, max-video-preview:-1\" \/>\n<link rel=\"canonical\" href=\"https:\/\/www.inkultura-online.de\/politisch_unkorrekt\/so-rekrutieren-die-gruenen-den-nachwuchs\/\" \/>\n<meta property=\"og:locale\" content=\"de_DE\" \/>\n<meta property=\"og:type\" content=\"article\" \/>\n<meta property=\"og:title\" content=\"So rekrutieren die Gr\u00fcnen den Nachwuchs - Zeitgeist? Frei!\" \/>\n<meta property=\"og:description\" content=\"Meine Gro\u00dfmutter war eine \u00fcberaus kluge Frau und hatte stets Augen und Ohren f\u00fcr praktizierten Schwachsinn, den sie mit markanten Spr\u00fcchen kommentierte. Einer ihrer Lieblingss\u00e4tze an die Adresse eines faulen Enkels war folgender: \u201eLerne erst einmal etwas Vern\u00fcnftiges, Politiker kannst &hellip; Weiterlesen &rarr;\" \/>\n<meta property=\"og:url\" content=\"https:\/\/www.inkultura-online.de\/politisch_unkorrekt\/so-rekrutieren-die-gruenen-den-nachwuchs\/\" \/>\n<meta property=\"og:site_name\" content=\"Zeitgeist? Frei!\" \/>\n<meta property=\"article:published_time\" content=\"2019-03-02T09:10:31+00:00\" \/>\n<meta name=\"author\" content=\"Orator\" \/>\n<meta name=\"twitter:label1\" content=\"Verfasst von\" \/>\n\t<meta name=\"twitter:data1\" content=\"Orator\" \/>\n\t<meta name=\"twitter:label2\" content=\"Gesch\u00e4tzte Lesezeit\" \/>\n\t<meta name=\"twitter:data2\" content=\"1\u00a0Minute\" \/>\n<script type=\"application\/ld+json\" class=\"yoast-schema-graph\">{\"@context\":\"https:\\\/\\\/schema.org\",\"@graph\":[{\"@type\":\"Article\",\"@id\":\"https:\\\/\\\/www.inkultura-online.de\\\/politisch_unkorrekt\\\/so-rekrutieren-die-gruenen-den-nachwuchs\\\/#article\",\"isPartOf\":{\"@id\":\"https:\\\/\\\/www.inkultura-online.de\\\/politisch_unkorrekt\\\/so-rekrutieren-die-gruenen-den-nachwuchs\\\/\"},\"author\":{\"name\":\"Orator\",\"@id\":\"https:\\\/\\\/www.inkultura-online.de\\\/politisch_unkorrekt\\\/#\\\/schema\\\/person\\\/5b30b80e385478896a1de221e1994d86\"},\"headline\":\"So rekrutieren die Gr\u00fcnen den Nachwuchs\",\"datePublished\":\"2019-03-02T09:10:31+00:00\",\"mainEntityOfPage\":{\"@id\":\"https:\\\/\\\/www.inkultura-online.de\\\/politisch_unkorrekt\\\/so-rekrutieren-die-gruenen-den-nachwuchs\\\/\"},\"wordCount\":159,\"publisher\":{\"@id\":\"https:\\\/\\\/www.inkultura-online.de\\\/politisch_unkorrekt\\\/#\\\/schema\\\/person\\\/5b30b80e385478896a1de221e1994d86\"},\"keywords\":[\"Gr\u00fcne Bildungspolitik\",\"Parteinachwuchs\"],\"articleSection\":[\"Fundst\u00fccke\"],\"inLanguage\":\"de\"},{\"@type\":\"WebPage\",\"@id\":\"https:\\\/\\\/www.inkultura-online.de\\\/politisch_unkorrekt\\\/so-rekrutieren-die-gruenen-den-nachwuchs\\\/\",\"url\":\"https:\\\/\\\/www.inkultura-online.de\\\/politisch_unkorrekt\\\/so-rekrutieren-die-gruenen-den-nachwuchs\\\/\",\"name\":\"So rekrutieren die Gr\u00fcnen den Nachwuchs - Zeitgeist? Frei!\",\"isPartOf\":{\"@id\":\"https:\\\/\\\/www.inkultura-online.de\\\/politisch_unkorrekt\\\/#website\"},\"datePublished\":\"2019-03-02T09:10:31+00:00\",\"breadcrumb\":{\"@id\":\"https:\\\/\\\/www.inkultura-online.de\\\/politisch_unkorrekt\\\/so-rekrutieren-die-gruenen-den-nachwuchs\\\/#breadcrumb\"},\"inLanguage\":\"de\",\"potentialAction\":[{\"@type\":\"ReadAction\",\"target\":[\"https:\\\/\\\/www.inkultura-online.de\\\/politisch_unkorrekt\\\/so-rekrutieren-die-gruenen-den-nachwuchs\\\/\"]}]},{\"@type\":\"BreadcrumbList\",\"@id\":\"https:\\\/\\\/www.inkultura-online.de\\\/politisch_unkorrekt\\\/so-rekrutieren-die-gruenen-den-nachwuchs\\\/#breadcrumb\",\"itemListElement\":[{\"@type\":\"ListItem\",\"position\":1,\"name\":\"Home\",\"item\":\"https:\\\/\\\/www.inkultura-online.de\\\/politisch_unkorrekt\\\/\"},{\"@type\":\"ListItem\",\"position\":2,\"name\":\"So rekrutieren die Gr\u00fcnen den Nachwuchs\"}]},{\"@type\":\"WebSite\",\"@id\":\"https:\\\/\\\/www.inkultura-online.de\\\/politisch_unkorrekt\\\/#website\",\"url\":\"https:\\\/\\\/www.inkultura-online.de\\\/politisch_unkorrekt\\\/\",\"name\":\"Zeitgeist? Frei!\",\"description\":\"Was Ihr den Geist der Zeiten hei\u00dft...\",\"publisher\":{\"@id\":\"https:\\\/\\\/www.inkultura-online.de\\\/politisch_unkorrekt\\\/#\\\/schema\\\/person\\\/5b30b80e385478896a1de221e1994d86\"},\"potentialAction\":[{\"@type\":\"SearchAction\",\"target\":{\"@type\":\"EntryPoint\",\"urlTemplate\":\"https:\\\/\\\/www.inkultura-online.de\\\/politisch_unkorrekt\\\/?s={search_term_string}\"},\"query-input\":{\"@type\":\"PropertyValueSpecification\",\"valueRequired\":true,\"valueName\":\"search_term_string\"}}],\"inLanguage\":\"de\"},{\"@type\":[\"Person\",\"Organization\"],\"@id\":\"https:\\\/\\\/www.inkultura-online.de\\\/politisch_unkorrekt\\\/#\\\/schema\\\/person\\\/5b30b80e385478896a1de221e1994d86\",\"name\":\"Orator\",\"image\":{\"@type\":\"ImageObject\",\"inLanguage\":\"de\",\"@id\":\"https:\\\/\\\/secure.gravatar.com\\\/avatar\\\/96e03166d31716e9c437060430eb7605c45a8ce6fb6dab483637ca6915dd0844?s=96&d=mm&r=g\",\"url\":\"https:\\\/\\\/secure.gravatar.com\\\/avatar\\\/96e03166d31716e9c437060430eb7605c45a8ce6fb6dab483637ca6915dd0844?s=96&d=mm&r=g\",\"contentUrl\":\"https:\\\/\\\/secure.gravatar.com\\\/avatar\\\/96e03166d31716e9c437060430eb7605c45a8ce6fb6dab483637ca6915dd0844?s=96&d=mm&r=g\",\"caption\":\"Orator\"},\"logo\":{\"@id\":\"https:\\\/\\\/secure.gravatar.com\\\/avatar\\\/96e03166d31716e9c437060430eb7605c45a8ce6fb6dab483637ca6915dd0844?s=96&d=mm&r=g\"},\"url\":\"https:\\\/\\\/www.inkultura-online.de\\\/politisch_unkorrekt\\\/author\\\/1korrektor21-2\\\/\"}]}<\/script>\n<!-- \/ Yoast SEO plugin. -->","yoast_head_json":{"title":"So rekrutieren die Gr\u00fcnen den Nachwuchs - Zeitgeist? Frei!","robots":{"index":"index","follow":"follow","max-snippet":"max-snippet:-1","max-image-preview":"max-image-preview:large","max-video-preview":"max-video-preview:-1"},"canonical":"https:\/\/www.inkultura-online.de\/politisch_unkorrekt\/so-rekrutieren-die-gruenen-den-nachwuchs\/","og_locale":"de_DE","og_type":"article","og_title":"So rekrutieren die Gr\u00fcnen den Nachwuchs - Zeitgeist? Frei!","og_description":"Meine Gro\u00dfmutter war eine \u00fcberaus kluge Frau und hatte stets Augen und Ohren f\u00fcr praktizierten Schwachsinn, den sie mit markanten Spr\u00fcchen kommentierte. Einer ihrer Lieblingss\u00e4tze an die Adresse eines faulen Enkels war folgender: \u201eLerne erst einmal etwas Vern\u00fcnftiges, Politiker kannst &hellip; Weiterlesen &rarr;","og_url":"https:\/\/www.inkultura-online.de\/politisch_unkorrekt\/so-rekrutieren-die-gruenen-den-nachwuchs\/","og_site_name":"Zeitgeist? Frei!","article_published_time":"2019-03-02T09:10:31+00:00","author":"Orator","twitter_misc":{"Verfasst von":"Orator","Gesch\u00e4tzte Lesezeit":"1\u00a0Minute"},"schema":{"@context":"https:\/\/schema.org","@graph":[{"@type":"Article","@id":"https:\/\/www.inkultura-online.de\/politisch_unkorrekt\/so-rekrutieren-die-gruenen-den-nachwuchs\/#article","isPartOf":{"@id":"https:\/\/www.inkultura-online.de\/politisch_unkorrekt\/so-rekrutieren-die-gruenen-den-nachwuchs\/"},"author":{"name":"Orator","@id":"https:\/\/www.inkultura-online.de\/politisch_unkorrekt\/#\/schema\/person\/5b30b80e385478896a1de221e1994d86"},"headline":"So rekrutieren die Gr\u00fcnen den Nachwuchs","datePublished":"2019-03-02T09:10:31+00:00","mainEntityOfPage":{"@id":"https:\/\/www.inkultura-online.de\/politisch_unkorrekt\/so-rekrutieren-die-gruenen-den-nachwuchs\/"},"wordCount":159,"publisher":{"@id":"https:\/\/www.inkultura-online.de\/politisch_unkorrekt\/#\/schema\/person\/5b30b80e385478896a1de221e1994d86"},"keywords":["Gr\u00fcne Bildungspolitik","Parteinachwuchs"],"articleSection":["Fundst\u00fccke"],"inLanguage":"de"},{"@type":"WebPage","@id":"https:\/\/www.inkultura-online.de\/politisch_unkorrekt\/so-rekrutieren-die-gruenen-den-nachwuchs\/","url":"https:\/\/www.inkultura-online.de\/politisch_unkorrekt\/so-rekrutieren-die-gruenen-den-nachwuchs\/","name":"So rekrutieren die Gr\u00fcnen den Nachwuchs - Zeitgeist? Frei!","isPartOf":{"@id":"https:\/\/www.inkultura-online.de\/politisch_unkorrekt\/#website"},"datePublished":"2019-03-02T09:10:31+00:00","breadcrumb":{"@id":"https:\/\/www.inkultura-online.de\/politisch_unkorrekt\/so-rekrutieren-die-gruenen-den-nachwuchs\/#breadcrumb"},"inLanguage":"de","potentialAction":[{"@type":"ReadAction","target":["https:\/\/www.inkultura-online.de\/politisch_unkorrekt\/so-rekrutieren-die-gruenen-den-nachwuchs\/"]}]},{"@type":"BreadcrumbList","@id":"https:\/\/www.inkultura-online.de\/politisch_unkorrekt\/so-rekrutieren-die-gruenen-den-nachwuchs\/#breadcrumb","itemListElement":[{"@type":"ListItem","position":1,"name":"Home","item":"https:\/\/www.inkultura-online.de\/politisch_unkorrekt\/"},{"@type":"ListItem","position":2,"name":"So rekrutieren die Gr\u00fcnen den Nachwuchs"}]},{"@type":"WebSite","@id":"https:\/\/www.inkultura-online.de\/politisch_unkorrekt\/#website","url":"https:\/\/www.inkultura-online.de\/politisch_unkorrekt\/","name":"Zeitgeist? Frei!","description":"Was Ihr den Geist der Zeiten hei\u00dft...","publisher":{"@id":"https:\/\/www.inkultura-online.de\/politisch_unkorrekt\/#\/schema\/person\/5b30b80e385478896a1de221e1994d86"},"potentialAction":[{"@type":"SearchAction","target":{"@type":"EntryPoint","urlTemplate":"https:\/\/www.inkultura-online.de\/politisch_unkorrekt\/?s={search_term_string}"},"query-input":{"@type":"PropertyValueSpecification","valueRequired":true,"valueName":"search_term_string"}}],"inLanguage":"de"},{"@type":["Person","Organization"],"@id":"https:\/\/www.inkultura-online.de\/politisch_unkorrekt\/#\/schema\/person\/5b30b80e385478896a1de221e1994d86","name":"Orator","image":{"@type":"ImageObject","inLanguage":"de","@id":"https:\/\/secure.gravatar.com\/avatar\/96e03166d31716e9c437060430eb7605c45a8ce6fb6dab483637ca6915dd0844?s=96&d=mm&r=g","url":"https:\/\/secure.gravatar.com\/avatar\/96e03166d31716e9c437060430eb7605c45a8ce6fb6dab483637ca6915dd0844?s=96&d=mm&r=g","contentUrl":"https:\/\/secure.gravatar.com\/avatar\/96e03166d31716e9c437060430eb7605c45a8ce6fb6dab483637ca6915dd0844?s=96&d=mm&r=g","caption":"Orator"},"logo":{"@id":"https:\/\/secure.gravatar.com\/avatar\/96e03166d31716e9c437060430eb7605c45a8ce6fb6dab483637ca6915dd0844?s=96&d=mm&r=g"},"url":"https:\/\/www.inkultura-online.de\/politisch_unkorrekt\/author\/1korrektor21-2\/"}]}},"_links":{"self":[{"href":"https:\/\/www.inkultura-online.de\/politisch_unkorrekt\/wp-json\/wp\/v2\/posts\/1909","targetHints":{"allow":["GET"]}}],"collection":[{"href":"https:\/\/www.inkultura-online.de\/politisch_unkorrekt\/wp-json\/wp\/v2\/posts"}],"about":[{"href":"https:\/\/www.inkultura-online.de\/politisch_unkorrekt\/wp-json\/wp\/v2\/types\/post"}],"author":[{"embeddable":true,"href":"https:\/\/www.inkultura-online.de\/politisch_unkorrekt\/wp-json\/wp\/v2\/users\/1"}],"replies":[{"embeddable":true,"href":"https:\/\/www.inkultura-online.de\/politisch_unkorrekt\/wp-json\/wp\/v2\/comments?post=1909"}],"version-history":[{"count":1,"href":"https:\/\/www.inkultura-online.de\/politisch_unkorrekt\/wp-json\/wp\/v2\/posts\/1909\/revisions"}],"predecessor-version":[{"id":1910,"href":"https:\/\/www.inkultura-online.de\/politisch_unkorrekt\/wp-json\/wp\/v2\/posts\/1909\/revisions\/1910"}],"wp:attachment":[{"href":"https:\/\/www.inkultura-online.de\/politisch_unkorrekt\/wp-json\/wp\/v2\/media?parent=1909"}],"wp:term":[{"taxonomy":"category","embeddable":true,"href":"https:\/\/www.inkultura-online.de\/politisch_unkorrekt\/wp-json\/wp\/v2\/categories?post=1909"},{"taxonomy":"post_tag","embeddable":true,"href":"https:\/\/www.inkultura-online.de\/politisch_unkorrekt\/wp-json\/wp\/v2\/tags?post=1909"}],"curies":[{"name":"wp","href":"https:\/\/api.w.org\/{rel}","templated":true}]}}