{"id":1914,"date":"2019-03-08T12:23:30","date_gmt":"2019-03-08T10:23:30","guid":{"rendered":"http:\/\/www.inkultura-online.de\/politisch_unkorrekt\/?p=1914"},"modified":"2019-03-08T12:23:30","modified_gmt":"2019-03-08T10:23:30","slug":"unten-eng-und-oben-hohl","status":"publish","type":"post","link":"https:\/\/www.inkultura-online.de\/politisch_unkorrekt\/unten-eng-und-oben-hohl\/","title":{"rendered":"Unten eng und oben hohl"},"content":{"rendered":"<p>Die Klimahysterie treibt seltsame Bl\u00fcten und garantiert den Akteuren in diesem Zirkus zumindest Warhols ber\u00fchmte 15 Minuten Aufmerksamkeit. Eine dieser Wortartistinnen ist die Lehrerin und aktive Feministin Verena Brunschweiger, die einen weiteren Vorschlag zur Reduzierung der CO2-Belastung des Planeten macht. Einfach keine Kinder mehr in die Welt setzen, denn jedes nicht geborene Kind erspart 50 Tonnen dieses \u201eKlimakillers\u201c. <a href=\"https:\/\/www.krone.at\/1876496\" target=\"_blank\" rel=\"noopener noreferrer\">\u201eEin Kind ist das Schlimmste, was man der Umwelt antun kann\u201c<\/a>, so die, nennen wir sie einfach, gro\u00dfe Greta.<!--more--><\/p>\n<p>Ein ganzes Buch hat die Holde \u00fcber ihren Rettungsvorschlag geschrieben, der, h\u00f6rt sich komisch an, gibt es aber anscheinend wirklich, das Motto einer \u201eAntinatalismus-Bewegung\u201c ist, die aus ethischen Gr\u00fcnden auf das Geb\u00e4ren verzichten will. Nun kommt dem aufmerksamen Beobachter des politischen Zeitgeists postwendend eine, h\u00f6chstwahrscheinlich krude Idee. Die Forderung keine Kinder mehr in die Welt zu setzen, d\u00fcrfte sich ausschlie\u00dflich auf die des wei\u00dfen Mannes beziehen, der, zumindest in seinen \u00e4lteren Ausgaben, bereits weitere erwachsene wei\u00dfe M\u00e4nner (und Frauen), also noch mehr Klimakiller, in die Welt gesetzt hat.<\/p>\n<p>Vielleicht sollte die gute Frau Brunschweiger mit ihrer These eine Welttournee starten, die auch in Pakistan, Indien, im Nahen und Mittleren Osten, in Afrika und anderen geburtenstarken L\u00e4ndern (<a href=\"https:\/\/www.laenderdaten.de\/bevoelkerung\/geburtenrate.aspx\" target=\"_blank\" rel=\"noopener noreferrer\">siehe diese Tabelle<\/a>) gastiert. Jede Wette, in den ersten zwanzig aufgef\u00fchrten Staaten d\u00fcrfte die Maid mit getrockneter Kuhschei\u00dfe, wenn nicht sogar h\u00e4rterem, beworfen werden. Der beste und zudem schnell zu realisierende Vorschlag scheint dem aufmerksamen Beobachter allerdings der zu sein, Frau B. zu einer geregelten Selbstentleibung aufzufordern. Das erspart dem genervten B\u00fcrger geistlose Vorschl\u00e4ge und hilft, da Frau B. als Erwachsene mehr als 50 Tonnen Klimakiller produziert, das Klima zu retten.<\/p>\n<p>Herr, lass Hirn vom Himmel fallen!<\/p>\n","protected":false},"excerpt":{"rendered":"<p>Die Klimahysterie treibt seltsame Bl\u00fcten und garantiert den Akteuren in diesem Zirkus zumindest Warhols ber\u00fchmte 15 Minuten Aufmerksamkeit. Eine dieser Wortartistinnen ist die Lehrerin und aktive Feministin Verena Brunschweiger, die einen weiteren Vorschlag zur Reduzierung der CO2-Belastung des Planeten macht. &hellip; <a href=\"https:\/\/www.inkultura-online.de\/politisch_unkorrekt\/unten-eng-und-oben-hohl\/\">Weiterlesen <span class=\"meta-nav\">&rarr;<\/span><\/a><\/p>\n","protected":false},"author":1,"featured_media":0,"comment_status":"closed","ping_status":"closed","sticky":false,"template":"","format":"standard","meta":{"footnotes":""},"categories":[3,1],"tags":[1189],"class_list":["post-1914","post","type-post","status-publish","format-standard","hentry","category-die-duemmsten-sprueche-der-woche","category-fundstuecke","tag-nichtgebaeren-zur-klimarettung"],"yoast_head":"<!-- This site is optimized with the Yoast SEO plugin v27.5 - https:\/\/yoast.com\/product\/yoast-seo-wordpress\/ -->\n<title>Unten eng und oben hohl - Zeitgeist? Frei!<\/title>\n<meta name=\"robots\" content=\"index, follow, max-snippet:-1, max-image-preview:large, max-video-preview:-1\" \/>\n<link rel=\"canonical\" href=\"https:\/\/www.inkultura-online.de\/politisch_unkorrekt\/unten-eng-und-oben-hohl\/\" \/>\n<meta property=\"og:locale\" content=\"de_DE\" \/>\n<meta property=\"og:type\" content=\"article\" \/>\n<meta property=\"og:title\" content=\"Unten eng und oben hohl - Zeitgeist? Frei!\" \/>\n<meta property=\"og:description\" content=\"Die Klimahysterie treibt seltsame Bl\u00fcten und garantiert den Akteuren in diesem Zirkus zumindest Warhols ber\u00fchmte 15 Minuten Aufmerksamkeit. Eine dieser Wortartistinnen ist die Lehrerin und aktive Feministin Verena Brunschweiger, die einen weiteren Vorschlag zur Reduzierung der CO2-Belastung des Planeten macht. &hellip; Weiterlesen &rarr;\" \/>\n<meta property=\"og:url\" content=\"https:\/\/www.inkultura-online.de\/politisch_unkorrekt\/unten-eng-und-oben-hohl\/\" \/>\n<meta property=\"og:site_name\" content=\"Zeitgeist? Frei!\" \/>\n<meta property=\"article:published_time\" content=\"2019-03-08T10:23:30+00:00\" \/>\n<meta name=\"author\" content=\"Orator\" \/>\n<meta name=\"twitter:label1\" content=\"Verfasst von\" \/>\n\t<meta name=\"twitter:data1\" content=\"Orator\" \/>\n\t<meta name=\"twitter:label2\" content=\"Gesch\u00e4tzte Lesezeit\" \/>\n\t<meta name=\"twitter:data2\" content=\"1\u00a0Minute\" \/>\n<script type=\"application\/ld+json\" class=\"yoast-schema-graph\">{\"@context\":\"https:\\\/\\\/schema.org\",\"@graph\":[{\"@type\":\"Article\",\"@id\":\"https:\\\/\\\/www.inkultura-online.de\\\/politisch_unkorrekt\\\/unten-eng-und-oben-hohl\\\/#article\",\"isPartOf\":{\"@id\":\"https:\\\/\\\/www.inkultura-online.de\\\/politisch_unkorrekt\\\/unten-eng-und-oben-hohl\\\/\"},\"author\":{\"name\":\"Orator\",\"@id\":\"https:\\\/\\\/www.inkultura-online.de\\\/politisch_unkorrekt\\\/#\\\/schema\\\/person\\\/5b30b80e385478896a1de221e1994d86\"},\"headline\":\"Unten eng und oben hohl\",\"datePublished\":\"2019-03-08T10:23:30+00:00\",\"mainEntityOfPage\":{\"@id\":\"https:\\\/\\\/www.inkultura-online.de\\\/politisch_unkorrekt\\\/unten-eng-und-oben-hohl\\\/\"},\"wordCount\":292,\"publisher\":{\"@id\":\"https:\\\/\\\/www.inkultura-online.de\\\/politisch_unkorrekt\\\/#\\\/schema\\\/person\\\/5b30b80e385478896a1de221e1994d86\"},\"keywords\":[\"Nichtgeb\u00e4ren zur Klimarettung\"],\"articleSection\":[\"Die d\u00fcmmsten Spr\u00fcche der Woche\",\"Fundst\u00fccke\"],\"inLanguage\":\"de\"},{\"@type\":\"WebPage\",\"@id\":\"https:\\\/\\\/www.inkultura-online.de\\\/politisch_unkorrekt\\\/unten-eng-und-oben-hohl\\\/\",\"url\":\"https:\\\/\\\/www.inkultura-online.de\\\/politisch_unkorrekt\\\/unten-eng-und-oben-hohl\\\/\",\"name\":\"Unten eng und oben hohl - Zeitgeist? Frei!\",\"isPartOf\":{\"@id\":\"https:\\\/\\\/www.inkultura-online.de\\\/politisch_unkorrekt\\\/#website\"},\"datePublished\":\"2019-03-08T10:23:30+00:00\",\"breadcrumb\":{\"@id\":\"https:\\\/\\\/www.inkultura-online.de\\\/politisch_unkorrekt\\\/unten-eng-und-oben-hohl\\\/#breadcrumb\"},\"inLanguage\":\"de\",\"potentialAction\":[{\"@type\":\"ReadAction\",\"target\":[\"https:\\\/\\\/www.inkultura-online.de\\\/politisch_unkorrekt\\\/unten-eng-und-oben-hohl\\\/\"]}]},{\"@type\":\"BreadcrumbList\",\"@id\":\"https:\\\/\\\/www.inkultura-online.de\\\/politisch_unkorrekt\\\/unten-eng-und-oben-hohl\\\/#breadcrumb\",\"itemListElement\":[{\"@type\":\"ListItem\",\"position\":1,\"name\":\"Home\",\"item\":\"https:\\\/\\\/www.inkultura-online.de\\\/politisch_unkorrekt\\\/\"},{\"@type\":\"ListItem\",\"position\":2,\"name\":\"Unten eng und oben hohl\"}]},{\"@type\":\"WebSite\",\"@id\":\"https:\\\/\\\/www.inkultura-online.de\\\/politisch_unkorrekt\\\/#website\",\"url\":\"https:\\\/\\\/www.inkultura-online.de\\\/politisch_unkorrekt\\\/\",\"name\":\"Zeitgeist? Frei!\",\"description\":\"Was Ihr den Geist der Zeiten hei\u00dft...\",\"publisher\":{\"@id\":\"https:\\\/\\\/www.inkultura-online.de\\\/politisch_unkorrekt\\\/#\\\/schema\\\/person\\\/5b30b80e385478896a1de221e1994d86\"},\"potentialAction\":[{\"@type\":\"SearchAction\",\"target\":{\"@type\":\"EntryPoint\",\"urlTemplate\":\"https:\\\/\\\/www.inkultura-online.de\\\/politisch_unkorrekt\\\/?s={search_term_string}\"},\"query-input\":{\"@type\":\"PropertyValueSpecification\",\"valueRequired\":true,\"valueName\":\"search_term_string\"}}],\"inLanguage\":\"de\"},{\"@type\":[\"Person\",\"Organization\"],\"@id\":\"https:\\\/\\\/www.inkultura-online.de\\\/politisch_unkorrekt\\\/#\\\/schema\\\/person\\\/5b30b80e385478896a1de221e1994d86\",\"name\":\"Orator\",\"image\":{\"@type\":\"ImageObject\",\"inLanguage\":\"de\",\"@id\":\"https:\\\/\\\/secure.gravatar.com\\\/avatar\\\/96e03166d31716e9c437060430eb7605c45a8ce6fb6dab483637ca6915dd0844?s=96&d=mm&r=g\",\"url\":\"https:\\\/\\\/secure.gravatar.com\\\/avatar\\\/96e03166d31716e9c437060430eb7605c45a8ce6fb6dab483637ca6915dd0844?s=96&d=mm&r=g\",\"contentUrl\":\"https:\\\/\\\/secure.gravatar.com\\\/avatar\\\/96e03166d31716e9c437060430eb7605c45a8ce6fb6dab483637ca6915dd0844?s=96&d=mm&r=g\",\"caption\":\"Orator\"},\"logo\":{\"@id\":\"https:\\\/\\\/secure.gravatar.com\\\/avatar\\\/96e03166d31716e9c437060430eb7605c45a8ce6fb6dab483637ca6915dd0844?s=96&d=mm&r=g\"},\"url\":\"https:\\\/\\\/www.inkultura-online.de\\\/politisch_unkorrekt\\\/author\\\/1korrektor21-2\\\/\"}]}<\/script>\n<!-- \/ Yoast SEO plugin. -->","yoast_head_json":{"title":"Unten eng und oben hohl - Zeitgeist? Frei!","robots":{"index":"index","follow":"follow","max-snippet":"max-snippet:-1","max-image-preview":"max-image-preview:large","max-video-preview":"max-video-preview:-1"},"canonical":"https:\/\/www.inkultura-online.de\/politisch_unkorrekt\/unten-eng-und-oben-hohl\/","og_locale":"de_DE","og_type":"article","og_title":"Unten eng und oben hohl - Zeitgeist? Frei!","og_description":"Die Klimahysterie treibt seltsame Bl\u00fcten und garantiert den Akteuren in diesem Zirkus zumindest Warhols ber\u00fchmte 15 Minuten Aufmerksamkeit. Eine dieser Wortartistinnen ist die Lehrerin und aktive Feministin Verena Brunschweiger, die einen weiteren Vorschlag zur Reduzierung der CO2-Belastung des Planeten macht. &hellip; Weiterlesen &rarr;","og_url":"https:\/\/www.inkultura-online.de\/politisch_unkorrekt\/unten-eng-und-oben-hohl\/","og_site_name":"Zeitgeist? Frei!","article_published_time":"2019-03-08T10:23:30+00:00","author":"Orator","twitter_misc":{"Verfasst von":"Orator","Gesch\u00e4tzte Lesezeit":"1\u00a0Minute"},"schema":{"@context":"https:\/\/schema.org","@graph":[{"@type":"Article","@id":"https:\/\/www.inkultura-online.de\/politisch_unkorrekt\/unten-eng-und-oben-hohl\/#article","isPartOf":{"@id":"https:\/\/www.inkultura-online.de\/politisch_unkorrekt\/unten-eng-und-oben-hohl\/"},"author":{"name":"Orator","@id":"https:\/\/www.inkultura-online.de\/politisch_unkorrekt\/#\/schema\/person\/5b30b80e385478896a1de221e1994d86"},"headline":"Unten eng und oben hohl","datePublished":"2019-03-08T10:23:30+00:00","mainEntityOfPage":{"@id":"https:\/\/www.inkultura-online.de\/politisch_unkorrekt\/unten-eng-und-oben-hohl\/"},"wordCount":292,"publisher":{"@id":"https:\/\/www.inkultura-online.de\/politisch_unkorrekt\/#\/schema\/person\/5b30b80e385478896a1de221e1994d86"},"keywords":["Nichtgeb\u00e4ren zur Klimarettung"],"articleSection":["Die d\u00fcmmsten Spr\u00fcche der Woche","Fundst\u00fccke"],"inLanguage":"de"},{"@type":"WebPage","@id":"https:\/\/www.inkultura-online.de\/politisch_unkorrekt\/unten-eng-und-oben-hohl\/","url":"https:\/\/www.inkultura-online.de\/politisch_unkorrekt\/unten-eng-und-oben-hohl\/","name":"Unten eng und oben hohl - Zeitgeist? Frei!","isPartOf":{"@id":"https:\/\/www.inkultura-online.de\/politisch_unkorrekt\/#website"},"datePublished":"2019-03-08T10:23:30+00:00","breadcrumb":{"@id":"https:\/\/www.inkultura-online.de\/politisch_unkorrekt\/unten-eng-und-oben-hohl\/#breadcrumb"},"inLanguage":"de","potentialAction":[{"@type":"ReadAction","target":["https:\/\/www.inkultura-online.de\/politisch_unkorrekt\/unten-eng-und-oben-hohl\/"]}]},{"@type":"BreadcrumbList","@id":"https:\/\/www.inkultura-online.de\/politisch_unkorrekt\/unten-eng-und-oben-hohl\/#breadcrumb","itemListElement":[{"@type":"ListItem","position":1,"name":"Home","item":"https:\/\/www.inkultura-online.de\/politisch_unkorrekt\/"},{"@type":"ListItem","position":2,"name":"Unten eng und oben hohl"}]},{"@type":"WebSite","@id":"https:\/\/www.inkultura-online.de\/politisch_unkorrekt\/#website","url":"https:\/\/www.inkultura-online.de\/politisch_unkorrekt\/","name":"Zeitgeist? Frei!","description":"Was Ihr den Geist der Zeiten hei\u00dft...","publisher":{"@id":"https:\/\/www.inkultura-online.de\/politisch_unkorrekt\/#\/schema\/person\/5b30b80e385478896a1de221e1994d86"},"potentialAction":[{"@type":"SearchAction","target":{"@type":"EntryPoint","urlTemplate":"https:\/\/www.inkultura-online.de\/politisch_unkorrekt\/?s={search_term_string}"},"query-input":{"@type":"PropertyValueSpecification","valueRequired":true,"valueName":"search_term_string"}}],"inLanguage":"de"},{"@type":["Person","Organization"],"@id":"https:\/\/www.inkultura-online.de\/politisch_unkorrekt\/#\/schema\/person\/5b30b80e385478896a1de221e1994d86","name":"Orator","image":{"@type":"ImageObject","inLanguage":"de","@id":"https:\/\/secure.gravatar.com\/avatar\/96e03166d31716e9c437060430eb7605c45a8ce6fb6dab483637ca6915dd0844?s=96&d=mm&r=g","url":"https:\/\/secure.gravatar.com\/avatar\/96e03166d31716e9c437060430eb7605c45a8ce6fb6dab483637ca6915dd0844?s=96&d=mm&r=g","contentUrl":"https:\/\/secure.gravatar.com\/avatar\/96e03166d31716e9c437060430eb7605c45a8ce6fb6dab483637ca6915dd0844?s=96&d=mm&r=g","caption":"Orator"},"logo":{"@id":"https:\/\/secure.gravatar.com\/avatar\/96e03166d31716e9c437060430eb7605c45a8ce6fb6dab483637ca6915dd0844?s=96&d=mm&r=g"},"url":"https:\/\/www.inkultura-online.de\/politisch_unkorrekt\/author\/1korrektor21-2\/"}]}},"_links":{"self":[{"href":"https:\/\/www.inkultura-online.de\/politisch_unkorrekt\/wp-json\/wp\/v2\/posts\/1914","targetHints":{"allow":["GET"]}}],"collection":[{"href":"https:\/\/www.inkultura-online.de\/politisch_unkorrekt\/wp-json\/wp\/v2\/posts"}],"about":[{"href":"https:\/\/www.inkultura-online.de\/politisch_unkorrekt\/wp-json\/wp\/v2\/types\/post"}],"author":[{"embeddable":true,"href":"https:\/\/www.inkultura-online.de\/politisch_unkorrekt\/wp-json\/wp\/v2\/users\/1"}],"replies":[{"embeddable":true,"href":"https:\/\/www.inkultura-online.de\/politisch_unkorrekt\/wp-json\/wp\/v2\/comments?post=1914"}],"version-history":[{"count":1,"href":"https:\/\/www.inkultura-online.de\/politisch_unkorrekt\/wp-json\/wp\/v2\/posts\/1914\/revisions"}],"predecessor-version":[{"id":1915,"href":"https:\/\/www.inkultura-online.de\/politisch_unkorrekt\/wp-json\/wp\/v2\/posts\/1914\/revisions\/1915"}],"wp:attachment":[{"href":"https:\/\/www.inkultura-online.de\/politisch_unkorrekt\/wp-json\/wp\/v2\/media?parent=1914"}],"wp:term":[{"taxonomy":"category","embeddable":true,"href":"https:\/\/www.inkultura-online.de\/politisch_unkorrekt\/wp-json\/wp\/v2\/categories?post=1914"},{"taxonomy":"post_tag","embeddable":true,"href":"https:\/\/www.inkultura-online.de\/politisch_unkorrekt\/wp-json\/wp\/v2\/tags?post=1914"}],"curies":[{"name":"wp","href":"https:\/\/api.w.org\/{rel}","templated":true}]}}