{"id":1920,"date":"2019-03-20T17:37:49","date_gmt":"2019-03-20T15:37:49","guid":{"rendered":"http:\/\/www.inkultura-online.de\/politisch_unkorrekt\/?p=1920"},"modified":"2019-03-20T18:07:45","modified_gmt":"2019-03-20T16:07:45","slug":"kge-und-die-prophetin","status":"publish","type":"post","link":"https:\/\/www.inkultura-online.de\/politisch_unkorrekt\/kge-und-die-prophetin\/","title":{"rendered":"KGE und die Prophetin"},"content":{"rendered":"<p>Wer noch daran gezweifelt hat, dass der sog. Klimaschutz die neue globale Religion darstellt, dem beweist die gr\u00fcne Oberbetschwester Katrin G\u00f6ring-Eckardt exakt das Gegenteil. Nachdem die Holde bereits die zwar nicht vom Himmel gefallenen, nichtsdestotrotz jedoch in unser Land eingefallenen Fake-Syrer als \u201eMenschengeschenke\u201c bezeichnet hat, setzt die Gute jetzt noch einen drauf und erkl\u00e4rt Klima-Greta zur modernen Prophetin, die, so KGE, dem Propheten Amos \u00e4hnelt, der im achten Jahrhundert vor Christus im Nordreich Israel die existierenden sozialen Missst\u00e4nde seiner Zeit und die Nichtbefolgung der Gebote Gottes anprangerte. Du meine G\u00fcte, wird jetzt etwa auch die Gr\u00f6KaZ, immerhin seit 2015 die Mutter aller Menschengeschenke, bereits zu Lebzeiten von den Gr\u00fcnen heiliggesprochen?<\/p>\n<p>Passt alles haargenau in die gr\u00fcne Ersatzreligion. Endlich mal eine Prophetin \u2013 wie alle ihre m\u00e4nnlichen Kollegen hat auch Greta einen an der Waffel -, endlich werden gr\u00fcne Maschinenst\u00fcrmertr\u00e4ume war und endlich zeigen die Gr\u00fcnen ihr wahres Gesicht: von nichts eine Ahnung, aber zu allem eine Meinung. Dass diese Partei, schenkt man den Medien Glauben, gro\u00dfe Teile des sich links und gut gebenden Establishments hinter sich wei\u00df, l\u00e4sst auf den desolaten Zustand unserer Gesellschaft schlie\u00dfen. Die Bildungskatastrophe gebiert politische und soziale Monster.<\/p>\n<p>Apropos Bildungskatastrophe und Klimaschutz: <a href=\"https:\/\/www.eike-klima-energie.eu\/2019\/03\/18\/friday-for-future-schueler-antworten-ein-erlebnisbericht-vom-15-03-19\/\" target=\"_blank\" rel=\"noopener noreferrer\">hier<\/a> selten so gelacht<\/p>\n","protected":false},"excerpt":{"rendered":"<p>Wer noch daran gezweifelt hat, dass der sog. Klimaschutz die neue globale Religion darstellt, dem beweist die gr\u00fcne Oberbetschwester Katrin G\u00f6ring-Eckardt exakt das Gegenteil. Nachdem die Holde bereits die zwar nicht vom Himmel gefallenen, nichtsdestotrotz jedoch in unser Land eingefallenen &hellip; <a href=\"https:\/\/www.inkultura-online.de\/politisch_unkorrekt\/kge-und-die-prophetin\/\">Weiterlesen <span class=\"meta-nav\">&rarr;<\/span><\/a><\/p>\n","protected":false},"author":1,"featured_media":0,"comment_status":"closed","ping_status":"closed","sticky":false,"template":"","format":"standard","meta":{"footnotes":""},"categories":[2,3,444],"tags":[240,1166,1192,1175],"class_list":["post-1920","post","type-post","status-publish","format-standard","hentry","category-antipathie","category-die-duemmsten-sprueche-der-woche","category-gedanken-zum-tag","tag-ersatzreligion","tag-greta-thunberg","tag-katrin-goering-eckardt","tag-klimaschutz"],"yoast_head":"<!-- This site is optimized with the Yoast SEO plugin v27.5 - https:\/\/yoast.com\/product\/yoast-seo-wordpress\/ -->\n<title>KGE und die Prophetin - Zeitgeist? Frei!<\/title>\n<meta name=\"description\" content=\"G\u00f6ring-Eckardt\" \/>\n<meta name=\"robots\" content=\"index, follow, max-snippet:-1, max-image-preview:large, max-video-preview:-1\" \/>\n<link rel=\"canonical\" href=\"https:\/\/www.inkultura-online.de\/politisch_unkorrekt\/kge-und-die-prophetin\/\" \/>\n<meta property=\"og:locale\" content=\"de_DE\" \/>\n<meta property=\"og:type\" content=\"article\" \/>\n<meta property=\"og:title\" content=\"KGE und die Prophetin - Zeitgeist? Frei!\" \/>\n<meta property=\"og:description\" content=\"G\u00f6ring-Eckardt\" \/>\n<meta property=\"og:url\" content=\"https:\/\/www.inkultura-online.de\/politisch_unkorrekt\/kge-und-die-prophetin\/\" \/>\n<meta property=\"og:site_name\" content=\"Zeitgeist? Frei!\" \/>\n<meta property=\"article:published_time\" content=\"2019-03-20T15:37:49+00:00\" \/>\n<meta property=\"article:modified_time\" content=\"2019-03-20T16:07:45+00:00\" \/>\n<meta name=\"author\" content=\"Orator\" \/>\n<meta name=\"twitter:label1\" content=\"Verfasst von\" \/>\n\t<meta name=\"twitter:data1\" content=\"Orator\" \/>\n\t<meta name=\"twitter:label2\" content=\"Gesch\u00e4tzte Lesezeit\" \/>\n\t<meta name=\"twitter:data2\" content=\"1\u00a0Minute\" \/>\n<script type=\"application\/ld+json\" class=\"yoast-schema-graph\">{\"@context\":\"https:\\\/\\\/schema.org\",\"@graph\":[{\"@type\":\"Article\",\"@id\":\"https:\\\/\\\/www.inkultura-online.de\\\/politisch_unkorrekt\\\/kge-und-die-prophetin\\\/#article\",\"isPartOf\":{\"@id\":\"https:\\\/\\\/www.inkultura-online.de\\\/politisch_unkorrekt\\\/kge-und-die-prophetin\\\/\"},\"author\":{\"name\":\"Orator\",\"@id\":\"https:\\\/\\\/www.inkultura-online.de\\\/politisch_unkorrekt\\\/#\\\/schema\\\/person\\\/5b30b80e385478896a1de221e1994d86\"},\"headline\":\"KGE und die Prophetin\",\"datePublished\":\"2019-03-20T15:37:49+00:00\",\"dateModified\":\"2019-03-20T16:07:45+00:00\",\"mainEntityOfPage\":{\"@id\":\"https:\\\/\\\/www.inkultura-online.de\\\/politisch_unkorrekt\\\/kge-und-die-prophetin\\\/\"},\"wordCount\":218,\"publisher\":{\"@id\":\"https:\\\/\\\/www.inkultura-online.de\\\/politisch_unkorrekt\\\/#\\\/schema\\\/person\\\/5b30b80e385478896a1de221e1994d86\"},\"keywords\":[\"Ersatzreligion\",\"Greta Thunberg\",\"Katrin G\u00f6ring-Eckardt\",\"Klimaschutz\"],\"articleSection\":[\"Antipathie\",\"Die d\u00fcmmsten Spr\u00fcche der Woche\",\"Gedanken zum Tag\"],\"inLanguage\":\"de\"},{\"@type\":\"WebPage\",\"@id\":\"https:\\\/\\\/www.inkultura-online.de\\\/politisch_unkorrekt\\\/kge-und-die-prophetin\\\/\",\"url\":\"https:\\\/\\\/www.inkultura-online.de\\\/politisch_unkorrekt\\\/kge-und-die-prophetin\\\/\",\"name\":\"KGE und die Prophetin - Zeitgeist? Frei!\",\"isPartOf\":{\"@id\":\"https:\\\/\\\/www.inkultura-online.de\\\/politisch_unkorrekt\\\/#website\"},\"datePublished\":\"2019-03-20T15:37:49+00:00\",\"dateModified\":\"2019-03-20T16:07:45+00:00\",\"description\":\"G\u00f6ring-Eckardt\",\"breadcrumb\":{\"@id\":\"https:\\\/\\\/www.inkultura-online.de\\\/politisch_unkorrekt\\\/kge-und-die-prophetin\\\/#breadcrumb\"},\"inLanguage\":\"de\",\"potentialAction\":[{\"@type\":\"ReadAction\",\"target\":[\"https:\\\/\\\/www.inkultura-online.de\\\/politisch_unkorrekt\\\/kge-und-die-prophetin\\\/\"]}]},{\"@type\":\"BreadcrumbList\",\"@id\":\"https:\\\/\\\/www.inkultura-online.de\\\/politisch_unkorrekt\\\/kge-und-die-prophetin\\\/#breadcrumb\",\"itemListElement\":[{\"@type\":\"ListItem\",\"position\":1,\"name\":\"Home\",\"item\":\"https:\\\/\\\/www.inkultura-online.de\\\/politisch_unkorrekt\\\/\"},{\"@type\":\"ListItem\",\"position\":2,\"name\":\"KGE und die Prophetin\"}]},{\"@type\":\"WebSite\",\"@id\":\"https:\\\/\\\/www.inkultura-online.de\\\/politisch_unkorrekt\\\/#website\",\"url\":\"https:\\\/\\\/www.inkultura-online.de\\\/politisch_unkorrekt\\\/\",\"name\":\"Zeitgeist? Frei!\",\"description\":\"Was Ihr den Geist der Zeiten hei\u00dft...\",\"publisher\":{\"@id\":\"https:\\\/\\\/www.inkultura-online.de\\\/politisch_unkorrekt\\\/#\\\/schema\\\/person\\\/5b30b80e385478896a1de221e1994d86\"},\"potentialAction\":[{\"@type\":\"SearchAction\",\"target\":{\"@type\":\"EntryPoint\",\"urlTemplate\":\"https:\\\/\\\/www.inkultura-online.de\\\/politisch_unkorrekt\\\/?s={search_term_string}\"},\"query-input\":{\"@type\":\"PropertyValueSpecification\",\"valueRequired\":true,\"valueName\":\"search_term_string\"}}],\"inLanguage\":\"de\"},{\"@type\":[\"Person\",\"Organization\"],\"@id\":\"https:\\\/\\\/www.inkultura-online.de\\\/politisch_unkorrekt\\\/#\\\/schema\\\/person\\\/5b30b80e385478896a1de221e1994d86\",\"name\":\"Orator\",\"image\":{\"@type\":\"ImageObject\",\"inLanguage\":\"de\",\"@id\":\"https:\\\/\\\/secure.gravatar.com\\\/avatar\\\/96e03166d31716e9c437060430eb7605c45a8ce6fb6dab483637ca6915dd0844?s=96&d=mm&r=g\",\"url\":\"https:\\\/\\\/secure.gravatar.com\\\/avatar\\\/96e03166d31716e9c437060430eb7605c45a8ce6fb6dab483637ca6915dd0844?s=96&d=mm&r=g\",\"contentUrl\":\"https:\\\/\\\/secure.gravatar.com\\\/avatar\\\/96e03166d31716e9c437060430eb7605c45a8ce6fb6dab483637ca6915dd0844?s=96&d=mm&r=g\",\"caption\":\"Orator\"},\"logo\":{\"@id\":\"https:\\\/\\\/secure.gravatar.com\\\/avatar\\\/96e03166d31716e9c437060430eb7605c45a8ce6fb6dab483637ca6915dd0844?s=96&d=mm&r=g\"},\"url\":\"https:\\\/\\\/www.inkultura-online.de\\\/politisch_unkorrekt\\\/author\\\/1korrektor21-2\\\/\"}]}<\/script>\n<!-- \/ Yoast SEO plugin. -->","yoast_head_json":{"title":"KGE und die Prophetin - Zeitgeist? Frei!","description":"G\u00f6ring-Eckardt","robots":{"index":"index","follow":"follow","max-snippet":"max-snippet:-1","max-image-preview":"max-image-preview:large","max-video-preview":"max-video-preview:-1"},"canonical":"https:\/\/www.inkultura-online.de\/politisch_unkorrekt\/kge-und-die-prophetin\/","og_locale":"de_DE","og_type":"article","og_title":"KGE und die Prophetin - Zeitgeist? Frei!","og_description":"G\u00f6ring-Eckardt","og_url":"https:\/\/www.inkultura-online.de\/politisch_unkorrekt\/kge-und-die-prophetin\/","og_site_name":"Zeitgeist? Frei!","article_published_time":"2019-03-20T15:37:49+00:00","article_modified_time":"2019-03-20T16:07:45+00:00","author":"Orator","twitter_misc":{"Verfasst von":"Orator","Gesch\u00e4tzte Lesezeit":"1\u00a0Minute"},"schema":{"@context":"https:\/\/schema.org","@graph":[{"@type":"Article","@id":"https:\/\/www.inkultura-online.de\/politisch_unkorrekt\/kge-und-die-prophetin\/#article","isPartOf":{"@id":"https:\/\/www.inkultura-online.de\/politisch_unkorrekt\/kge-und-die-prophetin\/"},"author":{"name":"Orator","@id":"https:\/\/www.inkultura-online.de\/politisch_unkorrekt\/#\/schema\/person\/5b30b80e385478896a1de221e1994d86"},"headline":"KGE und die Prophetin","datePublished":"2019-03-20T15:37:49+00:00","dateModified":"2019-03-20T16:07:45+00:00","mainEntityOfPage":{"@id":"https:\/\/www.inkultura-online.de\/politisch_unkorrekt\/kge-und-die-prophetin\/"},"wordCount":218,"publisher":{"@id":"https:\/\/www.inkultura-online.de\/politisch_unkorrekt\/#\/schema\/person\/5b30b80e385478896a1de221e1994d86"},"keywords":["Ersatzreligion","Greta Thunberg","Katrin G\u00f6ring-Eckardt","Klimaschutz"],"articleSection":["Antipathie","Die d\u00fcmmsten Spr\u00fcche der Woche","Gedanken zum Tag"],"inLanguage":"de"},{"@type":"WebPage","@id":"https:\/\/www.inkultura-online.de\/politisch_unkorrekt\/kge-und-die-prophetin\/","url":"https:\/\/www.inkultura-online.de\/politisch_unkorrekt\/kge-und-die-prophetin\/","name":"KGE und die Prophetin - Zeitgeist? Frei!","isPartOf":{"@id":"https:\/\/www.inkultura-online.de\/politisch_unkorrekt\/#website"},"datePublished":"2019-03-20T15:37:49+00:00","dateModified":"2019-03-20T16:07:45+00:00","description":"G\u00f6ring-Eckardt","breadcrumb":{"@id":"https:\/\/www.inkultura-online.de\/politisch_unkorrekt\/kge-und-die-prophetin\/#breadcrumb"},"inLanguage":"de","potentialAction":[{"@type":"ReadAction","target":["https:\/\/www.inkultura-online.de\/politisch_unkorrekt\/kge-und-die-prophetin\/"]}]},{"@type":"BreadcrumbList","@id":"https:\/\/www.inkultura-online.de\/politisch_unkorrekt\/kge-und-die-prophetin\/#breadcrumb","itemListElement":[{"@type":"ListItem","position":1,"name":"Home","item":"https:\/\/www.inkultura-online.de\/politisch_unkorrekt\/"},{"@type":"ListItem","position":2,"name":"KGE und die Prophetin"}]},{"@type":"WebSite","@id":"https:\/\/www.inkultura-online.de\/politisch_unkorrekt\/#website","url":"https:\/\/www.inkultura-online.de\/politisch_unkorrekt\/","name":"Zeitgeist? Frei!","description":"Was Ihr den Geist der Zeiten hei\u00dft...","publisher":{"@id":"https:\/\/www.inkultura-online.de\/politisch_unkorrekt\/#\/schema\/person\/5b30b80e385478896a1de221e1994d86"},"potentialAction":[{"@type":"SearchAction","target":{"@type":"EntryPoint","urlTemplate":"https:\/\/www.inkultura-online.de\/politisch_unkorrekt\/?s={search_term_string}"},"query-input":{"@type":"PropertyValueSpecification","valueRequired":true,"valueName":"search_term_string"}}],"inLanguage":"de"},{"@type":["Person","Organization"],"@id":"https:\/\/www.inkultura-online.de\/politisch_unkorrekt\/#\/schema\/person\/5b30b80e385478896a1de221e1994d86","name":"Orator","image":{"@type":"ImageObject","inLanguage":"de","@id":"https:\/\/secure.gravatar.com\/avatar\/96e03166d31716e9c437060430eb7605c45a8ce6fb6dab483637ca6915dd0844?s=96&d=mm&r=g","url":"https:\/\/secure.gravatar.com\/avatar\/96e03166d31716e9c437060430eb7605c45a8ce6fb6dab483637ca6915dd0844?s=96&d=mm&r=g","contentUrl":"https:\/\/secure.gravatar.com\/avatar\/96e03166d31716e9c437060430eb7605c45a8ce6fb6dab483637ca6915dd0844?s=96&d=mm&r=g","caption":"Orator"},"logo":{"@id":"https:\/\/secure.gravatar.com\/avatar\/96e03166d31716e9c437060430eb7605c45a8ce6fb6dab483637ca6915dd0844?s=96&d=mm&r=g"},"url":"https:\/\/www.inkultura-online.de\/politisch_unkorrekt\/author\/1korrektor21-2\/"}]}},"_links":{"self":[{"href":"https:\/\/www.inkultura-online.de\/politisch_unkorrekt\/wp-json\/wp\/v2\/posts\/1920","targetHints":{"allow":["GET"]}}],"collection":[{"href":"https:\/\/www.inkultura-online.de\/politisch_unkorrekt\/wp-json\/wp\/v2\/posts"}],"about":[{"href":"https:\/\/www.inkultura-online.de\/politisch_unkorrekt\/wp-json\/wp\/v2\/types\/post"}],"author":[{"embeddable":true,"href":"https:\/\/www.inkultura-online.de\/politisch_unkorrekt\/wp-json\/wp\/v2\/users\/1"}],"replies":[{"embeddable":true,"href":"https:\/\/www.inkultura-online.de\/politisch_unkorrekt\/wp-json\/wp\/v2\/comments?post=1920"}],"version-history":[{"count":3,"href":"https:\/\/www.inkultura-online.de\/politisch_unkorrekt\/wp-json\/wp\/v2\/posts\/1920\/revisions"}],"predecessor-version":[{"id":1923,"href":"https:\/\/www.inkultura-online.de\/politisch_unkorrekt\/wp-json\/wp\/v2\/posts\/1920\/revisions\/1923"}],"wp:attachment":[{"href":"https:\/\/www.inkultura-online.de\/politisch_unkorrekt\/wp-json\/wp\/v2\/media?parent=1920"}],"wp:term":[{"taxonomy":"category","embeddable":true,"href":"https:\/\/www.inkultura-online.de\/politisch_unkorrekt\/wp-json\/wp\/v2\/categories?post=1920"},{"taxonomy":"post_tag","embeddable":true,"href":"https:\/\/www.inkultura-online.de\/politisch_unkorrekt\/wp-json\/wp\/v2\/tags?post=1920"}],"curies":[{"name":"wp","href":"https:\/\/api.w.org\/{rel}","templated":true}]}}