{"id":1924,"date":"2019-03-23T10:47:57","date_gmt":"2019-03-23T08:47:57","guid":{"rendered":"http:\/\/www.inkultura-online.de\/politisch_unkorrekt\/?p=1924"},"modified":"2019-03-23T10:48:49","modified_gmt":"2019-03-23T08:48:49","slug":"die-zeichen-des-kommenden-buergerkriegs","status":"publish","type":"post","link":"https:\/\/www.inkultura-online.de\/politisch_unkorrekt\/die-zeichen-des-kommenden-buergerkriegs\/","title":{"rendered":"Die Zeichen des kommenden B\u00fcrgerkriegs"},"content":{"rendered":"<p>Mitten in Berlin, auf dem Alexanderplatz, ohnehin ein polizeibekannter Ort robuster zwischenmenschlicher Konfliktl\u00f6sungen, trafen am Donnerstag dieser Woche zwei Gruppen aufeinander, die die linksrotgr\u00fcne Weltsicht wohl als, nat\u00fcrlich der Nichtintegrationswilligkeit der Autochthonen geschuldet, verzweifelte Hilfeschreie um Anerkennung und Respekt an die Adresse der Aufnahmegesellschaft hinsichtlich der dringend ben\u00f6tigten Fachkr\u00e4fte interpretieren d\u00fcrfte.<!--more--><\/p>\n<p>Ein Mob aus zuk\u00fcnftigen Rentensicherern, \u00c4rzten, Ingenieuren und Nobelpreistr\u00e4gern ging in einer Massenschl\u00e4gerei aufeinander los. Ein, so ein Berliner <a href=\"https:\/\/www.bz-berlin.de\/berlin\/mitte\/schlaegerei-am-brennpunkt-alexanderplatz-polizei-vor-ort\" target=\"_blank\" rel=\"noopener noreferrer\">Boulevardblatt<\/a>, \u201eYouTuber\u201c aus Stuttgart, der sich in sozialen Netzwerken \u201eThatsBekir\u201d nennt und mehr als 260.000 Abonnenten auf diesem Kanal hat, rief f\u00fcr Donnerstag um 17 Uhr in Berlin zu einem Treffen auf. Dessen Widersacher, \u201eBahar Al Amood\u201d, ebenfalls eine zweifelhafte YouTube-Gr\u00f6\u00dfe, soll ihn vorab davor gewarnt haben, die deutsche Hauptstadt zu betreten. Das Resultat: mehrere hundert Menschen beteiligten sich an, wie es die Polizei formulierte: \u201eK\u00f6rperlichen Auseinandersetzungen.\u201c<\/p>\n<p>Nun sind ja die Vertreter der Fraktion \u201ewir haben besonders die Nicht-Deutschen lieb\u201c in der Regel nie um Kommentare verlegen, gehen Hooligans, vorz\u00fcglich rechter Gesinnung, aufeinander los, doch diesmal schweigt auch ein zweifellos so wichtiger Politiker wie Anton Hofreiter, der hinsichtlich Recht und Gesetz seine eigene Meinung hat und z. B. die Frage nach der Schulpflicht bez\u00fcglich des kollektiven freit\u00e4glichen Schulschw\u00e4nzens als <a href=\"http:\/\/www.pi-news.net\/2019\/03\/herr-hofreiter-was-bedeutet-schulpflicht\/\" target=\"_blank\" rel=\"noopener noreferrer\">\u201einfantil\u201c<\/a> bezeichnet.<\/p>\n<p>Dabei ist offensichtlich, dass es sich bei Aktionen dieser Art um eine Vorstufe des B\u00fcrgerkriegs handelt, der, gesch\u00fcrt von den Volksverr\u00e4tern, Verzeihung, Volksvertretern, zunehmend Fahrt aufnimmt. Ghettos, Stadtviertel, in denen fast ausschlie\u00dflich arabisch gesprochen wird, in denen sog. Friedensrichter l\u00e4ngst die staatliche Rechtshoheit ausgehebelt haben und in die sich die Polizei, wenn \u00fcberhaupt, nur in Mannschaftsst\u00e4rke hineinwagt, sind nur einzelne Beispiele f\u00fcr die sich bildenden Konfliktlinien innerhalb Deutschlands.<\/p>\n<p>Seit Jahren hat es eine ideologisch verblendete Politkaste darauf angelegt, diese, wie sie von linksrotgr\u00fcnen Gesellschaftsingenieuren gern euphemisiert werden, Problemkieze, mit Sozialarbeitern, Streetworkern und sonstigen akademischen Randgruppen zu pampern, dabei jedoch stets das Primat von Recht und Gesetz zugunsten einer willkommenstechnischen Attit\u00fcde, die von den dort herrschenden Familienclans bestenfalls als Schw\u00e4che, in der Regel jedoch als Aufforderung zur einer weiteren Landnahme verstanden wird, au\u00dfer Kraft gesetzt.<\/p>\n<p>Noch, wie am Donnerstag, sind es vereinzelte Vorf\u00e4lle, die jedoch in eine Richtung weisen, die bei den Verantwortlichen die Alarmsignale schrillen lassen m\u00fcssten. Der \u00f6ffentliche Raum wird sukzessive zum Aufmarschgebiet von Gruppen, die archaisch-tribal organisiert sind und deren Fanatisierungspotenzial sich den naiven Vorstellungen der herrschenden Gutmenschen-Ideologie bez\u00fcglich gesellschaftlicher \u201eBuntheit\u201c auch nicht nur ansatzweise erschlie\u00dfen kann.<\/p>\n<p>Es ist nur eine Frage der Zeit, bis diese Gruppen \u2013 es sind nun einmal die, die ihre Religion f\u00fcr die einzig wahre halten \u2013 ihre innerreligi\u00f6sen Konflikte ebenfalls auf der Stra\u00dfe austragen werden. Der Kampf von Sunniten gegen Schiiten auf deutschem Boden d\u00fcrfte ein Horrorszenario f\u00fcr alle B\u00fcrger sein. Letztendlich allerdings wird der Krieg gegen die Autochthonen gef\u00fchrt werden, die lange Jahre so vermessen oder so naiv gewesen sind, daran zu glauben, dass ein paar Integrationskurse ausreichen w\u00fcrden, um aus archaisch gepr\u00e4gten Zuwanderern, f\u00fcr die das System Familie absolute G\u00fcltigkeit besitzt, musterg\u00fcltige, nach westlichen Werten lebende Staatsb\u00fcrger zu machen. Was haben wir wieder gelacht.<\/p>\n<p>Doch dieses Lachen wird uns, unseren Kindern und Enkeln schneller vergehen, als wir es uns derzeit vorstellen k\u00f6nnen. Die daf\u00fcr verantwortlichen Politiker, die, die diesen finalen Krieg inszeniert und gef\u00f6rdert haben, d\u00fcrften sich dann allerdings l\u00e4ngst aus Deutschland abgesetzt haben.<\/p>\n","protected":false},"excerpt":{"rendered":"<p>Mitten in Berlin, auf dem Alexanderplatz, ohnehin ein polizeibekannter Ort robuster zwischenmenschlicher Konfliktl\u00f6sungen, trafen am Donnerstag dieser Woche zwei Gruppen aufeinander, die die linksrotgr\u00fcne Weltsicht wohl als, nat\u00fcrlich der Nichtintegrationswilligkeit der Autochthonen geschuldet, verzweifelte Hilfeschreie um Anerkennung und Respekt an &hellip; <a href=\"https:\/\/www.inkultura-online.de\/politisch_unkorrekt\/die-zeichen-des-kommenden-buergerkriegs\/\">Weiterlesen <span class=\"meta-nav\">&rarr;<\/span><\/a><\/p>\n","protected":false},"author":1,"featured_media":0,"comment_status":"closed","ping_status":"closed","sticky":false,"template":"","format":"standard","meta":{"footnotes":""},"categories":[444,146,30,10,11],"tags":[397,1195,21,317,1194,1193],"class_list":["post-1924","post","type-post","status-publish","format-standard","hentry","category-gedanken-zum-tag","category-keine-islamisierung","category-so-siehts-aus","category-systemfehler","category-was-die-qualitaetspresse-gern-verschweigt","tag-buergerkrieg","tag-clanstrukturen","tag-islam","tag-landnahme","tag-schiiten","tag-sunniten"],"yoast_head":"<!-- This site is optimized with the Yoast SEO plugin v27.5 - https:\/\/yoast.com\/product\/yoast-seo-wordpress\/ -->\n<title>Die Zeichen des kommenden B\u00fcrgerkriegs - Zeitgeist? Frei!<\/title>\n<meta name=\"robots\" content=\"index, follow, max-snippet:-1, max-image-preview:large, max-video-preview:-1\" \/>\n<link rel=\"canonical\" href=\"https:\/\/www.inkultura-online.de\/politisch_unkorrekt\/die-zeichen-des-kommenden-buergerkriegs\/\" \/>\n<meta property=\"og:locale\" content=\"de_DE\" \/>\n<meta property=\"og:type\" content=\"article\" \/>\n<meta property=\"og:title\" content=\"Die Zeichen des kommenden B\u00fcrgerkriegs - Zeitgeist? Frei!\" \/>\n<meta property=\"og:description\" content=\"Mitten in Berlin, auf dem Alexanderplatz, ohnehin ein polizeibekannter Ort robuster zwischenmenschlicher Konfliktl\u00f6sungen, trafen am Donnerstag dieser Woche zwei Gruppen aufeinander, die die linksrotgr\u00fcne Weltsicht wohl als, nat\u00fcrlich der Nichtintegrationswilligkeit der Autochthonen geschuldet, verzweifelte Hilfeschreie um Anerkennung und Respekt an &hellip; Weiterlesen &rarr;\" \/>\n<meta property=\"og:url\" content=\"https:\/\/www.inkultura-online.de\/politisch_unkorrekt\/die-zeichen-des-kommenden-buergerkriegs\/\" \/>\n<meta property=\"og:site_name\" content=\"Zeitgeist? Frei!\" \/>\n<meta property=\"article:published_time\" content=\"2019-03-23T08:47:57+00:00\" \/>\n<meta property=\"article:modified_time\" content=\"2019-03-23T08:48:49+00:00\" \/>\n<meta name=\"author\" content=\"Orator\" \/>\n<meta name=\"twitter:label1\" content=\"Verfasst von\" \/>\n\t<meta name=\"twitter:data1\" content=\"Orator\" \/>\n\t<meta name=\"twitter:label2\" content=\"Gesch\u00e4tzte Lesezeit\" \/>\n\t<meta name=\"twitter:data2\" content=\"3\u00a0Minuten\" \/>\n<script type=\"application\/ld+json\" class=\"yoast-schema-graph\">{\"@context\":\"https:\\\/\\\/schema.org\",\"@graph\":[{\"@type\":\"Article\",\"@id\":\"https:\\\/\\\/www.inkultura-online.de\\\/politisch_unkorrekt\\\/die-zeichen-des-kommenden-buergerkriegs\\\/#article\",\"isPartOf\":{\"@id\":\"https:\\\/\\\/www.inkultura-online.de\\\/politisch_unkorrekt\\\/die-zeichen-des-kommenden-buergerkriegs\\\/\"},\"author\":{\"name\":\"Orator\",\"@id\":\"https:\\\/\\\/www.inkultura-online.de\\\/politisch_unkorrekt\\\/#\\\/schema\\\/person\\\/5b30b80e385478896a1de221e1994d86\"},\"headline\":\"Die Zeichen des kommenden B\u00fcrgerkriegs\",\"datePublished\":\"2019-03-23T08:47:57+00:00\",\"dateModified\":\"2019-03-23T08:48:49+00:00\",\"mainEntityOfPage\":{\"@id\":\"https:\\\/\\\/www.inkultura-online.de\\\/politisch_unkorrekt\\\/die-zeichen-des-kommenden-buergerkriegs\\\/\"},\"wordCount\":586,\"publisher\":{\"@id\":\"https:\\\/\\\/www.inkultura-online.de\\\/politisch_unkorrekt\\\/#\\\/schema\\\/person\\\/5b30b80e385478896a1de221e1994d86\"},\"keywords\":[\"B\u00fcrgerkrieg\",\"Clanstrukturen\",\"Islam\",\"Landnahme\",\"Schiiten\",\"Sunniten\"],\"articleSection\":[\"Gedanken zum Tag\",\"Keine Islamisierung?\",\"So sieht\u00b4s aus\",\"Systemfehler\",\"Was die \\\"Qualit\u00e4tspresse\\\" gern verschweigt\"],\"inLanguage\":\"de\"},{\"@type\":\"WebPage\",\"@id\":\"https:\\\/\\\/www.inkultura-online.de\\\/politisch_unkorrekt\\\/die-zeichen-des-kommenden-buergerkriegs\\\/\",\"url\":\"https:\\\/\\\/www.inkultura-online.de\\\/politisch_unkorrekt\\\/die-zeichen-des-kommenden-buergerkriegs\\\/\",\"name\":\"Die Zeichen des kommenden B\u00fcrgerkriegs - Zeitgeist? Frei!\",\"isPartOf\":{\"@id\":\"https:\\\/\\\/www.inkultura-online.de\\\/politisch_unkorrekt\\\/#website\"},\"datePublished\":\"2019-03-23T08:47:57+00:00\",\"dateModified\":\"2019-03-23T08:48:49+00:00\",\"breadcrumb\":{\"@id\":\"https:\\\/\\\/www.inkultura-online.de\\\/politisch_unkorrekt\\\/die-zeichen-des-kommenden-buergerkriegs\\\/#breadcrumb\"},\"inLanguage\":\"de\",\"potentialAction\":[{\"@type\":\"ReadAction\",\"target\":[\"https:\\\/\\\/www.inkultura-online.de\\\/politisch_unkorrekt\\\/die-zeichen-des-kommenden-buergerkriegs\\\/\"]}]},{\"@type\":\"BreadcrumbList\",\"@id\":\"https:\\\/\\\/www.inkultura-online.de\\\/politisch_unkorrekt\\\/die-zeichen-des-kommenden-buergerkriegs\\\/#breadcrumb\",\"itemListElement\":[{\"@type\":\"ListItem\",\"position\":1,\"name\":\"Home\",\"item\":\"https:\\\/\\\/www.inkultura-online.de\\\/politisch_unkorrekt\\\/\"},{\"@type\":\"ListItem\",\"position\":2,\"name\":\"Die Zeichen des kommenden B\u00fcrgerkriegs\"}]},{\"@type\":\"WebSite\",\"@id\":\"https:\\\/\\\/www.inkultura-online.de\\\/politisch_unkorrekt\\\/#website\",\"url\":\"https:\\\/\\\/www.inkultura-online.de\\\/politisch_unkorrekt\\\/\",\"name\":\"Zeitgeist? Frei!\",\"description\":\"Was Ihr den Geist der Zeiten hei\u00dft...\",\"publisher\":{\"@id\":\"https:\\\/\\\/www.inkultura-online.de\\\/politisch_unkorrekt\\\/#\\\/schema\\\/person\\\/5b30b80e385478896a1de221e1994d86\"},\"potentialAction\":[{\"@type\":\"SearchAction\",\"target\":{\"@type\":\"EntryPoint\",\"urlTemplate\":\"https:\\\/\\\/www.inkultura-online.de\\\/politisch_unkorrekt\\\/?s={search_term_string}\"},\"query-input\":{\"@type\":\"PropertyValueSpecification\",\"valueRequired\":true,\"valueName\":\"search_term_string\"}}],\"inLanguage\":\"de\"},{\"@type\":[\"Person\",\"Organization\"],\"@id\":\"https:\\\/\\\/www.inkultura-online.de\\\/politisch_unkorrekt\\\/#\\\/schema\\\/person\\\/5b30b80e385478896a1de221e1994d86\",\"name\":\"Orator\",\"image\":{\"@type\":\"ImageObject\",\"inLanguage\":\"de\",\"@id\":\"https:\\\/\\\/secure.gravatar.com\\\/avatar\\\/96e03166d31716e9c437060430eb7605c45a8ce6fb6dab483637ca6915dd0844?s=96&d=mm&r=g\",\"url\":\"https:\\\/\\\/secure.gravatar.com\\\/avatar\\\/96e03166d31716e9c437060430eb7605c45a8ce6fb6dab483637ca6915dd0844?s=96&d=mm&r=g\",\"contentUrl\":\"https:\\\/\\\/secure.gravatar.com\\\/avatar\\\/96e03166d31716e9c437060430eb7605c45a8ce6fb6dab483637ca6915dd0844?s=96&d=mm&r=g\",\"caption\":\"Orator\"},\"logo\":{\"@id\":\"https:\\\/\\\/secure.gravatar.com\\\/avatar\\\/96e03166d31716e9c437060430eb7605c45a8ce6fb6dab483637ca6915dd0844?s=96&d=mm&r=g\"},\"url\":\"https:\\\/\\\/www.inkultura-online.de\\\/politisch_unkorrekt\\\/author\\\/1korrektor21-2\\\/\"}]}<\/script>\n<!-- \/ Yoast SEO plugin. -->","yoast_head_json":{"title":"Die Zeichen des kommenden B\u00fcrgerkriegs - Zeitgeist? Frei!","robots":{"index":"index","follow":"follow","max-snippet":"max-snippet:-1","max-image-preview":"max-image-preview:large","max-video-preview":"max-video-preview:-1"},"canonical":"https:\/\/www.inkultura-online.de\/politisch_unkorrekt\/die-zeichen-des-kommenden-buergerkriegs\/","og_locale":"de_DE","og_type":"article","og_title":"Die Zeichen des kommenden B\u00fcrgerkriegs - Zeitgeist? Frei!","og_description":"Mitten in Berlin, auf dem Alexanderplatz, ohnehin ein polizeibekannter Ort robuster zwischenmenschlicher Konfliktl\u00f6sungen, trafen am Donnerstag dieser Woche zwei Gruppen aufeinander, die die linksrotgr\u00fcne Weltsicht wohl als, nat\u00fcrlich der Nichtintegrationswilligkeit der Autochthonen geschuldet, verzweifelte Hilfeschreie um Anerkennung und Respekt an &hellip; Weiterlesen &rarr;","og_url":"https:\/\/www.inkultura-online.de\/politisch_unkorrekt\/die-zeichen-des-kommenden-buergerkriegs\/","og_site_name":"Zeitgeist? Frei!","article_published_time":"2019-03-23T08:47:57+00:00","article_modified_time":"2019-03-23T08:48:49+00:00","author":"Orator","twitter_misc":{"Verfasst von":"Orator","Gesch\u00e4tzte Lesezeit":"3\u00a0Minuten"},"schema":{"@context":"https:\/\/schema.org","@graph":[{"@type":"Article","@id":"https:\/\/www.inkultura-online.de\/politisch_unkorrekt\/die-zeichen-des-kommenden-buergerkriegs\/#article","isPartOf":{"@id":"https:\/\/www.inkultura-online.de\/politisch_unkorrekt\/die-zeichen-des-kommenden-buergerkriegs\/"},"author":{"name":"Orator","@id":"https:\/\/www.inkultura-online.de\/politisch_unkorrekt\/#\/schema\/person\/5b30b80e385478896a1de221e1994d86"},"headline":"Die Zeichen des kommenden B\u00fcrgerkriegs","datePublished":"2019-03-23T08:47:57+00:00","dateModified":"2019-03-23T08:48:49+00:00","mainEntityOfPage":{"@id":"https:\/\/www.inkultura-online.de\/politisch_unkorrekt\/die-zeichen-des-kommenden-buergerkriegs\/"},"wordCount":586,"publisher":{"@id":"https:\/\/www.inkultura-online.de\/politisch_unkorrekt\/#\/schema\/person\/5b30b80e385478896a1de221e1994d86"},"keywords":["B\u00fcrgerkrieg","Clanstrukturen","Islam","Landnahme","Schiiten","Sunniten"],"articleSection":["Gedanken zum Tag","Keine Islamisierung?","So sieht\u00b4s aus","Systemfehler","Was die \"Qualit\u00e4tspresse\" gern verschweigt"],"inLanguage":"de"},{"@type":"WebPage","@id":"https:\/\/www.inkultura-online.de\/politisch_unkorrekt\/die-zeichen-des-kommenden-buergerkriegs\/","url":"https:\/\/www.inkultura-online.de\/politisch_unkorrekt\/die-zeichen-des-kommenden-buergerkriegs\/","name":"Die Zeichen des kommenden B\u00fcrgerkriegs - Zeitgeist? Frei!","isPartOf":{"@id":"https:\/\/www.inkultura-online.de\/politisch_unkorrekt\/#website"},"datePublished":"2019-03-23T08:47:57+00:00","dateModified":"2019-03-23T08:48:49+00:00","breadcrumb":{"@id":"https:\/\/www.inkultura-online.de\/politisch_unkorrekt\/die-zeichen-des-kommenden-buergerkriegs\/#breadcrumb"},"inLanguage":"de","potentialAction":[{"@type":"ReadAction","target":["https:\/\/www.inkultura-online.de\/politisch_unkorrekt\/die-zeichen-des-kommenden-buergerkriegs\/"]}]},{"@type":"BreadcrumbList","@id":"https:\/\/www.inkultura-online.de\/politisch_unkorrekt\/die-zeichen-des-kommenden-buergerkriegs\/#breadcrumb","itemListElement":[{"@type":"ListItem","position":1,"name":"Home","item":"https:\/\/www.inkultura-online.de\/politisch_unkorrekt\/"},{"@type":"ListItem","position":2,"name":"Die Zeichen des kommenden B\u00fcrgerkriegs"}]},{"@type":"WebSite","@id":"https:\/\/www.inkultura-online.de\/politisch_unkorrekt\/#website","url":"https:\/\/www.inkultura-online.de\/politisch_unkorrekt\/","name":"Zeitgeist? Frei!","description":"Was Ihr den Geist der Zeiten hei\u00dft...","publisher":{"@id":"https:\/\/www.inkultura-online.de\/politisch_unkorrekt\/#\/schema\/person\/5b30b80e385478896a1de221e1994d86"},"potentialAction":[{"@type":"SearchAction","target":{"@type":"EntryPoint","urlTemplate":"https:\/\/www.inkultura-online.de\/politisch_unkorrekt\/?s={search_term_string}"},"query-input":{"@type":"PropertyValueSpecification","valueRequired":true,"valueName":"search_term_string"}}],"inLanguage":"de"},{"@type":["Person","Organization"],"@id":"https:\/\/www.inkultura-online.de\/politisch_unkorrekt\/#\/schema\/person\/5b30b80e385478896a1de221e1994d86","name":"Orator","image":{"@type":"ImageObject","inLanguage":"de","@id":"https:\/\/secure.gravatar.com\/avatar\/96e03166d31716e9c437060430eb7605c45a8ce6fb6dab483637ca6915dd0844?s=96&d=mm&r=g","url":"https:\/\/secure.gravatar.com\/avatar\/96e03166d31716e9c437060430eb7605c45a8ce6fb6dab483637ca6915dd0844?s=96&d=mm&r=g","contentUrl":"https:\/\/secure.gravatar.com\/avatar\/96e03166d31716e9c437060430eb7605c45a8ce6fb6dab483637ca6915dd0844?s=96&d=mm&r=g","caption":"Orator"},"logo":{"@id":"https:\/\/secure.gravatar.com\/avatar\/96e03166d31716e9c437060430eb7605c45a8ce6fb6dab483637ca6915dd0844?s=96&d=mm&r=g"},"url":"https:\/\/www.inkultura-online.de\/politisch_unkorrekt\/author\/1korrektor21-2\/"}]}},"_links":{"self":[{"href":"https:\/\/www.inkultura-online.de\/politisch_unkorrekt\/wp-json\/wp\/v2\/posts\/1924","targetHints":{"allow":["GET"]}}],"collection":[{"href":"https:\/\/www.inkultura-online.de\/politisch_unkorrekt\/wp-json\/wp\/v2\/posts"}],"about":[{"href":"https:\/\/www.inkultura-online.de\/politisch_unkorrekt\/wp-json\/wp\/v2\/types\/post"}],"author":[{"embeddable":true,"href":"https:\/\/www.inkultura-online.de\/politisch_unkorrekt\/wp-json\/wp\/v2\/users\/1"}],"replies":[{"embeddable":true,"href":"https:\/\/www.inkultura-online.de\/politisch_unkorrekt\/wp-json\/wp\/v2\/comments?post=1924"}],"version-history":[{"count":2,"href":"https:\/\/www.inkultura-online.de\/politisch_unkorrekt\/wp-json\/wp\/v2\/posts\/1924\/revisions"}],"predecessor-version":[{"id":1926,"href":"https:\/\/www.inkultura-online.de\/politisch_unkorrekt\/wp-json\/wp\/v2\/posts\/1924\/revisions\/1926"}],"wp:attachment":[{"href":"https:\/\/www.inkultura-online.de\/politisch_unkorrekt\/wp-json\/wp\/v2\/media?parent=1924"}],"wp:term":[{"taxonomy":"category","embeddable":true,"href":"https:\/\/www.inkultura-online.de\/politisch_unkorrekt\/wp-json\/wp\/v2\/categories?post=1924"},{"taxonomy":"post_tag","embeddable":true,"href":"https:\/\/www.inkultura-online.de\/politisch_unkorrekt\/wp-json\/wp\/v2\/tags?post=1924"}],"curies":[{"name":"wp","href":"https:\/\/api.w.org\/{rel}","templated":true}]}}