{"id":1940,"date":"2019-05-03T18:36:48","date_gmt":"2019-05-03T16:36:48","guid":{"rendered":"http:\/\/www.inkultura-online.de\/politisch_unkorrekt\/?p=1940"},"modified":"2019-05-03T18:39:11","modified_gmt":"2019-05-03T16:39:11","slug":"der-kevin-ist-doch-nur-ein-opfer","status":"publish","type":"post","link":"https:\/\/www.inkultura-online.de\/politisch_unkorrekt\/der-kevin-ist-doch-nur-ein-opfer\/","title":{"rendered":"Der Kevin ist doch nur ein Opfer"},"content":{"rendered":"<p>Langsam aber sicher schlagen die Auswirkungen der Bildungskatastrophe voll durch. Sp\u00e4testens seit den 70er Jahren war und ist immer noch Schulpolitik einer der bevorzugten Tummelpl\u00e4tze ideologisch motivierter Gesellschaftsmanipulation. W\u00e4hrend eine \u201eReform\u201c die n\u00e4chste jagte, w\u00e4hrend Wissensvermittlung immer st\u00e4rker in den Verdacht geriet, ausschlie\u00dflich der Produktion von Eliten zu dienen, w\u00e4hrend Flei\u00df, Arbeitsbereitschaft und Freude am Lernen dank der endlich die Institution Schule kapernden 68er als \u201eirgendwie Nazi\u201c desavouiert wurden, begann sukzessive die Verdummung vieler Sch\u00fclergenerationen.<!--more--><\/p>\n<p>Comics statt Klassiker, die Lekt\u00fcre ganzer B\u00fccher als Zumutung, Spa\u00df und Spiel anstelle konzentrierten Lernens und Geschichte reduziert auf die des zw\u00f6lf Jahre w\u00e4hrenden \u201eTausendj\u00e4hrigen Reiches\u201c. Kein Wunder also, dass nicht nur in den Reihen der Gr\u00fcnen Menschen zu finden sind, die von nichts eine Ahnung haben, jedoch zu allem eine Meinung besitzen. Mangels intellektueller F\u00e4higkeiten und fehlenden Wissens wird diese dann auch noch verabsolutiert, denn au\u00dfer dem begrenzten gesellschaftspolitischen und historischen Horizont, den die Opfer der Bildungskatastrophe zwangsl\u00e4ufig haben, gibt es in deren K\u00f6pfen keine Welt neben der eigenen beschr\u00e4nkten.<\/p>\n<p>Aus dem Grund kann man Kevin K\u00fchnert, dem medienwirksamen Juso-Chef, eigentlich keinen Vorwurf machen, wenn er von Kollektivierungen, Enteignungen und Umverteilung von privatem Verm\u00f6gen \u2013 nichts anderes ist seine Forderung, dass niemand mehr Wohnraum besitzen d\u00fcrfe, als er selber ben\u00f6tigt \u2013 schwadroniert. Klein Kevin wei\u00df es einfach nicht besser, weil er in der Schule niemals etwas \u00fcber die gro\u00df angelegten Menschenversuche des Kommunismus, des real existierenden Sozialismus oder der nordkoreanischen Interpretation von was auch immer f\u00fcr einen &#8230;ismus geh\u00f6rt hat.<\/p>\n<p>Da ist Kevin derzeit jedoch in guter, nein eigentlich schlechter Gesellschaft, denn jeden Freitag, au\u00dfer in den Ferien, treffen sich auch die anderen Opfer der Bildungskatastrophe, die, wenn sie denn \u00fcberhaupt so etwas wie Argumente anf\u00fchren, stets nur ihre eigene Unwissenheit demonstrieren.<\/p>\n<p>Man kann nur hoffen, dass Kevins postpubert\u00e4re Phase bald vor\u00fcbergeht, er etwas Vern\u00fcnftiges lernt und ein produktives Mitglied der Gesellschaft wird. Vielleicht erkennt er dann den Zusammenhang zwischen Wertsch\u00f6pfung und Eigentum. Meine Gro\u00dfmutter, \u00fcbrigens eine sehr kluge Frau, sagte einmal zu mit \u201eJungchen, lern\u00b4erst mal was Richtiges, Politiker kannst\u00b4e immer noch werden.\u201c<\/p>\n","protected":false},"excerpt":{"rendered":"<p>Langsam aber sicher schlagen die Auswirkungen der Bildungskatastrophe voll durch. Sp\u00e4testens seit den 70er Jahren war und ist immer noch Schulpolitik einer der bevorzugten Tummelpl\u00e4tze ideologisch motivierter Gesellschaftsmanipulation. W\u00e4hrend eine \u201eReform\u201c die n\u00e4chste jagte, w\u00e4hrend Wissensvermittlung immer st\u00e4rker in den &hellip; <a href=\"https:\/\/www.inkultura-online.de\/politisch_unkorrekt\/der-kevin-ist-doch-nur-ein-opfer\/\">Weiterlesen <span class=\"meta-nav\">&rarr;<\/span><\/a><\/p>\n","protected":false},"author":1,"featured_media":0,"comment_status":"closed","ping_status":"closed","sticky":false,"template":"","format":"standard","meta":{"footnotes":""},"categories":[2,3,444,7,8],"tags":[1203,1202,1204],"class_list":["post-1940","post","type-post","status-publish","format-standard","hentry","category-antipathie","category-die-duemmsten-sprueche-der-woche","category-gedanken-zum-tag","category-moderne-zeiten","category-schlimme-woerter","tag-enteignung","tag-kevin-kuehnert","tag-kollektivierung"],"yoast_head":"<!-- This site is optimized with the Yoast SEO plugin v27.5 - https:\/\/yoast.com\/product\/yoast-seo-wordpress\/ -->\n<title>Der Kevin ist doch nur ein Opfer - Zeitgeist? Frei!<\/title>\n<meta name=\"robots\" content=\"index, follow, max-snippet:-1, max-image-preview:large, max-video-preview:-1\" \/>\n<link rel=\"canonical\" href=\"https:\/\/www.inkultura-online.de\/politisch_unkorrekt\/der-kevin-ist-doch-nur-ein-opfer\/\" \/>\n<meta property=\"og:locale\" content=\"de_DE\" \/>\n<meta property=\"og:type\" content=\"article\" \/>\n<meta property=\"og:title\" content=\"Der Kevin ist doch nur ein Opfer - Zeitgeist? Frei!\" \/>\n<meta property=\"og:description\" content=\"Langsam aber sicher schlagen die Auswirkungen der Bildungskatastrophe voll durch. Sp\u00e4testens seit den 70er Jahren war und ist immer noch Schulpolitik einer der bevorzugten Tummelpl\u00e4tze ideologisch motivierter Gesellschaftsmanipulation. W\u00e4hrend eine \u201eReform\u201c die n\u00e4chste jagte, w\u00e4hrend Wissensvermittlung immer st\u00e4rker in den &hellip; Weiterlesen &rarr;\" \/>\n<meta property=\"og:url\" content=\"https:\/\/www.inkultura-online.de\/politisch_unkorrekt\/der-kevin-ist-doch-nur-ein-opfer\/\" \/>\n<meta property=\"og:site_name\" content=\"Zeitgeist? Frei!\" \/>\n<meta property=\"article:published_time\" content=\"2019-05-03T16:36:48+00:00\" \/>\n<meta property=\"article:modified_time\" content=\"2019-05-03T16:39:11+00:00\" \/>\n<meta name=\"author\" content=\"Orator\" \/>\n<meta name=\"twitter:label1\" content=\"Verfasst von\" \/>\n\t<meta name=\"twitter:data1\" content=\"Orator\" \/>\n\t<meta name=\"twitter:label2\" content=\"Gesch\u00e4tzte Lesezeit\" \/>\n\t<meta name=\"twitter:data2\" content=\"2\u00a0Minuten\" \/>\n<script type=\"application\/ld+json\" class=\"yoast-schema-graph\">{\"@context\":\"https:\\\/\\\/schema.org\",\"@graph\":[{\"@type\":\"Article\",\"@id\":\"https:\\\/\\\/www.inkultura-online.de\\\/politisch_unkorrekt\\\/der-kevin-ist-doch-nur-ein-opfer\\\/#article\",\"isPartOf\":{\"@id\":\"https:\\\/\\\/www.inkultura-online.de\\\/politisch_unkorrekt\\\/der-kevin-ist-doch-nur-ein-opfer\\\/\"},\"author\":{\"name\":\"Orator\",\"@id\":\"https:\\\/\\\/www.inkultura-online.de\\\/politisch_unkorrekt\\\/#\\\/schema\\\/person\\\/5b30b80e385478896a1de221e1994d86\"},\"headline\":\"Der Kevin ist doch nur ein Opfer\",\"datePublished\":\"2019-05-03T16:36:48+00:00\",\"dateModified\":\"2019-05-03T16:39:11+00:00\",\"mainEntityOfPage\":{\"@id\":\"https:\\\/\\\/www.inkultura-online.de\\\/politisch_unkorrekt\\\/der-kevin-ist-doch-nur-ein-opfer\\\/\"},\"wordCount\":380,\"publisher\":{\"@id\":\"https:\\\/\\\/www.inkultura-online.de\\\/politisch_unkorrekt\\\/#\\\/schema\\\/person\\\/5b30b80e385478896a1de221e1994d86\"},\"keywords\":[\"Enteignung\",\"Kevin K\u00fchnert\",\"Kollektivierung\"],\"articleSection\":[\"Antipathie\",\"Die d\u00fcmmsten Spr\u00fcche der Woche\",\"Gedanken zum Tag\",\"Moderne Zeiten\",\"Schlimme W\u00f6rter\"],\"inLanguage\":\"de\"},{\"@type\":\"WebPage\",\"@id\":\"https:\\\/\\\/www.inkultura-online.de\\\/politisch_unkorrekt\\\/der-kevin-ist-doch-nur-ein-opfer\\\/\",\"url\":\"https:\\\/\\\/www.inkultura-online.de\\\/politisch_unkorrekt\\\/der-kevin-ist-doch-nur-ein-opfer\\\/\",\"name\":\"Der Kevin ist doch nur ein Opfer - Zeitgeist? Frei!\",\"isPartOf\":{\"@id\":\"https:\\\/\\\/www.inkultura-online.de\\\/politisch_unkorrekt\\\/#website\"},\"datePublished\":\"2019-05-03T16:36:48+00:00\",\"dateModified\":\"2019-05-03T16:39:11+00:00\",\"breadcrumb\":{\"@id\":\"https:\\\/\\\/www.inkultura-online.de\\\/politisch_unkorrekt\\\/der-kevin-ist-doch-nur-ein-opfer\\\/#breadcrumb\"},\"inLanguage\":\"de\",\"potentialAction\":[{\"@type\":\"ReadAction\",\"target\":[\"https:\\\/\\\/www.inkultura-online.de\\\/politisch_unkorrekt\\\/der-kevin-ist-doch-nur-ein-opfer\\\/\"]}]},{\"@type\":\"BreadcrumbList\",\"@id\":\"https:\\\/\\\/www.inkultura-online.de\\\/politisch_unkorrekt\\\/der-kevin-ist-doch-nur-ein-opfer\\\/#breadcrumb\",\"itemListElement\":[{\"@type\":\"ListItem\",\"position\":1,\"name\":\"Home\",\"item\":\"https:\\\/\\\/www.inkultura-online.de\\\/politisch_unkorrekt\\\/\"},{\"@type\":\"ListItem\",\"position\":2,\"name\":\"Der Kevin ist doch nur ein Opfer\"}]},{\"@type\":\"WebSite\",\"@id\":\"https:\\\/\\\/www.inkultura-online.de\\\/politisch_unkorrekt\\\/#website\",\"url\":\"https:\\\/\\\/www.inkultura-online.de\\\/politisch_unkorrekt\\\/\",\"name\":\"Zeitgeist? Frei!\",\"description\":\"Was Ihr den Geist der Zeiten hei\u00dft...\",\"publisher\":{\"@id\":\"https:\\\/\\\/www.inkultura-online.de\\\/politisch_unkorrekt\\\/#\\\/schema\\\/person\\\/5b30b80e385478896a1de221e1994d86\"},\"potentialAction\":[{\"@type\":\"SearchAction\",\"target\":{\"@type\":\"EntryPoint\",\"urlTemplate\":\"https:\\\/\\\/www.inkultura-online.de\\\/politisch_unkorrekt\\\/?s={search_term_string}\"},\"query-input\":{\"@type\":\"PropertyValueSpecification\",\"valueRequired\":true,\"valueName\":\"search_term_string\"}}],\"inLanguage\":\"de\"},{\"@type\":[\"Person\",\"Organization\"],\"@id\":\"https:\\\/\\\/www.inkultura-online.de\\\/politisch_unkorrekt\\\/#\\\/schema\\\/person\\\/5b30b80e385478896a1de221e1994d86\",\"name\":\"Orator\",\"image\":{\"@type\":\"ImageObject\",\"inLanguage\":\"de\",\"@id\":\"https:\\\/\\\/secure.gravatar.com\\\/avatar\\\/96e03166d31716e9c437060430eb7605c45a8ce6fb6dab483637ca6915dd0844?s=96&d=mm&r=g\",\"url\":\"https:\\\/\\\/secure.gravatar.com\\\/avatar\\\/96e03166d31716e9c437060430eb7605c45a8ce6fb6dab483637ca6915dd0844?s=96&d=mm&r=g\",\"contentUrl\":\"https:\\\/\\\/secure.gravatar.com\\\/avatar\\\/96e03166d31716e9c437060430eb7605c45a8ce6fb6dab483637ca6915dd0844?s=96&d=mm&r=g\",\"caption\":\"Orator\"},\"logo\":{\"@id\":\"https:\\\/\\\/secure.gravatar.com\\\/avatar\\\/96e03166d31716e9c437060430eb7605c45a8ce6fb6dab483637ca6915dd0844?s=96&d=mm&r=g\"},\"url\":\"https:\\\/\\\/www.inkultura-online.de\\\/politisch_unkorrekt\\\/author\\\/1korrektor21-2\\\/\"}]}<\/script>\n<!-- \/ Yoast SEO plugin. -->","yoast_head_json":{"title":"Der Kevin ist doch nur ein Opfer - Zeitgeist? Frei!","robots":{"index":"index","follow":"follow","max-snippet":"max-snippet:-1","max-image-preview":"max-image-preview:large","max-video-preview":"max-video-preview:-1"},"canonical":"https:\/\/www.inkultura-online.de\/politisch_unkorrekt\/der-kevin-ist-doch-nur-ein-opfer\/","og_locale":"de_DE","og_type":"article","og_title":"Der Kevin ist doch nur ein Opfer - Zeitgeist? Frei!","og_description":"Langsam aber sicher schlagen die Auswirkungen der Bildungskatastrophe voll durch. Sp\u00e4testens seit den 70er Jahren war und ist immer noch Schulpolitik einer der bevorzugten Tummelpl\u00e4tze ideologisch motivierter Gesellschaftsmanipulation. W\u00e4hrend eine \u201eReform\u201c die n\u00e4chste jagte, w\u00e4hrend Wissensvermittlung immer st\u00e4rker in den &hellip; Weiterlesen &rarr;","og_url":"https:\/\/www.inkultura-online.de\/politisch_unkorrekt\/der-kevin-ist-doch-nur-ein-opfer\/","og_site_name":"Zeitgeist? Frei!","article_published_time":"2019-05-03T16:36:48+00:00","article_modified_time":"2019-05-03T16:39:11+00:00","author":"Orator","twitter_misc":{"Verfasst von":"Orator","Gesch\u00e4tzte Lesezeit":"2\u00a0Minuten"},"schema":{"@context":"https:\/\/schema.org","@graph":[{"@type":"Article","@id":"https:\/\/www.inkultura-online.de\/politisch_unkorrekt\/der-kevin-ist-doch-nur-ein-opfer\/#article","isPartOf":{"@id":"https:\/\/www.inkultura-online.de\/politisch_unkorrekt\/der-kevin-ist-doch-nur-ein-opfer\/"},"author":{"name":"Orator","@id":"https:\/\/www.inkultura-online.de\/politisch_unkorrekt\/#\/schema\/person\/5b30b80e385478896a1de221e1994d86"},"headline":"Der Kevin ist doch nur ein Opfer","datePublished":"2019-05-03T16:36:48+00:00","dateModified":"2019-05-03T16:39:11+00:00","mainEntityOfPage":{"@id":"https:\/\/www.inkultura-online.de\/politisch_unkorrekt\/der-kevin-ist-doch-nur-ein-opfer\/"},"wordCount":380,"publisher":{"@id":"https:\/\/www.inkultura-online.de\/politisch_unkorrekt\/#\/schema\/person\/5b30b80e385478896a1de221e1994d86"},"keywords":["Enteignung","Kevin K\u00fchnert","Kollektivierung"],"articleSection":["Antipathie","Die d\u00fcmmsten Spr\u00fcche der Woche","Gedanken zum Tag","Moderne Zeiten","Schlimme W\u00f6rter"],"inLanguage":"de"},{"@type":"WebPage","@id":"https:\/\/www.inkultura-online.de\/politisch_unkorrekt\/der-kevin-ist-doch-nur-ein-opfer\/","url":"https:\/\/www.inkultura-online.de\/politisch_unkorrekt\/der-kevin-ist-doch-nur-ein-opfer\/","name":"Der Kevin ist doch nur ein Opfer - Zeitgeist? Frei!","isPartOf":{"@id":"https:\/\/www.inkultura-online.de\/politisch_unkorrekt\/#website"},"datePublished":"2019-05-03T16:36:48+00:00","dateModified":"2019-05-03T16:39:11+00:00","breadcrumb":{"@id":"https:\/\/www.inkultura-online.de\/politisch_unkorrekt\/der-kevin-ist-doch-nur-ein-opfer\/#breadcrumb"},"inLanguage":"de","potentialAction":[{"@type":"ReadAction","target":["https:\/\/www.inkultura-online.de\/politisch_unkorrekt\/der-kevin-ist-doch-nur-ein-opfer\/"]}]},{"@type":"BreadcrumbList","@id":"https:\/\/www.inkultura-online.de\/politisch_unkorrekt\/der-kevin-ist-doch-nur-ein-opfer\/#breadcrumb","itemListElement":[{"@type":"ListItem","position":1,"name":"Home","item":"https:\/\/www.inkultura-online.de\/politisch_unkorrekt\/"},{"@type":"ListItem","position":2,"name":"Der Kevin ist doch nur ein Opfer"}]},{"@type":"WebSite","@id":"https:\/\/www.inkultura-online.de\/politisch_unkorrekt\/#website","url":"https:\/\/www.inkultura-online.de\/politisch_unkorrekt\/","name":"Zeitgeist? Frei!","description":"Was Ihr den Geist der Zeiten hei\u00dft...","publisher":{"@id":"https:\/\/www.inkultura-online.de\/politisch_unkorrekt\/#\/schema\/person\/5b30b80e385478896a1de221e1994d86"},"potentialAction":[{"@type":"SearchAction","target":{"@type":"EntryPoint","urlTemplate":"https:\/\/www.inkultura-online.de\/politisch_unkorrekt\/?s={search_term_string}"},"query-input":{"@type":"PropertyValueSpecification","valueRequired":true,"valueName":"search_term_string"}}],"inLanguage":"de"},{"@type":["Person","Organization"],"@id":"https:\/\/www.inkultura-online.de\/politisch_unkorrekt\/#\/schema\/person\/5b30b80e385478896a1de221e1994d86","name":"Orator","image":{"@type":"ImageObject","inLanguage":"de","@id":"https:\/\/secure.gravatar.com\/avatar\/96e03166d31716e9c437060430eb7605c45a8ce6fb6dab483637ca6915dd0844?s=96&d=mm&r=g","url":"https:\/\/secure.gravatar.com\/avatar\/96e03166d31716e9c437060430eb7605c45a8ce6fb6dab483637ca6915dd0844?s=96&d=mm&r=g","contentUrl":"https:\/\/secure.gravatar.com\/avatar\/96e03166d31716e9c437060430eb7605c45a8ce6fb6dab483637ca6915dd0844?s=96&d=mm&r=g","caption":"Orator"},"logo":{"@id":"https:\/\/secure.gravatar.com\/avatar\/96e03166d31716e9c437060430eb7605c45a8ce6fb6dab483637ca6915dd0844?s=96&d=mm&r=g"},"url":"https:\/\/www.inkultura-online.de\/politisch_unkorrekt\/author\/1korrektor21-2\/"}]}},"_links":{"self":[{"href":"https:\/\/www.inkultura-online.de\/politisch_unkorrekt\/wp-json\/wp\/v2\/posts\/1940","targetHints":{"allow":["GET"]}}],"collection":[{"href":"https:\/\/www.inkultura-online.de\/politisch_unkorrekt\/wp-json\/wp\/v2\/posts"}],"about":[{"href":"https:\/\/www.inkultura-online.de\/politisch_unkorrekt\/wp-json\/wp\/v2\/types\/post"}],"author":[{"embeddable":true,"href":"https:\/\/www.inkultura-online.de\/politisch_unkorrekt\/wp-json\/wp\/v2\/users\/1"}],"replies":[{"embeddable":true,"href":"https:\/\/www.inkultura-online.de\/politisch_unkorrekt\/wp-json\/wp\/v2\/comments?post=1940"}],"version-history":[{"count":2,"href":"https:\/\/www.inkultura-online.de\/politisch_unkorrekt\/wp-json\/wp\/v2\/posts\/1940\/revisions"}],"predecessor-version":[{"id":1942,"href":"https:\/\/www.inkultura-online.de\/politisch_unkorrekt\/wp-json\/wp\/v2\/posts\/1940\/revisions\/1942"}],"wp:attachment":[{"href":"https:\/\/www.inkultura-online.de\/politisch_unkorrekt\/wp-json\/wp\/v2\/media?parent=1940"}],"wp:term":[{"taxonomy":"category","embeddable":true,"href":"https:\/\/www.inkultura-online.de\/politisch_unkorrekt\/wp-json\/wp\/v2\/categories?post=1940"},{"taxonomy":"post_tag","embeddable":true,"href":"https:\/\/www.inkultura-online.de\/politisch_unkorrekt\/wp-json\/wp\/v2\/tags?post=1940"}],"curies":[{"name":"wp","href":"https:\/\/api.w.org\/{rel}","templated":true}]}}