{"id":1961,"date":"2019-05-31T12:57:42","date_gmt":"2019-05-31T10:57:42","guid":{"rendered":"http:\/\/www.inkultura-online.de\/politisch_unkorrekt\/?p=1961"},"modified":"2019-05-31T13:08:24","modified_gmt":"2019-05-31T11:08:24","slug":"von-heuchlern-und-marionetten","status":"publish","type":"post","link":"https:\/\/www.inkultura-online.de\/politisch_unkorrekt\/von-heuchlern-und-marionetten\/","title":{"rendered":"Von Heuchlern und Marionetten"},"content":{"rendered":"<p>Nein, so naiv, wie Nietzsches \u201etoller Mensch\u201c, <em>\u201eder am hellen Vormittag eine Laterne anz\u00fcndete, auf den Markt lief und unaufh\u00f6rlich schrie: Ich suche Gott! Ich suche Gott!\u201c<\/em> ist der aufmerksame Beobachter des politischen Zeitgeists beileibe nicht. Diesen Gott, das wusste der gro\u00dfe Kenner des <em>Allzumenschlichen<\/em>, haben wir l\u00e4ngst verloren und an dessen Stelle im Lauf der Zeit so einige in die Sackgasse f\u00fchrende Ideologien und Moden gestellt. Besagter Beobachter w\u00e4re schon zufrieden, wenn er auf den Stra\u00dfen der Republik m\u00fcndige B\u00fcrger, vornehmlich die der j\u00fcngeren Generation, finden w\u00fcrde.<!--more--><\/p>\n<p>Dass in der Vergangenheit gemachte Fehler nicht davor bewahren, in weitere von Menschen gemachte Fallen zu tappen, beweisen die, wie sie in Verkennung der Tatsachen gerne bezeichnet werden, sozialen Medien des Internets, die sich als logische Folge der seit Jahren unter politischer \u00c4gide stattfindenden Bildungskatastrophe zu gro\u00df angelegten Manipulationsmedien, zu einer f\u00fcnften Gewalt entwickelt haben und dabei weniger auf konkrete Fakten und wissenschaftliche Sachverhalte verweisen, sondern vielmehr auf Emotionen und damit direkt die zum Teil erschreckende Unwissenheit ihrer \u201eUser\u201c ausnutzen und instrumentalisieren.<\/p>\n<p>Derzeit wird von interessierten Kreisen ein Kampf Alt gegen Jung inszeniert, dessen erkl\u00e4rtes Ziel die Eliminierung, die Vernichtung des \u201edirty, white old man\u201c ist, der, als sozial-historisches Konstrukt, angeblich alle \u00dcbel der Welt zu verantworten hat. Umweltzerst\u00f6rung, Klimawandel, weltweite Migration, sowie jeder wie auch immer geartete und gegen Fremde gerichtete\u201e&#8230;ismus\u201c und, nicht zu vergessen, Islamophobie sind die Folgen der Taten wei\u00dfer alter M\u00e4nner, deren Zeit jetzt, so die Diktion zweifelhafter Weltverbesserer, abgelaufen ist und an deren Stelle ein globaler Humanitarismus treten soll.<\/p>\n<p>Die Guten, die neuen Freunde aller Menschen, die modernen Humanisten, die Klimaretter und &#8222;Refugees welcome&#8220; Apologeten rekrutieren sich vorwiegend aus dem Milieu der Opfer besagter Bildungskatastrophe; sind also jung und aus Gr\u00fcnden von Lehrermangel und Stundenausfall, sowie von bis zur Infantilit\u00e4t kastrierten Lehrpl\u00e4nen bildungsm\u00e4\u00dfig und intellektuell eher rudiment\u00e4r ausgestattet und daher die bevorzugten Opfer und die eigentliche Zielgruppe politischer Manipulateure.<\/p>\n<p>Der Hype um <a href=\"https:\/\/www.weltwoche.ch\/ausgaben\/2019-4\/artikel\/wir-basteln-uns-eine-klima-ikone-die-weltwoche-ausgabe-4-2019.html\" target=\"_blank\" rel=\"noopener noreferrer\">Greta Thunberg<\/a> und dem <a href=\"https:\/\/www.youtube.com\/watch?v=sLT88iSp_tU&amp;feature=youtu.be\" target=\"_blank\" rel=\"noopener noreferrer\">Youtuber Rezo<\/a>, hinter dem in beiden F\u00e4llen eine gut organisierte Medienkampagne steckt, macht deutlich, dass es mit der M\u00fcndigkeit, vorwiegend derjenigen der j\u00fcngeren Generation, nicht allzu weit her ist. Das kommt nat\u00fcrlich besonders denjenigen zupass, die es geschickt verstehen, mit den sog. sozialen Medien \u00c4ngste zu sch\u00fcren , um einer bestimmten politischen und gesellschaftlichen Agenda den Weg zu bereiten.<\/p>\n<p>M\u00fcndigkeit ist nicht erst seit Kant die F\u00e4higkeit, sich seines eigenen Verstandes zu bedienen. W\u00fcrden die zahlreichen \u201eFollower\u201c s\u00e4mtlicher im Netz hysterisierten Weltuntergangsszenarien ihr Anliegen bez\u00fcglich einer besseren, ges\u00fcnderen und lebenswerteren Welt ernst nehmen, dann m\u00fcssten sie eigentlich sofort ihre Smartphones umweltgerecht, sprich als Sonderm\u00fcll entsorgen und nie wieder ein solches Produkt erwerben. Denn, liebe junge Netzgemeinde, wichtige Bestandteile eurer gesch\u00e4tzten Technik werden unter <a href=\"https:\/\/www.welt.de\/wirtschaft\/webwelt\/article151650363\/Nach-diesem-Handyrohstoff-buddeln-Kinder-metertief.html\" target=\"_blank\" rel=\"noopener noreferrer\">unmenschlichen<\/a> Bedingungen abgebaut.<\/p>\n<p>Solange euch also ein Minimum an Bildung, Reife und M\u00fcndigkeit abgeht, seid ihr f\u00fcr mich nur Marionetten im Dienst interessierter Kreise.<\/p>\n","protected":false},"excerpt":{"rendered":"<p>Nein, so naiv, wie Nietzsches \u201etoller Mensch\u201c, \u201eder am hellen Vormittag eine Laterne anz\u00fcndete, auf den Markt lief und unaufh\u00f6rlich schrie: Ich suche Gott! Ich suche Gott!\u201c ist der aufmerksame Beobachter des politischen Zeitgeists beileibe nicht. Diesen Gott, das wusste &hellip; <a href=\"https:\/\/www.inkultura-online.de\/politisch_unkorrekt\/von-heuchlern-und-marionetten\/\">Weiterlesen <span class=\"meta-nav\">&rarr;<\/span><\/a><\/p>\n","protected":false},"author":1,"featured_media":0,"comment_status":"closed","ping_status":"closed","sticky":false,"template":"","format":"standard","meta":{"footnotes":""},"categories":[2,444,5,6,7],"tags":[157,1217,1220,1219,1218],"class_list":["post-1961","post","type-post","status-publish","format-standard","hentry","category-antipathie","category-gedanken-zum-tag","category-meinungen-und-sprueche","category-menschen-untereinander","category-moderne-zeiten","tag-heuchler","tag-marionetten","tag-medienkampagnen","tag-rezo","tag-thunberg"],"yoast_head":"<!-- This site is optimized with the Yoast SEO plugin v27.5 - https:\/\/yoast.com\/product\/yoast-seo-wordpress\/ -->\n<title>Von Heuchlern und Marionetten - Zeitgeist? Frei!<\/title>\n<meta name=\"robots\" content=\"index, follow, max-snippet:-1, max-image-preview:large, max-video-preview:-1\" \/>\n<link rel=\"canonical\" href=\"https:\/\/www.inkultura-online.de\/politisch_unkorrekt\/von-heuchlern-und-marionetten\/\" \/>\n<meta property=\"og:locale\" content=\"de_DE\" \/>\n<meta property=\"og:type\" content=\"article\" \/>\n<meta property=\"og:title\" content=\"Von Heuchlern und Marionetten - Zeitgeist? Frei!\" \/>\n<meta property=\"og:description\" content=\"Nein, so naiv, wie Nietzsches \u201etoller Mensch\u201c, \u201eder am hellen Vormittag eine Laterne anz\u00fcndete, auf den Markt lief und unaufh\u00f6rlich schrie: Ich suche Gott! Ich suche Gott!\u201c ist der aufmerksame Beobachter des politischen Zeitgeists beileibe nicht. Diesen Gott, das wusste &hellip; Weiterlesen &rarr;\" \/>\n<meta property=\"og:url\" content=\"https:\/\/www.inkultura-online.de\/politisch_unkorrekt\/von-heuchlern-und-marionetten\/\" \/>\n<meta property=\"og:site_name\" content=\"Zeitgeist? Frei!\" \/>\n<meta property=\"article:published_time\" content=\"2019-05-31T10:57:42+00:00\" \/>\n<meta property=\"article:modified_time\" content=\"2019-05-31T11:08:24+00:00\" \/>\n<meta name=\"author\" content=\"Orator\" \/>\n<meta name=\"twitter:label1\" content=\"Verfasst von\" \/>\n\t<meta name=\"twitter:data1\" content=\"Orator\" \/>\n\t<meta name=\"twitter:label2\" content=\"Gesch\u00e4tzte Lesezeit\" \/>\n\t<meta name=\"twitter:data2\" content=\"3\u00a0Minuten\" \/>\n<script type=\"application\/ld+json\" class=\"yoast-schema-graph\">{\"@context\":\"https:\\\/\\\/schema.org\",\"@graph\":[{\"@type\":\"Article\",\"@id\":\"https:\\\/\\\/www.inkultura-online.de\\\/politisch_unkorrekt\\\/von-heuchlern-und-marionetten\\\/#article\",\"isPartOf\":{\"@id\":\"https:\\\/\\\/www.inkultura-online.de\\\/politisch_unkorrekt\\\/von-heuchlern-und-marionetten\\\/\"},\"author\":{\"name\":\"Orator\",\"@id\":\"https:\\\/\\\/www.inkultura-online.de\\\/politisch_unkorrekt\\\/#\\\/schema\\\/person\\\/5b30b80e385478896a1de221e1994d86\"},\"headline\":\"Von Heuchlern und Marionetten\",\"datePublished\":\"2019-05-31T10:57:42+00:00\",\"dateModified\":\"2019-05-31T11:08:24+00:00\",\"mainEntityOfPage\":{\"@id\":\"https:\\\/\\\/www.inkultura-online.de\\\/politisch_unkorrekt\\\/von-heuchlern-und-marionetten\\\/\"},\"wordCount\":507,\"publisher\":{\"@id\":\"https:\\\/\\\/www.inkultura-online.de\\\/politisch_unkorrekt\\\/#\\\/schema\\\/person\\\/5b30b80e385478896a1de221e1994d86\"},\"keywords\":[\"Heuchler\",\"Marionetten\",\"Medienkampagnen\",\"Rezo\",\"Thunberg\"],\"articleSection\":[\"Antipathie\",\"Gedanken zum Tag\",\"Meinungen und Spr\u00fcche\",\"Menschen untereinander\",\"Moderne Zeiten\"],\"inLanguage\":\"de\"},{\"@type\":\"WebPage\",\"@id\":\"https:\\\/\\\/www.inkultura-online.de\\\/politisch_unkorrekt\\\/von-heuchlern-und-marionetten\\\/\",\"url\":\"https:\\\/\\\/www.inkultura-online.de\\\/politisch_unkorrekt\\\/von-heuchlern-und-marionetten\\\/\",\"name\":\"Von Heuchlern und Marionetten - Zeitgeist? Frei!\",\"isPartOf\":{\"@id\":\"https:\\\/\\\/www.inkultura-online.de\\\/politisch_unkorrekt\\\/#website\"},\"datePublished\":\"2019-05-31T10:57:42+00:00\",\"dateModified\":\"2019-05-31T11:08:24+00:00\",\"breadcrumb\":{\"@id\":\"https:\\\/\\\/www.inkultura-online.de\\\/politisch_unkorrekt\\\/von-heuchlern-und-marionetten\\\/#breadcrumb\"},\"inLanguage\":\"de\",\"potentialAction\":[{\"@type\":\"ReadAction\",\"target\":[\"https:\\\/\\\/www.inkultura-online.de\\\/politisch_unkorrekt\\\/von-heuchlern-und-marionetten\\\/\"]}]},{\"@type\":\"BreadcrumbList\",\"@id\":\"https:\\\/\\\/www.inkultura-online.de\\\/politisch_unkorrekt\\\/von-heuchlern-und-marionetten\\\/#breadcrumb\",\"itemListElement\":[{\"@type\":\"ListItem\",\"position\":1,\"name\":\"Home\",\"item\":\"https:\\\/\\\/www.inkultura-online.de\\\/politisch_unkorrekt\\\/\"},{\"@type\":\"ListItem\",\"position\":2,\"name\":\"Von Heuchlern und Marionetten\"}]},{\"@type\":\"WebSite\",\"@id\":\"https:\\\/\\\/www.inkultura-online.de\\\/politisch_unkorrekt\\\/#website\",\"url\":\"https:\\\/\\\/www.inkultura-online.de\\\/politisch_unkorrekt\\\/\",\"name\":\"Zeitgeist? Frei!\",\"description\":\"Was Ihr den Geist der Zeiten hei\u00dft...\",\"publisher\":{\"@id\":\"https:\\\/\\\/www.inkultura-online.de\\\/politisch_unkorrekt\\\/#\\\/schema\\\/person\\\/5b30b80e385478896a1de221e1994d86\"},\"potentialAction\":[{\"@type\":\"SearchAction\",\"target\":{\"@type\":\"EntryPoint\",\"urlTemplate\":\"https:\\\/\\\/www.inkultura-online.de\\\/politisch_unkorrekt\\\/?s={search_term_string}\"},\"query-input\":{\"@type\":\"PropertyValueSpecification\",\"valueRequired\":true,\"valueName\":\"search_term_string\"}}],\"inLanguage\":\"de\"},{\"@type\":[\"Person\",\"Organization\"],\"@id\":\"https:\\\/\\\/www.inkultura-online.de\\\/politisch_unkorrekt\\\/#\\\/schema\\\/person\\\/5b30b80e385478896a1de221e1994d86\",\"name\":\"Orator\",\"image\":{\"@type\":\"ImageObject\",\"inLanguage\":\"de\",\"@id\":\"https:\\\/\\\/secure.gravatar.com\\\/avatar\\\/96e03166d31716e9c437060430eb7605c45a8ce6fb6dab483637ca6915dd0844?s=96&d=mm&r=g\",\"url\":\"https:\\\/\\\/secure.gravatar.com\\\/avatar\\\/96e03166d31716e9c437060430eb7605c45a8ce6fb6dab483637ca6915dd0844?s=96&d=mm&r=g\",\"contentUrl\":\"https:\\\/\\\/secure.gravatar.com\\\/avatar\\\/96e03166d31716e9c437060430eb7605c45a8ce6fb6dab483637ca6915dd0844?s=96&d=mm&r=g\",\"caption\":\"Orator\"},\"logo\":{\"@id\":\"https:\\\/\\\/secure.gravatar.com\\\/avatar\\\/96e03166d31716e9c437060430eb7605c45a8ce6fb6dab483637ca6915dd0844?s=96&d=mm&r=g\"},\"url\":\"https:\\\/\\\/www.inkultura-online.de\\\/politisch_unkorrekt\\\/author\\\/1korrektor21-2\\\/\"}]}<\/script>\n<!-- \/ Yoast SEO plugin. -->","yoast_head_json":{"title":"Von Heuchlern und Marionetten - Zeitgeist? Frei!","robots":{"index":"index","follow":"follow","max-snippet":"max-snippet:-1","max-image-preview":"max-image-preview:large","max-video-preview":"max-video-preview:-1"},"canonical":"https:\/\/www.inkultura-online.de\/politisch_unkorrekt\/von-heuchlern-und-marionetten\/","og_locale":"de_DE","og_type":"article","og_title":"Von Heuchlern und Marionetten - Zeitgeist? Frei!","og_description":"Nein, so naiv, wie Nietzsches \u201etoller Mensch\u201c, \u201eder am hellen Vormittag eine Laterne anz\u00fcndete, auf den Markt lief und unaufh\u00f6rlich schrie: Ich suche Gott! Ich suche Gott!\u201c ist der aufmerksame Beobachter des politischen Zeitgeists beileibe nicht. Diesen Gott, das wusste &hellip; Weiterlesen &rarr;","og_url":"https:\/\/www.inkultura-online.de\/politisch_unkorrekt\/von-heuchlern-und-marionetten\/","og_site_name":"Zeitgeist? Frei!","article_published_time":"2019-05-31T10:57:42+00:00","article_modified_time":"2019-05-31T11:08:24+00:00","author":"Orator","twitter_misc":{"Verfasst von":"Orator","Gesch\u00e4tzte Lesezeit":"3\u00a0Minuten"},"schema":{"@context":"https:\/\/schema.org","@graph":[{"@type":"Article","@id":"https:\/\/www.inkultura-online.de\/politisch_unkorrekt\/von-heuchlern-und-marionetten\/#article","isPartOf":{"@id":"https:\/\/www.inkultura-online.de\/politisch_unkorrekt\/von-heuchlern-und-marionetten\/"},"author":{"name":"Orator","@id":"https:\/\/www.inkultura-online.de\/politisch_unkorrekt\/#\/schema\/person\/5b30b80e385478896a1de221e1994d86"},"headline":"Von Heuchlern und Marionetten","datePublished":"2019-05-31T10:57:42+00:00","dateModified":"2019-05-31T11:08:24+00:00","mainEntityOfPage":{"@id":"https:\/\/www.inkultura-online.de\/politisch_unkorrekt\/von-heuchlern-und-marionetten\/"},"wordCount":507,"publisher":{"@id":"https:\/\/www.inkultura-online.de\/politisch_unkorrekt\/#\/schema\/person\/5b30b80e385478896a1de221e1994d86"},"keywords":["Heuchler","Marionetten","Medienkampagnen","Rezo","Thunberg"],"articleSection":["Antipathie","Gedanken zum Tag","Meinungen und Spr\u00fcche","Menschen untereinander","Moderne Zeiten"],"inLanguage":"de"},{"@type":"WebPage","@id":"https:\/\/www.inkultura-online.de\/politisch_unkorrekt\/von-heuchlern-und-marionetten\/","url":"https:\/\/www.inkultura-online.de\/politisch_unkorrekt\/von-heuchlern-und-marionetten\/","name":"Von Heuchlern und Marionetten - Zeitgeist? Frei!","isPartOf":{"@id":"https:\/\/www.inkultura-online.de\/politisch_unkorrekt\/#website"},"datePublished":"2019-05-31T10:57:42+00:00","dateModified":"2019-05-31T11:08:24+00:00","breadcrumb":{"@id":"https:\/\/www.inkultura-online.de\/politisch_unkorrekt\/von-heuchlern-und-marionetten\/#breadcrumb"},"inLanguage":"de","potentialAction":[{"@type":"ReadAction","target":["https:\/\/www.inkultura-online.de\/politisch_unkorrekt\/von-heuchlern-und-marionetten\/"]}]},{"@type":"BreadcrumbList","@id":"https:\/\/www.inkultura-online.de\/politisch_unkorrekt\/von-heuchlern-und-marionetten\/#breadcrumb","itemListElement":[{"@type":"ListItem","position":1,"name":"Home","item":"https:\/\/www.inkultura-online.de\/politisch_unkorrekt\/"},{"@type":"ListItem","position":2,"name":"Von Heuchlern und Marionetten"}]},{"@type":"WebSite","@id":"https:\/\/www.inkultura-online.de\/politisch_unkorrekt\/#website","url":"https:\/\/www.inkultura-online.de\/politisch_unkorrekt\/","name":"Zeitgeist? Frei!","description":"Was Ihr den Geist der Zeiten hei\u00dft...","publisher":{"@id":"https:\/\/www.inkultura-online.de\/politisch_unkorrekt\/#\/schema\/person\/5b30b80e385478896a1de221e1994d86"},"potentialAction":[{"@type":"SearchAction","target":{"@type":"EntryPoint","urlTemplate":"https:\/\/www.inkultura-online.de\/politisch_unkorrekt\/?s={search_term_string}"},"query-input":{"@type":"PropertyValueSpecification","valueRequired":true,"valueName":"search_term_string"}}],"inLanguage":"de"},{"@type":["Person","Organization"],"@id":"https:\/\/www.inkultura-online.de\/politisch_unkorrekt\/#\/schema\/person\/5b30b80e385478896a1de221e1994d86","name":"Orator","image":{"@type":"ImageObject","inLanguage":"de","@id":"https:\/\/secure.gravatar.com\/avatar\/96e03166d31716e9c437060430eb7605c45a8ce6fb6dab483637ca6915dd0844?s=96&d=mm&r=g","url":"https:\/\/secure.gravatar.com\/avatar\/96e03166d31716e9c437060430eb7605c45a8ce6fb6dab483637ca6915dd0844?s=96&d=mm&r=g","contentUrl":"https:\/\/secure.gravatar.com\/avatar\/96e03166d31716e9c437060430eb7605c45a8ce6fb6dab483637ca6915dd0844?s=96&d=mm&r=g","caption":"Orator"},"logo":{"@id":"https:\/\/secure.gravatar.com\/avatar\/96e03166d31716e9c437060430eb7605c45a8ce6fb6dab483637ca6915dd0844?s=96&d=mm&r=g"},"url":"https:\/\/www.inkultura-online.de\/politisch_unkorrekt\/author\/1korrektor21-2\/"}]}},"_links":{"self":[{"href":"https:\/\/www.inkultura-online.de\/politisch_unkorrekt\/wp-json\/wp\/v2\/posts\/1961","targetHints":{"allow":["GET"]}}],"collection":[{"href":"https:\/\/www.inkultura-online.de\/politisch_unkorrekt\/wp-json\/wp\/v2\/posts"}],"about":[{"href":"https:\/\/www.inkultura-online.de\/politisch_unkorrekt\/wp-json\/wp\/v2\/types\/post"}],"author":[{"embeddable":true,"href":"https:\/\/www.inkultura-online.de\/politisch_unkorrekt\/wp-json\/wp\/v2\/users\/1"}],"replies":[{"embeddable":true,"href":"https:\/\/www.inkultura-online.de\/politisch_unkorrekt\/wp-json\/wp\/v2\/comments?post=1961"}],"version-history":[{"count":4,"href":"https:\/\/www.inkultura-online.de\/politisch_unkorrekt\/wp-json\/wp\/v2\/posts\/1961\/revisions"}],"predecessor-version":[{"id":1965,"href":"https:\/\/www.inkultura-online.de\/politisch_unkorrekt\/wp-json\/wp\/v2\/posts\/1961\/revisions\/1965"}],"wp:attachment":[{"href":"https:\/\/www.inkultura-online.de\/politisch_unkorrekt\/wp-json\/wp\/v2\/media?parent=1961"}],"wp:term":[{"taxonomy":"category","embeddable":true,"href":"https:\/\/www.inkultura-online.de\/politisch_unkorrekt\/wp-json\/wp\/v2\/categories?post=1961"},{"taxonomy":"post_tag","embeddable":true,"href":"https:\/\/www.inkultura-online.de\/politisch_unkorrekt\/wp-json\/wp\/v2\/tags?post=1961"}],"curies":[{"name":"wp","href":"https:\/\/api.w.org\/{rel}","templated":true}]}}