{"id":2013,"date":"2019-08-04T10:34:25","date_gmt":"2019-08-04T08:34:25","guid":{"rendered":"http:\/\/www.inkultura-online.de\/politisch_unkorrekt\/?p=2013"},"modified":"2019-08-04T10:34:25","modified_gmt":"2019-08-04T08:34:25","slug":"und-nietzsche-hatte-doch-recht","status":"publish","type":"post","link":"https:\/\/www.inkultura-online.de\/politisch_unkorrekt\/und-nietzsche-hatte-doch-recht\/","title":{"rendered":"Und Nietzsche hatte doch recht"},"content":{"rendered":"<p>Als Nietzsche Ende des 19. Jahrhunderts den Tod Gottes verk\u00fcndete und das Christentum als eine Religion der Zu-Kurz-Gekommenen, der mit Ressentiments Beladenen, der Schwachen und der Hasserf\u00fcllten gegen\u00fcber den Sch\u00f6nen, Starken und dem Adel des Geistes, dessen Wenigen daraus eine nat\u00fcrliche F\u00fchrungsposition zukommt definierte, konnte er nicht wissen, dass sich im 21. Jahrhundert eine neue religi\u00f6se Bewegung etablieren w\u00fcrde, die sich daran macht, die Errungenschaften des wei\u00dfen Mannes, der jetzt in eben diesem neuen Glauben als \u201edirty white old man\u201c fungiert, nicht nur zur Disposition stellt, sondern, zumindest in den L\u00e4ndern des wei\u00dfen Mannes, ganz abschaffen will.<!--more--><\/p>\n<p>Gott l\u00e4sst sich eben nicht mal kurz abschaffen, denn solange dem Menschen der Sprung auf eine andere Ebene des Bewusstseins nicht gelungen ist, lauert im Unterbewusstsein immer die Hoffnung auf spirituelle F\u00fchrung und der Glaube, ja geradezu die Sehnsucht nach der endg\u00fcltigen und f\u00fcr alle geltenden Eschatologie. Das ahnte wohl auch Nietzsche, als er dem \u201eletzten Menschen\u201c attestierte nur noch Tr\u00f6stung und Sicherheit zu suchen.<\/p>\n<p>Nun, dieses Bed\u00fcrfnis nach Trost und Geborgenheit erf\u00fcllt die neue Klimareligion voll und ganz. Endlich, so scheint es, wird den Schwachen, den Dummen, den zu kurz Gekommenen und den mediokren Geistern wieder eine M\u00f6glichkeit geboten, im Diesseits so etwas wie billige Transzendenz zu finden und den in ihnen immer latent vorhandenen Drang zur Masse zu befriedigen.<\/p>\n<p>Den Klimaanbetern, den mit Hass Erf\u00fcllten, den Neidischen, den H\u00e4sslichen, den Impotenten, den Frigiden, den Narzissten, den Egomanen, den gr\u00fcnen Nazis, die eigentlichen Profiteure der religi\u00f6sen Hysterie, wird einiges geboten. Da ist eine junge, geistig etwas besch\u00e4digte \u201eProphetin\u201c, die angeblich, so deren Mutter, CO2 sehen kann, da ist die Masse der digital Verdummten, die endlich wieder sp\u00fcrt, dass es neben den sog. sozialen Medien eine Realit\u00e4t gibt, f\u00fcr die man begeistert jeden Freitag die Schule sausen l\u00e4sst, ohne auch nur zu ahnen \u2013 Achtung Bildungskatastrophe \u2013, dass man sich l\u00e4ngst vor den Karren interessierter Kreise hat spannen lassen.<\/p>\n<p>Wie jede Kirche ist auch die Klimareligion ein Instrument zur Unterdr\u00fcckung, die neben den Gr\u00fcnen nat\u00fcrlich auch Mitl\u00e4ufer hervorbringt. Parteien, Medien, K\u00fcnstler, von Staat alimentierte Professoren, Lehrer, das ganze intellektuelle Prekariat springen nur all zu gern auf den Klimazug auf, wohl wissend, das dort auch und gerade auf intellektuell eher unterbelichtete Figuren Jobs und Pfr\u00fcnde warten.<\/p>\n<p>Was \u00f6ffnen sich bei diesem modernen Sklavenaufstand der Moralinsauren nicht alles f\u00fcr menschliche Abgr\u00fcnde:<\/p>\n<p>Da fordert eine <a href=\"https:\/\/taz.de\/Fehlender-Wohnraum-in-Grossstaedten\/!5609116\/?fbclid=IwAR3_D5tYX-rYKFIoMNvvBbz7hv8cz9hFq4ZfyR5Hpbbh-H2UNV8SiCf_SWE\" target=\"_blank\" rel=\"noopener noreferrer\">Zeilenhure der TAZ<\/a> Schreberg\u00e4rten platt zu machen. <em>\u201eDer Schrebergarten ist verstaubte Bundesrepublik, ist Spie\u00dfertum und Egoismus. Ist Abschottung gegen Fremde, Angst vor Ver\u00e4nderung und \u00fcberhaupt auch oft rechts, bedenkt man die zahlreichen verwitterten Deutschlandflaggen, die \u00fcber fast jeder Gartenkolonie wehen.\u201c<\/em> Wie praktisch, wird man doch auf diese Weise gleich den politischen und gesellschaftlichen Feind los.<\/p>\n<p>Da will, ebenfalls Zeilenhure, eine Person, die offensichtlich zu dumm ist, den Hinterlassenschaften der Hunde auszuweichen, gleich alle Haustiere abschaffen, weil, man h\u00f6re und w\u00fcnscht sich das Herabfallen von Geist aus h\u00f6heren Regionen, <em><a href=\"https:\/\/www.neues-deutschland.de\/artikel\/1123027.haustiere-lasst-uns-die-koeter-abschaffen.html\" target=\"_blank\" rel=\"noopener noreferrer\">\u201eDer \u00f6kologische Fu\u00dfabdruck einer deutschen Katze ist im Durchschnitt genauso gro\u00df wie der eines \u00c4gypters.\u201c<\/a><\/em><\/p>\n<p>Gleichzeitig schl\u00e4gt die Stunde f\u00fcr das widerlichste Pack, das in einer Gesellschaft sein Unwesen treibt. Der Denunziant hat wieder Konjunktur. <a href=\"https:\/\/www.deutschlandfunk.de\/oekonom-zu-klimaschutz-wir-brauchen-einen-aufstand-der.694.de.html?dram:article_id=454447\" target=\"_blank\" rel=\"noopener noreferrer\">Niko Paech<\/a>, Professor und damit staatlich alimentierten Wachstumskritiker, will <em>\u201eauch mal einen Streit beginnen dergestalt, dass ich meinem Nachbarn sage, h\u00f6r mal, warum hast du eine Kreuzfahrt gebucht, wer gibt dir das Recht, einen SUV zu fahren, warum musst du eine Flugreise in den Skiurlaub auch noch t\u00e4tigen.\u201c<\/em><\/p>\n<p>Man darf gespannt sein, was die, die bislang unter Steinen und in L\u00f6chern gehaust haben und jetzt endlich ihre Stunde gekommen sehen, sich noch alles einfallen lassen. Widerstand ist dringend geboten.<\/p>\n","protected":false},"excerpt":{"rendered":"<p>Als Nietzsche Ende des 19. Jahrhunderts den Tod Gottes verk\u00fcndete und das Christentum als eine Religion der Zu-Kurz-Gekommenen, der mit Ressentiments Beladenen, der Schwachen und der Hasserf\u00fcllten gegen\u00fcber den Sch\u00f6nen, Starken und dem Adel des Geistes, dessen Wenigen daraus eine &hellip; <a href=\"https:\/\/www.inkultura-online.de\/politisch_unkorrekt\/und-nietzsche-hatte-doch-recht\/\">Weiterlesen <span class=\"meta-nav\">&rarr;<\/span><\/a><\/p>\n","protected":false},"author":1,"featured_media":0,"comment_status":"closed","ping_status":"closed","sticky":false,"template":"","format":"standard","meta":{"footnotes":""},"categories":[2,3,1,444,6,30],"tags":[379,1247,1246,1126,142],"class_list":["post-2013","post","type-post","status-publish","format-standard","hentry","category-antipathie","category-die-duemmsten-sprueche-der-woche","category-fundstuecke","category-gedanken-zum-tag","category-menschen-untereinander","category-so-siehts-aus","tag-denunzianten","tag-klimareligion","tag-nietzsche","tag-sklavenmoral","tag-widerstand"],"yoast_head":"<!-- This site is optimized with the Yoast SEO plugin v27.5 - https:\/\/yoast.com\/product\/yoast-seo-wordpress\/ -->\n<title>Und Nietzsche hatte doch recht - Zeitgeist? Frei!<\/title>\n<meta name=\"robots\" content=\"index, follow, max-snippet:-1, max-image-preview:large, max-video-preview:-1\" \/>\n<link rel=\"canonical\" href=\"https:\/\/www.inkultura-online.de\/politisch_unkorrekt\/und-nietzsche-hatte-doch-recht\/\" \/>\n<meta property=\"og:locale\" content=\"de_DE\" \/>\n<meta property=\"og:type\" content=\"article\" \/>\n<meta property=\"og:title\" content=\"Und Nietzsche hatte doch recht - Zeitgeist? Frei!\" \/>\n<meta property=\"og:description\" content=\"Als Nietzsche Ende des 19. Jahrhunderts den Tod Gottes verk\u00fcndete und das Christentum als eine Religion der Zu-Kurz-Gekommenen, der mit Ressentiments Beladenen, der Schwachen und der Hasserf\u00fcllten gegen\u00fcber den Sch\u00f6nen, Starken und dem Adel des Geistes, dessen Wenigen daraus eine &hellip; Weiterlesen &rarr;\" \/>\n<meta property=\"og:url\" content=\"https:\/\/www.inkultura-online.de\/politisch_unkorrekt\/und-nietzsche-hatte-doch-recht\/\" \/>\n<meta property=\"og:site_name\" content=\"Zeitgeist? Frei!\" \/>\n<meta property=\"article:published_time\" content=\"2019-08-04T08:34:25+00:00\" \/>\n<meta name=\"author\" content=\"Orator\" \/>\n<meta name=\"twitter:label1\" content=\"Verfasst von\" \/>\n\t<meta name=\"twitter:data1\" content=\"Orator\" \/>\n\t<meta name=\"twitter:label2\" content=\"Gesch\u00e4tzte Lesezeit\" \/>\n\t<meta name=\"twitter:data2\" content=\"3\u00a0Minuten\" \/>\n<script type=\"application\/ld+json\" class=\"yoast-schema-graph\">{\"@context\":\"https:\\\/\\\/schema.org\",\"@graph\":[{\"@type\":\"Article\",\"@id\":\"https:\\\/\\\/www.inkultura-online.de\\\/politisch_unkorrekt\\\/und-nietzsche-hatte-doch-recht\\\/#article\",\"isPartOf\":{\"@id\":\"https:\\\/\\\/www.inkultura-online.de\\\/politisch_unkorrekt\\\/und-nietzsche-hatte-doch-recht\\\/\"},\"author\":{\"name\":\"Orator\",\"@id\":\"https:\\\/\\\/www.inkultura-online.de\\\/politisch_unkorrekt\\\/#\\\/schema\\\/person\\\/5b30b80e385478896a1de221e1994d86\"},\"headline\":\"Und Nietzsche hatte doch recht\",\"datePublished\":\"2019-08-04T08:34:25+00:00\",\"mainEntityOfPage\":{\"@id\":\"https:\\\/\\\/www.inkultura-online.de\\\/politisch_unkorrekt\\\/und-nietzsche-hatte-doch-recht\\\/\"},\"wordCount\":641,\"publisher\":{\"@id\":\"https:\\\/\\\/www.inkultura-online.de\\\/politisch_unkorrekt\\\/#\\\/schema\\\/person\\\/5b30b80e385478896a1de221e1994d86\"},\"keywords\":[\"Denunzianten\",\"Klimareligion\",\"Nietzsche\",\"Sklavenmoral\",\"Widerstand\"],\"articleSection\":[\"Antipathie\",\"Die d\u00fcmmsten Spr\u00fcche der Woche\",\"Fundst\u00fccke\",\"Gedanken zum Tag\",\"Menschen untereinander\",\"So sieht\u00b4s aus\"],\"inLanguage\":\"de\"},{\"@type\":\"WebPage\",\"@id\":\"https:\\\/\\\/www.inkultura-online.de\\\/politisch_unkorrekt\\\/und-nietzsche-hatte-doch-recht\\\/\",\"url\":\"https:\\\/\\\/www.inkultura-online.de\\\/politisch_unkorrekt\\\/und-nietzsche-hatte-doch-recht\\\/\",\"name\":\"Und Nietzsche hatte doch recht - Zeitgeist? Frei!\",\"isPartOf\":{\"@id\":\"https:\\\/\\\/www.inkultura-online.de\\\/politisch_unkorrekt\\\/#website\"},\"datePublished\":\"2019-08-04T08:34:25+00:00\",\"breadcrumb\":{\"@id\":\"https:\\\/\\\/www.inkultura-online.de\\\/politisch_unkorrekt\\\/und-nietzsche-hatte-doch-recht\\\/#breadcrumb\"},\"inLanguage\":\"de\",\"potentialAction\":[{\"@type\":\"ReadAction\",\"target\":[\"https:\\\/\\\/www.inkultura-online.de\\\/politisch_unkorrekt\\\/und-nietzsche-hatte-doch-recht\\\/\"]}]},{\"@type\":\"BreadcrumbList\",\"@id\":\"https:\\\/\\\/www.inkultura-online.de\\\/politisch_unkorrekt\\\/und-nietzsche-hatte-doch-recht\\\/#breadcrumb\",\"itemListElement\":[{\"@type\":\"ListItem\",\"position\":1,\"name\":\"Home\",\"item\":\"https:\\\/\\\/www.inkultura-online.de\\\/politisch_unkorrekt\\\/\"},{\"@type\":\"ListItem\",\"position\":2,\"name\":\"Und Nietzsche hatte doch recht\"}]},{\"@type\":\"WebSite\",\"@id\":\"https:\\\/\\\/www.inkultura-online.de\\\/politisch_unkorrekt\\\/#website\",\"url\":\"https:\\\/\\\/www.inkultura-online.de\\\/politisch_unkorrekt\\\/\",\"name\":\"Zeitgeist? Frei!\",\"description\":\"Was Ihr den Geist der Zeiten hei\u00dft...\",\"publisher\":{\"@id\":\"https:\\\/\\\/www.inkultura-online.de\\\/politisch_unkorrekt\\\/#\\\/schema\\\/person\\\/5b30b80e385478896a1de221e1994d86\"},\"potentialAction\":[{\"@type\":\"SearchAction\",\"target\":{\"@type\":\"EntryPoint\",\"urlTemplate\":\"https:\\\/\\\/www.inkultura-online.de\\\/politisch_unkorrekt\\\/?s={search_term_string}\"},\"query-input\":{\"@type\":\"PropertyValueSpecification\",\"valueRequired\":true,\"valueName\":\"search_term_string\"}}],\"inLanguage\":\"de\"},{\"@type\":[\"Person\",\"Organization\"],\"@id\":\"https:\\\/\\\/www.inkultura-online.de\\\/politisch_unkorrekt\\\/#\\\/schema\\\/person\\\/5b30b80e385478896a1de221e1994d86\",\"name\":\"Orator\",\"image\":{\"@type\":\"ImageObject\",\"inLanguage\":\"de\",\"@id\":\"https:\\\/\\\/secure.gravatar.com\\\/avatar\\\/96e03166d31716e9c437060430eb7605c45a8ce6fb6dab483637ca6915dd0844?s=96&d=mm&r=g\",\"url\":\"https:\\\/\\\/secure.gravatar.com\\\/avatar\\\/96e03166d31716e9c437060430eb7605c45a8ce6fb6dab483637ca6915dd0844?s=96&d=mm&r=g\",\"contentUrl\":\"https:\\\/\\\/secure.gravatar.com\\\/avatar\\\/96e03166d31716e9c437060430eb7605c45a8ce6fb6dab483637ca6915dd0844?s=96&d=mm&r=g\",\"caption\":\"Orator\"},\"logo\":{\"@id\":\"https:\\\/\\\/secure.gravatar.com\\\/avatar\\\/96e03166d31716e9c437060430eb7605c45a8ce6fb6dab483637ca6915dd0844?s=96&d=mm&r=g\"},\"url\":\"https:\\\/\\\/www.inkultura-online.de\\\/politisch_unkorrekt\\\/author\\\/1korrektor21-2\\\/\"}]}<\/script>\n<!-- \/ Yoast SEO plugin. -->","yoast_head_json":{"title":"Und Nietzsche hatte doch recht - Zeitgeist? Frei!","robots":{"index":"index","follow":"follow","max-snippet":"max-snippet:-1","max-image-preview":"max-image-preview:large","max-video-preview":"max-video-preview:-1"},"canonical":"https:\/\/www.inkultura-online.de\/politisch_unkorrekt\/und-nietzsche-hatte-doch-recht\/","og_locale":"de_DE","og_type":"article","og_title":"Und Nietzsche hatte doch recht - Zeitgeist? Frei!","og_description":"Als Nietzsche Ende des 19. Jahrhunderts den Tod Gottes verk\u00fcndete und das Christentum als eine Religion der Zu-Kurz-Gekommenen, der mit Ressentiments Beladenen, der Schwachen und der Hasserf\u00fcllten gegen\u00fcber den Sch\u00f6nen, Starken und dem Adel des Geistes, dessen Wenigen daraus eine &hellip; Weiterlesen &rarr;","og_url":"https:\/\/www.inkultura-online.de\/politisch_unkorrekt\/und-nietzsche-hatte-doch-recht\/","og_site_name":"Zeitgeist? Frei!","article_published_time":"2019-08-04T08:34:25+00:00","author":"Orator","twitter_misc":{"Verfasst von":"Orator","Gesch\u00e4tzte Lesezeit":"3\u00a0Minuten"},"schema":{"@context":"https:\/\/schema.org","@graph":[{"@type":"Article","@id":"https:\/\/www.inkultura-online.de\/politisch_unkorrekt\/und-nietzsche-hatte-doch-recht\/#article","isPartOf":{"@id":"https:\/\/www.inkultura-online.de\/politisch_unkorrekt\/und-nietzsche-hatte-doch-recht\/"},"author":{"name":"Orator","@id":"https:\/\/www.inkultura-online.de\/politisch_unkorrekt\/#\/schema\/person\/5b30b80e385478896a1de221e1994d86"},"headline":"Und Nietzsche hatte doch recht","datePublished":"2019-08-04T08:34:25+00:00","mainEntityOfPage":{"@id":"https:\/\/www.inkultura-online.de\/politisch_unkorrekt\/und-nietzsche-hatte-doch-recht\/"},"wordCount":641,"publisher":{"@id":"https:\/\/www.inkultura-online.de\/politisch_unkorrekt\/#\/schema\/person\/5b30b80e385478896a1de221e1994d86"},"keywords":["Denunzianten","Klimareligion","Nietzsche","Sklavenmoral","Widerstand"],"articleSection":["Antipathie","Die d\u00fcmmsten Spr\u00fcche der Woche","Fundst\u00fccke","Gedanken zum Tag","Menschen untereinander","So sieht\u00b4s aus"],"inLanguage":"de"},{"@type":"WebPage","@id":"https:\/\/www.inkultura-online.de\/politisch_unkorrekt\/und-nietzsche-hatte-doch-recht\/","url":"https:\/\/www.inkultura-online.de\/politisch_unkorrekt\/und-nietzsche-hatte-doch-recht\/","name":"Und Nietzsche hatte doch recht - Zeitgeist? Frei!","isPartOf":{"@id":"https:\/\/www.inkultura-online.de\/politisch_unkorrekt\/#website"},"datePublished":"2019-08-04T08:34:25+00:00","breadcrumb":{"@id":"https:\/\/www.inkultura-online.de\/politisch_unkorrekt\/und-nietzsche-hatte-doch-recht\/#breadcrumb"},"inLanguage":"de","potentialAction":[{"@type":"ReadAction","target":["https:\/\/www.inkultura-online.de\/politisch_unkorrekt\/und-nietzsche-hatte-doch-recht\/"]}]},{"@type":"BreadcrumbList","@id":"https:\/\/www.inkultura-online.de\/politisch_unkorrekt\/und-nietzsche-hatte-doch-recht\/#breadcrumb","itemListElement":[{"@type":"ListItem","position":1,"name":"Home","item":"https:\/\/www.inkultura-online.de\/politisch_unkorrekt\/"},{"@type":"ListItem","position":2,"name":"Und Nietzsche hatte doch recht"}]},{"@type":"WebSite","@id":"https:\/\/www.inkultura-online.de\/politisch_unkorrekt\/#website","url":"https:\/\/www.inkultura-online.de\/politisch_unkorrekt\/","name":"Zeitgeist? Frei!","description":"Was Ihr den Geist der Zeiten hei\u00dft...","publisher":{"@id":"https:\/\/www.inkultura-online.de\/politisch_unkorrekt\/#\/schema\/person\/5b30b80e385478896a1de221e1994d86"},"potentialAction":[{"@type":"SearchAction","target":{"@type":"EntryPoint","urlTemplate":"https:\/\/www.inkultura-online.de\/politisch_unkorrekt\/?s={search_term_string}"},"query-input":{"@type":"PropertyValueSpecification","valueRequired":true,"valueName":"search_term_string"}}],"inLanguage":"de"},{"@type":["Person","Organization"],"@id":"https:\/\/www.inkultura-online.de\/politisch_unkorrekt\/#\/schema\/person\/5b30b80e385478896a1de221e1994d86","name":"Orator","image":{"@type":"ImageObject","inLanguage":"de","@id":"https:\/\/secure.gravatar.com\/avatar\/96e03166d31716e9c437060430eb7605c45a8ce6fb6dab483637ca6915dd0844?s=96&d=mm&r=g","url":"https:\/\/secure.gravatar.com\/avatar\/96e03166d31716e9c437060430eb7605c45a8ce6fb6dab483637ca6915dd0844?s=96&d=mm&r=g","contentUrl":"https:\/\/secure.gravatar.com\/avatar\/96e03166d31716e9c437060430eb7605c45a8ce6fb6dab483637ca6915dd0844?s=96&d=mm&r=g","caption":"Orator"},"logo":{"@id":"https:\/\/secure.gravatar.com\/avatar\/96e03166d31716e9c437060430eb7605c45a8ce6fb6dab483637ca6915dd0844?s=96&d=mm&r=g"},"url":"https:\/\/www.inkultura-online.de\/politisch_unkorrekt\/author\/1korrektor21-2\/"}]}},"_links":{"self":[{"href":"https:\/\/www.inkultura-online.de\/politisch_unkorrekt\/wp-json\/wp\/v2\/posts\/2013","targetHints":{"allow":["GET"]}}],"collection":[{"href":"https:\/\/www.inkultura-online.de\/politisch_unkorrekt\/wp-json\/wp\/v2\/posts"}],"about":[{"href":"https:\/\/www.inkultura-online.de\/politisch_unkorrekt\/wp-json\/wp\/v2\/types\/post"}],"author":[{"embeddable":true,"href":"https:\/\/www.inkultura-online.de\/politisch_unkorrekt\/wp-json\/wp\/v2\/users\/1"}],"replies":[{"embeddable":true,"href":"https:\/\/www.inkultura-online.de\/politisch_unkorrekt\/wp-json\/wp\/v2\/comments?post=2013"}],"version-history":[{"count":1,"href":"https:\/\/www.inkultura-online.de\/politisch_unkorrekt\/wp-json\/wp\/v2\/posts\/2013\/revisions"}],"predecessor-version":[{"id":2014,"href":"https:\/\/www.inkultura-online.de\/politisch_unkorrekt\/wp-json\/wp\/v2\/posts\/2013\/revisions\/2014"}],"wp:attachment":[{"href":"https:\/\/www.inkultura-online.de\/politisch_unkorrekt\/wp-json\/wp\/v2\/media?parent=2013"}],"wp:term":[{"taxonomy":"category","embeddable":true,"href":"https:\/\/www.inkultura-online.de\/politisch_unkorrekt\/wp-json\/wp\/v2\/categories?post=2013"},{"taxonomy":"post_tag","embeddable":true,"href":"https:\/\/www.inkultura-online.de\/politisch_unkorrekt\/wp-json\/wp\/v2\/tags?post=2013"}],"curies":[{"name":"wp","href":"https:\/\/api.w.org\/{rel}","templated":true}]}}