{"id":2019,"date":"2019-09-07T17:24:07","date_gmt":"2019-09-07T15:24:07","guid":{"rendered":"http:\/\/www.inkultura-online.de\/politisch_unkorrekt\/?p=2019"},"modified":"2019-09-07T17:26:50","modified_gmt":"2019-09-07T15:26:50","slug":"2019-2","status":"publish","type":"post","link":"https:\/\/www.inkultura-online.de\/politisch_unkorrekt\/2019-2\/","title":{"rendered":"Wer Arbeit hat, w\u00e4hlt rechts"},"content":{"rendered":"<p>Der aufmerksame Beobachter des politischen Zeitgeistes ist von den derzeit sich als gesellschaftliche Elite pr\u00e4sentierenden Vollpfosten bekannterweise so manche schr\u00e4ge \u00c4u\u00dferungen gewohnt. Dass es allerdings immer noch Platz gibt, f\u00fcr eine Schippe mehr gequirlten Unsinn auf dem Haufen der Verbaldiarrhoe beweist jetzt Thomas Kr\u00fcger, drittrangige SPD-Schranze mit dem Hang zur peinlich \u00fcberh\u00f6hten Selbstdarstellung.<!--more--><\/p>\n<p>Selbiger, wohlbemerkt aus Steuergeldern \u00fcppig alimentiert, ist der Pr\u00e4sident der Bundeszentrale f\u00fcr politische Bildung und kommt nach angestrengtem Nachdenken dar\u00fcber, warum zum Teufel das Wahlvolk unl\u00e4ngst so vollkommen am politischen Mainstream vorbei seine Kreuze auf den Zetteln gemacht hat, zu folgendem Ergebnis: <em>\u201eDie Problemgruppe Nummer eins [im Klartext die Falschw\u00e4hler] sind die berufsaktiven Menschen\u201c<\/em>, so <a href=\"https:\/\/www.dnn.de\/Nachrichten\/Politik\/Bundeszentrale-fuer-politische-Bildung-will-mehr-Berufstaetige-erreichen\" target=\"_blank\" rel=\"noopener noreferrer\">Oberchecker Kr\u00fcge<\/a>r und begr\u00fcndet seine Erkenntnis wie folgt <em>\u201eDie wiederum sind nicht in formalen Infrastrukturen politischer Bildung eingebunden und haben neben Job und Familie ein relativ geringes Zeitbudget zur Verf\u00fcgung.\u201c<\/em><\/p>\n<p>Diesen Satz muss man sich einfach gen\u00fcsslich auf der Zunge zergehen lassen. Wer also Arbeit hat und f\u00fcr sein Auskommen allein sorgen kann, wer dem Staat, der Allgemeinheit nicht auf der Tasche liegt, wer artig seine Steuern dem Moloch \u00fcberl\u00e4sst und wer, ich lehne mich jetzt mal weit aus dem Fenster, die Politiker sowieso f\u00fcr wandelnde Arschl\u00f6cher h\u00e4lt, deren einzige derzeitige Kompetenz in Verrat und Austausch in gro\u00dfem Stil besteht, der ist laut SPD-Kr\u00fcger eine rechte Problemgruppe.<\/p>\n<p>Da kann er sich des Beifalls von Stasi-Kahane sicher sein, die bekanntlich wohlerzogene Kinder aus Familien mit intakter Einkommensstruktur als zuk\u00fcnftige Nationalsozialisten, jedenfalls aber aus rechts gerichteten Familien stammend denunziert.<\/p>\n<p>Was w\u00e4re eigentlich, wenn das arbeitende, jeden morgen p\u00fcnktlich aufstehende, flei\u00dfige, ehrliche und staats- und gesellschaftserhaltende &#8222;rechte Pack&#8220; sich dazu entschlie\u00dfen w\u00fcrde, dem politischen Pack das kommode Leben zu versauen, sprich die Zahlung der Steuern genannten Zwangsabgaben an einen Staat zu verweigern, der nicht zuletzt mit den von seinen B\u00fcrgern abgepressten Geldern munter Krieg gegen das eigene Volk f\u00fchrt?<\/p>\n<p>Die asozialen Elemente sind beileibe nicht im unteren Drittel unserer Gesellschaft zu finden, sondern direkt an und in den Fleischt\u00f6pfen der Nation. Dieses Pack widert einfach nur noch an.<\/p>\n","protected":false},"excerpt":{"rendered":"<p>Der aufmerksame Beobachter des politischen Zeitgeistes ist von den derzeit sich als gesellschaftliche Elite pr\u00e4sentierenden Vollpfosten bekannterweise so manche schr\u00e4ge \u00c4u\u00dferungen gewohnt. Dass es allerdings immer noch Platz gibt, f\u00fcr eine Schippe mehr gequirlten Unsinn auf dem Haufen der Verbaldiarrhoe &hellip; <a href=\"https:\/\/www.inkultura-online.de\/politisch_unkorrekt\/2019-2\/\">Weiterlesen <span class=\"meta-nav\">&rarr;<\/span><\/a><\/p>\n","protected":false},"author":1,"featured_media":0,"comment_status":"closed","ping_status":"closed","sticky":false,"template":"","format":"standard","meta":{"footnotes":""},"categories":[2,378,3,1,444,6,30,10],"tags":[1250,1248,1249],"class_list":["post-2019","post","type-post","status-publish","format-standard","hentry","category-antipathie","category-denunzianten","category-die-duemmsten-sprueche-der-woche","category-fundstuecke","category-gedanken-zum-tag","category-menschen-untereinander","category-so-siehts-aus","category-systemfehler","tag-arbeit-ist-rechts","tag-politische-pack","tag-thomas-krueger"],"yoast_head":"<!-- This site is optimized with the Yoast SEO plugin v27.5 - https:\/\/yoast.com\/product\/yoast-seo-wordpress\/ -->\n<title>Wer Arbeit hat, w\u00e4hlt rechts - Zeitgeist? Frei!<\/title>\n<meta name=\"robots\" content=\"index, follow, max-snippet:-1, max-image-preview:large, max-video-preview:-1\" \/>\n<link rel=\"canonical\" href=\"https:\/\/www.inkultura-online.de\/politisch_unkorrekt\/2019-2\/\" \/>\n<meta property=\"og:locale\" content=\"de_DE\" \/>\n<meta property=\"og:type\" content=\"article\" \/>\n<meta property=\"og:title\" content=\"Wer Arbeit hat, w\u00e4hlt rechts - Zeitgeist? Frei!\" \/>\n<meta property=\"og:description\" content=\"Der aufmerksame Beobachter des politischen Zeitgeistes ist von den derzeit sich als gesellschaftliche Elite pr\u00e4sentierenden Vollpfosten bekannterweise so manche schr\u00e4ge \u00c4u\u00dferungen gewohnt. Dass es allerdings immer noch Platz gibt, f\u00fcr eine Schippe mehr gequirlten Unsinn auf dem Haufen der Verbaldiarrhoe &hellip; Weiterlesen &rarr;\" \/>\n<meta property=\"og:url\" content=\"https:\/\/www.inkultura-online.de\/politisch_unkorrekt\/2019-2\/\" \/>\n<meta property=\"og:site_name\" content=\"Zeitgeist? Frei!\" \/>\n<meta property=\"article:published_time\" content=\"2019-09-07T15:24:07+00:00\" \/>\n<meta property=\"article:modified_time\" content=\"2019-09-07T15:26:50+00:00\" \/>\n<meta name=\"author\" content=\"Orator\" \/>\n<meta name=\"twitter:label1\" content=\"Verfasst von\" \/>\n\t<meta name=\"twitter:data1\" content=\"Orator\" \/>\n\t<meta name=\"twitter:label2\" content=\"Gesch\u00e4tzte Lesezeit\" \/>\n\t<meta name=\"twitter:data2\" content=\"2\u00a0Minuten\" \/>\n<script type=\"application\/ld+json\" class=\"yoast-schema-graph\">{\"@context\":\"https:\\\/\\\/schema.org\",\"@graph\":[{\"@type\":\"Article\",\"@id\":\"https:\\\/\\\/www.inkultura-online.de\\\/politisch_unkorrekt\\\/2019-2\\\/#article\",\"isPartOf\":{\"@id\":\"https:\\\/\\\/www.inkultura-online.de\\\/politisch_unkorrekt\\\/2019-2\\\/\"},\"author\":{\"name\":\"Orator\",\"@id\":\"https:\\\/\\\/www.inkultura-online.de\\\/politisch_unkorrekt\\\/#\\\/schema\\\/person\\\/5b30b80e385478896a1de221e1994d86\"},\"headline\":\"Wer Arbeit hat, w\u00e4hlt rechts\",\"datePublished\":\"2019-09-07T15:24:07+00:00\",\"dateModified\":\"2019-09-07T15:26:50+00:00\",\"mainEntityOfPage\":{\"@id\":\"https:\\\/\\\/www.inkultura-online.de\\\/politisch_unkorrekt\\\/2019-2\\\/\"},\"wordCount\":370,\"publisher\":{\"@id\":\"https:\\\/\\\/www.inkultura-online.de\\\/politisch_unkorrekt\\\/#\\\/schema\\\/person\\\/5b30b80e385478896a1de221e1994d86\"},\"keywords\":[\"Arbeit ist rechts\",\"Politische Pack\",\"Thomas Kr\u00fcger\"],\"articleSection\":[\"Antipathie\",\"Denunzianten und Volksverr\u00e4ter\",\"Die d\u00fcmmsten Spr\u00fcche der Woche\",\"Fundst\u00fccke\",\"Gedanken zum Tag\",\"Menschen untereinander\",\"So sieht\u00b4s aus\",\"Systemfehler\"],\"inLanguage\":\"de\"},{\"@type\":\"WebPage\",\"@id\":\"https:\\\/\\\/www.inkultura-online.de\\\/politisch_unkorrekt\\\/2019-2\\\/\",\"url\":\"https:\\\/\\\/www.inkultura-online.de\\\/politisch_unkorrekt\\\/2019-2\\\/\",\"name\":\"Wer Arbeit hat, w\u00e4hlt rechts - Zeitgeist? Frei!\",\"isPartOf\":{\"@id\":\"https:\\\/\\\/www.inkultura-online.de\\\/politisch_unkorrekt\\\/#website\"},\"datePublished\":\"2019-09-07T15:24:07+00:00\",\"dateModified\":\"2019-09-07T15:26:50+00:00\",\"breadcrumb\":{\"@id\":\"https:\\\/\\\/www.inkultura-online.de\\\/politisch_unkorrekt\\\/2019-2\\\/#breadcrumb\"},\"inLanguage\":\"de\",\"potentialAction\":[{\"@type\":\"ReadAction\",\"target\":[\"https:\\\/\\\/www.inkultura-online.de\\\/politisch_unkorrekt\\\/2019-2\\\/\"]}]},{\"@type\":\"BreadcrumbList\",\"@id\":\"https:\\\/\\\/www.inkultura-online.de\\\/politisch_unkorrekt\\\/2019-2\\\/#breadcrumb\",\"itemListElement\":[{\"@type\":\"ListItem\",\"position\":1,\"name\":\"Home\",\"item\":\"https:\\\/\\\/www.inkultura-online.de\\\/politisch_unkorrekt\\\/\"},{\"@type\":\"ListItem\",\"position\":2,\"name\":\"Wer Arbeit hat, w\u00e4hlt rechts\"}]},{\"@type\":\"WebSite\",\"@id\":\"https:\\\/\\\/www.inkultura-online.de\\\/politisch_unkorrekt\\\/#website\",\"url\":\"https:\\\/\\\/www.inkultura-online.de\\\/politisch_unkorrekt\\\/\",\"name\":\"Zeitgeist? Frei!\",\"description\":\"Was Ihr den Geist der Zeiten hei\u00dft...\",\"publisher\":{\"@id\":\"https:\\\/\\\/www.inkultura-online.de\\\/politisch_unkorrekt\\\/#\\\/schema\\\/person\\\/5b30b80e385478896a1de221e1994d86\"},\"potentialAction\":[{\"@type\":\"SearchAction\",\"target\":{\"@type\":\"EntryPoint\",\"urlTemplate\":\"https:\\\/\\\/www.inkultura-online.de\\\/politisch_unkorrekt\\\/?s={search_term_string}\"},\"query-input\":{\"@type\":\"PropertyValueSpecification\",\"valueRequired\":true,\"valueName\":\"search_term_string\"}}],\"inLanguage\":\"de\"},{\"@type\":[\"Person\",\"Organization\"],\"@id\":\"https:\\\/\\\/www.inkultura-online.de\\\/politisch_unkorrekt\\\/#\\\/schema\\\/person\\\/5b30b80e385478896a1de221e1994d86\",\"name\":\"Orator\",\"image\":{\"@type\":\"ImageObject\",\"inLanguage\":\"de\",\"@id\":\"https:\\\/\\\/secure.gravatar.com\\\/avatar\\\/96e03166d31716e9c437060430eb7605c45a8ce6fb6dab483637ca6915dd0844?s=96&d=mm&r=g\",\"url\":\"https:\\\/\\\/secure.gravatar.com\\\/avatar\\\/96e03166d31716e9c437060430eb7605c45a8ce6fb6dab483637ca6915dd0844?s=96&d=mm&r=g\",\"contentUrl\":\"https:\\\/\\\/secure.gravatar.com\\\/avatar\\\/96e03166d31716e9c437060430eb7605c45a8ce6fb6dab483637ca6915dd0844?s=96&d=mm&r=g\",\"caption\":\"Orator\"},\"logo\":{\"@id\":\"https:\\\/\\\/secure.gravatar.com\\\/avatar\\\/96e03166d31716e9c437060430eb7605c45a8ce6fb6dab483637ca6915dd0844?s=96&d=mm&r=g\"},\"url\":\"https:\\\/\\\/www.inkultura-online.de\\\/politisch_unkorrekt\\\/author\\\/1korrektor21-2\\\/\"}]}<\/script>\n<!-- \/ Yoast SEO plugin. -->","yoast_head_json":{"title":"Wer Arbeit hat, w\u00e4hlt rechts - Zeitgeist? Frei!","robots":{"index":"index","follow":"follow","max-snippet":"max-snippet:-1","max-image-preview":"max-image-preview:large","max-video-preview":"max-video-preview:-1"},"canonical":"https:\/\/www.inkultura-online.de\/politisch_unkorrekt\/2019-2\/","og_locale":"de_DE","og_type":"article","og_title":"Wer Arbeit hat, w\u00e4hlt rechts - Zeitgeist? Frei!","og_description":"Der aufmerksame Beobachter des politischen Zeitgeistes ist von den derzeit sich als gesellschaftliche Elite pr\u00e4sentierenden Vollpfosten bekannterweise so manche schr\u00e4ge \u00c4u\u00dferungen gewohnt. Dass es allerdings immer noch Platz gibt, f\u00fcr eine Schippe mehr gequirlten Unsinn auf dem Haufen der Verbaldiarrhoe &hellip; Weiterlesen &rarr;","og_url":"https:\/\/www.inkultura-online.de\/politisch_unkorrekt\/2019-2\/","og_site_name":"Zeitgeist? Frei!","article_published_time":"2019-09-07T15:24:07+00:00","article_modified_time":"2019-09-07T15:26:50+00:00","author":"Orator","twitter_misc":{"Verfasst von":"Orator","Gesch\u00e4tzte Lesezeit":"2\u00a0Minuten"},"schema":{"@context":"https:\/\/schema.org","@graph":[{"@type":"Article","@id":"https:\/\/www.inkultura-online.de\/politisch_unkorrekt\/2019-2\/#article","isPartOf":{"@id":"https:\/\/www.inkultura-online.de\/politisch_unkorrekt\/2019-2\/"},"author":{"name":"Orator","@id":"https:\/\/www.inkultura-online.de\/politisch_unkorrekt\/#\/schema\/person\/5b30b80e385478896a1de221e1994d86"},"headline":"Wer Arbeit hat, w\u00e4hlt rechts","datePublished":"2019-09-07T15:24:07+00:00","dateModified":"2019-09-07T15:26:50+00:00","mainEntityOfPage":{"@id":"https:\/\/www.inkultura-online.de\/politisch_unkorrekt\/2019-2\/"},"wordCount":370,"publisher":{"@id":"https:\/\/www.inkultura-online.de\/politisch_unkorrekt\/#\/schema\/person\/5b30b80e385478896a1de221e1994d86"},"keywords":["Arbeit ist rechts","Politische Pack","Thomas Kr\u00fcger"],"articleSection":["Antipathie","Denunzianten und Volksverr\u00e4ter","Die d\u00fcmmsten Spr\u00fcche der Woche","Fundst\u00fccke","Gedanken zum Tag","Menschen untereinander","So sieht\u00b4s aus","Systemfehler"],"inLanguage":"de"},{"@type":"WebPage","@id":"https:\/\/www.inkultura-online.de\/politisch_unkorrekt\/2019-2\/","url":"https:\/\/www.inkultura-online.de\/politisch_unkorrekt\/2019-2\/","name":"Wer Arbeit hat, w\u00e4hlt rechts - Zeitgeist? Frei!","isPartOf":{"@id":"https:\/\/www.inkultura-online.de\/politisch_unkorrekt\/#website"},"datePublished":"2019-09-07T15:24:07+00:00","dateModified":"2019-09-07T15:26:50+00:00","breadcrumb":{"@id":"https:\/\/www.inkultura-online.de\/politisch_unkorrekt\/2019-2\/#breadcrumb"},"inLanguage":"de","potentialAction":[{"@type":"ReadAction","target":["https:\/\/www.inkultura-online.de\/politisch_unkorrekt\/2019-2\/"]}]},{"@type":"BreadcrumbList","@id":"https:\/\/www.inkultura-online.de\/politisch_unkorrekt\/2019-2\/#breadcrumb","itemListElement":[{"@type":"ListItem","position":1,"name":"Home","item":"https:\/\/www.inkultura-online.de\/politisch_unkorrekt\/"},{"@type":"ListItem","position":2,"name":"Wer Arbeit hat, w\u00e4hlt rechts"}]},{"@type":"WebSite","@id":"https:\/\/www.inkultura-online.de\/politisch_unkorrekt\/#website","url":"https:\/\/www.inkultura-online.de\/politisch_unkorrekt\/","name":"Zeitgeist? Frei!","description":"Was Ihr den Geist der Zeiten hei\u00dft...","publisher":{"@id":"https:\/\/www.inkultura-online.de\/politisch_unkorrekt\/#\/schema\/person\/5b30b80e385478896a1de221e1994d86"},"potentialAction":[{"@type":"SearchAction","target":{"@type":"EntryPoint","urlTemplate":"https:\/\/www.inkultura-online.de\/politisch_unkorrekt\/?s={search_term_string}"},"query-input":{"@type":"PropertyValueSpecification","valueRequired":true,"valueName":"search_term_string"}}],"inLanguage":"de"},{"@type":["Person","Organization"],"@id":"https:\/\/www.inkultura-online.de\/politisch_unkorrekt\/#\/schema\/person\/5b30b80e385478896a1de221e1994d86","name":"Orator","image":{"@type":"ImageObject","inLanguage":"de","@id":"https:\/\/secure.gravatar.com\/avatar\/96e03166d31716e9c437060430eb7605c45a8ce6fb6dab483637ca6915dd0844?s=96&d=mm&r=g","url":"https:\/\/secure.gravatar.com\/avatar\/96e03166d31716e9c437060430eb7605c45a8ce6fb6dab483637ca6915dd0844?s=96&d=mm&r=g","contentUrl":"https:\/\/secure.gravatar.com\/avatar\/96e03166d31716e9c437060430eb7605c45a8ce6fb6dab483637ca6915dd0844?s=96&d=mm&r=g","caption":"Orator"},"logo":{"@id":"https:\/\/secure.gravatar.com\/avatar\/96e03166d31716e9c437060430eb7605c45a8ce6fb6dab483637ca6915dd0844?s=96&d=mm&r=g"},"url":"https:\/\/www.inkultura-online.de\/politisch_unkorrekt\/author\/1korrektor21-2\/"}]}},"_links":{"self":[{"href":"https:\/\/www.inkultura-online.de\/politisch_unkorrekt\/wp-json\/wp\/v2\/posts\/2019","targetHints":{"allow":["GET"]}}],"collection":[{"href":"https:\/\/www.inkultura-online.de\/politisch_unkorrekt\/wp-json\/wp\/v2\/posts"}],"about":[{"href":"https:\/\/www.inkultura-online.de\/politisch_unkorrekt\/wp-json\/wp\/v2\/types\/post"}],"author":[{"embeddable":true,"href":"https:\/\/www.inkultura-online.de\/politisch_unkorrekt\/wp-json\/wp\/v2\/users\/1"}],"replies":[{"embeddable":true,"href":"https:\/\/www.inkultura-online.de\/politisch_unkorrekt\/wp-json\/wp\/v2\/comments?post=2019"}],"version-history":[{"count":3,"href":"https:\/\/www.inkultura-online.de\/politisch_unkorrekt\/wp-json\/wp\/v2\/posts\/2019\/revisions"}],"predecessor-version":[{"id":2022,"href":"https:\/\/www.inkultura-online.de\/politisch_unkorrekt\/wp-json\/wp\/v2\/posts\/2019\/revisions\/2022"}],"wp:attachment":[{"href":"https:\/\/www.inkultura-online.de\/politisch_unkorrekt\/wp-json\/wp\/v2\/media?parent=2019"}],"wp:term":[{"taxonomy":"category","embeddable":true,"href":"https:\/\/www.inkultura-online.de\/politisch_unkorrekt\/wp-json\/wp\/v2\/categories?post=2019"},{"taxonomy":"post_tag","embeddable":true,"href":"https:\/\/www.inkultura-online.de\/politisch_unkorrekt\/wp-json\/wp\/v2\/tags?post=2019"}],"curies":[{"name":"wp","href":"https:\/\/api.w.org\/{rel}","templated":true}]}}