{"id":2023,"date":"2019-09-14T18:29:21","date_gmt":"2019-09-14T16:29:21","guid":{"rendered":"http:\/\/www.inkultura-online.de\/politisch_unkorrekt\/?p=2023"},"modified":"2019-09-14T18:31:15","modified_gmt":"2019-09-14T16:31:15","slug":"die-gruenen-ungewollt-komisch","status":"publish","type":"post","link":"https:\/\/www.inkultura-online.de\/politisch_unkorrekt\/die-gruenen-ungewollt-komisch\/","title":{"rendered":"Die Gr\u00fcnen \u2013 ungewollt komisch"},"content":{"rendered":"<p>Wer kann jetzt noch behaupten, die Gr\u00fcnen h\u00e4tten keinen Humor? Zwar ist die n\u00e4rrische Zeit noch nicht gekommen, doch die Verbots- und Gouvernantenpartei \u00fcbt sich schon mal in Sachen gem\u00fctsvoller Lustigkeit. In Niedersachsen wollen die gr\u00fcnen Taliban <a href=\"https:\/\/www.welt.de\/vermischtes\/article200151724\/Niedersachsen-Gruene-wollen-Verbot-von-Luftballons-durchsetzen.html\" target=\"_blank\" rel=\"noopener noreferrer\">Luftballons verbieten<\/a>, in Berlin, der Stadt des angewandten politischen Irrsinns, f\u00fcrchtet sich Kreuzbergs Bezirksb\u00fcrgermeisterin Monika Herrmann, genau, die Frau, die den haupts\u00e4chlich von Schwarzafrikanern betriebenen Drogenhandel im \u201eG\u00f6rli\u201c als kulturelle Bereicherung betrachtet, vor <a href=\"https:\/\/www.morgenpost.de\/berlin\/article227068541\/Goerli-Kreuzberg-Monika-Herrmann-traut-sich-als-Frau-nachts-nicht-in-Berlins-Parks.html\" target=\"_blank\" rel=\"noopener noreferrer\">n\u00e4chtlichen Spazierg\u00e4ngen<\/a> in Berliner Parks und, nat\u00fcrlich wieder in Berlin, wo sonst?, wollen drei gr\u00fcne Frauen \u2013 <a href=\"https:\/\/gruene.berlin\/personen\/julia-dittmann\" target=\"_blank\" rel=\"noopener noreferrer\">Julia Dittmann<\/a>, <a href=\"https:\/\/gruene.berlin\/personen\/johanna-braun\" target=\"_blank\" rel=\"noopener noreferrer\">Johanna Braun<\/a> und <a href=\"https:\/\/gruene.berlin\/personen\/amina-gerlach\" target=\"_blank\" rel=\"noopener noreferrer\">Amina Gerlach<\/a> \u2013 ein weiteres <a href=\"https:\/\/gruene.berlin\/nachrichten\/diskriminierungsmerkmal-gewicht-ins-landesantidiskriminierungsgesetz\" target=\"_blank\" rel=\"noopener noreferrer\">Diskriminierungsmerkmal<\/a>, n\u00e4mlich das des \u201eGewichts\u201c ins Landesantidiskriminierungsgesetz aufnehmen lassen. Da l\u00e4sst man doch vor Lachen glatt einen fahren.<\/p>\n","protected":false},"excerpt":{"rendered":"<p>Wer kann jetzt noch behaupten, die Gr\u00fcnen h\u00e4tten keinen Humor? Zwar ist die n\u00e4rrische Zeit noch nicht gekommen, doch die Verbots- und Gouvernantenpartei \u00fcbt sich schon mal in Sachen gem\u00fctsvoller Lustigkeit. In Niedersachsen wollen die gr\u00fcnen Taliban Luftballons verbieten, in &hellip; <a href=\"https:\/\/www.inkultura-online.de\/politisch_unkorrekt\/die-gruenen-ungewollt-komisch\/\">Weiterlesen <span class=\"meta-nav\">&rarr;<\/span><\/a><\/p>\n","protected":false},"author":1,"featured_media":0,"comment_status":"closed","ping_status":"closed","sticky":false,"template":"","format":"standard","meta":{"footnotes":""},"categories":[2,3,1,4],"tags":[1254,1252,1251,1253],"class_list":["post-2023","post","type-post","status-publish","format-standard","hentry","category-antipathie","category-die-duemmsten-sprueche-der-woche","category-fundstuecke","category-hauptstadtpossen","tag-gouvernantenpartei","tag-gruene-komiker","tag-gruener-humor","tag-verbotspartei"],"yoast_head":"<!-- This site is optimized with the Yoast SEO plugin v27.5 - https:\/\/yoast.com\/product\/yoast-seo-wordpress\/ -->\n<title>Die Gr\u00fcnen \u2013 ungewollt komisch - Zeitgeist? Frei!<\/title>\n<meta name=\"robots\" content=\"index, follow, max-snippet:-1, max-image-preview:large, max-video-preview:-1\" \/>\n<link rel=\"canonical\" href=\"https:\/\/www.inkultura-online.de\/politisch_unkorrekt\/die-gruenen-ungewollt-komisch\/\" \/>\n<meta property=\"og:locale\" content=\"de_DE\" \/>\n<meta property=\"og:type\" content=\"article\" \/>\n<meta property=\"og:title\" content=\"Die Gr\u00fcnen \u2013 ungewollt komisch - Zeitgeist? Frei!\" \/>\n<meta property=\"og:description\" content=\"Wer kann jetzt noch behaupten, die Gr\u00fcnen h\u00e4tten keinen Humor? Zwar ist die n\u00e4rrische Zeit noch nicht gekommen, doch die Verbots- und Gouvernantenpartei \u00fcbt sich schon mal in Sachen gem\u00fctsvoller Lustigkeit. In Niedersachsen wollen die gr\u00fcnen Taliban Luftballons verbieten, in &hellip; Weiterlesen &rarr;\" \/>\n<meta property=\"og:url\" content=\"https:\/\/www.inkultura-online.de\/politisch_unkorrekt\/die-gruenen-ungewollt-komisch\/\" \/>\n<meta property=\"og:site_name\" content=\"Zeitgeist? Frei!\" \/>\n<meta property=\"article:published_time\" content=\"2019-09-14T16:29:21+00:00\" \/>\n<meta property=\"article:modified_time\" content=\"2019-09-14T16:31:15+00:00\" \/>\n<meta name=\"author\" content=\"Orator\" \/>\n<meta name=\"twitter:label1\" content=\"Verfasst von\" \/>\n\t<meta name=\"twitter:data1\" content=\"Orator\" \/>\n\t<meta name=\"twitter:label2\" content=\"Gesch\u00e4tzte Lesezeit\" \/>\n\t<meta name=\"twitter:data2\" content=\"1\u00a0Minute\" \/>\n<script type=\"application\/ld+json\" class=\"yoast-schema-graph\">{\"@context\":\"https:\\\/\\\/schema.org\",\"@graph\":[{\"@type\":\"Article\",\"@id\":\"https:\\\/\\\/www.inkultura-online.de\\\/politisch_unkorrekt\\\/die-gruenen-ungewollt-komisch\\\/#article\",\"isPartOf\":{\"@id\":\"https:\\\/\\\/www.inkultura-online.de\\\/politisch_unkorrekt\\\/die-gruenen-ungewollt-komisch\\\/\"},\"author\":{\"name\":\"Orator\",\"@id\":\"https:\\\/\\\/www.inkultura-online.de\\\/politisch_unkorrekt\\\/#\\\/schema\\\/person\\\/5b30b80e385478896a1de221e1994d86\"},\"headline\":\"Die Gr\u00fcnen \u2013 ungewollt komisch\",\"datePublished\":\"2019-09-14T16:29:21+00:00\",\"dateModified\":\"2019-09-14T16:31:15+00:00\",\"mainEntityOfPage\":{\"@id\":\"https:\\\/\\\/www.inkultura-online.de\\\/politisch_unkorrekt\\\/die-gruenen-ungewollt-komisch\\\/\"},\"wordCount\":133,\"publisher\":{\"@id\":\"https:\\\/\\\/www.inkultura-online.de\\\/politisch_unkorrekt\\\/#\\\/schema\\\/person\\\/5b30b80e385478896a1de221e1994d86\"},\"keywords\":[\"Gouvernantenpartei\",\"gr\u00fcne Komiker\",\"Gr\u00fcner Humor\",\"Verbotspartei\"],\"articleSection\":[\"Antipathie\",\"Die d\u00fcmmsten Spr\u00fcche der Woche\",\"Fundst\u00fccke\",\"Hauptstadtpossen\"],\"inLanguage\":\"de\"},{\"@type\":\"WebPage\",\"@id\":\"https:\\\/\\\/www.inkultura-online.de\\\/politisch_unkorrekt\\\/die-gruenen-ungewollt-komisch\\\/\",\"url\":\"https:\\\/\\\/www.inkultura-online.de\\\/politisch_unkorrekt\\\/die-gruenen-ungewollt-komisch\\\/\",\"name\":\"Die Gr\u00fcnen \u2013 ungewollt komisch - Zeitgeist? Frei!\",\"isPartOf\":{\"@id\":\"https:\\\/\\\/www.inkultura-online.de\\\/politisch_unkorrekt\\\/#website\"},\"datePublished\":\"2019-09-14T16:29:21+00:00\",\"dateModified\":\"2019-09-14T16:31:15+00:00\",\"breadcrumb\":{\"@id\":\"https:\\\/\\\/www.inkultura-online.de\\\/politisch_unkorrekt\\\/die-gruenen-ungewollt-komisch\\\/#breadcrumb\"},\"inLanguage\":\"de\",\"potentialAction\":[{\"@type\":\"ReadAction\",\"target\":[\"https:\\\/\\\/www.inkultura-online.de\\\/politisch_unkorrekt\\\/die-gruenen-ungewollt-komisch\\\/\"]}]},{\"@type\":\"BreadcrumbList\",\"@id\":\"https:\\\/\\\/www.inkultura-online.de\\\/politisch_unkorrekt\\\/die-gruenen-ungewollt-komisch\\\/#breadcrumb\",\"itemListElement\":[{\"@type\":\"ListItem\",\"position\":1,\"name\":\"Home\",\"item\":\"https:\\\/\\\/www.inkultura-online.de\\\/politisch_unkorrekt\\\/\"},{\"@type\":\"ListItem\",\"position\":2,\"name\":\"Die Gr\u00fcnen \u2013 ungewollt komisch\"}]},{\"@type\":\"WebSite\",\"@id\":\"https:\\\/\\\/www.inkultura-online.de\\\/politisch_unkorrekt\\\/#website\",\"url\":\"https:\\\/\\\/www.inkultura-online.de\\\/politisch_unkorrekt\\\/\",\"name\":\"Zeitgeist? Frei!\",\"description\":\"Was Ihr den Geist der Zeiten hei\u00dft...\",\"publisher\":{\"@id\":\"https:\\\/\\\/www.inkultura-online.de\\\/politisch_unkorrekt\\\/#\\\/schema\\\/person\\\/5b30b80e385478896a1de221e1994d86\"},\"potentialAction\":[{\"@type\":\"SearchAction\",\"target\":{\"@type\":\"EntryPoint\",\"urlTemplate\":\"https:\\\/\\\/www.inkultura-online.de\\\/politisch_unkorrekt\\\/?s={search_term_string}\"},\"query-input\":{\"@type\":\"PropertyValueSpecification\",\"valueRequired\":true,\"valueName\":\"search_term_string\"}}],\"inLanguage\":\"de\"},{\"@type\":[\"Person\",\"Organization\"],\"@id\":\"https:\\\/\\\/www.inkultura-online.de\\\/politisch_unkorrekt\\\/#\\\/schema\\\/person\\\/5b30b80e385478896a1de221e1994d86\",\"name\":\"Orator\",\"image\":{\"@type\":\"ImageObject\",\"inLanguage\":\"de\",\"@id\":\"https:\\\/\\\/secure.gravatar.com\\\/avatar\\\/96e03166d31716e9c437060430eb7605c45a8ce6fb6dab483637ca6915dd0844?s=96&d=mm&r=g\",\"url\":\"https:\\\/\\\/secure.gravatar.com\\\/avatar\\\/96e03166d31716e9c437060430eb7605c45a8ce6fb6dab483637ca6915dd0844?s=96&d=mm&r=g\",\"contentUrl\":\"https:\\\/\\\/secure.gravatar.com\\\/avatar\\\/96e03166d31716e9c437060430eb7605c45a8ce6fb6dab483637ca6915dd0844?s=96&d=mm&r=g\",\"caption\":\"Orator\"},\"logo\":{\"@id\":\"https:\\\/\\\/secure.gravatar.com\\\/avatar\\\/96e03166d31716e9c437060430eb7605c45a8ce6fb6dab483637ca6915dd0844?s=96&d=mm&r=g\"},\"url\":\"https:\\\/\\\/www.inkultura-online.de\\\/politisch_unkorrekt\\\/author\\\/1korrektor21-2\\\/\"}]}<\/script>\n<!-- \/ Yoast SEO plugin. -->","yoast_head_json":{"title":"Die Gr\u00fcnen \u2013 ungewollt komisch - Zeitgeist? Frei!","robots":{"index":"index","follow":"follow","max-snippet":"max-snippet:-1","max-image-preview":"max-image-preview:large","max-video-preview":"max-video-preview:-1"},"canonical":"https:\/\/www.inkultura-online.de\/politisch_unkorrekt\/die-gruenen-ungewollt-komisch\/","og_locale":"de_DE","og_type":"article","og_title":"Die Gr\u00fcnen \u2013 ungewollt komisch - Zeitgeist? Frei!","og_description":"Wer kann jetzt noch behaupten, die Gr\u00fcnen h\u00e4tten keinen Humor? Zwar ist die n\u00e4rrische Zeit noch nicht gekommen, doch die Verbots- und Gouvernantenpartei \u00fcbt sich schon mal in Sachen gem\u00fctsvoller Lustigkeit. In Niedersachsen wollen die gr\u00fcnen Taliban Luftballons verbieten, in &hellip; Weiterlesen &rarr;","og_url":"https:\/\/www.inkultura-online.de\/politisch_unkorrekt\/die-gruenen-ungewollt-komisch\/","og_site_name":"Zeitgeist? Frei!","article_published_time":"2019-09-14T16:29:21+00:00","article_modified_time":"2019-09-14T16:31:15+00:00","author":"Orator","twitter_misc":{"Verfasst von":"Orator","Gesch\u00e4tzte Lesezeit":"1\u00a0Minute"},"schema":{"@context":"https:\/\/schema.org","@graph":[{"@type":"Article","@id":"https:\/\/www.inkultura-online.de\/politisch_unkorrekt\/die-gruenen-ungewollt-komisch\/#article","isPartOf":{"@id":"https:\/\/www.inkultura-online.de\/politisch_unkorrekt\/die-gruenen-ungewollt-komisch\/"},"author":{"name":"Orator","@id":"https:\/\/www.inkultura-online.de\/politisch_unkorrekt\/#\/schema\/person\/5b30b80e385478896a1de221e1994d86"},"headline":"Die Gr\u00fcnen \u2013 ungewollt komisch","datePublished":"2019-09-14T16:29:21+00:00","dateModified":"2019-09-14T16:31:15+00:00","mainEntityOfPage":{"@id":"https:\/\/www.inkultura-online.de\/politisch_unkorrekt\/die-gruenen-ungewollt-komisch\/"},"wordCount":133,"publisher":{"@id":"https:\/\/www.inkultura-online.de\/politisch_unkorrekt\/#\/schema\/person\/5b30b80e385478896a1de221e1994d86"},"keywords":["Gouvernantenpartei","gr\u00fcne Komiker","Gr\u00fcner Humor","Verbotspartei"],"articleSection":["Antipathie","Die d\u00fcmmsten Spr\u00fcche der Woche","Fundst\u00fccke","Hauptstadtpossen"],"inLanguage":"de"},{"@type":"WebPage","@id":"https:\/\/www.inkultura-online.de\/politisch_unkorrekt\/die-gruenen-ungewollt-komisch\/","url":"https:\/\/www.inkultura-online.de\/politisch_unkorrekt\/die-gruenen-ungewollt-komisch\/","name":"Die Gr\u00fcnen \u2013 ungewollt komisch - Zeitgeist? Frei!","isPartOf":{"@id":"https:\/\/www.inkultura-online.de\/politisch_unkorrekt\/#website"},"datePublished":"2019-09-14T16:29:21+00:00","dateModified":"2019-09-14T16:31:15+00:00","breadcrumb":{"@id":"https:\/\/www.inkultura-online.de\/politisch_unkorrekt\/die-gruenen-ungewollt-komisch\/#breadcrumb"},"inLanguage":"de","potentialAction":[{"@type":"ReadAction","target":["https:\/\/www.inkultura-online.de\/politisch_unkorrekt\/die-gruenen-ungewollt-komisch\/"]}]},{"@type":"BreadcrumbList","@id":"https:\/\/www.inkultura-online.de\/politisch_unkorrekt\/die-gruenen-ungewollt-komisch\/#breadcrumb","itemListElement":[{"@type":"ListItem","position":1,"name":"Home","item":"https:\/\/www.inkultura-online.de\/politisch_unkorrekt\/"},{"@type":"ListItem","position":2,"name":"Die Gr\u00fcnen \u2013 ungewollt komisch"}]},{"@type":"WebSite","@id":"https:\/\/www.inkultura-online.de\/politisch_unkorrekt\/#website","url":"https:\/\/www.inkultura-online.de\/politisch_unkorrekt\/","name":"Zeitgeist? Frei!","description":"Was Ihr den Geist der Zeiten hei\u00dft...","publisher":{"@id":"https:\/\/www.inkultura-online.de\/politisch_unkorrekt\/#\/schema\/person\/5b30b80e385478896a1de221e1994d86"},"potentialAction":[{"@type":"SearchAction","target":{"@type":"EntryPoint","urlTemplate":"https:\/\/www.inkultura-online.de\/politisch_unkorrekt\/?s={search_term_string}"},"query-input":{"@type":"PropertyValueSpecification","valueRequired":true,"valueName":"search_term_string"}}],"inLanguage":"de"},{"@type":["Person","Organization"],"@id":"https:\/\/www.inkultura-online.de\/politisch_unkorrekt\/#\/schema\/person\/5b30b80e385478896a1de221e1994d86","name":"Orator","image":{"@type":"ImageObject","inLanguage":"de","@id":"https:\/\/secure.gravatar.com\/avatar\/96e03166d31716e9c437060430eb7605c45a8ce6fb6dab483637ca6915dd0844?s=96&d=mm&r=g","url":"https:\/\/secure.gravatar.com\/avatar\/96e03166d31716e9c437060430eb7605c45a8ce6fb6dab483637ca6915dd0844?s=96&d=mm&r=g","contentUrl":"https:\/\/secure.gravatar.com\/avatar\/96e03166d31716e9c437060430eb7605c45a8ce6fb6dab483637ca6915dd0844?s=96&d=mm&r=g","caption":"Orator"},"logo":{"@id":"https:\/\/secure.gravatar.com\/avatar\/96e03166d31716e9c437060430eb7605c45a8ce6fb6dab483637ca6915dd0844?s=96&d=mm&r=g"},"url":"https:\/\/www.inkultura-online.de\/politisch_unkorrekt\/author\/1korrektor21-2\/"}]}},"_links":{"self":[{"href":"https:\/\/www.inkultura-online.de\/politisch_unkorrekt\/wp-json\/wp\/v2\/posts\/2023","targetHints":{"allow":["GET"]}}],"collection":[{"href":"https:\/\/www.inkultura-online.de\/politisch_unkorrekt\/wp-json\/wp\/v2\/posts"}],"about":[{"href":"https:\/\/www.inkultura-online.de\/politisch_unkorrekt\/wp-json\/wp\/v2\/types\/post"}],"author":[{"embeddable":true,"href":"https:\/\/www.inkultura-online.de\/politisch_unkorrekt\/wp-json\/wp\/v2\/users\/1"}],"replies":[{"embeddable":true,"href":"https:\/\/www.inkultura-online.de\/politisch_unkorrekt\/wp-json\/wp\/v2\/comments?post=2023"}],"version-history":[{"count":2,"href":"https:\/\/www.inkultura-online.de\/politisch_unkorrekt\/wp-json\/wp\/v2\/posts\/2023\/revisions"}],"predecessor-version":[{"id":2025,"href":"https:\/\/www.inkultura-online.de\/politisch_unkorrekt\/wp-json\/wp\/v2\/posts\/2023\/revisions\/2025"}],"wp:attachment":[{"href":"https:\/\/www.inkultura-online.de\/politisch_unkorrekt\/wp-json\/wp\/v2\/media?parent=2023"}],"wp:term":[{"taxonomy":"category","embeddable":true,"href":"https:\/\/www.inkultura-online.de\/politisch_unkorrekt\/wp-json\/wp\/v2\/categories?post=2023"},{"taxonomy":"post_tag","embeddable":true,"href":"https:\/\/www.inkultura-online.de\/politisch_unkorrekt\/wp-json\/wp\/v2\/tags?post=2023"}],"curies":[{"name":"wp","href":"https:\/\/api.w.org\/{rel}","templated":true}]}}