{"id":2026,"date":"2019-09-14T19:31:42","date_gmt":"2019-09-14T17:31:42","guid":{"rendered":"http:\/\/www.inkultura-online.de\/politisch_unkorrekt\/?p=2026"},"modified":"2019-09-14T19:31:42","modified_gmt":"2019-09-14T17:31:42","slug":"seehofer-sorgt-endlich-fuer-weitere-fachkraefte","status":"publish","type":"post","link":"https:\/\/www.inkultura-online.de\/politisch_unkorrekt\/seehofer-sorgt-endlich-fuer-weitere-fachkraefte\/","title":{"rendered":"Seehofer sorgt endlich f\u00fcr weitere Fachkr\u00e4fte"},"content":{"rendered":"<p>Nachdem politisch angek\u00fcndigt wurde, dass Deutschland nicht, wie von Fachleuten vorausgesagt, eine schwere Rezession droht, sondern wegen der angek\u00fcndigten Verkehrswende \u2013 man kommt vor lauter \u201eWenden\u201c ganz durcheinander \u2013 ein weiteres Wirtschaftswunder bevorsteht, das Bundesfinanzminister Olaf Scholz auf die solide \u201eWir k\u00f6nnen das\u201c Basis stellt, sorgt Innenminister Horst Seehofer schon mal f\u00fcr den <a href=\"https:\/\/www.sueddeutsche.de\/politik\/migration-deutschland-will-jeden-vierten-bootsfluechtling-aufnehmen-dpa.urn-newsml-dpa-com-20090101-190914-99-871044\" target=\"_blank\" rel=\"noopener noreferrer\">Nachschub<\/a> dringend ben\u00f6tigter afrikanischer Fachkr\u00e4fte.<!--more--><\/p>\n<p>Weil die Parole \u201eWir schaffen das\u201c, ausgegeben von der Gr\u00f6KaZ, der gr\u00f6\u00dften Kanzlerin aller Zeiten, immer noch gilt, will Deutschland, falsch, wie die politische Clique Deutschlands ein Viertel aller \u00fcber das Mittelmeer kommenden und in Italien anlandenden Invasoren, Verzeihung, Fl\u00fcchtlinge, aufnehmen.<\/p>\n<p>Der gute Mann aus Bayern kann bestimmt einiges, aber nicht den Unsinn erkennen, den er schw\u00e4tzt. Glaubt er wirklich, dass die restlichen drei Viertel \u201eFl\u00fcchtlinge\u201c in Frankreich oder den anderen L\u00e4ndern, die allerdings erst noch zur Aufnahme von \u201eSchutzsuchenden\u201c \u00fcberredet werden m\u00fcssen, bleiben werden? So dumm kann der eigentlich gar nicht sein.<\/p>\n<p>Aber wer wei\u00df das schon? Immerhin behauptet er ja auch, Originalzitat Seehofer \u201eDas wird unsere Migrationspolitik nicht \u00fcberfordern\u201c. Na also, seid willkommen ihr Millionen Fachkr\u00e4fte! Die weihnachtliche Bescherung f\u00e4ngt dieses Jahr eben etwas fr\u00fcher an. Wir leben doch in der besten aller m\u00f6glichen Welten.<\/p>\n","protected":false},"excerpt":{"rendered":"<p>Nachdem politisch angek\u00fcndigt wurde, dass Deutschland nicht, wie von Fachleuten vorausgesagt, eine schwere Rezession droht, sondern wegen der angek\u00fcndigten Verkehrswende \u2013 man kommt vor lauter \u201eWenden\u201c ganz durcheinander \u2013 ein weiteres Wirtschaftswunder bevorsteht, das Bundesfinanzminister Olaf Scholz auf die solide &hellip; <a href=\"https:\/\/www.inkultura-online.de\/politisch_unkorrekt\/seehofer-sorgt-endlich-fuer-weitere-fachkraefte\/\">Weiterlesen <span class=\"meta-nav\">&rarr;<\/span><\/a><\/p>\n","protected":false},"author":1,"featured_media":0,"comment_status":"closed","ping_status":"closed","sticky":false,"template":"","format":"standard","meta":{"footnotes":""},"categories":[3,1,444,5,9],"tags":[221,79,341,1255,1038],"class_list":["post-2026","post","type-post","status-publish","format-standard","hentry","category-die-duemmsten-sprueche-der-woche","category-fundstuecke","category-gedanken-zum-tag","category-meinungen-und-sprueche","category-staaten-untereinander","tag-fachkraefte","tag-fluechtlinge","tag-invasoren","tag-mittelmeer","tag-seehofer"],"yoast_head":"<!-- This site is optimized with the Yoast SEO plugin v27.5 - https:\/\/yoast.com\/product\/yoast-seo-wordpress\/ -->\n<title>Seehofer sorgt endlich f\u00fcr weitere Fachkr\u00e4fte - Zeitgeist? Frei!<\/title>\n<meta name=\"robots\" content=\"index, follow, max-snippet:-1, max-image-preview:large, max-video-preview:-1\" \/>\n<link rel=\"canonical\" href=\"https:\/\/www.inkultura-online.de\/politisch_unkorrekt\/seehofer-sorgt-endlich-fuer-weitere-fachkraefte\/\" \/>\n<meta property=\"og:locale\" content=\"de_DE\" \/>\n<meta property=\"og:type\" content=\"article\" \/>\n<meta property=\"og:title\" content=\"Seehofer sorgt endlich f\u00fcr weitere Fachkr\u00e4fte - Zeitgeist? Frei!\" \/>\n<meta property=\"og:description\" content=\"Nachdem politisch angek\u00fcndigt wurde, dass Deutschland nicht, wie von Fachleuten vorausgesagt, eine schwere Rezession droht, sondern wegen der angek\u00fcndigten Verkehrswende \u2013 man kommt vor lauter \u201eWenden\u201c ganz durcheinander \u2013 ein weiteres Wirtschaftswunder bevorsteht, das Bundesfinanzminister Olaf Scholz auf die solide &hellip; Weiterlesen &rarr;\" \/>\n<meta property=\"og:url\" content=\"https:\/\/www.inkultura-online.de\/politisch_unkorrekt\/seehofer-sorgt-endlich-fuer-weitere-fachkraefte\/\" \/>\n<meta property=\"og:site_name\" content=\"Zeitgeist? Frei!\" \/>\n<meta property=\"article:published_time\" content=\"2019-09-14T17:31:42+00:00\" \/>\n<meta name=\"author\" content=\"Orator\" \/>\n<meta name=\"twitter:label1\" content=\"Verfasst von\" \/>\n\t<meta name=\"twitter:data1\" content=\"Orator\" \/>\n\t<meta name=\"twitter:label2\" content=\"Gesch\u00e4tzte Lesezeit\" \/>\n\t<meta name=\"twitter:data2\" content=\"1\u00a0Minute\" \/>\n<script type=\"application\/ld+json\" class=\"yoast-schema-graph\">{\"@context\":\"https:\\\/\\\/schema.org\",\"@graph\":[{\"@type\":\"Article\",\"@id\":\"https:\\\/\\\/www.inkultura-online.de\\\/politisch_unkorrekt\\\/seehofer-sorgt-endlich-fuer-weitere-fachkraefte\\\/#article\",\"isPartOf\":{\"@id\":\"https:\\\/\\\/www.inkultura-online.de\\\/politisch_unkorrekt\\\/seehofer-sorgt-endlich-fuer-weitere-fachkraefte\\\/\"},\"author\":{\"name\":\"Orator\",\"@id\":\"https:\\\/\\\/www.inkultura-online.de\\\/politisch_unkorrekt\\\/#\\\/schema\\\/person\\\/5b30b80e385478896a1de221e1994d86\"},\"headline\":\"Seehofer sorgt endlich f\u00fcr weitere Fachkr\u00e4fte\",\"datePublished\":\"2019-09-14T17:31:42+00:00\",\"mainEntityOfPage\":{\"@id\":\"https:\\\/\\\/www.inkultura-online.de\\\/politisch_unkorrekt\\\/seehofer-sorgt-endlich-fuer-weitere-fachkraefte\\\/\"},\"wordCount\":218,\"publisher\":{\"@id\":\"https:\\\/\\\/www.inkultura-online.de\\\/politisch_unkorrekt\\\/#\\\/schema\\\/person\\\/5b30b80e385478896a1de221e1994d86\"},\"keywords\":[\"Fachkr\u00e4fte\",\"Fl\u00fcchtlinge\",\"Invasoren\",\"Mittelmeer\",\"Seehofer\"],\"articleSection\":[\"Die d\u00fcmmsten Spr\u00fcche der Woche\",\"Fundst\u00fccke\",\"Gedanken zum Tag\",\"Meinungen und Spr\u00fcche\",\"Staaten untereinander\"],\"inLanguage\":\"de\"},{\"@type\":\"WebPage\",\"@id\":\"https:\\\/\\\/www.inkultura-online.de\\\/politisch_unkorrekt\\\/seehofer-sorgt-endlich-fuer-weitere-fachkraefte\\\/\",\"url\":\"https:\\\/\\\/www.inkultura-online.de\\\/politisch_unkorrekt\\\/seehofer-sorgt-endlich-fuer-weitere-fachkraefte\\\/\",\"name\":\"Seehofer sorgt endlich f\u00fcr weitere Fachkr\u00e4fte - Zeitgeist? Frei!\",\"isPartOf\":{\"@id\":\"https:\\\/\\\/www.inkultura-online.de\\\/politisch_unkorrekt\\\/#website\"},\"datePublished\":\"2019-09-14T17:31:42+00:00\",\"breadcrumb\":{\"@id\":\"https:\\\/\\\/www.inkultura-online.de\\\/politisch_unkorrekt\\\/seehofer-sorgt-endlich-fuer-weitere-fachkraefte\\\/#breadcrumb\"},\"inLanguage\":\"de\",\"potentialAction\":[{\"@type\":\"ReadAction\",\"target\":[\"https:\\\/\\\/www.inkultura-online.de\\\/politisch_unkorrekt\\\/seehofer-sorgt-endlich-fuer-weitere-fachkraefte\\\/\"]}]},{\"@type\":\"BreadcrumbList\",\"@id\":\"https:\\\/\\\/www.inkultura-online.de\\\/politisch_unkorrekt\\\/seehofer-sorgt-endlich-fuer-weitere-fachkraefte\\\/#breadcrumb\",\"itemListElement\":[{\"@type\":\"ListItem\",\"position\":1,\"name\":\"Home\",\"item\":\"https:\\\/\\\/www.inkultura-online.de\\\/politisch_unkorrekt\\\/\"},{\"@type\":\"ListItem\",\"position\":2,\"name\":\"Seehofer sorgt endlich f\u00fcr weitere Fachkr\u00e4fte\"}]},{\"@type\":\"WebSite\",\"@id\":\"https:\\\/\\\/www.inkultura-online.de\\\/politisch_unkorrekt\\\/#website\",\"url\":\"https:\\\/\\\/www.inkultura-online.de\\\/politisch_unkorrekt\\\/\",\"name\":\"Zeitgeist? Frei!\",\"description\":\"Was Ihr den Geist der Zeiten hei\u00dft...\",\"publisher\":{\"@id\":\"https:\\\/\\\/www.inkultura-online.de\\\/politisch_unkorrekt\\\/#\\\/schema\\\/person\\\/5b30b80e385478896a1de221e1994d86\"},\"potentialAction\":[{\"@type\":\"SearchAction\",\"target\":{\"@type\":\"EntryPoint\",\"urlTemplate\":\"https:\\\/\\\/www.inkultura-online.de\\\/politisch_unkorrekt\\\/?s={search_term_string}\"},\"query-input\":{\"@type\":\"PropertyValueSpecification\",\"valueRequired\":true,\"valueName\":\"search_term_string\"}}],\"inLanguage\":\"de\"},{\"@type\":[\"Person\",\"Organization\"],\"@id\":\"https:\\\/\\\/www.inkultura-online.de\\\/politisch_unkorrekt\\\/#\\\/schema\\\/person\\\/5b30b80e385478896a1de221e1994d86\",\"name\":\"Orator\",\"image\":{\"@type\":\"ImageObject\",\"inLanguage\":\"de\",\"@id\":\"https:\\\/\\\/secure.gravatar.com\\\/avatar\\\/96e03166d31716e9c437060430eb7605c45a8ce6fb6dab483637ca6915dd0844?s=96&d=mm&r=g\",\"url\":\"https:\\\/\\\/secure.gravatar.com\\\/avatar\\\/96e03166d31716e9c437060430eb7605c45a8ce6fb6dab483637ca6915dd0844?s=96&d=mm&r=g\",\"contentUrl\":\"https:\\\/\\\/secure.gravatar.com\\\/avatar\\\/96e03166d31716e9c437060430eb7605c45a8ce6fb6dab483637ca6915dd0844?s=96&d=mm&r=g\",\"caption\":\"Orator\"},\"logo\":{\"@id\":\"https:\\\/\\\/secure.gravatar.com\\\/avatar\\\/96e03166d31716e9c437060430eb7605c45a8ce6fb6dab483637ca6915dd0844?s=96&d=mm&r=g\"},\"url\":\"https:\\\/\\\/www.inkultura-online.de\\\/politisch_unkorrekt\\\/author\\\/1korrektor21-2\\\/\"}]}<\/script>\n<!-- \/ Yoast SEO plugin. -->","yoast_head_json":{"title":"Seehofer sorgt endlich f\u00fcr weitere Fachkr\u00e4fte - Zeitgeist? Frei!","robots":{"index":"index","follow":"follow","max-snippet":"max-snippet:-1","max-image-preview":"max-image-preview:large","max-video-preview":"max-video-preview:-1"},"canonical":"https:\/\/www.inkultura-online.de\/politisch_unkorrekt\/seehofer-sorgt-endlich-fuer-weitere-fachkraefte\/","og_locale":"de_DE","og_type":"article","og_title":"Seehofer sorgt endlich f\u00fcr weitere Fachkr\u00e4fte - Zeitgeist? Frei!","og_description":"Nachdem politisch angek\u00fcndigt wurde, dass Deutschland nicht, wie von Fachleuten vorausgesagt, eine schwere Rezession droht, sondern wegen der angek\u00fcndigten Verkehrswende \u2013 man kommt vor lauter \u201eWenden\u201c ganz durcheinander \u2013 ein weiteres Wirtschaftswunder bevorsteht, das Bundesfinanzminister Olaf Scholz auf die solide &hellip; Weiterlesen &rarr;","og_url":"https:\/\/www.inkultura-online.de\/politisch_unkorrekt\/seehofer-sorgt-endlich-fuer-weitere-fachkraefte\/","og_site_name":"Zeitgeist? Frei!","article_published_time":"2019-09-14T17:31:42+00:00","author":"Orator","twitter_misc":{"Verfasst von":"Orator","Gesch\u00e4tzte Lesezeit":"1\u00a0Minute"},"schema":{"@context":"https:\/\/schema.org","@graph":[{"@type":"Article","@id":"https:\/\/www.inkultura-online.de\/politisch_unkorrekt\/seehofer-sorgt-endlich-fuer-weitere-fachkraefte\/#article","isPartOf":{"@id":"https:\/\/www.inkultura-online.de\/politisch_unkorrekt\/seehofer-sorgt-endlich-fuer-weitere-fachkraefte\/"},"author":{"name":"Orator","@id":"https:\/\/www.inkultura-online.de\/politisch_unkorrekt\/#\/schema\/person\/5b30b80e385478896a1de221e1994d86"},"headline":"Seehofer sorgt endlich f\u00fcr weitere Fachkr\u00e4fte","datePublished":"2019-09-14T17:31:42+00:00","mainEntityOfPage":{"@id":"https:\/\/www.inkultura-online.de\/politisch_unkorrekt\/seehofer-sorgt-endlich-fuer-weitere-fachkraefte\/"},"wordCount":218,"publisher":{"@id":"https:\/\/www.inkultura-online.de\/politisch_unkorrekt\/#\/schema\/person\/5b30b80e385478896a1de221e1994d86"},"keywords":["Fachkr\u00e4fte","Fl\u00fcchtlinge","Invasoren","Mittelmeer","Seehofer"],"articleSection":["Die d\u00fcmmsten Spr\u00fcche der Woche","Fundst\u00fccke","Gedanken zum Tag","Meinungen und Spr\u00fcche","Staaten untereinander"],"inLanguage":"de"},{"@type":"WebPage","@id":"https:\/\/www.inkultura-online.de\/politisch_unkorrekt\/seehofer-sorgt-endlich-fuer-weitere-fachkraefte\/","url":"https:\/\/www.inkultura-online.de\/politisch_unkorrekt\/seehofer-sorgt-endlich-fuer-weitere-fachkraefte\/","name":"Seehofer sorgt endlich f\u00fcr weitere Fachkr\u00e4fte - Zeitgeist? Frei!","isPartOf":{"@id":"https:\/\/www.inkultura-online.de\/politisch_unkorrekt\/#website"},"datePublished":"2019-09-14T17:31:42+00:00","breadcrumb":{"@id":"https:\/\/www.inkultura-online.de\/politisch_unkorrekt\/seehofer-sorgt-endlich-fuer-weitere-fachkraefte\/#breadcrumb"},"inLanguage":"de","potentialAction":[{"@type":"ReadAction","target":["https:\/\/www.inkultura-online.de\/politisch_unkorrekt\/seehofer-sorgt-endlich-fuer-weitere-fachkraefte\/"]}]},{"@type":"BreadcrumbList","@id":"https:\/\/www.inkultura-online.de\/politisch_unkorrekt\/seehofer-sorgt-endlich-fuer-weitere-fachkraefte\/#breadcrumb","itemListElement":[{"@type":"ListItem","position":1,"name":"Home","item":"https:\/\/www.inkultura-online.de\/politisch_unkorrekt\/"},{"@type":"ListItem","position":2,"name":"Seehofer sorgt endlich f\u00fcr weitere Fachkr\u00e4fte"}]},{"@type":"WebSite","@id":"https:\/\/www.inkultura-online.de\/politisch_unkorrekt\/#website","url":"https:\/\/www.inkultura-online.de\/politisch_unkorrekt\/","name":"Zeitgeist? Frei!","description":"Was Ihr den Geist der Zeiten hei\u00dft...","publisher":{"@id":"https:\/\/www.inkultura-online.de\/politisch_unkorrekt\/#\/schema\/person\/5b30b80e385478896a1de221e1994d86"},"potentialAction":[{"@type":"SearchAction","target":{"@type":"EntryPoint","urlTemplate":"https:\/\/www.inkultura-online.de\/politisch_unkorrekt\/?s={search_term_string}"},"query-input":{"@type":"PropertyValueSpecification","valueRequired":true,"valueName":"search_term_string"}}],"inLanguage":"de"},{"@type":["Person","Organization"],"@id":"https:\/\/www.inkultura-online.de\/politisch_unkorrekt\/#\/schema\/person\/5b30b80e385478896a1de221e1994d86","name":"Orator","image":{"@type":"ImageObject","inLanguage":"de","@id":"https:\/\/secure.gravatar.com\/avatar\/96e03166d31716e9c437060430eb7605c45a8ce6fb6dab483637ca6915dd0844?s=96&d=mm&r=g","url":"https:\/\/secure.gravatar.com\/avatar\/96e03166d31716e9c437060430eb7605c45a8ce6fb6dab483637ca6915dd0844?s=96&d=mm&r=g","contentUrl":"https:\/\/secure.gravatar.com\/avatar\/96e03166d31716e9c437060430eb7605c45a8ce6fb6dab483637ca6915dd0844?s=96&d=mm&r=g","caption":"Orator"},"logo":{"@id":"https:\/\/secure.gravatar.com\/avatar\/96e03166d31716e9c437060430eb7605c45a8ce6fb6dab483637ca6915dd0844?s=96&d=mm&r=g"},"url":"https:\/\/www.inkultura-online.de\/politisch_unkorrekt\/author\/1korrektor21-2\/"}]}},"_links":{"self":[{"href":"https:\/\/www.inkultura-online.de\/politisch_unkorrekt\/wp-json\/wp\/v2\/posts\/2026","targetHints":{"allow":["GET"]}}],"collection":[{"href":"https:\/\/www.inkultura-online.de\/politisch_unkorrekt\/wp-json\/wp\/v2\/posts"}],"about":[{"href":"https:\/\/www.inkultura-online.de\/politisch_unkorrekt\/wp-json\/wp\/v2\/types\/post"}],"author":[{"embeddable":true,"href":"https:\/\/www.inkultura-online.de\/politisch_unkorrekt\/wp-json\/wp\/v2\/users\/1"}],"replies":[{"embeddable":true,"href":"https:\/\/www.inkultura-online.de\/politisch_unkorrekt\/wp-json\/wp\/v2\/comments?post=2026"}],"version-history":[{"count":1,"href":"https:\/\/www.inkultura-online.de\/politisch_unkorrekt\/wp-json\/wp\/v2\/posts\/2026\/revisions"}],"predecessor-version":[{"id":2027,"href":"https:\/\/www.inkultura-online.de\/politisch_unkorrekt\/wp-json\/wp\/v2\/posts\/2026\/revisions\/2027"}],"wp:attachment":[{"href":"https:\/\/www.inkultura-online.de\/politisch_unkorrekt\/wp-json\/wp\/v2\/media?parent=2026"}],"wp:term":[{"taxonomy":"category","embeddable":true,"href":"https:\/\/www.inkultura-online.de\/politisch_unkorrekt\/wp-json\/wp\/v2\/categories?post=2026"},{"taxonomy":"post_tag","embeddable":true,"href":"https:\/\/www.inkultura-online.de\/politisch_unkorrekt\/wp-json\/wp\/v2\/tags?post=2026"}],"curies":[{"name":"wp","href":"https:\/\/api.w.org\/{rel}","templated":true}]}}