{"id":2034,"date":"2019-09-19T09:16:41","date_gmt":"2019-09-19T07:16:41","guid":{"rendered":"http:\/\/www.inkultura-online.de\/politisch_unkorrekt\/?p=2034"},"modified":"2019-09-19T09:16:41","modified_gmt":"2019-09-19T07:16:41","slug":"von-zeilenhuren-und-mediennutten","status":"publish","type":"post","link":"https:\/\/www.inkultura-online.de\/politisch_unkorrekt\/von-zeilenhuren-und-mediennutten\/","title":{"rendered":"Von Zeilenhuren und Mediennutten"},"content":{"rendered":"<p>Der aufmerksame Beobachter des politischen Zeitgeists befindet sich seit geraumer Zeit, pr\u00e4ziser ausgedr\u00fcckt, seit Merkels Amtsantritt als Bundeskanzlerin, im aktiven Trauermodus. Das hat nat\u00fcrlich mit der Person IM Erika und deren politischen Kapriolen und irritierenden Wendungen zu tun, mehr jedoch mit dem Verhalten von Journalisten, Chefredakteuren und Herausgebern von Medienobjekten, die, sp\u00e4testens seit Herbst 2015, unisono, man darf ohne weiteres von Gleichschaltung reden, die der Gr\u00f6KaZ und ihren politischen Lakaien geschuldeten totalen Grenz\u00f6ffnung mit einer an Irrsinn erinnernden Begeisterung akklamieren, die eher an kleine Kinder denken l\u00e4sst, die sich begeistert eine Vorstellung im Kasperle-Theater anschauen, als an mit gewissen intellektuellen F\u00e4higkeiten ausgestatteten Erwachsenen. Ob es wohl daran liegt, dass deren geistiges R\u00fcstzeug, die F\u00e4higkeit zu kritischem Denken, dem Abw\u00e4gen von Ursachen und Wirkungen, dem bem\u00fcht objektiven Berichten, also all das, was von diesem Berufszweig einmal verlangt und von diesem auch geliefert wurde, inzwischen derma\u00dfen verk\u00fcmmert ist, dass der B\u00fcrger beim Wort Journalismus eher an die Opfer der deutschen Bildungskatastrophe denkt, als an sachliche und gut informierte Berichterstatter?<!--more--><\/p>\n<p>Was sich bereits 2008 im Rahmen der globalen Finanzkrise angek\u00fcndigt hat, als die Kanzlerin Chefredakteure und Herausgeber einflussreicher Zeitungen zum Tee ins Kanzleramt gebeten hat, mit dem Ziel, diese auf lautes Schweigen bez\u00fcglich der drohenden Auswirkungen dieser Krise, sollten die Journalisten ihrer eigentlichen Pflicht, der vollumf\u00e4nglichen Information ihrer Leser nachkommen, einzuschw\u00f6ren. Merkels Plan, und der ihrer Hinterm\u00e4nner, ist leider ebenso vollumf\u00e4nglich aufgegangen und hat damit erst die fortlaufende Veruntreuung von Steuergeldern f\u00fcr die diversen \u201eRettungsschirme\u201c m\u00f6glich gemacht.<\/p>\n<p>War es die Lust, war es das Begehren, war es das Hoffen eines fehlgeleiteten Journalismus, auf einmal scheinbar zu den M\u00e4chtigen, zu den Einflussreichen, zu den \u201eBig Playern\u201c globaler Politik zu geh\u00f6ren, die mit ihren Artikeln die Leser in die jeweils von der Politik gew\u00fcnschte Richtung manipulieren zu k\u00f6nnen, also ab sofort eine, entgegen ihres eigentlichen gesellschaftlichen Auftrags, richtunggebende Funktion zu erf\u00fcllen?<\/p>\n<p>Das regional begrenzte Ungl\u00fcck im Kernkraftwerk von Fukushima im Jahr 2011 und Merkels irrationale und politisch unwidersprochene Reaktion darauf, die in der sofortigen Abschaltung deutscher Atomkraftwerke bestand, war ein weiterer \u201eMeilenstein\u201c des \u201eembedded Journalism\u201c, denn Kritik an der solit\u00e4r von Merkel initiierten Versorgungsl\u00fccke mit bezahlbarer Energie war, zumindest aus Kreisen der staatstragenden Informationsindustrie, nicht mehr zu erwarten.<\/p>\n<p>Wie auch immer, einmal Blut geleckt, sprich, sich im Einklang mit der Macht zu befinden, muss ein f\u00fcr die Zeilenhuren, nichts anders waren die offiziellen Claquere Merkel&#8217;scher Politik ab diesem Zeitpunkt, berauschender Moment gewesen sein, der sp\u00e4testens mit der Invasion von Millionen \u201eSchutzsuchenden\u201c ab dem Herbst 2015 eines neuen H\u00f6hepunktes bedurfte. Es war der f\u00fcr das autochthone Volk dramatische Augenblick, als die Mediennutten anstelle der B\u00fcrger nur noch \u201eFl\u00fcchtlinge\u201c kannten. In einem bis dahin nie gekannten Einklang droschen \u201eQualit\u00e4tsbl\u00e4tter\u201c und deren Verursacher auf Kritiker der in Massen stattfindenden Landnahme ein, stellten sie in die rechte Ecke, entehrten und kriminalisierten diesen sich immer zahlreicher organisierenden Teil der Gesellschaft.<\/p>\n<p>Doch nicht nur die linksgr\u00fcn orientierten Schreiberlinge und Moderatoren stellten sich gegen das Volk, sondern auch die Vertreter einer im Schwinden begriffenen Kaste erkannten den Wert der korrekten politischen Positionierung, um endlich, ich spreche von den Kirchen, sowohl der evangelischen als auch der katholischen, wieder \u00f6ffentliche Aufmerksamkeit zu erhalten. Was war das f\u00fcr ein munteres mediales Treiben, als sich Pfaffen, Bisch\u00f6fe und Kardin\u00e4le ebenfalls gegen ihre, deren Pfr\u00fcnden sichernden Sch\u00e4fchen zu Felde zogen. Der aufmerksame Beobachter des politischen Zeitgeists konnte sich nur verwundert die Augen reiben, angesichts der Tatsache, dass auch Geistliche zu Mediennutten mutieren k\u00f6nnen.<\/p>\n<p>Den H\u00f6hepunkt dieses medialen in Szene setzen bescherte unserer Republik dann ein Sommer, der endlich wieder einmal seinem Namen alle Ehre machte und das Land mit Badewetter satt \u00fcberzog. Flugs inszenierten die Aufgeregten dieser Nation \u2013 und das waren viele, sehr viele \u2013 unter der F\u00fchrung eines minderj\u00e4hrigen gehandicapten M\u00e4dchen aus Schweden eine beispiellose Kampagne gegen den angeblich vom Menschen verursachten Klimawandel. Merke: Ein richtiger Sommer war von nun an der Beginn einer Klimakatastrophe.<\/p>\n<p>Wieder schlug die Stunde der Zeilenhuren und Mediennutten, die mit teils abstrusen Vorschl\u00e4gen \u2013 Abschaffung der Haustiere oder Verzicht aufs Geb\u00e4ren \u2013 den ver\u00f6ffentlichten Diskurs bestimmten. Wieder einmal, wie bei den davor stattgefundenen Kampagnen blieb eines auf der Strecke: der gesunde Menschenverstand. Doch diesen kann man weder von den Hysterikern, den Aufgeregten noch den P\u00f6stchen und Einfluss witternden Lohnschreibern- und ansagern verlangen. Wie sollte man auch, sind doch die Z\u2026 und M\u2026 Opfer der seit Jahren politisch zu verantwortenden Bildungskatastrophe.<\/p>\n<p>Denn sie wissen nicht, was sie tun, dieses Gemengelage aus Politik, Wirtschaft, Kirchen, Medien, Gewerkschaften, K\u00fcnstlern und Geistesgest\u00f6rten. Nur eines ist klar, sollten sich die Hysteriker, Aufgeregten und Dummen mit ihren Forderungen auch nur teilweise durchsetzen, dann droht Deutschland ein Marshallplan 2.0.<\/p>\n","protected":false},"excerpt":{"rendered":"<p>Der aufmerksame Beobachter des politischen Zeitgeists befindet sich seit geraumer Zeit, pr\u00e4ziser ausgedr\u00fcckt, seit Merkels Amtsantritt als Bundeskanzlerin, im aktiven Trauermodus. Das hat nat\u00fcrlich mit der Person IM Erika und deren politischen Kapriolen und irritierenden Wendungen zu tun, mehr jedoch &hellip; <a href=\"https:\/\/www.inkultura-online.de\/politisch_unkorrekt\/von-zeilenhuren-und-mediennutten\/\">Weiterlesen <span class=\"meta-nav\">&rarr;<\/span><\/a><\/p>\n","protected":false},"author":1,"featured_media":0,"comment_status":"closed","ping_status":"closed","sticky":false,"template":"","format":"standard","meta":{"footnotes":""},"categories":[2,444,6,7,30,10],"tags":[1000,1257,846],"class_list":["post-2034","post","type-post","status-publish","format-standard","hentry","category-antipathie","category-gedanken-zum-tag","category-menschen-untereinander","category-moderne-zeiten","category-so-siehts-aus","category-systemfehler","tag-klimahysterie","tag-mediennutten","tag-zeilenhuren"],"yoast_head":"<!-- This site is optimized with the Yoast SEO plugin v27.5 - https:\/\/yoast.com\/product\/yoast-seo-wordpress\/ -->\n<title>Von Zeilenhuren und Mediennutten - Zeitgeist? Frei!<\/title>\n<meta name=\"robots\" content=\"index, follow, max-snippet:-1, max-image-preview:large, max-video-preview:-1\" \/>\n<link rel=\"canonical\" href=\"https:\/\/www.inkultura-online.de\/politisch_unkorrekt\/von-zeilenhuren-und-mediennutten\/\" \/>\n<meta property=\"og:locale\" content=\"de_DE\" \/>\n<meta property=\"og:type\" content=\"article\" \/>\n<meta property=\"og:title\" content=\"Von Zeilenhuren und Mediennutten - Zeitgeist? Frei!\" \/>\n<meta property=\"og:description\" content=\"Der aufmerksame Beobachter des politischen Zeitgeists befindet sich seit geraumer Zeit, pr\u00e4ziser ausgedr\u00fcckt, seit Merkels Amtsantritt als Bundeskanzlerin, im aktiven Trauermodus. Das hat nat\u00fcrlich mit der Person IM Erika und deren politischen Kapriolen und irritierenden Wendungen zu tun, mehr jedoch &hellip; Weiterlesen &rarr;\" \/>\n<meta property=\"og:url\" content=\"https:\/\/www.inkultura-online.de\/politisch_unkorrekt\/von-zeilenhuren-und-mediennutten\/\" \/>\n<meta property=\"og:site_name\" content=\"Zeitgeist? Frei!\" \/>\n<meta property=\"article:published_time\" content=\"2019-09-19T07:16:41+00:00\" \/>\n<meta name=\"author\" content=\"Orator\" \/>\n<meta name=\"twitter:label1\" content=\"Verfasst von\" \/>\n\t<meta name=\"twitter:data1\" content=\"Orator\" \/>\n\t<meta name=\"twitter:label2\" content=\"Gesch\u00e4tzte Lesezeit\" \/>\n\t<meta name=\"twitter:data2\" content=\"4\u00a0Minuten\" \/>\n<script type=\"application\/ld+json\" class=\"yoast-schema-graph\">{\"@context\":\"https:\\\/\\\/schema.org\",\"@graph\":[{\"@type\":\"Article\",\"@id\":\"https:\\\/\\\/www.inkultura-online.de\\\/politisch_unkorrekt\\\/von-zeilenhuren-und-mediennutten\\\/#article\",\"isPartOf\":{\"@id\":\"https:\\\/\\\/www.inkultura-online.de\\\/politisch_unkorrekt\\\/von-zeilenhuren-und-mediennutten\\\/\"},\"author\":{\"name\":\"Orator\",\"@id\":\"https:\\\/\\\/www.inkultura-online.de\\\/politisch_unkorrekt\\\/#\\\/schema\\\/person\\\/5b30b80e385478896a1de221e1994d86\"},\"headline\":\"Von Zeilenhuren und Mediennutten\",\"datePublished\":\"2019-09-19T07:16:41+00:00\",\"mainEntityOfPage\":{\"@id\":\"https:\\\/\\\/www.inkultura-online.de\\\/politisch_unkorrekt\\\/von-zeilenhuren-und-mediennutten\\\/\"},\"wordCount\":814,\"publisher\":{\"@id\":\"https:\\\/\\\/www.inkultura-online.de\\\/politisch_unkorrekt\\\/#\\\/schema\\\/person\\\/5b30b80e385478896a1de221e1994d86\"},\"keywords\":[\"Klimahysterie\",\"Mediennutten\",\"Zeilenhuren\"],\"articleSection\":[\"Antipathie\",\"Gedanken zum Tag\",\"Menschen untereinander\",\"Moderne Zeiten\",\"So sieht\u00b4s aus\",\"Systemfehler\"],\"inLanguage\":\"de\"},{\"@type\":\"WebPage\",\"@id\":\"https:\\\/\\\/www.inkultura-online.de\\\/politisch_unkorrekt\\\/von-zeilenhuren-und-mediennutten\\\/\",\"url\":\"https:\\\/\\\/www.inkultura-online.de\\\/politisch_unkorrekt\\\/von-zeilenhuren-und-mediennutten\\\/\",\"name\":\"Von Zeilenhuren und Mediennutten - Zeitgeist? Frei!\",\"isPartOf\":{\"@id\":\"https:\\\/\\\/www.inkultura-online.de\\\/politisch_unkorrekt\\\/#website\"},\"datePublished\":\"2019-09-19T07:16:41+00:00\",\"breadcrumb\":{\"@id\":\"https:\\\/\\\/www.inkultura-online.de\\\/politisch_unkorrekt\\\/von-zeilenhuren-und-mediennutten\\\/#breadcrumb\"},\"inLanguage\":\"de\",\"potentialAction\":[{\"@type\":\"ReadAction\",\"target\":[\"https:\\\/\\\/www.inkultura-online.de\\\/politisch_unkorrekt\\\/von-zeilenhuren-und-mediennutten\\\/\"]}]},{\"@type\":\"BreadcrumbList\",\"@id\":\"https:\\\/\\\/www.inkultura-online.de\\\/politisch_unkorrekt\\\/von-zeilenhuren-und-mediennutten\\\/#breadcrumb\",\"itemListElement\":[{\"@type\":\"ListItem\",\"position\":1,\"name\":\"Home\",\"item\":\"https:\\\/\\\/www.inkultura-online.de\\\/politisch_unkorrekt\\\/\"},{\"@type\":\"ListItem\",\"position\":2,\"name\":\"Von Zeilenhuren und Mediennutten\"}]},{\"@type\":\"WebSite\",\"@id\":\"https:\\\/\\\/www.inkultura-online.de\\\/politisch_unkorrekt\\\/#website\",\"url\":\"https:\\\/\\\/www.inkultura-online.de\\\/politisch_unkorrekt\\\/\",\"name\":\"Zeitgeist? Frei!\",\"description\":\"Was Ihr den Geist der Zeiten hei\u00dft...\",\"publisher\":{\"@id\":\"https:\\\/\\\/www.inkultura-online.de\\\/politisch_unkorrekt\\\/#\\\/schema\\\/person\\\/5b30b80e385478896a1de221e1994d86\"},\"potentialAction\":[{\"@type\":\"SearchAction\",\"target\":{\"@type\":\"EntryPoint\",\"urlTemplate\":\"https:\\\/\\\/www.inkultura-online.de\\\/politisch_unkorrekt\\\/?s={search_term_string}\"},\"query-input\":{\"@type\":\"PropertyValueSpecification\",\"valueRequired\":true,\"valueName\":\"search_term_string\"}}],\"inLanguage\":\"de\"},{\"@type\":[\"Person\",\"Organization\"],\"@id\":\"https:\\\/\\\/www.inkultura-online.de\\\/politisch_unkorrekt\\\/#\\\/schema\\\/person\\\/5b30b80e385478896a1de221e1994d86\",\"name\":\"Orator\",\"image\":{\"@type\":\"ImageObject\",\"inLanguage\":\"de\",\"@id\":\"https:\\\/\\\/secure.gravatar.com\\\/avatar\\\/96e03166d31716e9c437060430eb7605c45a8ce6fb6dab483637ca6915dd0844?s=96&d=mm&r=g\",\"url\":\"https:\\\/\\\/secure.gravatar.com\\\/avatar\\\/96e03166d31716e9c437060430eb7605c45a8ce6fb6dab483637ca6915dd0844?s=96&d=mm&r=g\",\"contentUrl\":\"https:\\\/\\\/secure.gravatar.com\\\/avatar\\\/96e03166d31716e9c437060430eb7605c45a8ce6fb6dab483637ca6915dd0844?s=96&d=mm&r=g\",\"caption\":\"Orator\"},\"logo\":{\"@id\":\"https:\\\/\\\/secure.gravatar.com\\\/avatar\\\/96e03166d31716e9c437060430eb7605c45a8ce6fb6dab483637ca6915dd0844?s=96&d=mm&r=g\"},\"url\":\"https:\\\/\\\/www.inkultura-online.de\\\/politisch_unkorrekt\\\/author\\\/1korrektor21-2\\\/\"}]}<\/script>\n<!-- \/ Yoast SEO plugin. -->","yoast_head_json":{"title":"Von Zeilenhuren und Mediennutten - Zeitgeist? Frei!","robots":{"index":"index","follow":"follow","max-snippet":"max-snippet:-1","max-image-preview":"max-image-preview:large","max-video-preview":"max-video-preview:-1"},"canonical":"https:\/\/www.inkultura-online.de\/politisch_unkorrekt\/von-zeilenhuren-und-mediennutten\/","og_locale":"de_DE","og_type":"article","og_title":"Von Zeilenhuren und Mediennutten - Zeitgeist? Frei!","og_description":"Der aufmerksame Beobachter des politischen Zeitgeists befindet sich seit geraumer Zeit, pr\u00e4ziser ausgedr\u00fcckt, seit Merkels Amtsantritt als Bundeskanzlerin, im aktiven Trauermodus. Das hat nat\u00fcrlich mit der Person IM Erika und deren politischen Kapriolen und irritierenden Wendungen zu tun, mehr jedoch &hellip; Weiterlesen &rarr;","og_url":"https:\/\/www.inkultura-online.de\/politisch_unkorrekt\/von-zeilenhuren-und-mediennutten\/","og_site_name":"Zeitgeist? Frei!","article_published_time":"2019-09-19T07:16:41+00:00","author":"Orator","twitter_misc":{"Verfasst von":"Orator","Gesch\u00e4tzte Lesezeit":"4\u00a0Minuten"},"schema":{"@context":"https:\/\/schema.org","@graph":[{"@type":"Article","@id":"https:\/\/www.inkultura-online.de\/politisch_unkorrekt\/von-zeilenhuren-und-mediennutten\/#article","isPartOf":{"@id":"https:\/\/www.inkultura-online.de\/politisch_unkorrekt\/von-zeilenhuren-und-mediennutten\/"},"author":{"name":"Orator","@id":"https:\/\/www.inkultura-online.de\/politisch_unkorrekt\/#\/schema\/person\/5b30b80e385478896a1de221e1994d86"},"headline":"Von Zeilenhuren und Mediennutten","datePublished":"2019-09-19T07:16:41+00:00","mainEntityOfPage":{"@id":"https:\/\/www.inkultura-online.de\/politisch_unkorrekt\/von-zeilenhuren-und-mediennutten\/"},"wordCount":814,"publisher":{"@id":"https:\/\/www.inkultura-online.de\/politisch_unkorrekt\/#\/schema\/person\/5b30b80e385478896a1de221e1994d86"},"keywords":["Klimahysterie","Mediennutten","Zeilenhuren"],"articleSection":["Antipathie","Gedanken zum Tag","Menschen untereinander","Moderne Zeiten","So sieht\u00b4s aus","Systemfehler"],"inLanguage":"de"},{"@type":"WebPage","@id":"https:\/\/www.inkultura-online.de\/politisch_unkorrekt\/von-zeilenhuren-und-mediennutten\/","url":"https:\/\/www.inkultura-online.de\/politisch_unkorrekt\/von-zeilenhuren-und-mediennutten\/","name":"Von Zeilenhuren und Mediennutten - Zeitgeist? Frei!","isPartOf":{"@id":"https:\/\/www.inkultura-online.de\/politisch_unkorrekt\/#website"},"datePublished":"2019-09-19T07:16:41+00:00","breadcrumb":{"@id":"https:\/\/www.inkultura-online.de\/politisch_unkorrekt\/von-zeilenhuren-und-mediennutten\/#breadcrumb"},"inLanguage":"de","potentialAction":[{"@type":"ReadAction","target":["https:\/\/www.inkultura-online.de\/politisch_unkorrekt\/von-zeilenhuren-und-mediennutten\/"]}]},{"@type":"BreadcrumbList","@id":"https:\/\/www.inkultura-online.de\/politisch_unkorrekt\/von-zeilenhuren-und-mediennutten\/#breadcrumb","itemListElement":[{"@type":"ListItem","position":1,"name":"Home","item":"https:\/\/www.inkultura-online.de\/politisch_unkorrekt\/"},{"@type":"ListItem","position":2,"name":"Von Zeilenhuren und Mediennutten"}]},{"@type":"WebSite","@id":"https:\/\/www.inkultura-online.de\/politisch_unkorrekt\/#website","url":"https:\/\/www.inkultura-online.de\/politisch_unkorrekt\/","name":"Zeitgeist? Frei!","description":"Was Ihr den Geist der Zeiten hei\u00dft...","publisher":{"@id":"https:\/\/www.inkultura-online.de\/politisch_unkorrekt\/#\/schema\/person\/5b30b80e385478896a1de221e1994d86"},"potentialAction":[{"@type":"SearchAction","target":{"@type":"EntryPoint","urlTemplate":"https:\/\/www.inkultura-online.de\/politisch_unkorrekt\/?s={search_term_string}"},"query-input":{"@type":"PropertyValueSpecification","valueRequired":true,"valueName":"search_term_string"}}],"inLanguage":"de"},{"@type":["Person","Organization"],"@id":"https:\/\/www.inkultura-online.de\/politisch_unkorrekt\/#\/schema\/person\/5b30b80e385478896a1de221e1994d86","name":"Orator","image":{"@type":"ImageObject","inLanguage":"de","@id":"https:\/\/secure.gravatar.com\/avatar\/96e03166d31716e9c437060430eb7605c45a8ce6fb6dab483637ca6915dd0844?s=96&d=mm&r=g","url":"https:\/\/secure.gravatar.com\/avatar\/96e03166d31716e9c437060430eb7605c45a8ce6fb6dab483637ca6915dd0844?s=96&d=mm&r=g","contentUrl":"https:\/\/secure.gravatar.com\/avatar\/96e03166d31716e9c437060430eb7605c45a8ce6fb6dab483637ca6915dd0844?s=96&d=mm&r=g","caption":"Orator"},"logo":{"@id":"https:\/\/secure.gravatar.com\/avatar\/96e03166d31716e9c437060430eb7605c45a8ce6fb6dab483637ca6915dd0844?s=96&d=mm&r=g"},"url":"https:\/\/www.inkultura-online.de\/politisch_unkorrekt\/author\/1korrektor21-2\/"}]}},"_links":{"self":[{"href":"https:\/\/www.inkultura-online.de\/politisch_unkorrekt\/wp-json\/wp\/v2\/posts\/2034","targetHints":{"allow":["GET"]}}],"collection":[{"href":"https:\/\/www.inkultura-online.de\/politisch_unkorrekt\/wp-json\/wp\/v2\/posts"}],"about":[{"href":"https:\/\/www.inkultura-online.de\/politisch_unkorrekt\/wp-json\/wp\/v2\/types\/post"}],"author":[{"embeddable":true,"href":"https:\/\/www.inkultura-online.de\/politisch_unkorrekt\/wp-json\/wp\/v2\/users\/1"}],"replies":[{"embeddable":true,"href":"https:\/\/www.inkultura-online.de\/politisch_unkorrekt\/wp-json\/wp\/v2\/comments?post=2034"}],"version-history":[{"count":1,"href":"https:\/\/www.inkultura-online.de\/politisch_unkorrekt\/wp-json\/wp\/v2\/posts\/2034\/revisions"}],"predecessor-version":[{"id":2035,"href":"https:\/\/www.inkultura-online.de\/politisch_unkorrekt\/wp-json\/wp\/v2\/posts\/2034\/revisions\/2035"}],"wp:attachment":[{"href":"https:\/\/www.inkultura-online.de\/politisch_unkorrekt\/wp-json\/wp\/v2\/media?parent=2034"}],"wp:term":[{"taxonomy":"category","embeddable":true,"href":"https:\/\/www.inkultura-online.de\/politisch_unkorrekt\/wp-json\/wp\/v2\/categories?post=2034"},{"taxonomy":"post_tag","embeddable":true,"href":"https:\/\/www.inkultura-online.de\/politisch_unkorrekt\/wp-json\/wp\/v2\/tags?post=2034"}],"curies":[{"name":"wp","href":"https:\/\/api.w.org\/{rel}","templated":true}]}}