{"id":2036,"date":"2019-09-20T13:38:51","date_gmt":"2019-09-20T11:38:51","guid":{"rendered":"http:\/\/www.inkultura-online.de\/politisch_unkorrekt\/?p=2036"},"modified":"2019-09-20T13:57:27","modified_gmt":"2019-09-20T11:57:27","slug":"die-seherin-carola","status":"publish","type":"post","link":"https:\/\/www.inkultura-online.de\/politisch_unkorrekt\/die-seherin-carola\/","title":{"rendered":"Die Seherin Carola"},"content":{"rendered":"<p>Ich liebe Omnipotenz. Ehrlich! Ich liebe ganz besonders omnipotente Menschen, also die Zeitgenossen und -genossinnen, die sich durch ihr vollumf\u00e4ngliches Wissen vom normalen, ich z\u00e4hle mich dazu, Volk unterscheiden und aufgrund ihrer geradezu ph\u00e4nomenalen F\u00e4higkeit wissenschaftliche, gesellschaftliche und politische Zusammenh\u00e4nge erkennen und uns Normalsterbliche mit ihrer aus wenigen Worten bestehenden Analyse die Welt erkl\u00e4ren k\u00f6nnen.<!--more--><\/p>\n<p>Wie gesagt, ich liebe diese Typen, weil sie in mir wieder die kindliche Sehnsucht nach einfachen L\u00f6sungen wecken, die ich vor langer Zeit in den M\u00e4rchenb\u00fcchern fand, die meine Eltern mir vor dem Einschlafen vorgelesen haben.<\/p>\n<p>Eine dieser allwissenden Typen, die in ihrer Person Erleuchtung und Heils\u00fcberbringung vereint, ist die Sea-Watch-Kapit\u00e4nin Carola Rackete. Diese Frau personifiziert geradezu den \u201eNeuen Menschen\u201c, Verzeihung, die \u201eNeue Menschin\u201c. Neben der anspruchsvollen T\u00e4tigkeit als Kapit\u00e4nin ist sie gleichzeitig im Gewerbe des Menschenschmuggels, des Schleusens von Invasoren, Verzeihung \u201eSchutzsuchenden\u201c aktiv, nicht zu vergessen, das illegale Anlegen in ausl\u00e4ndischen H\u00e4fen und, quasi als Nebenprodukt jahrelanger einsamer Zeiten auf hoher See mit der entsprechenden Pers\u00f6nlichkeitsver\u00e4nderung, wurde jetzt vom Blitz der Erkenntnis bez\u00fcglich des weiteren Schicksals unseres Planeten getroffen.<\/p>\n<p>Der Erde, so die Wahrsagerin aus Preetz in einem Beitrag f\u00fcr die <em>Frankfurter Rundschau<\/em>, st\u00fcnden Hungersn\u00f6te und Konflikte bevor, die zum Zusammenbruch der menschlichen Zivilisation f\u00fchren werden, wenn sich die Klimapolitik nicht \u00e4ndern wird. Ich liebe diese Figuren, die zwar von Wissen unbelastet sind, jedoch zu allem eine Meinung haben. Carola, bitte helfe mir bei den Lottozahlen der n\u00e4chsten Ziehung!<\/p>\n","protected":false},"excerpt":{"rendered":"<p>Ich liebe Omnipotenz. Ehrlich! Ich liebe ganz besonders omnipotente Menschen, also die Zeitgenossen und -genossinnen, die sich durch ihr vollumf\u00e4ngliches Wissen vom normalen, ich z\u00e4hle mich dazu, Volk unterscheiden und aufgrund ihrer geradezu ph\u00e4nomenalen F\u00e4higkeit wissenschaftliche, gesellschaftliche und politische Zusammenh\u00e4nge &hellip; <a href=\"https:\/\/www.inkultura-online.de\/politisch_unkorrekt\/die-seherin-carola\/\">Weiterlesen <span class=\"meta-nav\">&rarr;<\/span><\/a><\/p>\n","protected":false},"author":1,"featured_media":0,"comment_status":"closed","ping_status":"closed","sticky":false,"template":"","format":"standard","meta":{"footnotes":""},"categories":[2,3,1,444,6],"tags":[1258,1260,77,1259],"class_list":["post-2036","post","type-post","status-publish","format-standard","hentry","category-antipathie","category-die-duemmsten-sprueche-der-woche","category-fundstuecke","category-gedanken-zum-tag","category-menschen-untereinander","tag-die-seherin-carola","tag-kriminelle-kapitaenin","tag-menschenschmuggel","tag-schleuserin"],"yoast_head":"<!-- This site is optimized with the Yoast SEO plugin v27.5 - https:\/\/yoast.com\/product\/yoast-seo-wordpress\/ -->\n<title>Die Seherin Carola - Zeitgeist? Frei!<\/title>\n<meta name=\"robots\" content=\"index, follow, max-snippet:-1, max-image-preview:large, max-video-preview:-1\" \/>\n<link rel=\"canonical\" href=\"https:\/\/www.inkultura-online.de\/politisch_unkorrekt\/die-seherin-carola\/\" \/>\n<meta property=\"og:locale\" content=\"de_DE\" \/>\n<meta property=\"og:type\" content=\"article\" \/>\n<meta property=\"og:title\" content=\"Die Seherin Carola - Zeitgeist? Frei!\" \/>\n<meta property=\"og:description\" content=\"Ich liebe Omnipotenz. Ehrlich! Ich liebe ganz besonders omnipotente Menschen, also die Zeitgenossen und -genossinnen, die sich durch ihr vollumf\u00e4ngliches Wissen vom normalen, ich z\u00e4hle mich dazu, Volk unterscheiden und aufgrund ihrer geradezu ph\u00e4nomenalen F\u00e4higkeit wissenschaftliche, gesellschaftliche und politische Zusammenh\u00e4nge &hellip; Weiterlesen &rarr;\" \/>\n<meta property=\"og:url\" content=\"https:\/\/www.inkultura-online.de\/politisch_unkorrekt\/die-seherin-carola\/\" \/>\n<meta property=\"og:site_name\" content=\"Zeitgeist? Frei!\" \/>\n<meta property=\"article:published_time\" content=\"2019-09-20T11:38:51+00:00\" \/>\n<meta property=\"article:modified_time\" content=\"2019-09-20T11:57:27+00:00\" \/>\n<meta name=\"author\" content=\"Orator\" \/>\n<meta name=\"twitter:label1\" content=\"Verfasst von\" \/>\n\t<meta name=\"twitter:data1\" content=\"Orator\" \/>\n\t<meta name=\"twitter:label2\" content=\"Gesch\u00e4tzte Lesezeit\" \/>\n\t<meta name=\"twitter:data2\" content=\"1\u00a0Minute\" \/>\n<script type=\"application\/ld+json\" class=\"yoast-schema-graph\">{\"@context\":\"https:\\\/\\\/schema.org\",\"@graph\":[{\"@type\":\"Article\",\"@id\":\"https:\\\/\\\/www.inkultura-online.de\\\/politisch_unkorrekt\\\/die-seherin-carola\\\/#article\",\"isPartOf\":{\"@id\":\"https:\\\/\\\/www.inkultura-online.de\\\/politisch_unkorrekt\\\/die-seherin-carola\\\/\"},\"author\":{\"name\":\"Orator\",\"@id\":\"https:\\\/\\\/www.inkultura-online.de\\\/politisch_unkorrekt\\\/#\\\/schema\\\/person\\\/5b30b80e385478896a1de221e1994d86\"},\"headline\":\"Die Seherin Carola\",\"datePublished\":\"2019-09-20T11:38:51+00:00\",\"dateModified\":\"2019-09-20T11:57:27+00:00\",\"mainEntityOfPage\":{\"@id\":\"https:\\\/\\\/www.inkultura-online.de\\\/politisch_unkorrekt\\\/die-seherin-carola\\\/\"},\"wordCount\":262,\"publisher\":{\"@id\":\"https:\\\/\\\/www.inkultura-online.de\\\/politisch_unkorrekt\\\/#\\\/schema\\\/person\\\/5b30b80e385478896a1de221e1994d86\"},\"keywords\":[\"Die Seherin Carola\",\"kriminelle Kapit\u00e4nin\",\"Menschenschmuggel\",\"Schleuserin\"],\"articleSection\":[\"Antipathie\",\"Die d\u00fcmmsten Spr\u00fcche der Woche\",\"Fundst\u00fccke\",\"Gedanken zum Tag\",\"Menschen untereinander\"],\"inLanguage\":\"de\"},{\"@type\":\"WebPage\",\"@id\":\"https:\\\/\\\/www.inkultura-online.de\\\/politisch_unkorrekt\\\/die-seherin-carola\\\/\",\"url\":\"https:\\\/\\\/www.inkultura-online.de\\\/politisch_unkorrekt\\\/die-seherin-carola\\\/\",\"name\":\"Die Seherin Carola - Zeitgeist? Frei!\",\"isPartOf\":{\"@id\":\"https:\\\/\\\/www.inkultura-online.de\\\/politisch_unkorrekt\\\/#website\"},\"datePublished\":\"2019-09-20T11:38:51+00:00\",\"dateModified\":\"2019-09-20T11:57:27+00:00\",\"breadcrumb\":{\"@id\":\"https:\\\/\\\/www.inkultura-online.de\\\/politisch_unkorrekt\\\/die-seherin-carola\\\/#breadcrumb\"},\"inLanguage\":\"de\",\"potentialAction\":[{\"@type\":\"ReadAction\",\"target\":[\"https:\\\/\\\/www.inkultura-online.de\\\/politisch_unkorrekt\\\/die-seherin-carola\\\/\"]}]},{\"@type\":\"BreadcrumbList\",\"@id\":\"https:\\\/\\\/www.inkultura-online.de\\\/politisch_unkorrekt\\\/die-seherin-carola\\\/#breadcrumb\",\"itemListElement\":[{\"@type\":\"ListItem\",\"position\":1,\"name\":\"Home\",\"item\":\"https:\\\/\\\/www.inkultura-online.de\\\/politisch_unkorrekt\\\/\"},{\"@type\":\"ListItem\",\"position\":2,\"name\":\"Die Seherin Carola\"}]},{\"@type\":\"WebSite\",\"@id\":\"https:\\\/\\\/www.inkultura-online.de\\\/politisch_unkorrekt\\\/#website\",\"url\":\"https:\\\/\\\/www.inkultura-online.de\\\/politisch_unkorrekt\\\/\",\"name\":\"Zeitgeist? Frei!\",\"description\":\"Was Ihr den Geist der Zeiten hei\u00dft...\",\"publisher\":{\"@id\":\"https:\\\/\\\/www.inkultura-online.de\\\/politisch_unkorrekt\\\/#\\\/schema\\\/person\\\/5b30b80e385478896a1de221e1994d86\"},\"potentialAction\":[{\"@type\":\"SearchAction\",\"target\":{\"@type\":\"EntryPoint\",\"urlTemplate\":\"https:\\\/\\\/www.inkultura-online.de\\\/politisch_unkorrekt\\\/?s={search_term_string}\"},\"query-input\":{\"@type\":\"PropertyValueSpecification\",\"valueRequired\":true,\"valueName\":\"search_term_string\"}}],\"inLanguage\":\"de\"},{\"@type\":[\"Person\",\"Organization\"],\"@id\":\"https:\\\/\\\/www.inkultura-online.de\\\/politisch_unkorrekt\\\/#\\\/schema\\\/person\\\/5b30b80e385478896a1de221e1994d86\",\"name\":\"Orator\",\"image\":{\"@type\":\"ImageObject\",\"inLanguage\":\"de\",\"@id\":\"https:\\\/\\\/secure.gravatar.com\\\/avatar\\\/96e03166d31716e9c437060430eb7605c45a8ce6fb6dab483637ca6915dd0844?s=96&d=mm&r=g\",\"url\":\"https:\\\/\\\/secure.gravatar.com\\\/avatar\\\/96e03166d31716e9c437060430eb7605c45a8ce6fb6dab483637ca6915dd0844?s=96&d=mm&r=g\",\"contentUrl\":\"https:\\\/\\\/secure.gravatar.com\\\/avatar\\\/96e03166d31716e9c437060430eb7605c45a8ce6fb6dab483637ca6915dd0844?s=96&d=mm&r=g\",\"caption\":\"Orator\"},\"logo\":{\"@id\":\"https:\\\/\\\/secure.gravatar.com\\\/avatar\\\/96e03166d31716e9c437060430eb7605c45a8ce6fb6dab483637ca6915dd0844?s=96&d=mm&r=g\"},\"url\":\"https:\\\/\\\/www.inkultura-online.de\\\/politisch_unkorrekt\\\/author\\\/1korrektor21-2\\\/\"}]}<\/script>\n<!-- \/ Yoast SEO plugin. -->","yoast_head_json":{"title":"Die Seherin Carola - Zeitgeist? Frei!","robots":{"index":"index","follow":"follow","max-snippet":"max-snippet:-1","max-image-preview":"max-image-preview:large","max-video-preview":"max-video-preview:-1"},"canonical":"https:\/\/www.inkultura-online.de\/politisch_unkorrekt\/die-seherin-carola\/","og_locale":"de_DE","og_type":"article","og_title":"Die Seherin Carola - Zeitgeist? Frei!","og_description":"Ich liebe Omnipotenz. Ehrlich! Ich liebe ganz besonders omnipotente Menschen, also die Zeitgenossen und -genossinnen, die sich durch ihr vollumf\u00e4ngliches Wissen vom normalen, ich z\u00e4hle mich dazu, Volk unterscheiden und aufgrund ihrer geradezu ph\u00e4nomenalen F\u00e4higkeit wissenschaftliche, gesellschaftliche und politische Zusammenh\u00e4nge &hellip; Weiterlesen &rarr;","og_url":"https:\/\/www.inkultura-online.de\/politisch_unkorrekt\/die-seherin-carola\/","og_site_name":"Zeitgeist? Frei!","article_published_time":"2019-09-20T11:38:51+00:00","article_modified_time":"2019-09-20T11:57:27+00:00","author":"Orator","twitter_misc":{"Verfasst von":"Orator","Gesch\u00e4tzte Lesezeit":"1\u00a0Minute"},"schema":{"@context":"https:\/\/schema.org","@graph":[{"@type":"Article","@id":"https:\/\/www.inkultura-online.de\/politisch_unkorrekt\/die-seherin-carola\/#article","isPartOf":{"@id":"https:\/\/www.inkultura-online.de\/politisch_unkorrekt\/die-seherin-carola\/"},"author":{"name":"Orator","@id":"https:\/\/www.inkultura-online.de\/politisch_unkorrekt\/#\/schema\/person\/5b30b80e385478896a1de221e1994d86"},"headline":"Die Seherin Carola","datePublished":"2019-09-20T11:38:51+00:00","dateModified":"2019-09-20T11:57:27+00:00","mainEntityOfPage":{"@id":"https:\/\/www.inkultura-online.de\/politisch_unkorrekt\/die-seherin-carola\/"},"wordCount":262,"publisher":{"@id":"https:\/\/www.inkultura-online.de\/politisch_unkorrekt\/#\/schema\/person\/5b30b80e385478896a1de221e1994d86"},"keywords":["Die Seherin Carola","kriminelle Kapit\u00e4nin","Menschenschmuggel","Schleuserin"],"articleSection":["Antipathie","Die d\u00fcmmsten Spr\u00fcche der Woche","Fundst\u00fccke","Gedanken zum Tag","Menschen untereinander"],"inLanguage":"de"},{"@type":"WebPage","@id":"https:\/\/www.inkultura-online.de\/politisch_unkorrekt\/die-seherin-carola\/","url":"https:\/\/www.inkultura-online.de\/politisch_unkorrekt\/die-seherin-carola\/","name":"Die Seherin Carola - Zeitgeist? Frei!","isPartOf":{"@id":"https:\/\/www.inkultura-online.de\/politisch_unkorrekt\/#website"},"datePublished":"2019-09-20T11:38:51+00:00","dateModified":"2019-09-20T11:57:27+00:00","breadcrumb":{"@id":"https:\/\/www.inkultura-online.de\/politisch_unkorrekt\/die-seherin-carola\/#breadcrumb"},"inLanguage":"de","potentialAction":[{"@type":"ReadAction","target":["https:\/\/www.inkultura-online.de\/politisch_unkorrekt\/die-seherin-carola\/"]}]},{"@type":"BreadcrumbList","@id":"https:\/\/www.inkultura-online.de\/politisch_unkorrekt\/die-seherin-carola\/#breadcrumb","itemListElement":[{"@type":"ListItem","position":1,"name":"Home","item":"https:\/\/www.inkultura-online.de\/politisch_unkorrekt\/"},{"@type":"ListItem","position":2,"name":"Die Seherin Carola"}]},{"@type":"WebSite","@id":"https:\/\/www.inkultura-online.de\/politisch_unkorrekt\/#website","url":"https:\/\/www.inkultura-online.de\/politisch_unkorrekt\/","name":"Zeitgeist? Frei!","description":"Was Ihr den Geist der Zeiten hei\u00dft...","publisher":{"@id":"https:\/\/www.inkultura-online.de\/politisch_unkorrekt\/#\/schema\/person\/5b30b80e385478896a1de221e1994d86"},"potentialAction":[{"@type":"SearchAction","target":{"@type":"EntryPoint","urlTemplate":"https:\/\/www.inkultura-online.de\/politisch_unkorrekt\/?s={search_term_string}"},"query-input":{"@type":"PropertyValueSpecification","valueRequired":true,"valueName":"search_term_string"}}],"inLanguage":"de"},{"@type":["Person","Organization"],"@id":"https:\/\/www.inkultura-online.de\/politisch_unkorrekt\/#\/schema\/person\/5b30b80e385478896a1de221e1994d86","name":"Orator","image":{"@type":"ImageObject","inLanguage":"de","@id":"https:\/\/secure.gravatar.com\/avatar\/96e03166d31716e9c437060430eb7605c45a8ce6fb6dab483637ca6915dd0844?s=96&d=mm&r=g","url":"https:\/\/secure.gravatar.com\/avatar\/96e03166d31716e9c437060430eb7605c45a8ce6fb6dab483637ca6915dd0844?s=96&d=mm&r=g","contentUrl":"https:\/\/secure.gravatar.com\/avatar\/96e03166d31716e9c437060430eb7605c45a8ce6fb6dab483637ca6915dd0844?s=96&d=mm&r=g","caption":"Orator"},"logo":{"@id":"https:\/\/secure.gravatar.com\/avatar\/96e03166d31716e9c437060430eb7605c45a8ce6fb6dab483637ca6915dd0844?s=96&d=mm&r=g"},"url":"https:\/\/www.inkultura-online.de\/politisch_unkorrekt\/author\/1korrektor21-2\/"}]}},"_links":{"self":[{"href":"https:\/\/www.inkultura-online.de\/politisch_unkorrekt\/wp-json\/wp\/v2\/posts\/2036","targetHints":{"allow":["GET"]}}],"collection":[{"href":"https:\/\/www.inkultura-online.de\/politisch_unkorrekt\/wp-json\/wp\/v2\/posts"}],"about":[{"href":"https:\/\/www.inkultura-online.de\/politisch_unkorrekt\/wp-json\/wp\/v2\/types\/post"}],"author":[{"embeddable":true,"href":"https:\/\/www.inkultura-online.de\/politisch_unkorrekt\/wp-json\/wp\/v2\/users\/1"}],"replies":[{"embeddable":true,"href":"https:\/\/www.inkultura-online.de\/politisch_unkorrekt\/wp-json\/wp\/v2\/comments?post=2036"}],"version-history":[{"count":2,"href":"https:\/\/www.inkultura-online.de\/politisch_unkorrekt\/wp-json\/wp\/v2\/posts\/2036\/revisions"}],"predecessor-version":[{"id":2038,"href":"https:\/\/www.inkultura-online.de\/politisch_unkorrekt\/wp-json\/wp\/v2\/posts\/2036\/revisions\/2038"}],"wp:attachment":[{"href":"https:\/\/www.inkultura-online.de\/politisch_unkorrekt\/wp-json\/wp\/v2\/media?parent=2036"}],"wp:term":[{"taxonomy":"category","embeddable":true,"href":"https:\/\/www.inkultura-online.de\/politisch_unkorrekt\/wp-json\/wp\/v2\/categories?post=2036"},{"taxonomy":"post_tag","embeddable":true,"href":"https:\/\/www.inkultura-online.de\/politisch_unkorrekt\/wp-json\/wp\/v2\/tags?post=2036"}],"curies":[{"name":"wp","href":"https:\/\/api.w.org\/{rel}","templated":true}]}}