{"id":2044,"date":"2019-09-23T10:15:55","date_gmt":"2019-09-23T08:15:55","guid":{"rendered":"http:\/\/www.inkultura-online.de\/politisch_unkorrekt\/?p=2044"},"modified":"2019-09-23T10:15:55","modified_gmt":"2019-09-23T08:15:55","slug":"eine-weitere-luege-wird-enttarnt","status":"publish","type":"post","link":"https:\/\/www.inkultura-online.de\/politisch_unkorrekt\/eine-weitere-luege-wird-enttarnt\/","title":{"rendered":"Eine weitere L\u00fcge wird enttarnt"},"content":{"rendered":"<p>Was war das doch f\u00fcr ein polit-mediales Ballyhoo, als im Zuge der Merkel&#8217;schen totalen Grenz\u00f6ffnung im Herbst 2015 get\u00fcrkte und echte Syrer in Deutschland einfielen. Die Gr\u00fcnen freuten sich \u00fcber \u201eMenschengeschenke\u201c und grenzdebile Wirtschaftsf\u00fchrer (ver)sprachen sogar ein neues deutsches Wirtschaftswunder, weil unter den invasierenden \u201eSyrern\u201c unz\u00e4hlige Fachkr\u00e4fte, also genau diejenigen, die angeblich in der Republik Mangelware waren, zu finden seien.<!--more--><\/p>\n<p>Du meine G\u00fcte, was wurden den skeptischen B\u00fcrgern nicht alles f\u00fcr verquaste Argumente angesichts des massenhaften Zustroms von Personen aus kulturfernen Ethnien vom polit-medialen Komplex geliefert: \u00c4rzte, Wissenschaftler, Ingenieure, \u00d6konomen, ja sogar zuk\u00fcnftige Nobelpreistr\u00e4ger w\u00fcrden sich unter den Geschenken auf zwei Beinen befinden, die unser Land ein weiteres Mal aufbauen w\u00fcrden.<\/p>\n<p>Was von Merkel und ihren eierlosen Claqueuren wie ein Mantra verbreitet wurde und von Kritikern \u2013 allesamt b\u00f6se Nazis \u2013 bereits damals als L\u00fcge identifiziert wurde, f\u00e4llt jetzt wie ein Kartenhaus in sich zusammen. Die Bundesagentur f\u00fcr Arbeit, eine Institution, die gegen\u00fcber rechten politischen Umtrieben und Meinungen so weit entfernt ist wie der rund 21.000 Lichtjahre von der Erde entdeckte Planet OGLE-2005-BLG-390Lb, musste auf Anfrage des AfD-Bundestagsabgeordneten Ren\u00e9 Springer leider zugeben, dass drei Viertel der in Deutschland lebenden Syrer Hartz-IV beziehen.<\/p>\n<p>Vielleicht, nur mal so nebenbei gedacht, ist aus diesem Grund der Beschluss des \u201eKlima-Kriegs-Kabinetts\u201c zur CO2-Steuer-Erhebung in Wirklichkeit der feuchte Traum unserer Volksverr\u00e4ter zur Anwerbung und Finanzierung weiterer \u201eFachkr\u00e4fte\u201c\u2026.<\/p>\n","protected":false},"excerpt":{"rendered":"<p>Was war das doch f\u00fcr ein polit-mediales Ballyhoo, als im Zuge der Merkel&#8217;schen totalen Grenz\u00f6ffnung im Herbst 2015 get\u00fcrkte und echte Syrer in Deutschland einfielen. Die Gr\u00fcnen freuten sich \u00fcber \u201eMenschengeschenke\u201c und grenzdebile Wirtschaftsf\u00fchrer (ver)sprachen sogar ein neues deutsches Wirtschaftswunder, &hellip; <a href=\"https:\/\/www.inkultura-online.de\/politisch_unkorrekt\/eine-weitere-luege-wird-enttarnt\/\">Weiterlesen <span class=\"meta-nav\">&rarr;<\/span><\/a><\/p>\n","protected":false},"author":1,"featured_media":0,"comment_status":"closed","ping_status":"closed","sticky":false,"template":"","format":"standard","meta":{"footnotes":""},"categories":[1,444,146,5,10,11],"tags":[221,1263,341,416,225],"class_list":["post-2044","post","type-post","status-publish","format-standard","hentry","category-fundstuecke","category-gedanken-zum-tag","category-keine-islamisierung","category-meinungen-und-sprueche","category-systemfehler","category-was-die-qualitaetspresse-gern-verschweigt","tag-fachkraefte","tag-getuerkte-syrer","tag-invasoren","tag-syrer","tag-volksverraeter"],"yoast_head":"<!-- This site is optimized with the Yoast SEO plugin v27.5 - https:\/\/yoast.com\/product\/yoast-seo-wordpress\/ -->\n<title>Eine weitere L\u00fcge wird enttarnt - Zeitgeist? Frei!<\/title>\n<meta name=\"robots\" content=\"index, follow, max-snippet:-1, max-image-preview:large, max-video-preview:-1\" \/>\n<link rel=\"canonical\" href=\"https:\/\/www.inkultura-online.de\/politisch_unkorrekt\/eine-weitere-luege-wird-enttarnt\/\" \/>\n<meta property=\"og:locale\" content=\"de_DE\" \/>\n<meta property=\"og:type\" content=\"article\" \/>\n<meta property=\"og:title\" content=\"Eine weitere L\u00fcge wird enttarnt - Zeitgeist? Frei!\" \/>\n<meta property=\"og:description\" content=\"Was war das doch f\u00fcr ein polit-mediales Ballyhoo, als im Zuge der Merkel&#8217;schen totalen Grenz\u00f6ffnung im Herbst 2015 get\u00fcrkte und echte Syrer in Deutschland einfielen. Die Gr\u00fcnen freuten sich \u00fcber \u201eMenschengeschenke\u201c und grenzdebile Wirtschaftsf\u00fchrer (ver)sprachen sogar ein neues deutsches Wirtschaftswunder, &hellip; Weiterlesen &rarr;\" \/>\n<meta property=\"og:url\" content=\"https:\/\/www.inkultura-online.de\/politisch_unkorrekt\/eine-weitere-luege-wird-enttarnt\/\" \/>\n<meta property=\"og:site_name\" content=\"Zeitgeist? Frei!\" \/>\n<meta property=\"article:published_time\" content=\"2019-09-23T08:15:55+00:00\" \/>\n<meta name=\"author\" content=\"Orator\" \/>\n<meta name=\"twitter:label1\" content=\"Verfasst von\" \/>\n\t<meta name=\"twitter:data1\" content=\"Orator\" \/>\n\t<meta name=\"twitter:label2\" content=\"Gesch\u00e4tzte Lesezeit\" \/>\n\t<meta name=\"twitter:data2\" content=\"1\u00a0Minute\" \/>\n<script type=\"application\/ld+json\" class=\"yoast-schema-graph\">{\"@context\":\"https:\\\/\\\/schema.org\",\"@graph\":[{\"@type\":\"Article\",\"@id\":\"https:\\\/\\\/www.inkultura-online.de\\\/politisch_unkorrekt\\\/eine-weitere-luege-wird-enttarnt\\\/#article\",\"isPartOf\":{\"@id\":\"https:\\\/\\\/www.inkultura-online.de\\\/politisch_unkorrekt\\\/eine-weitere-luege-wird-enttarnt\\\/\"},\"author\":{\"name\":\"Orator\",\"@id\":\"https:\\\/\\\/www.inkultura-online.de\\\/politisch_unkorrekt\\\/#\\\/schema\\\/person\\\/5b30b80e385478896a1de221e1994d86\"},\"headline\":\"Eine weitere L\u00fcge wird enttarnt\",\"datePublished\":\"2019-09-23T08:15:55+00:00\",\"mainEntityOfPage\":{\"@id\":\"https:\\\/\\\/www.inkultura-online.de\\\/politisch_unkorrekt\\\/eine-weitere-luege-wird-enttarnt\\\/\"},\"wordCount\":249,\"publisher\":{\"@id\":\"https:\\\/\\\/www.inkultura-online.de\\\/politisch_unkorrekt\\\/#\\\/schema\\\/person\\\/5b30b80e385478896a1de221e1994d86\"},\"keywords\":[\"Fachkr\u00e4fte\",\"get\u00fcrkte Syrer\",\"Invasoren\",\"Syrer\",\"Volksverr\u00e4ter\"],\"articleSection\":[\"Fundst\u00fccke\",\"Gedanken zum Tag\",\"Keine Islamisierung?\",\"Meinungen und Spr\u00fcche\",\"Systemfehler\",\"Was die \\\"Qualit\u00e4tspresse\\\" gern verschweigt\"],\"inLanguage\":\"de\"},{\"@type\":\"WebPage\",\"@id\":\"https:\\\/\\\/www.inkultura-online.de\\\/politisch_unkorrekt\\\/eine-weitere-luege-wird-enttarnt\\\/\",\"url\":\"https:\\\/\\\/www.inkultura-online.de\\\/politisch_unkorrekt\\\/eine-weitere-luege-wird-enttarnt\\\/\",\"name\":\"Eine weitere L\u00fcge wird enttarnt - Zeitgeist? Frei!\",\"isPartOf\":{\"@id\":\"https:\\\/\\\/www.inkultura-online.de\\\/politisch_unkorrekt\\\/#website\"},\"datePublished\":\"2019-09-23T08:15:55+00:00\",\"breadcrumb\":{\"@id\":\"https:\\\/\\\/www.inkultura-online.de\\\/politisch_unkorrekt\\\/eine-weitere-luege-wird-enttarnt\\\/#breadcrumb\"},\"inLanguage\":\"de\",\"potentialAction\":[{\"@type\":\"ReadAction\",\"target\":[\"https:\\\/\\\/www.inkultura-online.de\\\/politisch_unkorrekt\\\/eine-weitere-luege-wird-enttarnt\\\/\"]}]},{\"@type\":\"BreadcrumbList\",\"@id\":\"https:\\\/\\\/www.inkultura-online.de\\\/politisch_unkorrekt\\\/eine-weitere-luege-wird-enttarnt\\\/#breadcrumb\",\"itemListElement\":[{\"@type\":\"ListItem\",\"position\":1,\"name\":\"Home\",\"item\":\"https:\\\/\\\/www.inkultura-online.de\\\/politisch_unkorrekt\\\/\"},{\"@type\":\"ListItem\",\"position\":2,\"name\":\"Eine weitere L\u00fcge wird enttarnt\"}]},{\"@type\":\"WebSite\",\"@id\":\"https:\\\/\\\/www.inkultura-online.de\\\/politisch_unkorrekt\\\/#website\",\"url\":\"https:\\\/\\\/www.inkultura-online.de\\\/politisch_unkorrekt\\\/\",\"name\":\"Zeitgeist? Frei!\",\"description\":\"Was Ihr den Geist der Zeiten hei\u00dft...\",\"publisher\":{\"@id\":\"https:\\\/\\\/www.inkultura-online.de\\\/politisch_unkorrekt\\\/#\\\/schema\\\/person\\\/5b30b80e385478896a1de221e1994d86\"},\"potentialAction\":[{\"@type\":\"SearchAction\",\"target\":{\"@type\":\"EntryPoint\",\"urlTemplate\":\"https:\\\/\\\/www.inkultura-online.de\\\/politisch_unkorrekt\\\/?s={search_term_string}\"},\"query-input\":{\"@type\":\"PropertyValueSpecification\",\"valueRequired\":true,\"valueName\":\"search_term_string\"}}],\"inLanguage\":\"de\"},{\"@type\":[\"Person\",\"Organization\"],\"@id\":\"https:\\\/\\\/www.inkultura-online.de\\\/politisch_unkorrekt\\\/#\\\/schema\\\/person\\\/5b30b80e385478896a1de221e1994d86\",\"name\":\"Orator\",\"image\":{\"@type\":\"ImageObject\",\"inLanguage\":\"de\",\"@id\":\"https:\\\/\\\/secure.gravatar.com\\\/avatar\\\/96e03166d31716e9c437060430eb7605c45a8ce6fb6dab483637ca6915dd0844?s=96&d=mm&r=g\",\"url\":\"https:\\\/\\\/secure.gravatar.com\\\/avatar\\\/96e03166d31716e9c437060430eb7605c45a8ce6fb6dab483637ca6915dd0844?s=96&d=mm&r=g\",\"contentUrl\":\"https:\\\/\\\/secure.gravatar.com\\\/avatar\\\/96e03166d31716e9c437060430eb7605c45a8ce6fb6dab483637ca6915dd0844?s=96&d=mm&r=g\",\"caption\":\"Orator\"},\"logo\":{\"@id\":\"https:\\\/\\\/secure.gravatar.com\\\/avatar\\\/96e03166d31716e9c437060430eb7605c45a8ce6fb6dab483637ca6915dd0844?s=96&d=mm&r=g\"},\"url\":\"https:\\\/\\\/www.inkultura-online.de\\\/politisch_unkorrekt\\\/author\\\/1korrektor21-2\\\/\"}]}<\/script>\n<!-- \/ Yoast SEO plugin. -->","yoast_head_json":{"title":"Eine weitere L\u00fcge wird enttarnt - Zeitgeist? Frei!","robots":{"index":"index","follow":"follow","max-snippet":"max-snippet:-1","max-image-preview":"max-image-preview:large","max-video-preview":"max-video-preview:-1"},"canonical":"https:\/\/www.inkultura-online.de\/politisch_unkorrekt\/eine-weitere-luege-wird-enttarnt\/","og_locale":"de_DE","og_type":"article","og_title":"Eine weitere L\u00fcge wird enttarnt - Zeitgeist? Frei!","og_description":"Was war das doch f\u00fcr ein polit-mediales Ballyhoo, als im Zuge der Merkel&#8217;schen totalen Grenz\u00f6ffnung im Herbst 2015 get\u00fcrkte und echte Syrer in Deutschland einfielen. Die Gr\u00fcnen freuten sich \u00fcber \u201eMenschengeschenke\u201c und grenzdebile Wirtschaftsf\u00fchrer (ver)sprachen sogar ein neues deutsches Wirtschaftswunder, &hellip; Weiterlesen &rarr;","og_url":"https:\/\/www.inkultura-online.de\/politisch_unkorrekt\/eine-weitere-luege-wird-enttarnt\/","og_site_name":"Zeitgeist? Frei!","article_published_time":"2019-09-23T08:15:55+00:00","author":"Orator","twitter_misc":{"Verfasst von":"Orator","Gesch\u00e4tzte Lesezeit":"1\u00a0Minute"},"schema":{"@context":"https:\/\/schema.org","@graph":[{"@type":"Article","@id":"https:\/\/www.inkultura-online.de\/politisch_unkorrekt\/eine-weitere-luege-wird-enttarnt\/#article","isPartOf":{"@id":"https:\/\/www.inkultura-online.de\/politisch_unkorrekt\/eine-weitere-luege-wird-enttarnt\/"},"author":{"name":"Orator","@id":"https:\/\/www.inkultura-online.de\/politisch_unkorrekt\/#\/schema\/person\/5b30b80e385478896a1de221e1994d86"},"headline":"Eine weitere L\u00fcge wird enttarnt","datePublished":"2019-09-23T08:15:55+00:00","mainEntityOfPage":{"@id":"https:\/\/www.inkultura-online.de\/politisch_unkorrekt\/eine-weitere-luege-wird-enttarnt\/"},"wordCount":249,"publisher":{"@id":"https:\/\/www.inkultura-online.de\/politisch_unkorrekt\/#\/schema\/person\/5b30b80e385478896a1de221e1994d86"},"keywords":["Fachkr\u00e4fte","get\u00fcrkte Syrer","Invasoren","Syrer","Volksverr\u00e4ter"],"articleSection":["Fundst\u00fccke","Gedanken zum Tag","Keine Islamisierung?","Meinungen und Spr\u00fcche","Systemfehler","Was die \"Qualit\u00e4tspresse\" gern verschweigt"],"inLanguage":"de"},{"@type":"WebPage","@id":"https:\/\/www.inkultura-online.de\/politisch_unkorrekt\/eine-weitere-luege-wird-enttarnt\/","url":"https:\/\/www.inkultura-online.de\/politisch_unkorrekt\/eine-weitere-luege-wird-enttarnt\/","name":"Eine weitere L\u00fcge wird enttarnt - Zeitgeist? Frei!","isPartOf":{"@id":"https:\/\/www.inkultura-online.de\/politisch_unkorrekt\/#website"},"datePublished":"2019-09-23T08:15:55+00:00","breadcrumb":{"@id":"https:\/\/www.inkultura-online.de\/politisch_unkorrekt\/eine-weitere-luege-wird-enttarnt\/#breadcrumb"},"inLanguage":"de","potentialAction":[{"@type":"ReadAction","target":["https:\/\/www.inkultura-online.de\/politisch_unkorrekt\/eine-weitere-luege-wird-enttarnt\/"]}]},{"@type":"BreadcrumbList","@id":"https:\/\/www.inkultura-online.de\/politisch_unkorrekt\/eine-weitere-luege-wird-enttarnt\/#breadcrumb","itemListElement":[{"@type":"ListItem","position":1,"name":"Home","item":"https:\/\/www.inkultura-online.de\/politisch_unkorrekt\/"},{"@type":"ListItem","position":2,"name":"Eine weitere L\u00fcge wird enttarnt"}]},{"@type":"WebSite","@id":"https:\/\/www.inkultura-online.de\/politisch_unkorrekt\/#website","url":"https:\/\/www.inkultura-online.de\/politisch_unkorrekt\/","name":"Zeitgeist? Frei!","description":"Was Ihr den Geist der Zeiten hei\u00dft...","publisher":{"@id":"https:\/\/www.inkultura-online.de\/politisch_unkorrekt\/#\/schema\/person\/5b30b80e385478896a1de221e1994d86"},"potentialAction":[{"@type":"SearchAction","target":{"@type":"EntryPoint","urlTemplate":"https:\/\/www.inkultura-online.de\/politisch_unkorrekt\/?s={search_term_string}"},"query-input":{"@type":"PropertyValueSpecification","valueRequired":true,"valueName":"search_term_string"}}],"inLanguage":"de"},{"@type":["Person","Organization"],"@id":"https:\/\/www.inkultura-online.de\/politisch_unkorrekt\/#\/schema\/person\/5b30b80e385478896a1de221e1994d86","name":"Orator","image":{"@type":"ImageObject","inLanguage":"de","@id":"https:\/\/secure.gravatar.com\/avatar\/96e03166d31716e9c437060430eb7605c45a8ce6fb6dab483637ca6915dd0844?s=96&d=mm&r=g","url":"https:\/\/secure.gravatar.com\/avatar\/96e03166d31716e9c437060430eb7605c45a8ce6fb6dab483637ca6915dd0844?s=96&d=mm&r=g","contentUrl":"https:\/\/secure.gravatar.com\/avatar\/96e03166d31716e9c437060430eb7605c45a8ce6fb6dab483637ca6915dd0844?s=96&d=mm&r=g","caption":"Orator"},"logo":{"@id":"https:\/\/secure.gravatar.com\/avatar\/96e03166d31716e9c437060430eb7605c45a8ce6fb6dab483637ca6915dd0844?s=96&d=mm&r=g"},"url":"https:\/\/www.inkultura-online.de\/politisch_unkorrekt\/author\/1korrektor21-2\/"}]}},"_links":{"self":[{"href":"https:\/\/www.inkultura-online.de\/politisch_unkorrekt\/wp-json\/wp\/v2\/posts\/2044","targetHints":{"allow":["GET"]}}],"collection":[{"href":"https:\/\/www.inkultura-online.de\/politisch_unkorrekt\/wp-json\/wp\/v2\/posts"}],"about":[{"href":"https:\/\/www.inkultura-online.de\/politisch_unkorrekt\/wp-json\/wp\/v2\/types\/post"}],"author":[{"embeddable":true,"href":"https:\/\/www.inkultura-online.de\/politisch_unkorrekt\/wp-json\/wp\/v2\/users\/1"}],"replies":[{"embeddable":true,"href":"https:\/\/www.inkultura-online.de\/politisch_unkorrekt\/wp-json\/wp\/v2\/comments?post=2044"}],"version-history":[{"count":1,"href":"https:\/\/www.inkultura-online.de\/politisch_unkorrekt\/wp-json\/wp\/v2\/posts\/2044\/revisions"}],"predecessor-version":[{"id":2045,"href":"https:\/\/www.inkultura-online.de\/politisch_unkorrekt\/wp-json\/wp\/v2\/posts\/2044\/revisions\/2045"}],"wp:attachment":[{"href":"https:\/\/www.inkultura-online.de\/politisch_unkorrekt\/wp-json\/wp\/v2\/media?parent=2044"}],"wp:term":[{"taxonomy":"category","embeddable":true,"href":"https:\/\/www.inkultura-online.de\/politisch_unkorrekt\/wp-json\/wp\/v2\/categories?post=2044"},{"taxonomy":"post_tag","embeddable":true,"href":"https:\/\/www.inkultura-online.de\/politisch_unkorrekt\/wp-json\/wp\/v2\/tags?post=2044"}],"curies":[{"name":"wp","href":"https:\/\/api.w.org\/{rel}","templated":true}]}}