{"id":2047,"date":"2019-09-25T14:50:22","date_gmt":"2019-09-25T12:50:22","guid":{"rendered":"http:\/\/www.inkultura-online.de\/politisch_unkorrekt\/?p=2047"},"modified":"2019-09-25T14:50:22","modified_gmt":"2019-09-25T12:50:22","slug":"wieder-eine-wette-gewonnen-2","status":"publish","type":"post","link":"https:\/\/www.inkultura-online.de\/politisch_unkorrekt\/wieder-eine-wette-gewonnen-2\/","title":{"rendered":"Wieder eine Wette gewonnen"},"content":{"rendered":"<p>Donnerwetter, die Propheten des Weltuntergangs vom Weltklimarat IPCC sind flink, sehr flink sogar. Als dieser Tage mehr als <a href=\"https:\/\/assets.jungefreiheit.de\/2019\/09\/Our-advice-to-political-leaders-is-that-science-should-strive-for-a-significantly-better-understanding-of-the-climate-system.pdf\" target=\"_blank\" rel=\"noopener noreferrer\">500 Wissenschaftler<\/a> einen Brief bez\u00fcglich des Alarmismus \u201emenschengemachter Klimawandel\u201c an die Adresse des UN-Generalsekret\u00e4r Ant\u00f3nio Guterres sandten, in dem diese der These von der Schuld der Menschen am Klimawandel <a href=\"https:\/\/assets.jungefreiheit.de\/2019\/09\/Thesen.pdf\" target=\"_blank\" rel=\"noopener noreferrer\">widersprachen<\/a> \u2013 \u201eDie Klimamodelle, auf denen die internationalen Politikans\u00e4tze derzeit aufbauen, sind ungeeignet\u201c \u2013 ahnte ich nichts Gutes und wettete mit einem Freund, dass innerhalb k\u00fcrzester Zeit die Verk\u00fcnder des Endes ein Gegengutachten aus der Schublade ziehen w\u00fcrde.<!--more--><\/p>\n<p>Der meinte daraufhin, das sei gar nicht m\u00f6glich, denn immerhin m\u00fcssten die den Inhalt des Schreibens erst einmal wissenschaftlich \u00fcberpr\u00fcfen und bot mir die Wette um eine Kiste des von mir geliebten B\u00f6hmischen Pilsener an. Die nahm ich, im Wissen um die Reaktion des IPCC, der Ideologie \u00fcber wissenschaftliche Redlichkeit stellt, gerne an.<\/p>\n<p>Und siehe da, der Tag war noch nicht an sein Ende gelangt, als Flugs eine neue <a href=\"https:\/\/www.faz.net\/aktuell\/wissen\/sonderbericht-zum-klimawandel-weltklimarat-ipcc-alarmiert-16402295.html\" target=\"_blank\" rel=\"noopener noreferrer\">Botschaft<\/a> der Klima-Kassandra auftauchte und nat\u00fcrlich, alles ist noch sehr, sehr, sehr viel schlimmer. Komisch nur, dass vom Brief der Kritiker in den \u201eQualit\u00e4tsbl\u00e4ttern\u201c keine Rede gewesen ist.<\/p>\n","protected":false},"excerpt":{"rendered":"<p>Donnerwetter, die Propheten des Weltuntergangs vom Weltklimarat IPCC sind flink, sehr flink sogar. Als dieser Tage mehr als 500 Wissenschaftler einen Brief bez\u00fcglich des Alarmismus \u201emenschengemachter Klimawandel\u201c an die Adresse des UN-Generalsekret\u00e4r Ant\u00f3nio Guterres sandten, in dem diese der These &hellip; <a href=\"https:\/\/www.inkultura-online.de\/politisch_unkorrekt\/wieder-eine-wette-gewonnen-2\/\">Weiterlesen <span class=\"meta-nav\">&rarr;<\/span><\/a><\/p>\n","protected":false},"author":1,"featured_media":0,"comment_status":"closed","ping_status":"closed","sticky":false,"template":"","format":"standard","meta":{"footnotes":""},"categories":[1],"tags":[1266,1265,1267,1264,1268],"class_list":["post-2047","post","type-post","status-publish","format-standard","hentry","category-fundstuecke","tag-alarmisten","tag-ipcc","tag-klima-kassandra","tag-klimaluegner","tag-weltklimarat"],"yoast_head":"<!-- This site is optimized with the Yoast SEO plugin v27.5 - https:\/\/yoast.com\/product\/yoast-seo-wordpress\/ -->\n<title>Wieder eine Wette gewonnen - Zeitgeist? Frei!<\/title>\n<meta name=\"robots\" content=\"index, follow, max-snippet:-1, max-image-preview:large, max-video-preview:-1\" \/>\n<link rel=\"canonical\" href=\"https:\/\/www.inkultura-online.de\/politisch_unkorrekt\/wieder-eine-wette-gewonnen-2\/\" \/>\n<meta property=\"og:locale\" content=\"de_DE\" \/>\n<meta property=\"og:type\" content=\"article\" \/>\n<meta property=\"og:title\" content=\"Wieder eine Wette gewonnen - Zeitgeist? Frei!\" \/>\n<meta property=\"og:description\" content=\"Donnerwetter, die Propheten des Weltuntergangs vom Weltklimarat IPCC sind flink, sehr flink sogar. Als dieser Tage mehr als 500 Wissenschaftler einen Brief bez\u00fcglich des Alarmismus \u201emenschengemachter Klimawandel\u201c an die Adresse des UN-Generalsekret\u00e4r Ant\u00f3nio Guterres sandten, in dem diese der These &hellip; Weiterlesen &rarr;\" \/>\n<meta property=\"og:url\" content=\"https:\/\/www.inkultura-online.de\/politisch_unkorrekt\/wieder-eine-wette-gewonnen-2\/\" \/>\n<meta property=\"og:site_name\" content=\"Zeitgeist? Frei!\" \/>\n<meta property=\"article:published_time\" content=\"2019-09-25T12:50:22+00:00\" \/>\n<meta name=\"author\" content=\"Orator\" \/>\n<meta name=\"twitter:label1\" content=\"Verfasst von\" \/>\n\t<meta name=\"twitter:data1\" content=\"Orator\" \/>\n\t<meta name=\"twitter:label2\" content=\"Gesch\u00e4tzte Lesezeit\" \/>\n\t<meta name=\"twitter:data2\" content=\"1\u00a0Minute\" \/>\n<script type=\"application\/ld+json\" class=\"yoast-schema-graph\">{\"@context\":\"https:\\\/\\\/schema.org\",\"@graph\":[{\"@type\":\"Article\",\"@id\":\"https:\\\/\\\/www.inkultura-online.de\\\/politisch_unkorrekt\\\/wieder-eine-wette-gewonnen-2\\\/#article\",\"isPartOf\":{\"@id\":\"https:\\\/\\\/www.inkultura-online.de\\\/politisch_unkorrekt\\\/wieder-eine-wette-gewonnen-2\\\/\"},\"author\":{\"name\":\"Orator\",\"@id\":\"https:\\\/\\\/www.inkultura-online.de\\\/politisch_unkorrekt\\\/#\\\/schema\\\/person\\\/5b30b80e385478896a1de221e1994d86\"},\"headline\":\"Wieder eine Wette gewonnen\",\"datePublished\":\"2019-09-25T12:50:22+00:00\",\"mainEntityOfPage\":{\"@id\":\"https:\\\/\\\/www.inkultura-online.de\\\/politisch_unkorrekt\\\/wieder-eine-wette-gewonnen-2\\\/\"},\"wordCount\":197,\"publisher\":{\"@id\":\"https:\\\/\\\/www.inkultura-online.de\\\/politisch_unkorrekt\\\/#\\\/schema\\\/person\\\/5b30b80e385478896a1de221e1994d86\"},\"keywords\":[\"Alarmisten\",\"IPCC\",\"Klima-Kassandra\",\"Klimal\u00fcgner\",\"Weltklimarat\"],\"articleSection\":[\"Fundst\u00fccke\"],\"inLanguage\":\"de\"},{\"@type\":\"WebPage\",\"@id\":\"https:\\\/\\\/www.inkultura-online.de\\\/politisch_unkorrekt\\\/wieder-eine-wette-gewonnen-2\\\/\",\"url\":\"https:\\\/\\\/www.inkultura-online.de\\\/politisch_unkorrekt\\\/wieder-eine-wette-gewonnen-2\\\/\",\"name\":\"Wieder eine Wette gewonnen - Zeitgeist? Frei!\",\"isPartOf\":{\"@id\":\"https:\\\/\\\/www.inkultura-online.de\\\/politisch_unkorrekt\\\/#website\"},\"datePublished\":\"2019-09-25T12:50:22+00:00\",\"breadcrumb\":{\"@id\":\"https:\\\/\\\/www.inkultura-online.de\\\/politisch_unkorrekt\\\/wieder-eine-wette-gewonnen-2\\\/#breadcrumb\"},\"inLanguage\":\"de\",\"potentialAction\":[{\"@type\":\"ReadAction\",\"target\":[\"https:\\\/\\\/www.inkultura-online.de\\\/politisch_unkorrekt\\\/wieder-eine-wette-gewonnen-2\\\/\"]}]},{\"@type\":\"BreadcrumbList\",\"@id\":\"https:\\\/\\\/www.inkultura-online.de\\\/politisch_unkorrekt\\\/wieder-eine-wette-gewonnen-2\\\/#breadcrumb\",\"itemListElement\":[{\"@type\":\"ListItem\",\"position\":1,\"name\":\"Home\",\"item\":\"https:\\\/\\\/www.inkultura-online.de\\\/politisch_unkorrekt\\\/\"},{\"@type\":\"ListItem\",\"position\":2,\"name\":\"Wieder eine Wette gewonnen\"}]},{\"@type\":\"WebSite\",\"@id\":\"https:\\\/\\\/www.inkultura-online.de\\\/politisch_unkorrekt\\\/#website\",\"url\":\"https:\\\/\\\/www.inkultura-online.de\\\/politisch_unkorrekt\\\/\",\"name\":\"Zeitgeist? Frei!\",\"description\":\"Was Ihr den Geist der Zeiten hei\u00dft...\",\"publisher\":{\"@id\":\"https:\\\/\\\/www.inkultura-online.de\\\/politisch_unkorrekt\\\/#\\\/schema\\\/person\\\/5b30b80e385478896a1de221e1994d86\"},\"potentialAction\":[{\"@type\":\"SearchAction\",\"target\":{\"@type\":\"EntryPoint\",\"urlTemplate\":\"https:\\\/\\\/www.inkultura-online.de\\\/politisch_unkorrekt\\\/?s={search_term_string}\"},\"query-input\":{\"@type\":\"PropertyValueSpecification\",\"valueRequired\":true,\"valueName\":\"search_term_string\"}}],\"inLanguage\":\"de\"},{\"@type\":[\"Person\",\"Organization\"],\"@id\":\"https:\\\/\\\/www.inkultura-online.de\\\/politisch_unkorrekt\\\/#\\\/schema\\\/person\\\/5b30b80e385478896a1de221e1994d86\",\"name\":\"Orator\",\"image\":{\"@type\":\"ImageObject\",\"inLanguage\":\"de\",\"@id\":\"https:\\\/\\\/secure.gravatar.com\\\/avatar\\\/96e03166d31716e9c437060430eb7605c45a8ce6fb6dab483637ca6915dd0844?s=96&d=mm&r=g\",\"url\":\"https:\\\/\\\/secure.gravatar.com\\\/avatar\\\/96e03166d31716e9c437060430eb7605c45a8ce6fb6dab483637ca6915dd0844?s=96&d=mm&r=g\",\"contentUrl\":\"https:\\\/\\\/secure.gravatar.com\\\/avatar\\\/96e03166d31716e9c437060430eb7605c45a8ce6fb6dab483637ca6915dd0844?s=96&d=mm&r=g\",\"caption\":\"Orator\"},\"logo\":{\"@id\":\"https:\\\/\\\/secure.gravatar.com\\\/avatar\\\/96e03166d31716e9c437060430eb7605c45a8ce6fb6dab483637ca6915dd0844?s=96&d=mm&r=g\"},\"url\":\"https:\\\/\\\/www.inkultura-online.de\\\/politisch_unkorrekt\\\/author\\\/1korrektor21-2\\\/\"}]}<\/script>\n<!-- \/ Yoast SEO plugin. -->","yoast_head_json":{"title":"Wieder eine Wette gewonnen - Zeitgeist? Frei!","robots":{"index":"index","follow":"follow","max-snippet":"max-snippet:-1","max-image-preview":"max-image-preview:large","max-video-preview":"max-video-preview:-1"},"canonical":"https:\/\/www.inkultura-online.de\/politisch_unkorrekt\/wieder-eine-wette-gewonnen-2\/","og_locale":"de_DE","og_type":"article","og_title":"Wieder eine Wette gewonnen - Zeitgeist? Frei!","og_description":"Donnerwetter, die Propheten des Weltuntergangs vom Weltklimarat IPCC sind flink, sehr flink sogar. Als dieser Tage mehr als 500 Wissenschaftler einen Brief bez\u00fcglich des Alarmismus \u201emenschengemachter Klimawandel\u201c an die Adresse des UN-Generalsekret\u00e4r Ant\u00f3nio Guterres sandten, in dem diese der These &hellip; Weiterlesen &rarr;","og_url":"https:\/\/www.inkultura-online.de\/politisch_unkorrekt\/wieder-eine-wette-gewonnen-2\/","og_site_name":"Zeitgeist? Frei!","article_published_time":"2019-09-25T12:50:22+00:00","author":"Orator","twitter_misc":{"Verfasst von":"Orator","Gesch\u00e4tzte Lesezeit":"1\u00a0Minute"},"schema":{"@context":"https:\/\/schema.org","@graph":[{"@type":"Article","@id":"https:\/\/www.inkultura-online.de\/politisch_unkorrekt\/wieder-eine-wette-gewonnen-2\/#article","isPartOf":{"@id":"https:\/\/www.inkultura-online.de\/politisch_unkorrekt\/wieder-eine-wette-gewonnen-2\/"},"author":{"name":"Orator","@id":"https:\/\/www.inkultura-online.de\/politisch_unkorrekt\/#\/schema\/person\/5b30b80e385478896a1de221e1994d86"},"headline":"Wieder eine Wette gewonnen","datePublished":"2019-09-25T12:50:22+00:00","mainEntityOfPage":{"@id":"https:\/\/www.inkultura-online.de\/politisch_unkorrekt\/wieder-eine-wette-gewonnen-2\/"},"wordCount":197,"publisher":{"@id":"https:\/\/www.inkultura-online.de\/politisch_unkorrekt\/#\/schema\/person\/5b30b80e385478896a1de221e1994d86"},"keywords":["Alarmisten","IPCC","Klima-Kassandra","Klimal\u00fcgner","Weltklimarat"],"articleSection":["Fundst\u00fccke"],"inLanguage":"de"},{"@type":"WebPage","@id":"https:\/\/www.inkultura-online.de\/politisch_unkorrekt\/wieder-eine-wette-gewonnen-2\/","url":"https:\/\/www.inkultura-online.de\/politisch_unkorrekt\/wieder-eine-wette-gewonnen-2\/","name":"Wieder eine Wette gewonnen - Zeitgeist? Frei!","isPartOf":{"@id":"https:\/\/www.inkultura-online.de\/politisch_unkorrekt\/#website"},"datePublished":"2019-09-25T12:50:22+00:00","breadcrumb":{"@id":"https:\/\/www.inkultura-online.de\/politisch_unkorrekt\/wieder-eine-wette-gewonnen-2\/#breadcrumb"},"inLanguage":"de","potentialAction":[{"@type":"ReadAction","target":["https:\/\/www.inkultura-online.de\/politisch_unkorrekt\/wieder-eine-wette-gewonnen-2\/"]}]},{"@type":"BreadcrumbList","@id":"https:\/\/www.inkultura-online.de\/politisch_unkorrekt\/wieder-eine-wette-gewonnen-2\/#breadcrumb","itemListElement":[{"@type":"ListItem","position":1,"name":"Home","item":"https:\/\/www.inkultura-online.de\/politisch_unkorrekt\/"},{"@type":"ListItem","position":2,"name":"Wieder eine Wette gewonnen"}]},{"@type":"WebSite","@id":"https:\/\/www.inkultura-online.de\/politisch_unkorrekt\/#website","url":"https:\/\/www.inkultura-online.de\/politisch_unkorrekt\/","name":"Zeitgeist? Frei!","description":"Was Ihr den Geist der Zeiten hei\u00dft...","publisher":{"@id":"https:\/\/www.inkultura-online.de\/politisch_unkorrekt\/#\/schema\/person\/5b30b80e385478896a1de221e1994d86"},"potentialAction":[{"@type":"SearchAction","target":{"@type":"EntryPoint","urlTemplate":"https:\/\/www.inkultura-online.de\/politisch_unkorrekt\/?s={search_term_string}"},"query-input":{"@type":"PropertyValueSpecification","valueRequired":true,"valueName":"search_term_string"}}],"inLanguage":"de"},{"@type":["Person","Organization"],"@id":"https:\/\/www.inkultura-online.de\/politisch_unkorrekt\/#\/schema\/person\/5b30b80e385478896a1de221e1994d86","name":"Orator","image":{"@type":"ImageObject","inLanguage":"de","@id":"https:\/\/secure.gravatar.com\/avatar\/96e03166d31716e9c437060430eb7605c45a8ce6fb6dab483637ca6915dd0844?s=96&d=mm&r=g","url":"https:\/\/secure.gravatar.com\/avatar\/96e03166d31716e9c437060430eb7605c45a8ce6fb6dab483637ca6915dd0844?s=96&d=mm&r=g","contentUrl":"https:\/\/secure.gravatar.com\/avatar\/96e03166d31716e9c437060430eb7605c45a8ce6fb6dab483637ca6915dd0844?s=96&d=mm&r=g","caption":"Orator"},"logo":{"@id":"https:\/\/secure.gravatar.com\/avatar\/96e03166d31716e9c437060430eb7605c45a8ce6fb6dab483637ca6915dd0844?s=96&d=mm&r=g"},"url":"https:\/\/www.inkultura-online.de\/politisch_unkorrekt\/author\/1korrektor21-2\/"}]}},"_links":{"self":[{"href":"https:\/\/www.inkultura-online.de\/politisch_unkorrekt\/wp-json\/wp\/v2\/posts\/2047","targetHints":{"allow":["GET"]}}],"collection":[{"href":"https:\/\/www.inkultura-online.de\/politisch_unkorrekt\/wp-json\/wp\/v2\/posts"}],"about":[{"href":"https:\/\/www.inkultura-online.de\/politisch_unkorrekt\/wp-json\/wp\/v2\/types\/post"}],"author":[{"embeddable":true,"href":"https:\/\/www.inkultura-online.de\/politisch_unkorrekt\/wp-json\/wp\/v2\/users\/1"}],"replies":[{"embeddable":true,"href":"https:\/\/www.inkultura-online.de\/politisch_unkorrekt\/wp-json\/wp\/v2\/comments?post=2047"}],"version-history":[{"count":1,"href":"https:\/\/www.inkultura-online.de\/politisch_unkorrekt\/wp-json\/wp\/v2\/posts\/2047\/revisions"}],"predecessor-version":[{"id":2048,"href":"https:\/\/www.inkultura-online.de\/politisch_unkorrekt\/wp-json\/wp\/v2\/posts\/2047\/revisions\/2048"}],"wp:attachment":[{"href":"https:\/\/www.inkultura-online.de\/politisch_unkorrekt\/wp-json\/wp\/v2\/media?parent=2047"}],"wp:term":[{"taxonomy":"category","embeddable":true,"href":"https:\/\/www.inkultura-online.de\/politisch_unkorrekt\/wp-json\/wp\/v2\/categories?post=2047"},{"taxonomy":"post_tag","embeddable":true,"href":"https:\/\/www.inkultura-online.de\/politisch_unkorrekt\/wp-json\/wp\/v2\/tags?post=2047"}],"curies":[{"name":"wp","href":"https:\/\/api.w.org\/{rel}","templated":true}]}}