{"id":2058,"date":"2019-10-02T10:04:37","date_gmt":"2019-10-02T08:04:37","guid":{"rendered":"http:\/\/www.inkultura-online.de\/politisch_unkorrekt\/?p=2058"},"modified":"2019-10-02T10:04:37","modified_gmt":"2019-10-02T08:04:37","slug":"ziemlich-bester-freund","status":"publish","type":"post","link":"https:\/\/www.inkultura-online.de\/politisch_unkorrekt\/ziemlich-bester-freund\/","title":{"rendered":"Ziemlich bester Freund"},"content":{"rendered":"<p>Bislang war der gr\u00fcne Frontmann Robert Habeck, der von den deutschen \u201eQualit\u00e4tsbl\u00e4ttern\u201c bereits zum n\u00e4chsten Bundeskanzler gehypt wird, f\u00fcr mich nur ein \u201eguter\u201c Freund. Doch nach seinen Bemerkungen auf dem Nachrichtenportal <i>Watson<\/i> \u2013 News (f\u00fcr junge Leute) ohne Bla Bla, so sieht die Seite auch aus \u2013 bez\u00fcglich Fl\u00fcchtlings- und Klimakrise hat er bewiesen, dass er das Zeug dazu hat, zu meinem \u201eziemlich besten\u201c Freund aufzusteigen.<!--more--><\/p>\n<p>Es gebe, so der stets den Anschein eines gut Informierten gebende Habeck, im Gegensatz zur Klimakrise, die sehr wohl real sei, keine \u201eFl\u00fcchtlingskrise\u201c. Dieser Begriff werde ausschlie\u00dflich von denen benutzt, die Angst und Wut sch\u00fcrten und \u201eletzten Endes damit sogar Gewalt\u201c legitimieren w\u00fcrden.<\/p>\n<p>Dass Robi in Sachen Fakten nicht ganz so bewandert ist und vom Wissen um Zusammenh\u00e4nge eher unbelastet, stellte er unl\u00e4ngst unter Beweis, als er bez\u00fcglich der Pendlerpauschale in ein, f\u00fcr einen Bundeskanzler in spe eher peinliches Stammeln geriet.<\/p>\n<p>Bez\u00fcglich des aktuellen Mangels an bezahlbarem Wohnraum, darum geht es hier eigentlich, sprach sich Habeck, wie \u00fcbrigens alle, die nichts zur Wertsch\u00f6pfung beitragen, anderen jedoch gerne etwas wegnehmen, daf\u00fcr aus, als \u201eletztes\u201c Mittel im Kampf gegen Wohnungsnot Grundst\u00fccksbesitzer, die sich partout weigern auf ihrem Eigentum f\u00fcr Wohnraum zu sorgen, zu enteignen.<\/p>\n<p>Diese Aussage muss man wiederum in Zusammenhang mit seiner Bemerkung, es gebe keine \u201eFl\u00fcchtlingskrise\u201c stellen. Immerhin, das wird auch Habeck nicht leugnen k\u00f6nnen, sind seit 2015 \u00fcber zwei Millionen nicht eingeladene G\u00e4ste gekommen, f\u00fcr die sich der Staat, besser gesagt, die Politik in Sachen allumfassende Versorgung in Verantwortung gebracht hat. Dazu geh\u00f6rt nat\u00fcrlich auch die Bereitstellung von angemessenem Wohnraum.<\/p>\n<p>Wenn Robert Habeck also sagt, und damit hat er ausnahmsweise einmal recht, dass jedes Jahr ca. 80.000 neue (Sozial)Wohnungen fehlen w\u00fcrden, und man aus diesem Grund als letztes Mittel Enteignungen dringend ben\u00f6tigter Baufl\u00e4chen in Erw\u00e4gung ziehen muss, gleichzeitig aber davon schwadroniert, es g\u00e4be keine \u201eFl\u00fcchtlingskrise\u201c, dann beweist er damit entweder sein Unwissen \u00fcber die realen gesellschaftlichen-marktwirtschaftlichen Zusammenh\u00e4nge oder der Mann, immerhin Besitzer des akademischen Grades eines Doktors der Philosophie, kann schlicht und ergreifend nicht rechnen \u2013 m\u00fcssen Philosophen in der Regel auch nicht. B\u00f6se Zungen k\u00f6nnten allerdings auch der Meinung sein, Habeck sei ein fr\u00fches Opfer der deutschen Bildungskatastrophe\u2026<\/p>\n<p>Wie dem auch sei, nat\u00fcrlich existiert die \u201eFl\u00fcchtlingskrise\u201c, auch wenn diese im gr\u00fcnen Weltbild nicht vorkommt. Da die Deutschen, in diesem Fall die Autochthonen, seit Jahren immer weniger Kinder bekommen, die, wenn sie erwachsen sind also auch keinen Wohnraum ben\u00f6tigen, jeden Monat aber mehr als tausend von der Regierung eingeflogene \u201eFl\u00fcchtlinge\u201c und zuz\u00fcglich des politisch initiierten \u201eFamiliennachzugs\u201c weitere \u00fcber zehntausend nicht eingeladene G\u00e4ste, nicht zu vergessen, die bereits hier noch nicht so lange lebenden, inzwischen \u00fcber zwei Millionen ebenfalls nicht eingeladene G\u00e4ste, auf den ohnehin abgespannten Wohnungsmarkt dr\u00e4ngen, dann kann der Normalsterbliche auch ohne akademischen Grad einen Zusammenhang stellen.<\/p>\n<p>Wenn ich es mir recht \u00fcberlege, dann ist Robert Habeck doch nicht mein Freund.<\/p>\n","protected":false},"excerpt":{"rendered":"<p>Bislang war der gr\u00fcne Frontmann Robert Habeck, der von den deutschen \u201eQualit\u00e4tsbl\u00e4ttern\u201c bereits zum n\u00e4chsten Bundeskanzler gehypt wird, f\u00fcr mich nur ein \u201eguter\u201c Freund. Doch nach seinen Bemerkungen auf dem Nachrichtenportal Watson \u2013 News (f\u00fcr junge Leute) ohne Bla Bla, &hellip; <a href=\"https:\/\/www.inkultura-online.de\/politisch_unkorrekt\/ziemlich-bester-freund\/\">Weiterlesen <span class=\"meta-nav\">&rarr;<\/span><\/a><\/p>\n","protected":false},"author":1,"featured_media":0,"comment_status":"closed","ping_status":"closed","sticky":false,"template":"","format":"standard","meta":{"footnotes":""},"categories":[2,3,1,444,5,30],"tags":[340,429,1280,1278,1279,1277],"class_list":["post-2058","post","type-post","status-publish","format-standard","hentry","category-antipathie","category-die-duemmsten-sprueche-der-woche","category-fundstuecke","category-gedanken-zum-tag","category-meinungen-und-sprueche","category-so-siehts-aus","tag-enteignungen","tag-fluechtlingskrise","tag-gruenes-weltbild","tag-robert-habeck","tag-wohnraum","tag-ziemlich-bester-freund"],"yoast_head":"<!-- This site is optimized with the Yoast SEO plugin v27.5 - https:\/\/yoast.com\/product\/yoast-seo-wordpress\/ -->\n<title>Ziemlich bester Freund - Zeitgeist? Frei!<\/title>\n<meta name=\"robots\" content=\"index, follow, max-snippet:-1, max-image-preview:large, max-video-preview:-1\" \/>\n<link rel=\"canonical\" href=\"https:\/\/www.inkultura-online.de\/politisch_unkorrekt\/ziemlich-bester-freund\/\" \/>\n<meta property=\"og:locale\" content=\"de_DE\" \/>\n<meta property=\"og:type\" content=\"article\" \/>\n<meta property=\"og:title\" content=\"Ziemlich bester Freund - Zeitgeist? Frei!\" \/>\n<meta property=\"og:description\" content=\"Bislang war der gr\u00fcne Frontmann Robert Habeck, der von den deutschen \u201eQualit\u00e4tsbl\u00e4ttern\u201c bereits zum n\u00e4chsten Bundeskanzler gehypt wird, f\u00fcr mich nur ein \u201eguter\u201c Freund. Doch nach seinen Bemerkungen auf dem Nachrichtenportal Watson \u2013 News (f\u00fcr junge Leute) ohne Bla Bla, &hellip; Weiterlesen &rarr;\" \/>\n<meta property=\"og:url\" content=\"https:\/\/www.inkultura-online.de\/politisch_unkorrekt\/ziemlich-bester-freund\/\" \/>\n<meta property=\"og:site_name\" content=\"Zeitgeist? Frei!\" \/>\n<meta property=\"article:published_time\" content=\"2019-10-02T08:04:37+00:00\" \/>\n<meta name=\"author\" content=\"Orator\" \/>\n<meta name=\"twitter:label1\" content=\"Verfasst von\" \/>\n\t<meta name=\"twitter:data1\" content=\"Orator\" \/>\n\t<meta name=\"twitter:label2\" content=\"Gesch\u00e4tzte Lesezeit\" \/>\n\t<meta name=\"twitter:data2\" content=\"3\u00a0Minuten\" \/>\n<script type=\"application\/ld+json\" class=\"yoast-schema-graph\">{\"@context\":\"https:\\\/\\\/schema.org\",\"@graph\":[{\"@type\":\"Article\",\"@id\":\"https:\\\/\\\/www.inkultura-online.de\\\/politisch_unkorrekt\\\/ziemlich-bester-freund\\\/#article\",\"isPartOf\":{\"@id\":\"https:\\\/\\\/www.inkultura-online.de\\\/politisch_unkorrekt\\\/ziemlich-bester-freund\\\/\"},\"author\":{\"name\":\"Orator\",\"@id\":\"https:\\\/\\\/www.inkultura-online.de\\\/politisch_unkorrekt\\\/#\\\/schema\\\/person\\\/5b30b80e385478896a1de221e1994d86\"},\"headline\":\"Ziemlich bester Freund\",\"datePublished\":\"2019-10-02T08:04:37+00:00\",\"mainEntityOfPage\":{\"@id\":\"https:\\\/\\\/www.inkultura-online.de\\\/politisch_unkorrekt\\\/ziemlich-bester-freund\\\/\"},\"wordCount\":515,\"publisher\":{\"@id\":\"https:\\\/\\\/www.inkultura-online.de\\\/politisch_unkorrekt\\\/#\\\/schema\\\/person\\\/5b30b80e385478896a1de221e1994d86\"},\"keywords\":[\"Enteignungen\",\"Fl\u00fcchtlingskrise\",\"gr\u00fcnes Weltbild\",\"Robert Habeck\",\"Wohnraum\",\"Ziemlich bester Freund\"],\"articleSection\":[\"Antipathie\",\"Die d\u00fcmmsten Spr\u00fcche der Woche\",\"Fundst\u00fccke\",\"Gedanken zum Tag\",\"Meinungen und Spr\u00fcche\",\"So sieht\u00b4s aus\"],\"inLanguage\":\"de\"},{\"@type\":\"WebPage\",\"@id\":\"https:\\\/\\\/www.inkultura-online.de\\\/politisch_unkorrekt\\\/ziemlich-bester-freund\\\/\",\"url\":\"https:\\\/\\\/www.inkultura-online.de\\\/politisch_unkorrekt\\\/ziemlich-bester-freund\\\/\",\"name\":\"Ziemlich bester Freund - Zeitgeist? Frei!\",\"isPartOf\":{\"@id\":\"https:\\\/\\\/www.inkultura-online.de\\\/politisch_unkorrekt\\\/#website\"},\"datePublished\":\"2019-10-02T08:04:37+00:00\",\"breadcrumb\":{\"@id\":\"https:\\\/\\\/www.inkultura-online.de\\\/politisch_unkorrekt\\\/ziemlich-bester-freund\\\/#breadcrumb\"},\"inLanguage\":\"de\",\"potentialAction\":[{\"@type\":\"ReadAction\",\"target\":[\"https:\\\/\\\/www.inkultura-online.de\\\/politisch_unkorrekt\\\/ziemlich-bester-freund\\\/\"]}]},{\"@type\":\"BreadcrumbList\",\"@id\":\"https:\\\/\\\/www.inkultura-online.de\\\/politisch_unkorrekt\\\/ziemlich-bester-freund\\\/#breadcrumb\",\"itemListElement\":[{\"@type\":\"ListItem\",\"position\":1,\"name\":\"Home\",\"item\":\"https:\\\/\\\/www.inkultura-online.de\\\/politisch_unkorrekt\\\/\"},{\"@type\":\"ListItem\",\"position\":2,\"name\":\"Ziemlich bester Freund\"}]},{\"@type\":\"WebSite\",\"@id\":\"https:\\\/\\\/www.inkultura-online.de\\\/politisch_unkorrekt\\\/#website\",\"url\":\"https:\\\/\\\/www.inkultura-online.de\\\/politisch_unkorrekt\\\/\",\"name\":\"Zeitgeist? Frei!\",\"description\":\"Was Ihr den Geist der Zeiten hei\u00dft...\",\"publisher\":{\"@id\":\"https:\\\/\\\/www.inkultura-online.de\\\/politisch_unkorrekt\\\/#\\\/schema\\\/person\\\/5b30b80e385478896a1de221e1994d86\"},\"potentialAction\":[{\"@type\":\"SearchAction\",\"target\":{\"@type\":\"EntryPoint\",\"urlTemplate\":\"https:\\\/\\\/www.inkultura-online.de\\\/politisch_unkorrekt\\\/?s={search_term_string}\"},\"query-input\":{\"@type\":\"PropertyValueSpecification\",\"valueRequired\":true,\"valueName\":\"search_term_string\"}}],\"inLanguage\":\"de\"},{\"@type\":[\"Person\",\"Organization\"],\"@id\":\"https:\\\/\\\/www.inkultura-online.de\\\/politisch_unkorrekt\\\/#\\\/schema\\\/person\\\/5b30b80e385478896a1de221e1994d86\",\"name\":\"Orator\",\"image\":{\"@type\":\"ImageObject\",\"inLanguage\":\"de\",\"@id\":\"https:\\\/\\\/secure.gravatar.com\\\/avatar\\\/96e03166d31716e9c437060430eb7605c45a8ce6fb6dab483637ca6915dd0844?s=96&d=mm&r=g\",\"url\":\"https:\\\/\\\/secure.gravatar.com\\\/avatar\\\/96e03166d31716e9c437060430eb7605c45a8ce6fb6dab483637ca6915dd0844?s=96&d=mm&r=g\",\"contentUrl\":\"https:\\\/\\\/secure.gravatar.com\\\/avatar\\\/96e03166d31716e9c437060430eb7605c45a8ce6fb6dab483637ca6915dd0844?s=96&d=mm&r=g\",\"caption\":\"Orator\"},\"logo\":{\"@id\":\"https:\\\/\\\/secure.gravatar.com\\\/avatar\\\/96e03166d31716e9c437060430eb7605c45a8ce6fb6dab483637ca6915dd0844?s=96&d=mm&r=g\"},\"url\":\"https:\\\/\\\/www.inkultura-online.de\\\/politisch_unkorrekt\\\/author\\\/1korrektor21-2\\\/\"}]}<\/script>\n<!-- \/ Yoast SEO plugin. -->","yoast_head_json":{"title":"Ziemlich bester Freund - Zeitgeist? Frei!","robots":{"index":"index","follow":"follow","max-snippet":"max-snippet:-1","max-image-preview":"max-image-preview:large","max-video-preview":"max-video-preview:-1"},"canonical":"https:\/\/www.inkultura-online.de\/politisch_unkorrekt\/ziemlich-bester-freund\/","og_locale":"de_DE","og_type":"article","og_title":"Ziemlich bester Freund - Zeitgeist? Frei!","og_description":"Bislang war der gr\u00fcne Frontmann Robert Habeck, der von den deutschen \u201eQualit\u00e4tsbl\u00e4ttern\u201c bereits zum n\u00e4chsten Bundeskanzler gehypt wird, f\u00fcr mich nur ein \u201eguter\u201c Freund. Doch nach seinen Bemerkungen auf dem Nachrichtenportal Watson \u2013 News (f\u00fcr junge Leute) ohne Bla Bla, &hellip; Weiterlesen &rarr;","og_url":"https:\/\/www.inkultura-online.de\/politisch_unkorrekt\/ziemlich-bester-freund\/","og_site_name":"Zeitgeist? Frei!","article_published_time":"2019-10-02T08:04:37+00:00","author":"Orator","twitter_misc":{"Verfasst von":"Orator","Gesch\u00e4tzte Lesezeit":"3\u00a0Minuten"},"schema":{"@context":"https:\/\/schema.org","@graph":[{"@type":"Article","@id":"https:\/\/www.inkultura-online.de\/politisch_unkorrekt\/ziemlich-bester-freund\/#article","isPartOf":{"@id":"https:\/\/www.inkultura-online.de\/politisch_unkorrekt\/ziemlich-bester-freund\/"},"author":{"name":"Orator","@id":"https:\/\/www.inkultura-online.de\/politisch_unkorrekt\/#\/schema\/person\/5b30b80e385478896a1de221e1994d86"},"headline":"Ziemlich bester Freund","datePublished":"2019-10-02T08:04:37+00:00","mainEntityOfPage":{"@id":"https:\/\/www.inkultura-online.de\/politisch_unkorrekt\/ziemlich-bester-freund\/"},"wordCount":515,"publisher":{"@id":"https:\/\/www.inkultura-online.de\/politisch_unkorrekt\/#\/schema\/person\/5b30b80e385478896a1de221e1994d86"},"keywords":["Enteignungen","Fl\u00fcchtlingskrise","gr\u00fcnes Weltbild","Robert Habeck","Wohnraum","Ziemlich bester Freund"],"articleSection":["Antipathie","Die d\u00fcmmsten Spr\u00fcche der Woche","Fundst\u00fccke","Gedanken zum Tag","Meinungen und Spr\u00fcche","So sieht\u00b4s aus"],"inLanguage":"de"},{"@type":"WebPage","@id":"https:\/\/www.inkultura-online.de\/politisch_unkorrekt\/ziemlich-bester-freund\/","url":"https:\/\/www.inkultura-online.de\/politisch_unkorrekt\/ziemlich-bester-freund\/","name":"Ziemlich bester Freund - Zeitgeist? Frei!","isPartOf":{"@id":"https:\/\/www.inkultura-online.de\/politisch_unkorrekt\/#website"},"datePublished":"2019-10-02T08:04:37+00:00","breadcrumb":{"@id":"https:\/\/www.inkultura-online.de\/politisch_unkorrekt\/ziemlich-bester-freund\/#breadcrumb"},"inLanguage":"de","potentialAction":[{"@type":"ReadAction","target":["https:\/\/www.inkultura-online.de\/politisch_unkorrekt\/ziemlich-bester-freund\/"]}]},{"@type":"BreadcrumbList","@id":"https:\/\/www.inkultura-online.de\/politisch_unkorrekt\/ziemlich-bester-freund\/#breadcrumb","itemListElement":[{"@type":"ListItem","position":1,"name":"Home","item":"https:\/\/www.inkultura-online.de\/politisch_unkorrekt\/"},{"@type":"ListItem","position":2,"name":"Ziemlich bester Freund"}]},{"@type":"WebSite","@id":"https:\/\/www.inkultura-online.de\/politisch_unkorrekt\/#website","url":"https:\/\/www.inkultura-online.de\/politisch_unkorrekt\/","name":"Zeitgeist? Frei!","description":"Was Ihr den Geist der Zeiten hei\u00dft...","publisher":{"@id":"https:\/\/www.inkultura-online.de\/politisch_unkorrekt\/#\/schema\/person\/5b30b80e385478896a1de221e1994d86"},"potentialAction":[{"@type":"SearchAction","target":{"@type":"EntryPoint","urlTemplate":"https:\/\/www.inkultura-online.de\/politisch_unkorrekt\/?s={search_term_string}"},"query-input":{"@type":"PropertyValueSpecification","valueRequired":true,"valueName":"search_term_string"}}],"inLanguage":"de"},{"@type":["Person","Organization"],"@id":"https:\/\/www.inkultura-online.de\/politisch_unkorrekt\/#\/schema\/person\/5b30b80e385478896a1de221e1994d86","name":"Orator","image":{"@type":"ImageObject","inLanguage":"de","@id":"https:\/\/secure.gravatar.com\/avatar\/96e03166d31716e9c437060430eb7605c45a8ce6fb6dab483637ca6915dd0844?s=96&d=mm&r=g","url":"https:\/\/secure.gravatar.com\/avatar\/96e03166d31716e9c437060430eb7605c45a8ce6fb6dab483637ca6915dd0844?s=96&d=mm&r=g","contentUrl":"https:\/\/secure.gravatar.com\/avatar\/96e03166d31716e9c437060430eb7605c45a8ce6fb6dab483637ca6915dd0844?s=96&d=mm&r=g","caption":"Orator"},"logo":{"@id":"https:\/\/secure.gravatar.com\/avatar\/96e03166d31716e9c437060430eb7605c45a8ce6fb6dab483637ca6915dd0844?s=96&d=mm&r=g"},"url":"https:\/\/www.inkultura-online.de\/politisch_unkorrekt\/author\/1korrektor21-2\/"}]}},"_links":{"self":[{"href":"https:\/\/www.inkultura-online.de\/politisch_unkorrekt\/wp-json\/wp\/v2\/posts\/2058","targetHints":{"allow":["GET"]}}],"collection":[{"href":"https:\/\/www.inkultura-online.de\/politisch_unkorrekt\/wp-json\/wp\/v2\/posts"}],"about":[{"href":"https:\/\/www.inkultura-online.de\/politisch_unkorrekt\/wp-json\/wp\/v2\/types\/post"}],"author":[{"embeddable":true,"href":"https:\/\/www.inkultura-online.de\/politisch_unkorrekt\/wp-json\/wp\/v2\/users\/1"}],"replies":[{"embeddable":true,"href":"https:\/\/www.inkultura-online.de\/politisch_unkorrekt\/wp-json\/wp\/v2\/comments?post=2058"}],"version-history":[{"count":1,"href":"https:\/\/www.inkultura-online.de\/politisch_unkorrekt\/wp-json\/wp\/v2\/posts\/2058\/revisions"}],"predecessor-version":[{"id":2059,"href":"https:\/\/www.inkultura-online.de\/politisch_unkorrekt\/wp-json\/wp\/v2\/posts\/2058\/revisions\/2059"}],"wp:attachment":[{"href":"https:\/\/www.inkultura-online.de\/politisch_unkorrekt\/wp-json\/wp\/v2\/media?parent=2058"}],"wp:term":[{"taxonomy":"category","embeddable":true,"href":"https:\/\/www.inkultura-online.de\/politisch_unkorrekt\/wp-json\/wp\/v2\/categories?post=2058"},{"taxonomy":"post_tag","embeddable":true,"href":"https:\/\/www.inkultura-online.de\/politisch_unkorrekt\/wp-json\/wp\/v2\/tags?post=2058"}],"curies":[{"name":"wp","href":"https:\/\/api.w.org\/{rel}","templated":true}]}}