{"id":2090,"date":"2020-01-10T16:03:46","date_gmt":"2020-01-10T14:03:46","guid":{"rendered":"http:\/\/www.inkultura-online.de\/politisch_unkorrekt\/?p=2090"},"modified":"2020-01-10T16:03:46","modified_gmt":"2020-01-10T14:03:46","slug":"undankbares-pack","status":"publish","type":"post","link":"https:\/\/www.inkultura-online.de\/politisch_unkorrekt\/undankbares-pack\/","title":{"rendered":"Undankbares Pack"},"content":{"rendered":"<p>Da rackern sich unsere Volksvertreter fast rund um die Uhr ab, um dem gemeinen Volk, den Wahlbienen und Steuerzahlern unisono die Vorteile gemischt ethnischen Zusammenlebens anzupreisen. Da blasen auch Kirchenvertreter, Gewerkschaftler, sogenannte Journalisten und selbstverliebte Kunstschaffende, also der gesamte polit-mediale Komplex, ins gleiche Horn, um, im Chor mit unseren flei\u00dfigen Volksvertretern, dem neuen, bunten und vielf\u00e4ltigen Deutschland Lob zu singen.<!--more--><\/p>\n<p>Nun ist es ja bekanntlich so, dass die da oben immer eine andere Weltsicht haben, als die da unten. Das liegt unter anderem daran, dass diejenigen, die permanent und laut das Hosianna der Willkommenskultur singen, selten bis gar nicht mit den ganz irdischen Problemen des Zusammenlebens von Autochthonen und Kulturfremden konfrontiert werden.<\/p>\n<p>Es ist eine Sache, sich mit seiner Familie auf ein multikulturelles Stadtteilfest zu begeben, exotische Leckerbissen und orientalisches Zuckerwerk zu goutieren, immer ein IKEA L\u00e4cheln im Gesicht, und den harten Alltag und den Kampf \u2013 den die Autochthonen l\u00e4ngst verloren haben \u2013 ums Terrain einmal auszublenden.<\/p>\n<p>Sp\u00e4testens wenn es um die Zukunft der eigenen Kinder, deren Bildungschancen und den anstehenden Grundschulbesuch geht, ist allerdings Schluss mit lustig und entgegen aller Parolen des polit-medialen Komplexes bez\u00fcglich der Vorteile einer bunten Gesellschaft stimmen Eltern nur all zu gern, quasi als real-gesellschaftliche Notwehrhandlung, mit den F\u00fc\u00dfen ab, wenn es um Schule geht, auf die der Nachwuchs seinen Start ins bundesdeutsche Bildungssystem vollzieht.<\/p>\n<p>Nix mehr mit bunt, vielf\u00e4ltig und multikulti, sondern, knallhart und zielgerichtet, es werden Schulen ins Visier genommen, an denen es eben kein gewaltt\u00e4tiges Miteinander wegen mangelnder Sprach- und Kulturkenntnissen gibt, sondern eine solide Homogenit\u00e4t bez\u00fcglich Lernwilligkeit, Flei\u00df und Disziplin existiert. Da k\u00f6nnen die Volksaustauscher, Verzeihung, Volksvertreter noch so laut lamentieren, sogar in <a href=\"https:\/\/www.tagesspiegel.de\/berlin\/soziale-spaltung-berliner-eltern-meiden-grundschulen-im-eigenen-kiez\/25401790.html\" target=\"_blank\" rel=\"noopener noreferrer\">Berlin<\/a>, immerhin die Hauptstadt des angewandten politischen Irrsinns, in deren desolaten Zust\u00e4nden man heute bereits die Zukunft sehen kann, glauben auch, oder gerade linksrotgr\u00fcn angehauchte Eltern den offiziellen Parolen nicht mehr.<\/p>\n<p>Was f\u00fcr ein undankbares Pack!<\/p>\n","protected":false},"excerpt":{"rendered":"<p>Da rackern sich unsere Volksvertreter fast rund um die Uhr ab, um dem gemeinen Volk, den Wahlbienen und Steuerzahlern unisono die Vorteile gemischt ethnischen Zusammenlebens anzupreisen. Da blasen auch Kirchenvertreter, Gewerkschaftler, sogenannte Journalisten und selbstverliebte Kunstschaffende, also der gesamte polit-mediale &hellip; <a href=\"https:\/\/www.inkultura-online.de\/politisch_unkorrekt\/undankbares-pack\/\">Weiterlesen <span class=\"meta-nav\">&rarr;<\/span><\/a><\/p>\n","protected":false},"author":1,"featured_media":0,"comment_status":"closed","ping_status":"closed","sticky":false,"template":"","format":"standard","meta":{"footnotes":""},"categories":[1,444,4,30,10],"tags":[1307,1306,506,1305],"class_list":["post-2090","post","type-post","status-publish","format-standard","hentry","category-fundstuecke","category-gedanken-zum-tag","category-hauptstadtpossen","category-so-siehts-aus","category-systemfehler","tag-bildungschancen","tag-grundschule","tag-kulturfremde","tag-undankbares-pack"],"yoast_head":"<!-- This site is optimized with the Yoast SEO plugin v27.5 - https:\/\/yoast.com\/product\/yoast-seo-wordpress\/ -->\n<title>Undankbares Pack - Zeitgeist? Frei!<\/title>\n<meta name=\"robots\" content=\"index, follow, max-snippet:-1, max-image-preview:large, max-video-preview:-1\" \/>\n<link rel=\"canonical\" href=\"https:\/\/www.inkultura-online.de\/politisch_unkorrekt\/undankbares-pack\/\" \/>\n<meta property=\"og:locale\" content=\"de_DE\" \/>\n<meta property=\"og:type\" content=\"article\" \/>\n<meta property=\"og:title\" content=\"Undankbares Pack - Zeitgeist? Frei!\" \/>\n<meta property=\"og:description\" content=\"Da rackern sich unsere Volksvertreter fast rund um die Uhr ab, um dem gemeinen Volk, den Wahlbienen und Steuerzahlern unisono die Vorteile gemischt ethnischen Zusammenlebens anzupreisen. Da blasen auch Kirchenvertreter, Gewerkschaftler, sogenannte Journalisten und selbstverliebte Kunstschaffende, also der gesamte polit-mediale &hellip; Weiterlesen &rarr;\" \/>\n<meta property=\"og:url\" content=\"https:\/\/www.inkultura-online.de\/politisch_unkorrekt\/undankbares-pack\/\" \/>\n<meta property=\"og:site_name\" content=\"Zeitgeist? Frei!\" \/>\n<meta property=\"article:published_time\" content=\"2020-01-10T14:03:46+00:00\" \/>\n<meta name=\"author\" content=\"Orator\" \/>\n<meta name=\"twitter:label1\" content=\"Verfasst von\" \/>\n\t<meta name=\"twitter:data1\" content=\"Orator\" \/>\n\t<meta name=\"twitter:label2\" content=\"Gesch\u00e4tzte Lesezeit\" \/>\n\t<meta name=\"twitter:data2\" content=\"2\u00a0Minuten\" \/>\n<script type=\"application\/ld+json\" class=\"yoast-schema-graph\">{\"@context\":\"https:\\\/\\\/schema.org\",\"@graph\":[{\"@type\":\"Article\",\"@id\":\"https:\\\/\\\/www.inkultura-online.de\\\/politisch_unkorrekt\\\/undankbares-pack\\\/#article\",\"isPartOf\":{\"@id\":\"https:\\\/\\\/www.inkultura-online.de\\\/politisch_unkorrekt\\\/undankbares-pack\\\/\"},\"author\":{\"name\":\"Orator\",\"@id\":\"https:\\\/\\\/www.inkultura-online.de\\\/politisch_unkorrekt\\\/#\\\/schema\\\/person\\\/5b30b80e385478896a1de221e1994d86\"},\"headline\":\"Undankbares Pack\",\"datePublished\":\"2020-01-10T14:03:46+00:00\",\"mainEntityOfPage\":{\"@id\":\"https:\\\/\\\/www.inkultura-online.de\\\/politisch_unkorrekt\\\/undankbares-pack\\\/\"},\"wordCount\":324,\"publisher\":{\"@id\":\"https:\\\/\\\/www.inkultura-online.de\\\/politisch_unkorrekt\\\/#\\\/schema\\\/person\\\/5b30b80e385478896a1de221e1994d86\"},\"keywords\":[\"Bildungschancen\",\"Grundschule\",\"Kulturfremde\",\"Undankbares Pack\"],\"articleSection\":[\"Fundst\u00fccke\",\"Gedanken zum Tag\",\"Hauptstadtpossen\",\"So sieht\u00b4s aus\",\"Systemfehler\"],\"inLanguage\":\"de\"},{\"@type\":\"WebPage\",\"@id\":\"https:\\\/\\\/www.inkultura-online.de\\\/politisch_unkorrekt\\\/undankbares-pack\\\/\",\"url\":\"https:\\\/\\\/www.inkultura-online.de\\\/politisch_unkorrekt\\\/undankbares-pack\\\/\",\"name\":\"Undankbares Pack - Zeitgeist? Frei!\",\"isPartOf\":{\"@id\":\"https:\\\/\\\/www.inkultura-online.de\\\/politisch_unkorrekt\\\/#website\"},\"datePublished\":\"2020-01-10T14:03:46+00:00\",\"breadcrumb\":{\"@id\":\"https:\\\/\\\/www.inkultura-online.de\\\/politisch_unkorrekt\\\/undankbares-pack\\\/#breadcrumb\"},\"inLanguage\":\"de\",\"potentialAction\":[{\"@type\":\"ReadAction\",\"target\":[\"https:\\\/\\\/www.inkultura-online.de\\\/politisch_unkorrekt\\\/undankbares-pack\\\/\"]}]},{\"@type\":\"BreadcrumbList\",\"@id\":\"https:\\\/\\\/www.inkultura-online.de\\\/politisch_unkorrekt\\\/undankbares-pack\\\/#breadcrumb\",\"itemListElement\":[{\"@type\":\"ListItem\",\"position\":1,\"name\":\"Home\",\"item\":\"https:\\\/\\\/www.inkultura-online.de\\\/politisch_unkorrekt\\\/\"},{\"@type\":\"ListItem\",\"position\":2,\"name\":\"Undankbares Pack\"}]},{\"@type\":\"WebSite\",\"@id\":\"https:\\\/\\\/www.inkultura-online.de\\\/politisch_unkorrekt\\\/#website\",\"url\":\"https:\\\/\\\/www.inkultura-online.de\\\/politisch_unkorrekt\\\/\",\"name\":\"Zeitgeist? Frei!\",\"description\":\"Was Ihr den Geist der Zeiten hei\u00dft...\",\"publisher\":{\"@id\":\"https:\\\/\\\/www.inkultura-online.de\\\/politisch_unkorrekt\\\/#\\\/schema\\\/person\\\/5b30b80e385478896a1de221e1994d86\"},\"potentialAction\":[{\"@type\":\"SearchAction\",\"target\":{\"@type\":\"EntryPoint\",\"urlTemplate\":\"https:\\\/\\\/www.inkultura-online.de\\\/politisch_unkorrekt\\\/?s={search_term_string}\"},\"query-input\":{\"@type\":\"PropertyValueSpecification\",\"valueRequired\":true,\"valueName\":\"search_term_string\"}}],\"inLanguage\":\"de\"},{\"@type\":[\"Person\",\"Organization\"],\"@id\":\"https:\\\/\\\/www.inkultura-online.de\\\/politisch_unkorrekt\\\/#\\\/schema\\\/person\\\/5b30b80e385478896a1de221e1994d86\",\"name\":\"Orator\",\"image\":{\"@type\":\"ImageObject\",\"inLanguage\":\"de\",\"@id\":\"https:\\\/\\\/secure.gravatar.com\\\/avatar\\\/96e03166d31716e9c437060430eb7605c45a8ce6fb6dab483637ca6915dd0844?s=96&d=mm&r=g\",\"url\":\"https:\\\/\\\/secure.gravatar.com\\\/avatar\\\/96e03166d31716e9c437060430eb7605c45a8ce6fb6dab483637ca6915dd0844?s=96&d=mm&r=g\",\"contentUrl\":\"https:\\\/\\\/secure.gravatar.com\\\/avatar\\\/96e03166d31716e9c437060430eb7605c45a8ce6fb6dab483637ca6915dd0844?s=96&d=mm&r=g\",\"caption\":\"Orator\"},\"logo\":{\"@id\":\"https:\\\/\\\/secure.gravatar.com\\\/avatar\\\/96e03166d31716e9c437060430eb7605c45a8ce6fb6dab483637ca6915dd0844?s=96&d=mm&r=g\"},\"url\":\"https:\\\/\\\/www.inkultura-online.de\\\/politisch_unkorrekt\\\/author\\\/1korrektor21-2\\\/\"}]}<\/script>\n<!-- \/ Yoast SEO plugin. -->","yoast_head_json":{"title":"Undankbares Pack - Zeitgeist? Frei!","robots":{"index":"index","follow":"follow","max-snippet":"max-snippet:-1","max-image-preview":"max-image-preview:large","max-video-preview":"max-video-preview:-1"},"canonical":"https:\/\/www.inkultura-online.de\/politisch_unkorrekt\/undankbares-pack\/","og_locale":"de_DE","og_type":"article","og_title":"Undankbares Pack - Zeitgeist? Frei!","og_description":"Da rackern sich unsere Volksvertreter fast rund um die Uhr ab, um dem gemeinen Volk, den Wahlbienen und Steuerzahlern unisono die Vorteile gemischt ethnischen Zusammenlebens anzupreisen. Da blasen auch Kirchenvertreter, Gewerkschaftler, sogenannte Journalisten und selbstverliebte Kunstschaffende, also der gesamte polit-mediale &hellip; Weiterlesen &rarr;","og_url":"https:\/\/www.inkultura-online.de\/politisch_unkorrekt\/undankbares-pack\/","og_site_name":"Zeitgeist? Frei!","article_published_time":"2020-01-10T14:03:46+00:00","author":"Orator","twitter_misc":{"Verfasst von":"Orator","Gesch\u00e4tzte Lesezeit":"2\u00a0Minuten"},"schema":{"@context":"https:\/\/schema.org","@graph":[{"@type":"Article","@id":"https:\/\/www.inkultura-online.de\/politisch_unkorrekt\/undankbares-pack\/#article","isPartOf":{"@id":"https:\/\/www.inkultura-online.de\/politisch_unkorrekt\/undankbares-pack\/"},"author":{"name":"Orator","@id":"https:\/\/www.inkultura-online.de\/politisch_unkorrekt\/#\/schema\/person\/5b30b80e385478896a1de221e1994d86"},"headline":"Undankbares Pack","datePublished":"2020-01-10T14:03:46+00:00","mainEntityOfPage":{"@id":"https:\/\/www.inkultura-online.de\/politisch_unkorrekt\/undankbares-pack\/"},"wordCount":324,"publisher":{"@id":"https:\/\/www.inkultura-online.de\/politisch_unkorrekt\/#\/schema\/person\/5b30b80e385478896a1de221e1994d86"},"keywords":["Bildungschancen","Grundschule","Kulturfremde","Undankbares Pack"],"articleSection":["Fundst\u00fccke","Gedanken zum Tag","Hauptstadtpossen","So sieht\u00b4s aus","Systemfehler"],"inLanguage":"de"},{"@type":"WebPage","@id":"https:\/\/www.inkultura-online.de\/politisch_unkorrekt\/undankbares-pack\/","url":"https:\/\/www.inkultura-online.de\/politisch_unkorrekt\/undankbares-pack\/","name":"Undankbares Pack - Zeitgeist? Frei!","isPartOf":{"@id":"https:\/\/www.inkultura-online.de\/politisch_unkorrekt\/#website"},"datePublished":"2020-01-10T14:03:46+00:00","breadcrumb":{"@id":"https:\/\/www.inkultura-online.de\/politisch_unkorrekt\/undankbares-pack\/#breadcrumb"},"inLanguage":"de","potentialAction":[{"@type":"ReadAction","target":["https:\/\/www.inkultura-online.de\/politisch_unkorrekt\/undankbares-pack\/"]}]},{"@type":"BreadcrumbList","@id":"https:\/\/www.inkultura-online.de\/politisch_unkorrekt\/undankbares-pack\/#breadcrumb","itemListElement":[{"@type":"ListItem","position":1,"name":"Home","item":"https:\/\/www.inkultura-online.de\/politisch_unkorrekt\/"},{"@type":"ListItem","position":2,"name":"Undankbares Pack"}]},{"@type":"WebSite","@id":"https:\/\/www.inkultura-online.de\/politisch_unkorrekt\/#website","url":"https:\/\/www.inkultura-online.de\/politisch_unkorrekt\/","name":"Zeitgeist? Frei!","description":"Was Ihr den Geist der Zeiten hei\u00dft...","publisher":{"@id":"https:\/\/www.inkultura-online.de\/politisch_unkorrekt\/#\/schema\/person\/5b30b80e385478896a1de221e1994d86"},"potentialAction":[{"@type":"SearchAction","target":{"@type":"EntryPoint","urlTemplate":"https:\/\/www.inkultura-online.de\/politisch_unkorrekt\/?s={search_term_string}"},"query-input":{"@type":"PropertyValueSpecification","valueRequired":true,"valueName":"search_term_string"}}],"inLanguage":"de"},{"@type":["Person","Organization"],"@id":"https:\/\/www.inkultura-online.de\/politisch_unkorrekt\/#\/schema\/person\/5b30b80e385478896a1de221e1994d86","name":"Orator","image":{"@type":"ImageObject","inLanguage":"de","@id":"https:\/\/secure.gravatar.com\/avatar\/96e03166d31716e9c437060430eb7605c45a8ce6fb6dab483637ca6915dd0844?s=96&d=mm&r=g","url":"https:\/\/secure.gravatar.com\/avatar\/96e03166d31716e9c437060430eb7605c45a8ce6fb6dab483637ca6915dd0844?s=96&d=mm&r=g","contentUrl":"https:\/\/secure.gravatar.com\/avatar\/96e03166d31716e9c437060430eb7605c45a8ce6fb6dab483637ca6915dd0844?s=96&d=mm&r=g","caption":"Orator"},"logo":{"@id":"https:\/\/secure.gravatar.com\/avatar\/96e03166d31716e9c437060430eb7605c45a8ce6fb6dab483637ca6915dd0844?s=96&d=mm&r=g"},"url":"https:\/\/www.inkultura-online.de\/politisch_unkorrekt\/author\/1korrektor21-2\/"}]}},"_links":{"self":[{"href":"https:\/\/www.inkultura-online.de\/politisch_unkorrekt\/wp-json\/wp\/v2\/posts\/2090","targetHints":{"allow":["GET"]}}],"collection":[{"href":"https:\/\/www.inkultura-online.de\/politisch_unkorrekt\/wp-json\/wp\/v2\/posts"}],"about":[{"href":"https:\/\/www.inkultura-online.de\/politisch_unkorrekt\/wp-json\/wp\/v2\/types\/post"}],"author":[{"embeddable":true,"href":"https:\/\/www.inkultura-online.de\/politisch_unkorrekt\/wp-json\/wp\/v2\/users\/1"}],"replies":[{"embeddable":true,"href":"https:\/\/www.inkultura-online.de\/politisch_unkorrekt\/wp-json\/wp\/v2\/comments?post=2090"}],"version-history":[{"count":1,"href":"https:\/\/www.inkultura-online.de\/politisch_unkorrekt\/wp-json\/wp\/v2\/posts\/2090\/revisions"}],"predecessor-version":[{"id":2091,"href":"https:\/\/www.inkultura-online.de\/politisch_unkorrekt\/wp-json\/wp\/v2\/posts\/2090\/revisions\/2091"}],"wp:attachment":[{"href":"https:\/\/www.inkultura-online.de\/politisch_unkorrekt\/wp-json\/wp\/v2\/media?parent=2090"}],"wp:term":[{"taxonomy":"category","embeddable":true,"href":"https:\/\/www.inkultura-online.de\/politisch_unkorrekt\/wp-json\/wp\/v2\/categories?post=2090"},{"taxonomy":"post_tag","embeddable":true,"href":"https:\/\/www.inkultura-online.de\/politisch_unkorrekt\/wp-json\/wp\/v2\/tags?post=2090"}],"curies":[{"name":"wp","href":"https:\/\/api.w.org\/{rel}","templated":true}]}}