{"id":2150,"date":"2020-02-24T15:10:44","date_gmt":"2020-02-24T13:10:44","guid":{"rendered":"http:\/\/www.inkultura-online.de\/politisch_unkorrekt\/?p=2150"},"modified":"2020-02-24T15:10:44","modified_gmt":"2020-02-24T13:10:44","slug":"diese-woche-kann-ja-heiter-werden","status":"publish","type":"post","link":"https:\/\/www.inkultura-online.de\/politisch_unkorrekt\/diese-woche-kann-ja-heiter-werden\/","title":{"rendered":"Diese Woche kann ja heiter werden"},"content":{"rendered":"<p>Was kann den Erholungseffekt eines Wochenendes am besten und am schnellsten zunichtemachen? Ganz klar, ein Blick in die Sch(w)undbl\u00e4tter der Nation und zwei sich zu Wort meldende Kapazit\u00e4ten neudeutscher Geisteshaltung. Einer, der wahrscheinlich im stillen K\u00e4mmerlein davon tr\u00e4umt ein Quizmaster zu sein, ein anderer, der einmal mehr seine politische Bedeutungslosigkeit mit dem Surfen auf der Welle des Zeitgeistes unter Beweis stellt.<!--more--><\/p>\n<p>\u201eJetzt kann der demokratische Westen beweisen, dass er es besser kann als China. K\u00f6nnen wir das?\u201c, so fragt Richard Friebe im Berliner Qualit\u00e4tsbl\u00e4ttchen <a href=\"https:\/\/www.tagesspiegel.de\/wissen\/coronavirus-breitet-sich-aus-das-virus-ist-wohl-laengst-in-deutschland-welche-reaktion-angebracht-ist\/25575080.html\" target=\"_blank\" rel=\"noopener noreferrer\">\u201eDer Tagesspiegel\u201c<\/a> und beweist damit sein Talent als direkte Konkurrenz zu Jauch und Konsorten, die, zu ihren Gunsten gesprochen, sich mit den gestellten Fragen noch nicht wagten, auf das Friebe-Niveau herabzusinken. Ab jetzt ist der Kampf gegen Sars-CoV-2 also ein Wettstreit der politischen Systeme und nicht, wie es der aufmerksame Beobachter des politischen Zeitgeists immer annahm, das Bek\u00e4mpfen einer drohenden Pandemie mit allen wissenschaftlichen Mitteln, Erkenntnissen und Methoden.<\/p>\n<p>Schlie\u00dft man sich denn der grottigen Argumentation des Moderators an, dann kommt man allerdings nicht darum herum zu konstatieren, dass hierzulande, so die offizielle, also die ver\u00f6ffentlichte Meinung der Staatsmedien, kein Grund zur Panik besteht, denn man habe alles \u201eunter Kontrolle\u201c. Nebenbei bemerkt, was die herrschende Clique unter Kontrolle hat, kann man an der Gleichschaltung der Medienlandschaft sehen.<\/p>\n<p>Sollte sich die Krankheit, wie derweil in Italien zu sehen, auch in Deutschland ausbreiten, dann d\u00fcrfte bei uns Schluss mit \u201eKontrolle\u201c sein, denn die lieben Mitmenschen sind doch alle freie Individuen, die es sich nicht gefallen lassen w\u00fcrden, von der Regierung mit einer Ausgangssperre bel\u00e4stigt zu werden, sondern anstelle dessen lieber zwei Wochen sp\u00e4ter auf der Stra\u00dfe zusammenbrechen, bis dahin viele andere angesteckt haben und jetzt, in absoluter individueller Freiheit abkratzen. Leben und Sterben, so jedenfalls verstehe ich den Herren Journalisten Friebe, wird, wie derzeit so vieles in unserem Land, eine Frage der Ideologie.<\/p>\n<p>Was mich zu Peter Tauber, dereinst CDU-Generalsekret\u00e4r und jetzt drittklassiger Politdarsteller, zum zweiten Verderber meines Wochenbeginns f\u00fchrt. Der will jetzt, so in der <a href=\"https:\/\/www.bild.de\/bild-plus\/politik\/inland\/politik-inland\/ex-generalsekretaer-im-interview-cdu-tauber-warnt-vor-toxischer-maennlichkeit-68964976,view=conversionToLogin.bild.html\" target=\"_blank\" rel=\"noopener noreferrer\">Bild-Zeitung<\/a> (leider Bezahlschranke) zu lesen, \u201emit Jesus Christus gegen toxische M\u00e4nnlichkeit k\u00e4mpfen\u201c und dabei, quasi im Handumdrehen, \u201eauch in der Bundeswehr [&#8230;] das klassische M\u00e4nnerbild \u00fcberwinden\u201c, weil, so der wackere Nichtkombattant, ein \u201eK\u00e4mpfer, der sich aufopfert und stirbt\u201c nicht sein Bild von einem Soldaten sei.<\/p>\n<p>Abgesehen von Peterchens durchaus zeitgeistkonformen Gedankeng\u00e4ngen d\u00fcrften sich jedoch auch die B\u00fcrger nicht mehr darauf verlassen k\u00f6nnen, dass deutsche Soldaten sich f\u00fcr unser Land aufopfern. Ich kann mir nicht vorstellen, dass deutsche K\u00e4mpfer f\u00fcr das System Merkel ihr Leben riskieren w\u00fcrden. Das hie\u00dfe ja, die Zeitblase Merkel noch weiter auszudehnen. Was f\u00fcr ein schrecklicher Gedanke. Der ist ja noch schlimmer als dieser, durch zwei Knallerm\u00e4nner versaute Wochenbeginn.<\/p>\n","protected":false},"excerpt":{"rendered":"<p>Was kann den Erholungseffekt eines Wochenendes am besten und am schnellsten zunichtemachen? Ganz klar, ein Blick in die Sch(w)undbl\u00e4tter der Nation und zwei sich zu Wort meldende Kapazit\u00e4ten neudeutscher Geisteshaltung. Einer, der wahrscheinlich im stillen K\u00e4mmerlein davon tr\u00e4umt ein Quizmaster &hellip; <a href=\"https:\/\/www.inkultura-online.de\/politisch_unkorrekt\/diese-woche-kann-ja-heiter-werden\/\">Weiterlesen <span class=\"meta-nav\">&rarr;<\/span><\/a><\/p>\n","protected":false},"author":1,"featured_media":0,"comment_status":"closed","ping_status":"closed","sticky":false,"template":"","format":"standard","meta":{"footnotes":""},"categories":[2,3,1,444],"tags":[1359,1358],"class_list":["post-2150","post","type-post","status-publish","format-standard","hentry","category-antipathie","category-die-duemmsten-sprueche-der-woche","category-fundstuecke","category-gedanken-zum-tag","tag-peter-tauber","tag-richard-friebe"],"yoast_head":"<!-- This site is optimized with the Yoast SEO plugin v27.5 - https:\/\/yoast.com\/product\/yoast-seo-wordpress\/ -->\n<title>Diese Woche kann ja heiter werden - Zeitgeist? Frei!<\/title>\n<meta name=\"robots\" content=\"index, follow, max-snippet:-1, max-image-preview:large, max-video-preview:-1\" \/>\n<link rel=\"canonical\" href=\"https:\/\/www.inkultura-online.de\/politisch_unkorrekt\/diese-woche-kann-ja-heiter-werden\/\" \/>\n<meta property=\"og:locale\" content=\"de_DE\" \/>\n<meta property=\"og:type\" content=\"article\" \/>\n<meta property=\"og:title\" content=\"Diese Woche kann ja heiter werden - Zeitgeist? Frei!\" \/>\n<meta property=\"og:description\" content=\"Was kann den Erholungseffekt eines Wochenendes am besten und am schnellsten zunichtemachen? Ganz klar, ein Blick in die Sch(w)undbl\u00e4tter der Nation und zwei sich zu Wort meldende Kapazit\u00e4ten neudeutscher Geisteshaltung. Einer, der wahrscheinlich im stillen K\u00e4mmerlein davon tr\u00e4umt ein Quizmaster &hellip; Weiterlesen &rarr;\" \/>\n<meta property=\"og:url\" content=\"https:\/\/www.inkultura-online.de\/politisch_unkorrekt\/diese-woche-kann-ja-heiter-werden\/\" \/>\n<meta property=\"og:site_name\" content=\"Zeitgeist? Frei!\" \/>\n<meta property=\"article:published_time\" content=\"2020-02-24T13:10:44+00:00\" \/>\n<meta name=\"author\" content=\"Orator\" \/>\n<meta name=\"twitter:label1\" content=\"Verfasst von\" \/>\n\t<meta name=\"twitter:data1\" content=\"Orator\" \/>\n\t<meta name=\"twitter:label2\" content=\"Gesch\u00e4tzte Lesezeit\" \/>\n\t<meta name=\"twitter:data2\" content=\"2\u00a0Minuten\" \/>\n<script type=\"application\/ld+json\" class=\"yoast-schema-graph\">{\"@context\":\"https:\\\/\\\/schema.org\",\"@graph\":[{\"@type\":\"Article\",\"@id\":\"https:\\\/\\\/www.inkultura-online.de\\\/politisch_unkorrekt\\\/diese-woche-kann-ja-heiter-werden\\\/#article\",\"isPartOf\":{\"@id\":\"https:\\\/\\\/www.inkultura-online.de\\\/politisch_unkorrekt\\\/diese-woche-kann-ja-heiter-werden\\\/\"},\"author\":{\"name\":\"Orator\",\"@id\":\"https:\\\/\\\/www.inkultura-online.de\\\/politisch_unkorrekt\\\/#\\\/schema\\\/person\\\/5b30b80e385478896a1de221e1994d86\"},\"headline\":\"Diese Woche kann ja heiter werden\",\"datePublished\":\"2020-02-24T13:10:44+00:00\",\"mainEntityOfPage\":{\"@id\":\"https:\\\/\\\/www.inkultura-online.de\\\/politisch_unkorrekt\\\/diese-woche-kann-ja-heiter-werden\\\/\"},\"wordCount\":478,\"publisher\":{\"@id\":\"https:\\\/\\\/www.inkultura-online.de\\\/politisch_unkorrekt\\\/#\\\/schema\\\/person\\\/5b30b80e385478896a1de221e1994d86\"},\"keywords\":[\"Peter Tauber\",\"Richard Friebe\"],\"articleSection\":[\"Antipathie\",\"Die d\u00fcmmsten Spr\u00fcche der Woche\",\"Fundst\u00fccke\",\"Gedanken zum Tag\"],\"inLanguage\":\"de\"},{\"@type\":\"WebPage\",\"@id\":\"https:\\\/\\\/www.inkultura-online.de\\\/politisch_unkorrekt\\\/diese-woche-kann-ja-heiter-werden\\\/\",\"url\":\"https:\\\/\\\/www.inkultura-online.de\\\/politisch_unkorrekt\\\/diese-woche-kann-ja-heiter-werden\\\/\",\"name\":\"Diese Woche kann ja heiter werden - Zeitgeist? Frei!\",\"isPartOf\":{\"@id\":\"https:\\\/\\\/www.inkultura-online.de\\\/politisch_unkorrekt\\\/#website\"},\"datePublished\":\"2020-02-24T13:10:44+00:00\",\"breadcrumb\":{\"@id\":\"https:\\\/\\\/www.inkultura-online.de\\\/politisch_unkorrekt\\\/diese-woche-kann-ja-heiter-werden\\\/#breadcrumb\"},\"inLanguage\":\"de\",\"potentialAction\":[{\"@type\":\"ReadAction\",\"target\":[\"https:\\\/\\\/www.inkultura-online.de\\\/politisch_unkorrekt\\\/diese-woche-kann-ja-heiter-werden\\\/\"]}]},{\"@type\":\"BreadcrumbList\",\"@id\":\"https:\\\/\\\/www.inkultura-online.de\\\/politisch_unkorrekt\\\/diese-woche-kann-ja-heiter-werden\\\/#breadcrumb\",\"itemListElement\":[{\"@type\":\"ListItem\",\"position\":1,\"name\":\"Home\",\"item\":\"https:\\\/\\\/www.inkultura-online.de\\\/politisch_unkorrekt\\\/\"},{\"@type\":\"ListItem\",\"position\":2,\"name\":\"Diese Woche kann ja heiter werden\"}]},{\"@type\":\"WebSite\",\"@id\":\"https:\\\/\\\/www.inkultura-online.de\\\/politisch_unkorrekt\\\/#website\",\"url\":\"https:\\\/\\\/www.inkultura-online.de\\\/politisch_unkorrekt\\\/\",\"name\":\"Zeitgeist? Frei!\",\"description\":\"Was Ihr den Geist der Zeiten hei\u00dft...\",\"publisher\":{\"@id\":\"https:\\\/\\\/www.inkultura-online.de\\\/politisch_unkorrekt\\\/#\\\/schema\\\/person\\\/5b30b80e385478896a1de221e1994d86\"},\"potentialAction\":[{\"@type\":\"SearchAction\",\"target\":{\"@type\":\"EntryPoint\",\"urlTemplate\":\"https:\\\/\\\/www.inkultura-online.de\\\/politisch_unkorrekt\\\/?s={search_term_string}\"},\"query-input\":{\"@type\":\"PropertyValueSpecification\",\"valueRequired\":true,\"valueName\":\"search_term_string\"}}],\"inLanguage\":\"de\"},{\"@type\":[\"Person\",\"Organization\"],\"@id\":\"https:\\\/\\\/www.inkultura-online.de\\\/politisch_unkorrekt\\\/#\\\/schema\\\/person\\\/5b30b80e385478896a1de221e1994d86\",\"name\":\"Orator\",\"image\":{\"@type\":\"ImageObject\",\"inLanguage\":\"de\",\"@id\":\"https:\\\/\\\/secure.gravatar.com\\\/avatar\\\/96e03166d31716e9c437060430eb7605c45a8ce6fb6dab483637ca6915dd0844?s=96&d=mm&r=g\",\"url\":\"https:\\\/\\\/secure.gravatar.com\\\/avatar\\\/96e03166d31716e9c437060430eb7605c45a8ce6fb6dab483637ca6915dd0844?s=96&d=mm&r=g\",\"contentUrl\":\"https:\\\/\\\/secure.gravatar.com\\\/avatar\\\/96e03166d31716e9c437060430eb7605c45a8ce6fb6dab483637ca6915dd0844?s=96&d=mm&r=g\",\"caption\":\"Orator\"},\"logo\":{\"@id\":\"https:\\\/\\\/secure.gravatar.com\\\/avatar\\\/96e03166d31716e9c437060430eb7605c45a8ce6fb6dab483637ca6915dd0844?s=96&d=mm&r=g\"},\"url\":\"https:\\\/\\\/www.inkultura-online.de\\\/politisch_unkorrekt\\\/author\\\/1korrektor21-2\\\/\"}]}<\/script>\n<!-- \/ Yoast SEO plugin. -->","yoast_head_json":{"title":"Diese Woche kann ja heiter werden - Zeitgeist? Frei!","robots":{"index":"index","follow":"follow","max-snippet":"max-snippet:-1","max-image-preview":"max-image-preview:large","max-video-preview":"max-video-preview:-1"},"canonical":"https:\/\/www.inkultura-online.de\/politisch_unkorrekt\/diese-woche-kann-ja-heiter-werden\/","og_locale":"de_DE","og_type":"article","og_title":"Diese Woche kann ja heiter werden - Zeitgeist? Frei!","og_description":"Was kann den Erholungseffekt eines Wochenendes am besten und am schnellsten zunichtemachen? Ganz klar, ein Blick in die Sch(w)undbl\u00e4tter der Nation und zwei sich zu Wort meldende Kapazit\u00e4ten neudeutscher Geisteshaltung. Einer, der wahrscheinlich im stillen K\u00e4mmerlein davon tr\u00e4umt ein Quizmaster &hellip; Weiterlesen &rarr;","og_url":"https:\/\/www.inkultura-online.de\/politisch_unkorrekt\/diese-woche-kann-ja-heiter-werden\/","og_site_name":"Zeitgeist? Frei!","article_published_time":"2020-02-24T13:10:44+00:00","author":"Orator","twitter_misc":{"Verfasst von":"Orator","Gesch\u00e4tzte Lesezeit":"2\u00a0Minuten"},"schema":{"@context":"https:\/\/schema.org","@graph":[{"@type":"Article","@id":"https:\/\/www.inkultura-online.de\/politisch_unkorrekt\/diese-woche-kann-ja-heiter-werden\/#article","isPartOf":{"@id":"https:\/\/www.inkultura-online.de\/politisch_unkorrekt\/diese-woche-kann-ja-heiter-werden\/"},"author":{"name":"Orator","@id":"https:\/\/www.inkultura-online.de\/politisch_unkorrekt\/#\/schema\/person\/5b30b80e385478896a1de221e1994d86"},"headline":"Diese Woche kann ja heiter werden","datePublished":"2020-02-24T13:10:44+00:00","mainEntityOfPage":{"@id":"https:\/\/www.inkultura-online.de\/politisch_unkorrekt\/diese-woche-kann-ja-heiter-werden\/"},"wordCount":478,"publisher":{"@id":"https:\/\/www.inkultura-online.de\/politisch_unkorrekt\/#\/schema\/person\/5b30b80e385478896a1de221e1994d86"},"keywords":["Peter Tauber","Richard Friebe"],"articleSection":["Antipathie","Die d\u00fcmmsten Spr\u00fcche der Woche","Fundst\u00fccke","Gedanken zum Tag"],"inLanguage":"de"},{"@type":"WebPage","@id":"https:\/\/www.inkultura-online.de\/politisch_unkorrekt\/diese-woche-kann-ja-heiter-werden\/","url":"https:\/\/www.inkultura-online.de\/politisch_unkorrekt\/diese-woche-kann-ja-heiter-werden\/","name":"Diese Woche kann ja heiter werden - Zeitgeist? Frei!","isPartOf":{"@id":"https:\/\/www.inkultura-online.de\/politisch_unkorrekt\/#website"},"datePublished":"2020-02-24T13:10:44+00:00","breadcrumb":{"@id":"https:\/\/www.inkultura-online.de\/politisch_unkorrekt\/diese-woche-kann-ja-heiter-werden\/#breadcrumb"},"inLanguage":"de","potentialAction":[{"@type":"ReadAction","target":["https:\/\/www.inkultura-online.de\/politisch_unkorrekt\/diese-woche-kann-ja-heiter-werden\/"]}]},{"@type":"BreadcrumbList","@id":"https:\/\/www.inkultura-online.de\/politisch_unkorrekt\/diese-woche-kann-ja-heiter-werden\/#breadcrumb","itemListElement":[{"@type":"ListItem","position":1,"name":"Home","item":"https:\/\/www.inkultura-online.de\/politisch_unkorrekt\/"},{"@type":"ListItem","position":2,"name":"Diese Woche kann ja heiter werden"}]},{"@type":"WebSite","@id":"https:\/\/www.inkultura-online.de\/politisch_unkorrekt\/#website","url":"https:\/\/www.inkultura-online.de\/politisch_unkorrekt\/","name":"Zeitgeist? Frei!","description":"Was Ihr den Geist der Zeiten hei\u00dft...","publisher":{"@id":"https:\/\/www.inkultura-online.de\/politisch_unkorrekt\/#\/schema\/person\/5b30b80e385478896a1de221e1994d86"},"potentialAction":[{"@type":"SearchAction","target":{"@type":"EntryPoint","urlTemplate":"https:\/\/www.inkultura-online.de\/politisch_unkorrekt\/?s={search_term_string}"},"query-input":{"@type":"PropertyValueSpecification","valueRequired":true,"valueName":"search_term_string"}}],"inLanguage":"de"},{"@type":["Person","Organization"],"@id":"https:\/\/www.inkultura-online.de\/politisch_unkorrekt\/#\/schema\/person\/5b30b80e385478896a1de221e1994d86","name":"Orator","image":{"@type":"ImageObject","inLanguage":"de","@id":"https:\/\/secure.gravatar.com\/avatar\/96e03166d31716e9c437060430eb7605c45a8ce6fb6dab483637ca6915dd0844?s=96&d=mm&r=g","url":"https:\/\/secure.gravatar.com\/avatar\/96e03166d31716e9c437060430eb7605c45a8ce6fb6dab483637ca6915dd0844?s=96&d=mm&r=g","contentUrl":"https:\/\/secure.gravatar.com\/avatar\/96e03166d31716e9c437060430eb7605c45a8ce6fb6dab483637ca6915dd0844?s=96&d=mm&r=g","caption":"Orator"},"logo":{"@id":"https:\/\/secure.gravatar.com\/avatar\/96e03166d31716e9c437060430eb7605c45a8ce6fb6dab483637ca6915dd0844?s=96&d=mm&r=g"},"url":"https:\/\/www.inkultura-online.de\/politisch_unkorrekt\/author\/1korrektor21-2\/"}]}},"_links":{"self":[{"href":"https:\/\/www.inkultura-online.de\/politisch_unkorrekt\/wp-json\/wp\/v2\/posts\/2150","targetHints":{"allow":["GET"]}}],"collection":[{"href":"https:\/\/www.inkultura-online.de\/politisch_unkorrekt\/wp-json\/wp\/v2\/posts"}],"about":[{"href":"https:\/\/www.inkultura-online.de\/politisch_unkorrekt\/wp-json\/wp\/v2\/types\/post"}],"author":[{"embeddable":true,"href":"https:\/\/www.inkultura-online.de\/politisch_unkorrekt\/wp-json\/wp\/v2\/users\/1"}],"replies":[{"embeddable":true,"href":"https:\/\/www.inkultura-online.de\/politisch_unkorrekt\/wp-json\/wp\/v2\/comments?post=2150"}],"version-history":[{"count":1,"href":"https:\/\/www.inkultura-online.de\/politisch_unkorrekt\/wp-json\/wp\/v2\/posts\/2150\/revisions"}],"predecessor-version":[{"id":2151,"href":"https:\/\/www.inkultura-online.de\/politisch_unkorrekt\/wp-json\/wp\/v2\/posts\/2150\/revisions\/2151"}],"wp:attachment":[{"href":"https:\/\/www.inkultura-online.de\/politisch_unkorrekt\/wp-json\/wp\/v2\/media?parent=2150"}],"wp:term":[{"taxonomy":"category","embeddable":true,"href":"https:\/\/www.inkultura-online.de\/politisch_unkorrekt\/wp-json\/wp\/v2\/categories?post=2150"},{"taxonomy":"post_tag","embeddable":true,"href":"https:\/\/www.inkultura-online.de\/politisch_unkorrekt\/wp-json\/wp\/v2\/tags?post=2150"}],"curies":[{"name":"wp","href":"https:\/\/api.w.org\/{rel}","templated":true}]}}