{"id":2153,"date":"2020-02-28T15:05:49","date_gmt":"2020-02-28T13:05:49","guid":{"rendered":"http:\/\/www.inkultura-online.de\/politisch_unkorrekt\/?p=2153"},"modified":"2020-02-28T15:05:49","modified_gmt":"2020-02-28T13:05:49","slug":"ein-brief-an-mutti","status":"publish","type":"post","link":"https:\/\/www.inkultura-online.de\/politisch_unkorrekt\/ein-brief-an-mutti\/","title":{"rendered":"Ein Brief an Mutti"},"content":{"rendered":"<p>Die Mutter der Nation, die Gr\u00f6KaZ, die <i>Gr\u00f6\u00dfte Kanzlerin aller Zeiten<\/i> soll es wieder in Ordnung bringen. Was? Das Verh\u00e4ltnis zwischen denen, die noch nicht so lange hier leben und den anderen, den Autochthonen, die flei\u00dfig arbeiten und Steuern zahlen, die nicht mit dem Gesetz in Konflikt geraten, die ihre Kinder zu anst\u00e4ndigen B\u00fcrgern erziehen und sich trotzdem \u2013 oder gerade deshalb, weil voll Nazi \u2013 immer wieder von sog. Interessenvertretern angeblich benachteiligter Minderheiten als fremdenfeindlich, als rassistisch und rechtsextrem beschimpfen lassen m\u00fcssen.<!--more--><\/p>\n<p>Diese, die <a href=\"https:\/\/www.spiegel.de\/politik\/deutschland\/ein-viertel-der-bevoelkerung-fuerchtet-um-seine-unversehrtheit-a-c1522eb6-776a-47dc-a461-8b68fbfb03f5\" target=\"_blank\" rel=\"noopener noreferrer\">Sprachrohre des angewandten Volksaustausches<\/a>, immerhin ein Netzwerk aus 40 \u201eEinwanderervereinen\u201c haben einen <a href=\"https:\/\/www.tgd.de\/wp-content\/uploads\/2020\/02\/260220_Offener-Brief-der-MO-an-Bundeskanzlerin-Merkel-2.pdf\" target=\"_blank\" rel=\"noopener noreferrer\">offenen Brief<\/a> an unsere, besser gesagt an deren geliebte F\u00fchrerin geschrieben, in dem sie, wie sollte es anders sein, einmal mehr Forderungen an die Adresse der Politik stellen, die, wie sollte es anders sein, wenig bis gar keine Bereitschaft zu angewandter und gelingender Integration unter Beweis stellen, sondern sofort und schnellstm\u00f6glich aufs Sondertreppchen gehoben werden wollen.<\/p>\n<p>Wirft der aufmerksame Beobachter des politischen Zeitgeists einen Blick in diesen \u201eForderungskatalog\u201c, dann beschleichen ihn doch berechtigte Zweifel am stets propagierten Willen der Betroffenen zur Integration in unser Land.<\/p>\n<p>\u201eVielfalt als Staatsziel im Grundgesetz\u201c, \u201e&#8230;eine st\u00e4rkere Repr\u00e4sentation von Migranten in allen \u00f6ffentlichen \u00c4mtern\u201c, \u201eAntirassismus und Demokratief\u00f6rderung als Staatsvertrag in die Verfassung des Bundes und in die Verfassungen der L\u00e4nder\u201c, ein \u201eDemokratief\u00f6rdergesetz\u201c, \u201eWhistleblower-Mechanismen, inklusive Schutzma\u00dfnahmen innerhalb von Sicherheitsbeh\u00f6rden, ebenso ein verpflichtendes Mindestma\u00df an Diversity\u201c, ein \u201ewissenschaftliches Bundesinstitut zum Schutz der Verfassung\u201c und \u201eB\u00fcrgerr\u00e4te, Losverfahren und tempor\u00e4re Quoten f\u00fcr benachteiligte Bev\u00f6lkerungsgruppen\u201c, so nur ein Teil der Forderungen derer, die aus der linksrotgr\u00fcnen Ecke gerne als Bereicherung unserer Gesellschaft euphemisiert werden.<\/p>\n<p>Nat\u00fcrlich werden in diesem \u201eKatalog\u201c keine Hinweise auf eigene, auf individuelle Bem\u00fchungen der Bereicherer hinsichtlich Integration und Anpassung gegeben. Wer hinsichtlich dessen auf den Gedanken kommt, dass das auch gar nicht gewollt ist, der d\u00fcrfte sich angesichts existierender Parallelgesellschaften und, nur ein Beispiel, in den Grundschulen das Fach &#8222;Deutsch als Fremdsprache&#8220; f\u00fcr Kinder in der dritten\/vierten Generation mit deutschem Pass, so seine Gedanken machen \u2013 und dabei sicher nicht ganz falsch liegen.<\/p>\n<p>Wer in Deutschland, in unserem Land und unserer Heimat ebenfalls eine neue Heimat sucht, der ist, wenn er sich an unserer Gesetze h\u00e4lt, unsere gesellschaftlichen Regeln akzeptiert, unsere Werte sch\u00e4tzt und unsere Freiheit genie\u00dfen will, herzlich willkommen. Ihm \u2013 und ihr \u2013 stehen diverse M\u00f6glichkeiten zur Verf\u00fcgung, an unserer Gesellschaft, die dann nat\u00fcrlich auch bald die ihre sein wird, teilzuhaben. Vereine, Interessenvertretungen und politische Partizipation und Mitarbeit an der Gestaltung des gemeinsamen Zusammenlebens stehen jedem, wirklich jedem hier lebendem Menschen zur Verf\u00fcgung. Mann und Frau muss es nur wollen. Migrant als Alleinstellungsmerkmal und eine daraus abgeleitete Sonderstellung und Bevorzugung wegen angeblicher Diskriminierung oder gar Forderungen hinsichtlich bestimmter Quoten f\u00fcr Migranten \u2013 siehe \u201eoffener Brief\u201c \u2013 reicht da bei weitem nicht aus.<\/p>\n<p>Wer ein n\u00fctzliches Mitglied der deutschen Gesellschaft sein will, wer akzeptiert und geachtet werden will, der muss schon seinen Teil dazu beitragen. Dann, und nur dann, w\u00e4re es wirklich eine Bereicherung unserer Kultur. Das gilt f\u00fcr Autochthone genauso wie f\u00fcr Zuwanderer.<\/p>\n<p>Vielleicht, so ein durchaus b\u00f6ser Verdacht des Beobachters des politischen Zeitgeists, ist genau das jedoch von letzteren gar nicht gew\u00fcnscht, denn das w\u00fcrde ja Eigeninitiative und pers\u00f6nliche Leistungen voraussetzen. Gelle, da sind doch Quoten allemal besser, weil man sich dann nicht selber anstrengen muss.<\/p>\n","protected":false},"excerpt":{"rendered":"<p>Die Mutter der Nation, die Gr\u00f6KaZ, die Gr\u00f6\u00dfte Kanzlerin aller Zeiten soll es wieder in Ordnung bringen. Was? Das Verh\u00e4ltnis zwischen denen, die noch nicht so lange hier leben und den anderen, den Autochthonen, die flei\u00dfig arbeiten und Steuern zahlen, &hellip; <a href=\"https:\/\/www.inkultura-online.de\/politisch_unkorrekt\/ein-brief-an-mutti\/\">Weiterlesen <span class=\"meta-nav\">&rarr;<\/span><\/a><\/p>\n","protected":false},"author":1,"featured_media":0,"comment_status":"closed","ping_status":"closed","sticky":false,"template":"","format":"standard","meta":{"footnotes":""},"categories":[1,444,5,6,30,10],"tags":[512,1360,1291,24,20],"class_list":["post-2153","post","type-post","status-publish","format-standard","hentry","category-fundstuecke","category-gedanken-zum-tag","category-meinungen-und-sprueche","category-menschen-untereinander","category-so-siehts-aus","category-systemfehler","tag-autochthone","tag-fremde","tag-gesellschaft","tag-migration","tag-zuwanderung"],"yoast_head":"<!-- This site is optimized with the Yoast SEO plugin v27.5 - https:\/\/yoast.com\/product\/yoast-seo-wordpress\/ -->\n<title>Ein Brief an Mutti - Zeitgeist? Frei!<\/title>\n<meta name=\"robots\" content=\"index, follow, max-snippet:-1, max-image-preview:large, max-video-preview:-1\" \/>\n<link rel=\"canonical\" href=\"https:\/\/www.inkultura-online.de\/politisch_unkorrekt\/ein-brief-an-mutti\/\" \/>\n<meta property=\"og:locale\" content=\"de_DE\" \/>\n<meta property=\"og:type\" content=\"article\" \/>\n<meta property=\"og:title\" content=\"Ein Brief an Mutti - Zeitgeist? Frei!\" \/>\n<meta property=\"og:description\" content=\"Die Mutter der Nation, die Gr\u00f6KaZ, die Gr\u00f6\u00dfte Kanzlerin aller Zeiten soll es wieder in Ordnung bringen. Was? Das Verh\u00e4ltnis zwischen denen, die noch nicht so lange hier leben und den anderen, den Autochthonen, die flei\u00dfig arbeiten und Steuern zahlen, &hellip; Weiterlesen &rarr;\" \/>\n<meta property=\"og:url\" content=\"https:\/\/www.inkultura-online.de\/politisch_unkorrekt\/ein-brief-an-mutti\/\" \/>\n<meta property=\"og:site_name\" content=\"Zeitgeist? Frei!\" \/>\n<meta property=\"article:published_time\" content=\"2020-02-28T13:05:49+00:00\" \/>\n<meta name=\"author\" content=\"Orator\" \/>\n<meta name=\"twitter:label1\" content=\"Verfasst von\" \/>\n\t<meta name=\"twitter:data1\" content=\"Orator\" \/>\n\t<meta name=\"twitter:label2\" content=\"Gesch\u00e4tzte Lesezeit\" \/>\n\t<meta name=\"twitter:data2\" content=\"3\u00a0Minuten\" \/>\n<script type=\"application\/ld+json\" class=\"yoast-schema-graph\">{\"@context\":\"https:\\\/\\\/schema.org\",\"@graph\":[{\"@type\":\"Article\",\"@id\":\"https:\\\/\\\/www.inkultura-online.de\\\/politisch_unkorrekt\\\/ein-brief-an-mutti\\\/#article\",\"isPartOf\":{\"@id\":\"https:\\\/\\\/www.inkultura-online.de\\\/politisch_unkorrekt\\\/ein-brief-an-mutti\\\/\"},\"author\":{\"name\":\"Orator\",\"@id\":\"https:\\\/\\\/www.inkultura-online.de\\\/politisch_unkorrekt\\\/#\\\/schema\\\/person\\\/5b30b80e385478896a1de221e1994d86\"},\"headline\":\"Ein Brief an Mutti\",\"datePublished\":\"2020-02-28T13:05:49+00:00\",\"mainEntityOfPage\":{\"@id\":\"https:\\\/\\\/www.inkultura-online.de\\\/politisch_unkorrekt\\\/ein-brief-an-mutti\\\/\"},\"wordCount\":578,\"publisher\":{\"@id\":\"https:\\\/\\\/www.inkultura-online.de\\\/politisch_unkorrekt\\\/#\\\/schema\\\/person\\\/5b30b80e385478896a1de221e1994d86\"},\"keywords\":[\"Autochthone\",\"Fremde\",\"Gesellschaft\",\"Migration\",\"Zuwanderung\"],\"articleSection\":[\"Fundst\u00fccke\",\"Gedanken zum Tag\",\"Meinungen und Spr\u00fcche\",\"Menschen untereinander\",\"So sieht\u00b4s aus\",\"Systemfehler\"],\"inLanguage\":\"de\"},{\"@type\":\"WebPage\",\"@id\":\"https:\\\/\\\/www.inkultura-online.de\\\/politisch_unkorrekt\\\/ein-brief-an-mutti\\\/\",\"url\":\"https:\\\/\\\/www.inkultura-online.de\\\/politisch_unkorrekt\\\/ein-brief-an-mutti\\\/\",\"name\":\"Ein Brief an Mutti - Zeitgeist? Frei!\",\"isPartOf\":{\"@id\":\"https:\\\/\\\/www.inkultura-online.de\\\/politisch_unkorrekt\\\/#website\"},\"datePublished\":\"2020-02-28T13:05:49+00:00\",\"breadcrumb\":{\"@id\":\"https:\\\/\\\/www.inkultura-online.de\\\/politisch_unkorrekt\\\/ein-brief-an-mutti\\\/#breadcrumb\"},\"inLanguage\":\"de\",\"potentialAction\":[{\"@type\":\"ReadAction\",\"target\":[\"https:\\\/\\\/www.inkultura-online.de\\\/politisch_unkorrekt\\\/ein-brief-an-mutti\\\/\"]}]},{\"@type\":\"BreadcrumbList\",\"@id\":\"https:\\\/\\\/www.inkultura-online.de\\\/politisch_unkorrekt\\\/ein-brief-an-mutti\\\/#breadcrumb\",\"itemListElement\":[{\"@type\":\"ListItem\",\"position\":1,\"name\":\"Home\",\"item\":\"https:\\\/\\\/www.inkultura-online.de\\\/politisch_unkorrekt\\\/\"},{\"@type\":\"ListItem\",\"position\":2,\"name\":\"Ein Brief an Mutti\"}]},{\"@type\":\"WebSite\",\"@id\":\"https:\\\/\\\/www.inkultura-online.de\\\/politisch_unkorrekt\\\/#website\",\"url\":\"https:\\\/\\\/www.inkultura-online.de\\\/politisch_unkorrekt\\\/\",\"name\":\"Zeitgeist? Frei!\",\"description\":\"Was Ihr den Geist der Zeiten hei\u00dft...\",\"publisher\":{\"@id\":\"https:\\\/\\\/www.inkultura-online.de\\\/politisch_unkorrekt\\\/#\\\/schema\\\/person\\\/5b30b80e385478896a1de221e1994d86\"},\"potentialAction\":[{\"@type\":\"SearchAction\",\"target\":{\"@type\":\"EntryPoint\",\"urlTemplate\":\"https:\\\/\\\/www.inkultura-online.de\\\/politisch_unkorrekt\\\/?s={search_term_string}\"},\"query-input\":{\"@type\":\"PropertyValueSpecification\",\"valueRequired\":true,\"valueName\":\"search_term_string\"}}],\"inLanguage\":\"de\"},{\"@type\":[\"Person\",\"Organization\"],\"@id\":\"https:\\\/\\\/www.inkultura-online.de\\\/politisch_unkorrekt\\\/#\\\/schema\\\/person\\\/5b30b80e385478896a1de221e1994d86\",\"name\":\"Orator\",\"image\":{\"@type\":\"ImageObject\",\"inLanguage\":\"de\",\"@id\":\"https:\\\/\\\/secure.gravatar.com\\\/avatar\\\/96e03166d31716e9c437060430eb7605c45a8ce6fb6dab483637ca6915dd0844?s=96&d=mm&r=g\",\"url\":\"https:\\\/\\\/secure.gravatar.com\\\/avatar\\\/96e03166d31716e9c437060430eb7605c45a8ce6fb6dab483637ca6915dd0844?s=96&d=mm&r=g\",\"contentUrl\":\"https:\\\/\\\/secure.gravatar.com\\\/avatar\\\/96e03166d31716e9c437060430eb7605c45a8ce6fb6dab483637ca6915dd0844?s=96&d=mm&r=g\",\"caption\":\"Orator\"},\"logo\":{\"@id\":\"https:\\\/\\\/secure.gravatar.com\\\/avatar\\\/96e03166d31716e9c437060430eb7605c45a8ce6fb6dab483637ca6915dd0844?s=96&d=mm&r=g\"},\"url\":\"https:\\\/\\\/www.inkultura-online.de\\\/politisch_unkorrekt\\\/author\\\/1korrektor21-2\\\/\"}]}<\/script>\n<!-- \/ Yoast SEO plugin. -->","yoast_head_json":{"title":"Ein Brief an Mutti - Zeitgeist? Frei!","robots":{"index":"index","follow":"follow","max-snippet":"max-snippet:-1","max-image-preview":"max-image-preview:large","max-video-preview":"max-video-preview:-1"},"canonical":"https:\/\/www.inkultura-online.de\/politisch_unkorrekt\/ein-brief-an-mutti\/","og_locale":"de_DE","og_type":"article","og_title":"Ein Brief an Mutti - Zeitgeist? Frei!","og_description":"Die Mutter der Nation, die Gr\u00f6KaZ, die Gr\u00f6\u00dfte Kanzlerin aller Zeiten soll es wieder in Ordnung bringen. Was? Das Verh\u00e4ltnis zwischen denen, die noch nicht so lange hier leben und den anderen, den Autochthonen, die flei\u00dfig arbeiten und Steuern zahlen, &hellip; Weiterlesen &rarr;","og_url":"https:\/\/www.inkultura-online.de\/politisch_unkorrekt\/ein-brief-an-mutti\/","og_site_name":"Zeitgeist? Frei!","article_published_time":"2020-02-28T13:05:49+00:00","author":"Orator","twitter_misc":{"Verfasst von":"Orator","Gesch\u00e4tzte Lesezeit":"3\u00a0Minuten"},"schema":{"@context":"https:\/\/schema.org","@graph":[{"@type":"Article","@id":"https:\/\/www.inkultura-online.de\/politisch_unkorrekt\/ein-brief-an-mutti\/#article","isPartOf":{"@id":"https:\/\/www.inkultura-online.de\/politisch_unkorrekt\/ein-brief-an-mutti\/"},"author":{"name":"Orator","@id":"https:\/\/www.inkultura-online.de\/politisch_unkorrekt\/#\/schema\/person\/5b30b80e385478896a1de221e1994d86"},"headline":"Ein Brief an Mutti","datePublished":"2020-02-28T13:05:49+00:00","mainEntityOfPage":{"@id":"https:\/\/www.inkultura-online.de\/politisch_unkorrekt\/ein-brief-an-mutti\/"},"wordCount":578,"publisher":{"@id":"https:\/\/www.inkultura-online.de\/politisch_unkorrekt\/#\/schema\/person\/5b30b80e385478896a1de221e1994d86"},"keywords":["Autochthone","Fremde","Gesellschaft","Migration","Zuwanderung"],"articleSection":["Fundst\u00fccke","Gedanken zum Tag","Meinungen und Spr\u00fcche","Menschen untereinander","So sieht\u00b4s aus","Systemfehler"],"inLanguage":"de"},{"@type":"WebPage","@id":"https:\/\/www.inkultura-online.de\/politisch_unkorrekt\/ein-brief-an-mutti\/","url":"https:\/\/www.inkultura-online.de\/politisch_unkorrekt\/ein-brief-an-mutti\/","name":"Ein Brief an Mutti - Zeitgeist? Frei!","isPartOf":{"@id":"https:\/\/www.inkultura-online.de\/politisch_unkorrekt\/#website"},"datePublished":"2020-02-28T13:05:49+00:00","breadcrumb":{"@id":"https:\/\/www.inkultura-online.de\/politisch_unkorrekt\/ein-brief-an-mutti\/#breadcrumb"},"inLanguage":"de","potentialAction":[{"@type":"ReadAction","target":["https:\/\/www.inkultura-online.de\/politisch_unkorrekt\/ein-brief-an-mutti\/"]}]},{"@type":"BreadcrumbList","@id":"https:\/\/www.inkultura-online.de\/politisch_unkorrekt\/ein-brief-an-mutti\/#breadcrumb","itemListElement":[{"@type":"ListItem","position":1,"name":"Home","item":"https:\/\/www.inkultura-online.de\/politisch_unkorrekt\/"},{"@type":"ListItem","position":2,"name":"Ein Brief an Mutti"}]},{"@type":"WebSite","@id":"https:\/\/www.inkultura-online.de\/politisch_unkorrekt\/#website","url":"https:\/\/www.inkultura-online.de\/politisch_unkorrekt\/","name":"Zeitgeist? Frei!","description":"Was Ihr den Geist der Zeiten hei\u00dft...","publisher":{"@id":"https:\/\/www.inkultura-online.de\/politisch_unkorrekt\/#\/schema\/person\/5b30b80e385478896a1de221e1994d86"},"potentialAction":[{"@type":"SearchAction","target":{"@type":"EntryPoint","urlTemplate":"https:\/\/www.inkultura-online.de\/politisch_unkorrekt\/?s={search_term_string}"},"query-input":{"@type":"PropertyValueSpecification","valueRequired":true,"valueName":"search_term_string"}}],"inLanguage":"de"},{"@type":["Person","Organization"],"@id":"https:\/\/www.inkultura-online.de\/politisch_unkorrekt\/#\/schema\/person\/5b30b80e385478896a1de221e1994d86","name":"Orator","image":{"@type":"ImageObject","inLanguage":"de","@id":"https:\/\/secure.gravatar.com\/avatar\/96e03166d31716e9c437060430eb7605c45a8ce6fb6dab483637ca6915dd0844?s=96&d=mm&r=g","url":"https:\/\/secure.gravatar.com\/avatar\/96e03166d31716e9c437060430eb7605c45a8ce6fb6dab483637ca6915dd0844?s=96&d=mm&r=g","contentUrl":"https:\/\/secure.gravatar.com\/avatar\/96e03166d31716e9c437060430eb7605c45a8ce6fb6dab483637ca6915dd0844?s=96&d=mm&r=g","caption":"Orator"},"logo":{"@id":"https:\/\/secure.gravatar.com\/avatar\/96e03166d31716e9c437060430eb7605c45a8ce6fb6dab483637ca6915dd0844?s=96&d=mm&r=g"},"url":"https:\/\/www.inkultura-online.de\/politisch_unkorrekt\/author\/1korrektor21-2\/"}]}},"_links":{"self":[{"href":"https:\/\/www.inkultura-online.de\/politisch_unkorrekt\/wp-json\/wp\/v2\/posts\/2153","targetHints":{"allow":["GET"]}}],"collection":[{"href":"https:\/\/www.inkultura-online.de\/politisch_unkorrekt\/wp-json\/wp\/v2\/posts"}],"about":[{"href":"https:\/\/www.inkultura-online.de\/politisch_unkorrekt\/wp-json\/wp\/v2\/types\/post"}],"author":[{"embeddable":true,"href":"https:\/\/www.inkultura-online.de\/politisch_unkorrekt\/wp-json\/wp\/v2\/users\/1"}],"replies":[{"embeddable":true,"href":"https:\/\/www.inkultura-online.de\/politisch_unkorrekt\/wp-json\/wp\/v2\/comments?post=2153"}],"version-history":[{"count":1,"href":"https:\/\/www.inkultura-online.de\/politisch_unkorrekt\/wp-json\/wp\/v2\/posts\/2153\/revisions"}],"predecessor-version":[{"id":2154,"href":"https:\/\/www.inkultura-online.de\/politisch_unkorrekt\/wp-json\/wp\/v2\/posts\/2153\/revisions\/2154"}],"wp:attachment":[{"href":"https:\/\/www.inkultura-online.de\/politisch_unkorrekt\/wp-json\/wp\/v2\/media?parent=2153"}],"wp:term":[{"taxonomy":"category","embeddable":true,"href":"https:\/\/www.inkultura-online.de\/politisch_unkorrekt\/wp-json\/wp\/v2\/categories?post=2153"},{"taxonomy":"post_tag","embeddable":true,"href":"https:\/\/www.inkultura-online.de\/politisch_unkorrekt\/wp-json\/wp\/v2\/tags?post=2153"}],"curies":[{"name":"wp","href":"https:\/\/api.w.org\/{rel}","templated":true}]}}