{"id":2197,"date":"2020-03-18T12:03:52","date_gmt":"2020-03-18T10:03:52","guid":{"rendered":"http:\/\/www.inkultura-online.de\/politisch_unkorrekt\/?p=2197"},"modified":"2020-03-18T12:03:52","modified_gmt":"2020-03-18T10:03:52","slug":"jetzt-zeigt-sich-was-wirklich-wichtig-ist","status":"publish","type":"post","link":"https:\/\/www.inkultura-online.de\/politisch_unkorrekt\/jetzt-zeigt-sich-was-wirklich-wichtig-ist\/","title":{"rendered":"Jetzt zeigt sich, was wirklich wichtig ist"},"content":{"rendered":"<p>Etwas Gutes, das kann der aufmerksame Beobachter des politischen Zeitgeists bereits jetzt sagen, hat die Corona-Epidemie. Klima-Greta h\u00e4lt ihre unreife Schnauze, die Generation Schneeflocke verstopft freitags nicht mehr Stra\u00dfen und Pl\u00e4tze, sondern hilft den lieben, oft auch klimabewegten, immer jedoch aus dem gutb\u00fcrgerlichen Milieu stammenden Eltern beim Hamstern von Toilettenpapier und T\u00fctensuppen.<!--more--><\/p>\n<p>Radwege werden derzeit nicht mehr gr\u00fcn gestrichen, die Einrichtung von Unisex-Abtritten wird ausgesetzt, das dritte Geschlecht und andere akademische Phantasiegestalten werden, wie die von ihnen verspotteten Spie\u00dfb\u00fcrger beim Hamstern erwischt, die linksrotgr\u00fcne Toskana-Schickeria f\u00e4hrt derweil mit den batteriebetriebenen SUVs die Parkpl\u00e4tze der Discounter an und pr\u00fcgelt sich mit dem von ihr verachteten gemeinen Volk \u2013 von offizieller Seite gerne auch als Pack bezeichnet \u2013 um Konserven und billigen Rotwein aus Flaschen mit Schraubverschl\u00fcssen. Wenn die bereits ausverkauft sind, weil die Stra\u00dfentrinker der Nation fr\u00fcher aufgestanden sind, dann reicht auch der Wein in Kartonverpackung.<\/p>\n<p>Alte wei\u00dfe M\u00e4nner und Frauen \u2013 bestimmt auch Umwelts\u00e4ue \u2013 forschen derweil an Impfstoffen gegen COVID-19, Supermarktkassiererinnen, Polizisten und Polizistinnen, \u00c4rzte und \u00c4rztinnen, Pflegepersonal und andere, den Betrieb am Laufen haltende Menschen schieben \u00dcberstunden und Lastkraftwagen (mit Diesel betrieben) fahren Tag und Nacht, um auch die Klimaidioten mit Lebensmitteln zu versorgen. Derweil arbeiten die Kliniken unseres Landes, deren Zahl, wie die halbamtliche Bertelsmann-Stiftung 2019 feststellte, um die H\u00e4lfte reduziert werden m\u00fcsste, an ihren Leistungsgrenzen.<\/p>\n<p>Im Gegensatz dazu haben unproduktive Gestalten wie Rassismusforscher, Genderbewegte, Multikulturalisten, Freunde der Fremden, Aus- und Abgrenzungsexperten, Volksaustauscher, gr\u00fcne Schwafler und andere Gesellschaftsingenieure jetzt endlich Sendepause. Es gibt also nicht nur Schlechtes zu berichten.<\/p>\n","protected":false},"excerpt":{"rendered":"<p>Etwas Gutes, das kann der aufmerksame Beobachter des politischen Zeitgeists bereits jetzt sagen, hat die Corona-Epidemie. Klima-Greta h\u00e4lt ihre unreife Schnauze, die Generation Schneeflocke verstopft freitags nicht mehr Stra\u00dfen und Pl\u00e4tze, sondern hilft den lieben, oft auch klimabewegten, immer jedoch &hellip; <a href=\"https:\/\/www.inkultura-online.de\/politisch_unkorrekt\/jetzt-zeigt-sich-was-wirklich-wichtig-ist\/\">Weiterlesen <span class=\"meta-nav\">&rarr;<\/span><\/a><\/p>\n","protected":false},"author":1,"featured_media":0,"comment_status":"closed","ping_status":"closed","sticky":false,"template":"","format":"standard","meta":{"footnotes":""},"categories":[444],"tags":[1361,1387,1386],"class_list":["post-2197","post","type-post","status-publish","format-standard","hentry","category-gedanken-zum-tag","tag-corona","tag-engagierte","tag-parasiten"],"yoast_head":"<!-- This site is optimized with the Yoast SEO plugin v27.5 - https:\/\/yoast.com\/product\/yoast-seo-wordpress\/ -->\n<title>Jetzt zeigt sich, was wirklich wichtig ist - Zeitgeist? Frei!<\/title>\n<meta name=\"robots\" content=\"index, follow, max-snippet:-1, max-image-preview:large, max-video-preview:-1\" \/>\n<link rel=\"canonical\" href=\"https:\/\/www.inkultura-online.de\/politisch_unkorrekt\/jetzt-zeigt-sich-was-wirklich-wichtig-ist\/\" \/>\n<meta property=\"og:locale\" content=\"de_DE\" \/>\n<meta property=\"og:type\" content=\"article\" \/>\n<meta property=\"og:title\" content=\"Jetzt zeigt sich, was wirklich wichtig ist - Zeitgeist? Frei!\" \/>\n<meta property=\"og:description\" content=\"Etwas Gutes, das kann der aufmerksame Beobachter des politischen Zeitgeists bereits jetzt sagen, hat die Corona-Epidemie. Klima-Greta h\u00e4lt ihre unreife Schnauze, die Generation Schneeflocke verstopft freitags nicht mehr Stra\u00dfen und Pl\u00e4tze, sondern hilft den lieben, oft auch klimabewegten, immer jedoch &hellip; Weiterlesen &rarr;\" \/>\n<meta property=\"og:url\" content=\"https:\/\/www.inkultura-online.de\/politisch_unkorrekt\/jetzt-zeigt-sich-was-wirklich-wichtig-ist\/\" \/>\n<meta property=\"og:site_name\" content=\"Zeitgeist? Frei!\" \/>\n<meta property=\"article:published_time\" content=\"2020-03-18T10:03:52+00:00\" \/>\n<meta name=\"author\" content=\"Orator\" \/>\n<meta name=\"twitter:label1\" content=\"Verfasst von\" \/>\n\t<meta name=\"twitter:data1\" content=\"Orator\" \/>\n\t<meta name=\"twitter:label2\" content=\"Gesch\u00e4tzte Lesezeit\" \/>\n\t<meta name=\"twitter:data2\" content=\"1\u00a0Minute\" \/>\n<script type=\"application\/ld+json\" class=\"yoast-schema-graph\">{\"@context\":\"https:\\\/\\\/schema.org\",\"@graph\":[{\"@type\":\"Article\",\"@id\":\"https:\\\/\\\/www.inkultura-online.de\\\/politisch_unkorrekt\\\/jetzt-zeigt-sich-was-wirklich-wichtig-ist\\\/#article\",\"isPartOf\":{\"@id\":\"https:\\\/\\\/www.inkultura-online.de\\\/politisch_unkorrekt\\\/jetzt-zeigt-sich-was-wirklich-wichtig-ist\\\/\"},\"author\":{\"name\":\"Orator\",\"@id\":\"https:\\\/\\\/www.inkultura-online.de\\\/politisch_unkorrekt\\\/#\\\/schema\\\/person\\\/5b30b80e385478896a1de221e1994d86\"},\"headline\":\"Jetzt zeigt sich, was wirklich wichtig ist\",\"datePublished\":\"2020-03-18T10:03:52+00:00\",\"mainEntityOfPage\":{\"@id\":\"https:\\\/\\\/www.inkultura-online.de\\\/politisch_unkorrekt\\\/jetzt-zeigt-sich-was-wirklich-wichtig-ist\\\/\"},\"wordCount\":275,\"publisher\":{\"@id\":\"https:\\\/\\\/www.inkultura-online.de\\\/politisch_unkorrekt\\\/#\\\/schema\\\/person\\\/5b30b80e385478896a1de221e1994d86\"},\"keywords\":[\"Corona\",\"Engagierte\",\"Parasiten\"],\"articleSection\":[\"Gedanken zum Tag\"],\"inLanguage\":\"de\"},{\"@type\":\"WebPage\",\"@id\":\"https:\\\/\\\/www.inkultura-online.de\\\/politisch_unkorrekt\\\/jetzt-zeigt-sich-was-wirklich-wichtig-ist\\\/\",\"url\":\"https:\\\/\\\/www.inkultura-online.de\\\/politisch_unkorrekt\\\/jetzt-zeigt-sich-was-wirklich-wichtig-ist\\\/\",\"name\":\"Jetzt zeigt sich, was wirklich wichtig ist - Zeitgeist? Frei!\",\"isPartOf\":{\"@id\":\"https:\\\/\\\/www.inkultura-online.de\\\/politisch_unkorrekt\\\/#website\"},\"datePublished\":\"2020-03-18T10:03:52+00:00\",\"breadcrumb\":{\"@id\":\"https:\\\/\\\/www.inkultura-online.de\\\/politisch_unkorrekt\\\/jetzt-zeigt-sich-was-wirklich-wichtig-ist\\\/#breadcrumb\"},\"inLanguage\":\"de\",\"potentialAction\":[{\"@type\":\"ReadAction\",\"target\":[\"https:\\\/\\\/www.inkultura-online.de\\\/politisch_unkorrekt\\\/jetzt-zeigt-sich-was-wirklich-wichtig-ist\\\/\"]}]},{\"@type\":\"BreadcrumbList\",\"@id\":\"https:\\\/\\\/www.inkultura-online.de\\\/politisch_unkorrekt\\\/jetzt-zeigt-sich-was-wirklich-wichtig-ist\\\/#breadcrumb\",\"itemListElement\":[{\"@type\":\"ListItem\",\"position\":1,\"name\":\"Home\",\"item\":\"https:\\\/\\\/www.inkultura-online.de\\\/politisch_unkorrekt\\\/\"},{\"@type\":\"ListItem\",\"position\":2,\"name\":\"Jetzt zeigt sich, was wirklich wichtig ist\"}]},{\"@type\":\"WebSite\",\"@id\":\"https:\\\/\\\/www.inkultura-online.de\\\/politisch_unkorrekt\\\/#website\",\"url\":\"https:\\\/\\\/www.inkultura-online.de\\\/politisch_unkorrekt\\\/\",\"name\":\"Zeitgeist? Frei!\",\"description\":\"Was Ihr den Geist der Zeiten hei\u00dft...\",\"publisher\":{\"@id\":\"https:\\\/\\\/www.inkultura-online.de\\\/politisch_unkorrekt\\\/#\\\/schema\\\/person\\\/5b30b80e385478896a1de221e1994d86\"},\"potentialAction\":[{\"@type\":\"SearchAction\",\"target\":{\"@type\":\"EntryPoint\",\"urlTemplate\":\"https:\\\/\\\/www.inkultura-online.de\\\/politisch_unkorrekt\\\/?s={search_term_string}\"},\"query-input\":{\"@type\":\"PropertyValueSpecification\",\"valueRequired\":true,\"valueName\":\"search_term_string\"}}],\"inLanguage\":\"de\"},{\"@type\":[\"Person\",\"Organization\"],\"@id\":\"https:\\\/\\\/www.inkultura-online.de\\\/politisch_unkorrekt\\\/#\\\/schema\\\/person\\\/5b30b80e385478896a1de221e1994d86\",\"name\":\"Orator\",\"image\":{\"@type\":\"ImageObject\",\"inLanguage\":\"de\",\"@id\":\"https:\\\/\\\/secure.gravatar.com\\\/avatar\\\/96e03166d31716e9c437060430eb7605c45a8ce6fb6dab483637ca6915dd0844?s=96&d=mm&r=g\",\"url\":\"https:\\\/\\\/secure.gravatar.com\\\/avatar\\\/96e03166d31716e9c437060430eb7605c45a8ce6fb6dab483637ca6915dd0844?s=96&d=mm&r=g\",\"contentUrl\":\"https:\\\/\\\/secure.gravatar.com\\\/avatar\\\/96e03166d31716e9c437060430eb7605c45a8ce6fb6dab483637ca6915dd0844?s=96&d=mm&r=g\",\"caption\":\"Orator\"},\"logo\":{\"@id\":\"https:\\\/\\\/secure.gravatar.com\\\/avatar\\\/96e03166d31716e9c437060430eb7605c45a8ce6fb6dab483637ca6915dd0844?s=96&d=mm&r=g\"},\"url\":\"https:\\\/\\\/www.inkultura-online.de\\\/politisch_unkorrekt\\\/author\\\/1korrektor21-2\\\/\"}]}<\/script>\n<!-- \/ Yoast SEO plugin. -->","yoast_head_json":{"title":"Jetzt zeigt sich, was wirklich wichtig ist - Zeitgeist? Frei!","robots":{"index":"index","follow":"follow","max-snippet":"max-snippet:-1","max-image-preview":"max-image-preview:large","max-video-preview":"max-video-preview:-1"},"canonical":"https:\/\/www.inkultura-online.de\/politisch_unkorrekt\/jetzt-zeigt-sich-was-wirklich-wichtig-ist\/","og_locale":"de_DE","og_type":"article","og_title":"Jetzt zeigt sich, was wirklich wichtig ist - Zeitgeist? Frei!","og_description":"Etwas Gutes, das kann der aufmerksame Beobachter des politischen Zeitgeists bereits jetzt sagen, hat die Corona-Epidemie. Klima-Greta h\u00e4lt ihre unreife Schnauze, die Generation Schneeflocke verstopft freitags nicht mehr Stra\u00dfen und Pl\u00e4tze, sondern hilft den lieben, oft auch klimabewegten, immer jedoch &hellip; Weiterlesen &rarr;","og_url":"https:\/\/www.inkultura-online.de\/politisch_unkorrekt\/jetzt-zeigt-sich-was-wirklich-wichtig-ist\/","og_site_name":"Zeitgeist? Frei!","article_published_time":"2020-03-18T10:03:52+00:00","author":"Orator","twitter_misc":{"Verfasst von":"Orator","Gesch\u00e4tzte Lesezeit":"1\u00a0Minute"},"schema":{"@context":"https:\/\/schema.org","@graph":[{"@type":"Article","@id":"https:\/\/www.inkultura-online.de\/politisch_unkorrekt\/jetzt-zeigt-sich-was-wirklich-wichtig-ist\/#article","isPartOf":{"@id":"https:\/\/www.inkultura-online.de\/politisch_unkorrekt\/jetzt-zeigt-sich-was-wirklich-wichtig-ist\/"},"author":{"name":"Orator","@id":"https:\/\/www.inkultura-online.de\/politisch_unkorrekt\/#\/schema\/person\/5b30b80e385478896a1de221e1994d86"},"headline":"Jetzt zeigt sich, was wirklich wichtig ist","datePublished":"2020-03-18T10:03:52+00:00","mainEntityOfPage":{"@id":"https:\/\/www.inkultura-online.de\/politisch_unkorrekt\/jetzt-zeigt-sich-was-wirklich-wichtig-ist\/"},"wordCount":275,"publisher":{"@id":"https:\/\/www.inkultura-online.de\/politisch_unkorrekt\/#\/schema\/person\/5b30b80e385478896a1de221e1994d86"},"keywords":["Corona","Engagierte","Parasiten"],"articleSection":["Gedanken zum Tag"],"inLanguage":"de"},{"@type":"WebPage","@id":"https:\/\/www.inkultura-online.de\/politisch_unkorrekt\/jetzt-zeigt-sich-was-wirklich-wichtig-ist\/","url":"https:\/\/www.inkultura-online.de\/politisch_unkorrekt\/jetzt-zeigt-sich-was-wirklich-wichtig-ist\/","name":"Jetzt zeigt sich, was wirklich wichtig ist - Zeitgeist? Frei!","isPartOf":{"@id":"https:\/\/www.inkultura-online.de\/politisch_unkorrekt\/#website"},"datePublished":"2020-03-18T10:03:52+00:00","breadcrumb":{"@id":"https:\/\/www.inkultura-online.de\/politisch_unkorrekt\/jetzt-zeigt-sich-was-wirklich-wichtig-ist\/#breadcrumb"},"inLanguage":"de","potentialAction":[{"@type":"ReadAction","target":["https:\/\/www.inkultura-online.de\/politisch_unkorrekt\/jetzt-zeigt-sich-was-wirklich-wichtig-ist\/"]}]},{"@type":"BreadcrumbList","@id":"https:\/\/www.inkultura-online.de\/politisch_unkorrekt\/jetzt-zeigt-sich-was-wirklich-wichtig-ist\/#breadcrumb","itemListElement":[{"@type":"ListItem","position":1,"name":"Home","item":"https:\/\/www.inkultura-online.de\/politisch_unkorrekt\/"},{"@type":"ListItem","position":2,"name":"Jetzt zeigt sich, was wirklich wichtig ist"}]},{"@type":"WebSite","@id":"https:\/\/www.inkultura-online.de\/politisch_unkorrekt\/#website","url":"https:\/\/www.inkultura-online.de\/politisch_unkorrekt\/","name":"Zeitgeist? Frei!","description":"Was Ihr den Geist der Zeiten hei\u00dft...","publisher":{"@id":"https:\/\/www.inkultura-online.de\/politisch_unkorrekt\/#\/schema\/person\/5b30b80e385478896a1de221e1994d86"},"potentialAction":[{"@type":"SearchAction","target":{"@type":"EntryPoint","urlTemplate":"https:\/\/www.inkultura-online.de\/politisch_unkorrekt\/?s={search_term_string}"},"query-input":{"@type":"PropertyValueSpecification","valueRequired":true,"valueName":"search_term_string"}}],"inLanguage":"de"},{"@type":["Person","Organization"],"@id":"https:\/\/www.inkultura-online.de\/politisch_unkorrekt\/#\/schema\/person\/5b30b80e385478896a1de221e1994d86","name":"Orator","image":{"@type":"ImageObject","inLanguage":"de","@id":"https:\/\/secure.gravatar.com\/avatar\/96e03166d31716e9c437060430eb7605c45a8ce6fb6dab483637ca6915dd0844?s=96&d=mm&r=g","url":"https:\/\/secure.gravatar.com\/avatar\/96e03166d31716e9c437060430eb7605c45a8ce6fb6dab483637ca6915dd0844?s=96&d=mm&r=g","contentUrl":"https:\/\/secure.gravatar.com\/avatar\/96e03166d31716e9c437060430eb7605c45a8ce6fb6dab483637ca6915dd0844?s=96&d=mm&r=g","caption":"Orator"},"logo":{"@id":"https:\/\/secure.gravatar.com\/avatar\/96e03166d31716e9c437060430eb7605c45a8ce6fb6dab483637ca6915dd0844?s=96&d=mm&r=g"},"url":"https:\/\/www.inkultura-online.de\/politisch_unkorrekt\/author\/1korrektor21-2\/"}]}},"_links":{"self":[{"href":"https:\/\/www.inkultura-online.de\/politisch_unkorrekt\/wp-json\/wp\/v2\/posts\/2197","targetHints":{"allow":["GET"]}}],"collection":[{"href":"https:\/\/www.inkultura-online.de\/politisch_unkorrekt\/wp-json\/wp\/v2\/posts"}],"about":[{"href":"https:\/\/www.inkultura-online.de\/politisch_unkorrekt\/wp-json\/wp\/v2\/types\/post"}],"author":[{"embeddable":true,"href":"https:\/\/www.inkultura-online.de\/politisch_unkorrekt\/wp-json\/wp\/v2\/users\/1"}],"replies":[{"embeddable":true,"href":"https:\/\/www.inkultura-online.de\/politisch_unkorrekt\/wp-json\/wp\/v2\/comments?post=2197"}],"version-history":[{"count":1,"href":"https:\/\/www.inkultura-online.de\/politisch_unkorrekt\/wp-json\/wp\/v2\/posts\/2197\/revisions"}],"predecessor-version":[{"id":2198,"href":"https:\/\/www.inkultura-online.de\/politisch_unkorrekt\/wp-json\/wp\/v2\/posts\/2197\/revisions\/2198"}],"wp:attachment":[{"href":"https:\/\/www.inkultura-online.de\/politisch_unkorrekt\/wp-json\/wp\/v2\/media?parent=2197"}],"wp:term":[{"taxonomy":"category","embeddable":true,"href":"https:\/\/www.inkultura-online.de\/politisch_unkorrekt\/wp-json\/wp\/v2\/categories?post=2197"},{"taxonomy":"post_tag","embeddable":true,"href":"https:\/\/www.inkultura-online.de\/politisch_unkorrekt\/wp-json\/wp\/v2\/tags?post=2197"}],"curies":[{"name":"wp","href":"https:\/\/api.w.org\/{rel}","templated":true}]}}