{"id":2199,"date":"2020-03-18T15:42:12","date_gmt":"2020-03-18T13:42:12","guid":{"rendered":"http:\/\/www.inkultura-online.de\/politisch_unkorrekt\/?p=2199"},"modified":"2020-03-18T15:44:14","modified_gmt":"2020-03-18T13:44:14","slug":"die-mediokratie-sorgt-gut-fuer-ihre-leute","status":"publish","type":"post","link":"https:\/\/www.inkultura-online.de\/politisch_unkorrekt\/die-mediokratie-sorgt-gut-fuer-ihre-leute\/","title":{"rendered":"Die Mediokratie sorgt gut f\u00fcr ihre Leute"},"content":{"rendered":"<p>Jetzt zahlt es sich f\u00fcr die Maul- und Zeilenhuren endlich aus, jahrelang in das Horn des politischen Mainstreams geblasen zu haben. Um deren Versorgung \u2013 und die ihrer Kinder \u2013 in Zeiten der Krise sicherzustellen, erkl\u00e4rt NRW <a href=\"https:\/\/www.pr-journal.de\/nachrichten\/medien\/24701-corona-nrw-nimmt-journalisten-in-liste-systemrelevanter-berufe-auf.html\" target=\"_blank\" rel=\"noopener noreferrer\">Journalisten zu systemrelevanten Personen<\/a>, die derzeit \u201eam Limit arbeiten\u201c und deshalb zumindest oder treffenden ausgedr\u00fcckt, vorerst (nur) deren Kinderbetreuung gesichert werden muss.<!--more--><\/p>\n<p>Das polit-mediale Kartell l\u00e4sst seine Hofberichterstatter der \u00d6ffentlich-Rechtlichen-Verdummung und die Edelfedern der \u201eQualit\u00e4tspresse\u201c doch nicht im Regen stehen und das Argument der dringend ben\u00f6tigten Kinderbetreuung f\u00fcr eine Berufsgruppe, die sich \u00fcberwiegend in Selbstreferenzialit\u00e4t, gegenseitigem Abschreiben und der Verk\u00fcndung politischer Anweisungen \u00fcbt \u2013 was auch vom Homeoffice aus geschehen k\u00f6nnte \u2013, ist, jede Wette, in Wirklichkeit nur der Beginn einer Reihe von \u00dcberlebenshilfen f\u00fcr die Claque der Macht.<\/p>\n<p>Der aufmerksame Beobachter des politischen Zeitgeists \u00fcberlegt schon mal vorausschauenderweise, welche Wohltaten der \u201eKinderbetreuung\u201c folgen k\u00f6nnten: Bevorzugte medizinische Behandlung? Privilegierte Versorgung mit Lebensmitteln? Evakuierung kurz vor dem Zusammenbruch der deutschen Gesellschaft? M\u00f6glich ist alles, denn alles dient doch irgendwie auch der \u201eKinderbetreuung\u201c. Nicht wahr?<\/p>\n","protected":false},"excerpt":{"rendered":"<p>Jetzt zahlt es sich f\u00fcr die Maul- und Zeilenhuren endlich aus, jahrelang in das Horn des politischen Mainstreams geblasen zu haben. Um deren Versorgung \u2013 und die ihrer Kinder \u2013 in Zeiten der Krise sicherzustellen, erkl\u00e4rt NRW Journalisten zu systemrelevanten &hellip; <a href=\"https:\/\/www.inkultura-online.de\/politisch_unkorrekt\/die-mediokratie-sorgt-gut-fuer-ihre-leute\/\">Weiterlesen <span class=\"meta-nav\">&rarr;<\/span><\/a><\/p>\n","protected":false},"author":1,"featured_media":0,"comment_status":"closed","ping_status":"closed","sticky":false,"template":"","format":"standard","meta":{"footnotes":""},"categories":[2,378,3,1,444,6,10],"tags":[1361,391,1389,1390,1388,925,846],"class_list":["post-2199","post","type-post","status-publish","format-standard","hentry","category-antipathie","category-denunzianten","category-die-duemmsten-sprueche-der-woche","category-fundstuecke","category-gedanken-zum-tag","category-menschen-untereinander","category-systemfehler","tag-corona","tag-hofberichterstattung","tag-krise","tag-maulhuren","tag-mediokratie","tag-polit-medialer-komplex","tag-zeilenhuren"],"yoast_head":"<!-- This site is optimized with the Yoast SEO plugin v27.5 - https:\/\/yoast.com\/product\/yoast-seo-wordpress\/ -->\n<title>Die Mediokratie sorgt gut f\u00fcr ihre Leute - Zeitgeist? Frei!<\/title>\n<meta name=\"robots\" content=\"index, follow, max-snippet:-1, max-image-preview:large, max-video-preview:-1\" \/>\n<link rel=\"canonical\" href=\"https:\/\/www.inkultura-online.de\/politisch_unkorrekt\/die-mediokratie-sorgt-gut-fuer-ihre-leute\/\" \/>\n<meta property=\"og:locale\" content=\"de_DE\" \/>\n<meta property=\"og:type\" content=\"article\" \/>\n<meta property=\"og:title\" content=\"Die Mediokratie sorgt gut f\u00fcr ihre Leute - Zeitgeist? Frei!\" \/>\n<meta property=\"og:description\" content=\"Jetzt zahlt es sich f\u00fcr die Maul- und Zeilenhuren endlich aus, jahrelang in das Horn des politischen Mainstreams geblasen zu haben. Um deren Versorgung \u2013 und die ihrer Kinder \u2013 in Zeiten der Krise sicherzustellen, erkl\u00e4rt NRW Journalisten zu systemrelevanten &hellip; Weiterlesen &rarr;\" \/>\n<meta property=\"og:url\" content=\"https:\/\/www.inkultura-online.de\/politisch_unkorrekt\/die-mediokratie-sorgt-gut-fuer-ihre-leute\/\" \/>\n<meta property=\"og:site_name\" content=\"Zeitgeist? Frei!\" \/>\n<meta property=\"article:published_time\" content=\"2020-03-18T13:42:12+00:00\" \/>\n<meta property=\"article:modified_time\" content=\"2020-03-18T13:44:14+00:00\" \/>\n<meta name=\"author\" content=\"Orator\" \/>\n<meta name=\"twitter:label1\" content=\"Verfasst von\" \/>\n\t<meta name=\"twitter:data1\" content=\"Orator\" \/>\n\t<meta name=\"twitter:label2\" content=\"Gesch\u00e4tzte Lesezeit\" \/>\n\t<meta name=\"twitter:data2\" content=\"1\u00a0Minute\" \/>\n<script type=\"application\/ld+json\" class=\"yoast-schema-graph\">{\"@context\":\"https:\\\/\\\/schema.org\",\"@graph\":[{\"@type\":\"Article\",\"@id\":\"https:\\\/\\\/www.inkultura-online.de\\\/politisch_unkorrekt\\\/die-mediokratie-sorgt-gut-fuer-ihre-leute\\\/#article\",\"isPartOf\":{\"@id\":\"https:\\\/\\\/www.inkultura-online.de\\\/politisch_unkorrekt\\\/die-mediokratie-sorgt-gut-fuer-ihre-leute\\\/\"},\"author\":{\"name\":\"Orator\",\"@id\":\"https:\\\/\\\/www.inkultura-online.de\\\/politisch_unkorrekt\\\/#\\\/schema\\\/person\\\/5b30b80e385478896a1de221e1994d86\"},\"headline\":\"Die Mediokratie sorgt gut f\u00fcr ihre Leute\",\"datePublished\":\"2020-03-18T13:42:12+00:00\",\"dateModified\":\"2020-03-18T13:44:14+00:00\",\"mainEntityOfPage\":{\"@id\":\"https:\\\/\\\/www.inkultura-online.de\\\/politisch_unkorrekt\\\/die-mediokratie-sorgt-gut-fuer-ihre-leute\\\/\"},\"wordCount\":187,\"publisher\":{\"@id\":\"https:\\\/\\\/www.inkultura-online.de\\\/politisch_unkorrekt\\\/#\\\/schema\\\/person\\\/5b30b80e385478896a1de221e1994d86\"},\"keywords\":[\"Corona\",\"Hofberichterstattung\",\"Krise\",\"Maulhuren\",\"Mediokratie\",\"polit-medialer Komplex\",\"Zeilenhuren\"],\"articleSection\":[\"Antipathie\",\"Denunzianten und Volksverr\u00e4ter\",\"Die d\u00fcmmsten Spr\u00fcche der Woche\",\"Fundst\u00fccke\",\"Gedanken zum Tag\",\"Menschen untereinander\",\"Systemfehler\"],\"inLanguage\":\"de\"},{\"@type\":\"WebPage\",\"@id\":\"https:\\\/\\\/www.inkultura-online.de\\\/politisch_unkorrekt\\\/die-mediokratie-sorgt-gut-fuer-ihre-leute\\\/\",\"url\":\"https:\\\/\\\/www.inkultura-online.de\\\/politisch_unkorrekt\\\/die-mediokratie-sorgt-gut-fuer-ihre-leute\\\/\",\"name\":\"Die Mediokratie sorgt gut f\u00fcr ihre Leute - Zeitgeist? Frei!\",\"isPartOf\":{\"@id\":\"https:\\\/\\\/www.inkultura-online.de\\\/politisch_unkorrekt\\\/#website\"},\"datePublished\":\"2020-03-18T13:42:12+00:00\",\"dateModified\":\"2020-03-18T13:44:14+00:00\",\"breadcrumb\":{\"@id\":\"https:\\\/\\\/www.inkultura-online.de\\\/politisch_unkorrekt\\\/die-mediokratie-sorgt-gut-fuer-ihre-leute\\\/#breadcrumb\"},\"inLanguage\":\"de\",\"potentialAction\":[{\"@type\":\"ReadAction\",\"target\":[\"https:\\\/\\\/www.inkultura-online.de\\\/politisch_unkorrekt\\\/die-mediokratie-sorgt-gut-fuer-ihre-leute\\\/\"]}]},{\"@type\":\"BreadcrumbList\",\"@id\":\"https:\\\/\\\/www.inkultura-online.de\\\/politisch_unkorrekt\\\/die-mediokratie-sorgt-gut-fuer-ihre-leute\\\/#breadcrumb\",\"itemListElement\":[{\"@type\":\"ListItem\",\"position\":1,\"name\":\"Home\",\"item\":\"https:\\\/\\\/www.inkultura-online.de\\\/politisch_unkorrekt\\\/\"},{\"@type\":\"ListItem\",\"position\":2,\"name\":\"Die Mediokratie sorgt gut f\u00fcr ihre Leute\"}]},{\"@type\":\"WebSite\",\"@id\":\"https:\\\/\\\/www.inkultura-online.de\\\/politisch_unkorrekt\\\/#website\",\"url\":\"https:\\\/\\\/www.inkultura-online.de\\\/politisch_unkorrekt\\\/\",\"name\":\"Zeitgeist? Frei!\",\"description\":\"Was Ihr den Geist der Zeiten hei\u00dft...\",\"publisher\":{\"@id\":\"https:\\\/\\\/www.inkultura-online.de\\\/politisch_unkorrekt\\\/#\\\/schema\\\/person\\\/5b30b80e385478896a1de221e1994d86\"},\"potentialAction\":[{\"@type\":\"SearchAction\",\"target\":{\"@type\":\"EntryPoint\",\"urlTemplate\":\"https:\\\/\\\/www.inkultura-online.de\\\/politisch_unkorrekt\\\/?s={search_term_string}\"},\"query-input\":{\"@type\":\"PropertyValueSpecification\",\"valueRequired\":true,\"valueName\":\"search_term_string\"}}],\"inLanguage\":\"de\"},{\"@type\":[\"Person\",\"Organization\"],\"@id\":\"https:\\\/\\\/www.inkultura-online.de\\\/politisch_unkorrekt\\\/#\\\/schema\\\/person\\\/5b30b80e385478896a1de221e1994d86\",\"name\":\"Orator\",\"image\":{\"@type\":\"ImageObject\",\"inLanguage\":\"de\",\"@id\":\"https:\\\/\\\/secure.gravatar.com\\\/avatar\\\/96e03166d31716e9c437060430eb7605c45a8ce6fb6dab483637ca6915dd0844?s=96&d=mm&r=g\",\"url\":\"https:\\\/\\\/secure.gravatar.com\\\/avatar\\\/96e03166d31716e9c437060430eb7605c45a8ce6fb6dab483637ca6915dd0844?s=96&d=mm&r=g\",\"contentUrl\":\"https:\\\/\\\/secure.gravatar.com\\\/avatar\\\/96e03166d31716e9c437060430eb7605c45a8ce6fb6dab483637ca6915dd0844?s=96&d=mm&r=g\",\"caption\":\"Orator\"},\"logo\":{\"@id\":\"https:\\\/\\\/secure.gravatar.com\\\/avatar\\\/96e03166d31716e9c437060430eb7605c45a8ce6fb6dab483637ca6915dd0844?s=96&d=mm&r=g\"},\"url\":\"https:\\\/\\\/www.inkultura-online.de\\\/politisch_unkorrekt\\\/author\\\/1korrektor21-2\\\/\"}]}<\/script>\n<!-- \/ Yoast SEO plugin. -->","yoast_head_json":{"title":"Die Mediokratie sorgt gut f\u00fcr ihre Leute - Zeitgeist? Frei!","robots":{"index":"index","follow":"follow","max-snippet":"max-snippet:-1","max-image-preview":"max-image-preview:large","max-video-preview":"max-video-preview:-1"},"canonical":"https:\/\/www.inkultura-online.de\/politisch_unkorrekt\/die-mediokratie-sorgt-gut-fuer-ihre-leute\/","og_locale":"de_DE","og_type":"article","og_title":"Die Mediokratie sorgt gut f\u00fcr ihre Leute - Zeitgeist? Frei!","og_description":"Jetzt zahlt es sich f\u00fcr die Maul- und Zeilenhuren endlich aus, jahrelang in das Horn des politischen Mainstreams geblasen zu haben. Um deren Versorgung \u2013 und die ihrer Kinder \u2013 in Zeiten der Krise sicherzustellen, erkl\u00e4rt NRW Journalisten zu systemrelevanten &hellip; Weiterlesen &rarr;","og_url":"https:\/\/www.inkultura-online.de\/politisch_unkorrekt\/die-mediokratie-sorgt-gut-fuer-ihre-leute\/","og_site_name":"Zeitgeist? Frei!","article_published_time":"2020-03-18T13:42:12+00:00","article_modified_time":"2020-03-18T13:44:14+00:00","author":"Orator","twitter_misc":{"Verfasst von":"Orator","Gesch\u00e4tzte Lesezeit":"1\u00a0Minute"},"schema":{"@context":"https:\/\/schema.org","@graph":[{"@type":"Article","@id":"https:\/\/www.inkultura-online.de\/politisch_unkorrekt\/die-mediokratie-sorgt-gut-fuer-ihre-leute\/#article","isPartOf":{"@id":"https:\/\/www.inkultura-online.de\/politisch_unkorrekt\/die-mediokratie-sorgt-gut-fuer-ihre-leute\/"},"author":{"name":"Orator","@id":"https:\/\/www.inkultura-online.de\/politisch_unkorrekt\/#\/schema\/person\/5b30b80e385478896a1de221e1994d86"},"headline":"Die Mediokratie sorgt gut f\u00fcr ihre Leute","datePublished":"2020-03-18T13:42:12+00:00","dateModified":"2020-03-18T13:44:14+00:00","mainEntityOfPage":{"@id":"https:\/\/www.inkultura-online.de\/politisch_unkorrekt\/die-mediokratie-sorgt-gut-fuer-ihre-leute\/"},"wordCount":187,"publisher":{"@id":"https:\/\/www.inkultura-online.de\/politisch_unkorrekt\/#\/schema\/person\/5b30b80e385478896a1de221e1994d86"},"keywords":["Corona","Hofberichterstattung","Krise","Maulhuren","Mediokratie","polit-medialer Komplex","Zeilenhuren"],"articleSection":["Antipathie","Denunzianten und Volksverr\u00e4ter","Die d\u00fcmmsten Spr\u00fcche der Woche","Fundst\u00fccke","Gedanken zum Tag","Menschen untereinander","Systemfehler"],"inLanguage":"de"},{"@type":"WebPage","@id":"https:\/\/www.inkultura-online.de\/politisch_unkorrekt\/die-mediokratie-sorgt-gut-fuer-ihre-leute\/","url":"https:\/\/www.inkultura-online.de\/politisch_unkorrekt\/die-mediokratie-sorgt-gut-fuer-ihre-leute\/","name":"Die Mediokratie sorgt gut f\u00fcr ihre Leute - Zeitgeist? Frei!","isPartOf":{"@id":"https:\/\/www.inkultura-online.de\/politisch_unkorrekt\/#website"},"datePublished":"2020-03-18T13:42:12+00:00","dateModified":"2020-03-18T13:44:14+00:00","breadcrumb":{"@id":"https:\/\/www.inkultura-online.de\/politisch_unkorrekt\/die-mediokratie-sorgt-gut-fuer-ihre-leute\/#breadcrumb"},"inLanguage":"de","potentialAction":[{"@type":"ReadAction","target":["https:\/\/www.inkultura-online.de\/politisch_unkorrekt\/die-mediokratie-sorgt-gut-fuer-ihre-leute\/"]}]},{"@type":"BreadcrumbList","@id":"https:\/\/www.inkultura-online.de\/politisch_unkorrekt\/die-mediokratie-sorgt-gut-fuer-ihre-leute\/#breadcrumb","itemListElement":[{"@type":"ListItem","position":1,"name":"Home","item":"https:\/\/www.inkultura-online.de\/politisch_unkorrekt\/"},{"@type":"ListItem","position":2,"name":"Die Mediokratie sorgt gut f\u00fcr ihre Leute"}]},{"@type":"WebSite","@id":"https:\/\/www.inkultura-online.de\/politisch_unkorrekt\/#website","url":"https:\/\/www.inkultura-online.de\/politisch_unkorrekt\/","name":"Zeitgeist? Frei!","description":"Was Ihr den Geist der Zeiten hei\u00dft...","publisher":{"@id":"https:\/\/www.inkultura-online.de\/politisch_unkorrekt\/#\/schema\/person\/5b30b80e385478896a1de221e1994d86"},"potentialAction":[{"@type":"SearchAction","target":{"@type":"EntryPoint","urlTemplate":"https:\/\/www.inkultura-online.de\/politisch_unkorrekt\/?s={search_term_string}"},"query-input":{"@type":"PropertyValueSpecification","valueRequired":true,"valueName":"search_term_string"}}],"inLanguage":"de"},{"@type":["Person","Organization"],"@id":"https:\/\/www.inkultura-online.de\/politisch_unkorrekt\/#\/schema\/person\/5b30b80e385478896a1de221e1994d86","name":"Orator","image":{"@type":"ImageObject","inLanguage":"de","@id":"https:\/\/secure.gravatar.com\/avatar\/96e03166d31716e9c437060430eb7605c45a8ce6fb6dab483637ca6915dd0844?s=96&d=mm&r=g","url":"https:\/\/secure.gravatar.com\/avatar\/96e03166d31716e9c437060430eb7605c45a8ce6fb6dab483637ca6915dd0844?s=96&d=mm&r=g","contentUrl":"https:\/\/secure.gravatar.com\/avatar\/96e03166d31716e9c437060430eb7605c45a8ce6fb6dab483637ca6915dd0844?s=96&d=mm&r=g","caption":"Orator"},"logo":{"@id":"https:\/\/secure.gravatar.com\/avatar\/96e03166d31716e9c437060430eb7605c45a8ce6fb6dab483637ca6915dd0844?s=96&d=mm&r=g"},"url":"https:\/\/www.inkultura-online.de\/politisch_unkorrekt\/author\/1korrektor21-2\/"}]}},"_links":{"self":[{"href":"https:\/\/www.inkultura-online.de\/politisch_unkorrekt\/wp-json\/wp\/v2\/posts\/2199","targetHints":{"allow":["GET"]}}],"collection":[{"href":"https:\/\/www.inkultura-online.de\/politisch_unkorrekt\/wp-json\/wp\/v2\/posts"}],"about":[{"href":"https:\/\/www.inkultura-online.de\/politisch_unkorrekt\/wp-json\/wp\/v2\/types\/post"}],"author":[{"embeddable":true,"href":"https:\/\/www.inkultura-online.de\/politisch_unkorrekt\/wp-json\/wp\/v2\/users\/1"}],"replies":[{"embeddable":true,"href":"https:\/\/www.inkultura-online.de\/politisch_unkorrekt\/wp-json\/wp\/v2\/comments?post=2199"}],"version-history":[{"count":3,"href":"https:\/\/www.inkultura-online.de\/politisch_unkorrekt\/wp-json\/wp\/v2\/posts\/2199\/revisions"}],"predecessor-version":[{"id":2202,"href":"https:\/\/www.inkultura-online.de\/politisch_unkorrekt\/wp-json\/wp\/v2\/posts\/2199\/revisions\/2202"}],"wp:attachment":[{"href":"https:\/\/www.inkultura-online.de\/politisch_unkorrekt\/wp-json\/wp\/v2\/media?parent=2199"}],"wp:term":[{"taxonomy":"category","embeddable":true,"href":"https:\/\/www.inkultura-online.de\/politisch_unkorrekt\/wp-json\/wp\/v2\/categories?post=2199"},{"taxonomy":"post_tag","embeddable":true,"href":"https:\/\/www.inkultura-online.de\/politisch_unkorrekt\/wp-json\/wp\/v2\/tags?post=2199"}],"curies":[{"name":"wp","href":"https:\/\/api.w.org\/{rel}","templated":true}]}}