{"id":2212,"date":"2020-03-25T12:31:31","date_gmt":"2020-03-25T10:31:31","guid":{"rendered":"http:\/\/www.inkultura-online.de\/politisch_unkorrekt\/?p=2212"},"modified":"2020-03-25T12:31:31","modified_gmt":"2020-03-25T10:31:31","slug":"liebe-macht-blind","status":"publish","type":"post","link":"https:\/\/www.inkultura-online.de\/politisch_unkorrekt\/liebe-macht-blind\/","title":{"rendered":"Liebe macht blind"},"content":{"rendered":"<p>Intensive Gef\u00fchle tr\u00fcben bekanntlich die F\u00e4higkeit zu rationalem Denken. Das konnte der aufmerksame Beobachter des politischen Zeitgeists unl\u00e4ngst an den Ergebenheitsadressen der \u201eQualit\u00e4tsjournalisten\u201c und den Huldigungen des polit-medialen Komplexes in Richtung unserer Majest\u00e4t, Angela die Gro\u00dfe, hinsichtlich ihrer \u201eMa\u00df und Mitte\u201c Rede an das gemeine Volk wieder einmal feststellen. Substanzlos, mit Floskeln gespickt und von nichts sagenden Sprachh\u00fclsen nur so triefend, so jedenfalls der Eindruck des Beobachters, war es haupts\u00e4chlich die Claque der Macht, die Vertreter der Hofberichterstattungspresse, welche lautstark die Ansprache der Gr\u00f6KaZ bejubelten.<!--more--><\/p>\n<p>Konnte sich ein noch seines kritischen Verstandes bedienender Zeitgenosse danach nur knapp dem Gef\u00fchl des &#8222;ich muss gleich Kotzen&#8220; erwehren, dann d\u00fcrfte nach dieser Eloge auf Gerhard Schr\u00f6der und Angela Merkel von <a href=\"https:\/\/www.tagesspiegel.de\/politik\/deutschland-in-der-coronakrise-warum-wir-schroeder-und-merkel-dankbar-sein-muessen\/25675874.html\" target=\"_blank\" rel=\"noopener noreferrer\">Malte Lehming<\/a> im Berliner Tagesspiegel sofortiges Erbrechen nicht mehr zu verhindern sein.<\/p>\n<p>Wir m\u00fcssen, so der Autor der Lobpreisung, Schr\u00f6der und Merkel dankbar sein, weil sie \u2013 Schr\u00f6der mit der Agenda 2010 und die Regierungen Merkel mit deren Sparprogrammen, genauer gesagt, mit deren Austerit\u00e4tsprogrammen \u2013 Deutschland international wieder wettbewerbsf\u00e4hig gemacht haben. Das mag vielleicht <em>\u201enach mehrheitlicher Auffassung der \u00d6konomen\u201c<\/em>, also mit Phantasie begabten Kaffeesatzlesern, der Fall sein, doch die Situation an der Basis, die gesellschaftliche Realit\u00e4t und die Wahrnehmung der Bev\u00f6lkerung sieht dann doch etwas anders aus.<\/p>\n<p>Verkehrswege, Stra\u00dfen, Br\u00fccken und ein gro\u00dfer Teil der Infrastruktur wurde kaputt gespart. Hinsichtlich der hiesigen maroden Br\u00fccken f\u00e4llt mit spontan ein, mit welchen Aussagen sich Politiker \u00fcber den Einsturz des Polcevera-Viadukts, eine innerst\u00e4dtische vierspurige Autobahnbr\u00fccke in Genua, zu Wort meldeten. Diese Katastrophe sei zwar tragisch, k\u00f6nne jedoch, so der damalige Politsprech, in Deutschland nicht geschehen, da hierzulande \u2013 und damit unterschwellig behauptend, das passiere eben nur bei der typisch italienischen Lebensauffassung \u2013 regelm\u00e4\u00dfige Kontrollen einschl\u00e4giger Bauwerke stattfinden w\u00fcrden. Komisch nur, dass danach still und leise auch hierzulande diverse Br\u00fccken gesperrt wurden oder der Verkehr auf ihnen zumindest drastisch eingeschr\u00e4nkt.<\/p>\n<p>Schulen und Kindertagesst\u00e4tten befinden sich oft in einem erbarmungsw\u00fcrdigen Zustand und die sanit\u00e4ren Verh\u00e4ltnisse stinken, der Autor konnte sich in den Bildungsst\u00e4tten seiner Kinder davon \u00fcberzeugen, sprichw\u00f6rtlich zum Himmel. Unterrichtsausfall wegen Krankheit oder fehlendem Lehrpersonal ist inzwischen die Regel und seit Jahren Bestandteil der bundesweiten Bildungskatastrophe.<\/p>\n<p>Krankenh\u00e4user sind ebenfalls in Grund und Boden saniert worden, was jetzt hinsichtlich der Corona-Epidemie deutlich wird. Pflegepersonal, schlecht bezahlt und leider mit wenig gesellschaftlicher Reputation versehen, ist ebenfalls Mangelware, denn schlie\u00dflich wollen die Aktion\u00e4re des \u00fcberwiegend privatisierten Gesundheitssystems nicht auf ihre Dividenden verzichten.<\/p>\n<p>Gerichte sind mangels Richtern und einer steigenden Kriminalit\u00e4t \u00fcberlastet, Polizisten und Ordnungskr\u00e4fte fehlen, ebenso Mitarbeiter in den B\u00fcrger\u00e4mtern, wo derzeit das Warten auf einen Termin schon mal drei Monate betragen kann.<\/p>\n<p>Die von Malte Lehming festgestellte<em> \u201eSolidisierung des Wirtschaftsstandorts Deutschland\u201c<\/em> hat nat\u00fcrlich Opfer, das muss auch der Autor zugeben. <em>\u201eZum Wider z\u00e4hlen der hohe Niedriglohnsektor, die Armutsfalle, die gestiegene Zahl der Leiharbeiter, das Los der Minijobber, die permanente Angst vor dem Absturz\u201c<\/em>. Sind halt Kollateralsch\u00e4den, die man, besser ausgedr\u00fcckt, die globalisierte Wirtschaft in Kauf nehmen muss. Durch Schr\u00f6der und Merkel, so der \u201eQualit\u00e4tsjournalist\u201c, ist Deutschland in der Lage,<em> \u201egro\u00df zu denken und gro\u00df zu handeln\u201c<\/em>. Deshalb, so die in Liebe erblindete Edelfeder, m\u00fcssen wir dankbar sein.<\/p>\n<p>Die Geschichte, wird, so Lehming zu Beginn seiner Lobeshymne, gerecht \u00fcber Menschen urteilen. Wenn sie das wirklich macht \u2013 und nicht etwa Angeh\u00f6rige des polit-medialen Kartells \u2013 dann wird sie freilich zu einer etwas anderen, einer realistischeren Beurteilung kommen, und die d\u00fcrfte weder f\u00fcr Schr\u00f6der noch f\u00fcr Merkel schmeichelhaft sein.<\/p>\n","protected":false},"excerpt":{"rendered":"<p>Intensive Gef\u00fchle tr\u00fcben bekanntlich die F\u00e4higkeit zu rationalem Denken. Das konnte der aufmerksame Beobachter des politischen Zeitgeists unl\u00e4ngst an den Ergebenheitsadressen der \u201eQualit\u00e4tsjournalisten\u201c und den Huldigungen des polit-medialen Komplexes in Richtung unserer Majest\u00e4t, Angela die Gro\u00dfe, hinsichtlich ihrer \u201eMa\u00df und &hellip; <a href=\"https:\/\/www.inkultura-online.de\/politisch_unkorrekt\/liebe-macht-blind\/\">Weiterlesen <span class=\"meta-nav\">&rarr;<\/span><\/a><\/p>\n","protected":false},"author":1,"featured_media":0,"comment_status":"closed","ping_status":"closed","sticky":false,"template":"","format":"standard","meta":{"footnotes":""},"categories":[2,1,444,30,10],"tags":[1397,415,1396,64],"class_list":["post-2212","post","type-post","status-publish","format-standard","hentry","category-antipathie","category-fundstuecke","category-gedanken-zum-tag","category-so-siehts-aus","category-systemfehler","tag-agenda-2010","tag-angela-merkel","tag-gerhard-schroeder","tag-groekaz"],"yoast_head":"<!-- This site is optimized with the Yoast SEO plugin v27.5 - https:\/\/yoast.com\/product\/yoast-seo-wordpress\/ -->\n<title>Liebe macht blind - Zeitgeist? Frei!<\/title>\n<meta name=\"robots\" content=\"index, follow, max-snippet:-1, max-image-preview:large, max-video-preview:-1\" \/>\n<link rel=\"canonical\" href=\"https:\/\/www.inkultura-online.de\/politisch_unkorrekt\/liebe-macht-blind\/\" \/>\n<meta property=\"og:locale\" content=\"de_DE\" \/>\n<meta property=\"og:type\" content=\"article\" \/>\n<meta property=\"og:title\" content=\"Liebe macht blind - Zeitgeist? Frei!\" \/>\n<meta property=\"og:description\" content=\"Intensive Gef\u00fchle tr\u00fcben bekanntlich die F\u00e4higkeit zu rationalem Denken. Das konnte der aufmerksame Beobachter des politischen Zeitgeists unl\u00e4ngst an den Ergebenheitsadressen der \u201eQualit\u00e4tsjournalisten\u201c und den Huldigungen des polit-medialen Komplexes in Richtung unserer Majest\u00e4t, Angela die Gro\u00dfe, hinsichtlich ihrer \u201eMa\u00df und &hellip; Weiterlesen &rarr;\" \/>\n<meta property=\"og:url\" content=\"https:\/\/www.inkultura-online.de\/politisch_unkorrekt\/liebe-macht-blind\/\" \/>\n<meta property=\"og:site_name\" content=\"Zeitgeist? Frei!\" \/>\n<meta property=\"article:published_time\" content=\"2020-03-25T10:31:31+00:00\" \/>\n<meta name=\"author\" content=\"Orator\" \/>\n<meta name=\"twitter:label1\" content=\"Verfasst von\" \/>\n\t<meta name=\"twitter:data1\" content=\"Orator\" \/>\n\t<meta name=\"twitter:label2\" content=\"Gesch\u00e4tzte Lesezeit\" \/>\n\t<meta name=\"twitter:data2\" content=\"3\u00a0Minuten\" \/>\n<script type=\"application\/ld+json\" class=\"yoast-schema-graph\">{\"@context\":\"https:\\\/\\\/schema.org\",\"@graph\":[{\"@type\":\"Article\",\"@id\":\"https:\\\/\\\/www.inkultura-online.de\\\/politisch_unkorrekt\\\/liebe-macht-blind\\\/#article\",\"isPartOf\":{\"@id\":\"https:\\\/\\\/www.inkultura-online.de\\\/politisch_unkorrekt\\\/liebe-macht-blind\\\/\"},\"author\":{\"name\":\"Orator\",\"@id\":\"https:\\\/\\\/www.inkultura-online.de\\\/politisch_unkorrekt\\\/#\\\/schema\\\/person\\\/5b30b80e385478896a1de221e1994d86\"},\"headline\":\"Liebe macht blind\",\"datePublished\":\"2020-03-25T10:31:31+00:00\",\"mainEntityOfPage\":{\"@id\":\"https:\\\/\\\/www.inkultura-online.de\\\/politisch_unkorrekt\\\/liebe-macht-blind\\\/\"},\"wordCount\":612,\"publisher\":{\"@id\":\"https:\\\/\\\/www.inkultura-online.de\\\/politisch_unkorrekt\\\/#\\\/schema\\\/person\\\/5b30b80e385478896a1de221e1994d86\"},\"keywords\":[\"Agenda 2010\",\"Angela Merkel\",\"Gerhard Schr\u00f6der\",\"Gr\u00f6KaZ\"],\"articleSection\":[\"Antipathie\",\"Fundst\u00fccke\",\"Gedanken zum Tag\",\"So sieht\u00b4s aus\",\"Systemfehler\"],\"inLanguage\":\"de\"},{\"@type\":\"WebPage\",\"@id\":\"https:\\\/\\\/www.inkultura-online.de\\\/politisch_unkorrekt\\\/liebe-macht-blind\\\/\",\"url\":\"https:\\\/\\\/www.inkultura-online.de\\\/politisch_unkorrekt\\\/liebe-macht-blind\\\/\",\"name\":\"Liebe macht blind - Zeitgeist? Frei!\",\"isPartOf\":{\"@id\":\"https:\\\/\\\/www.inkultura-online.de\\\/politisch_unkorrekt\\\/#website\"},\"datePublished\":\"2020-03-25T10:31:31+00:00\",\"breadcrumb\":{\"@id\":\"https:\\\/\\\/www.inkultura-online.de\\\/politisch_unkorrekt\\\/liebe-macht-blind\\\/#breadcrumb\"},\"inLanguage\":\"de\",\"potentialAction\":[{\"@type\":\"ReadAction\",\"target\":[\"https:\\\/\\\/www.inkultura-online.de\\\/politisch_unkorrekt\\\/liebe-macht-blind\\\/\"]}]},{\"@type\":\"BreadcrumbList\",\"@id\":\"https:\\\/\\\/www.inkultura-online.de\\\/politisch_unkorrekt\\\/liebe-macht-blind\\\/#breadcrumb\",\"itemListElement\":[{\"@type\":\"ListItem\",\"position\":1,\"name\":\"Home\",\"item\":\"https:\\\/\\\/www.inkultura-online.de\\\/politisch_unkorrekt\\\/\"},{\"@type\":\"ListItem\",\"position\":2,\"name\":\"Liebe macht blind\"}]},{\"@type\":\"WebSite\",\"@id\":\"https:\\\/\\\/www.inkultura-online.de\\\/politisch_unkorrekt\\\/#website\",\"url\":\"https:\\\/\\\/www.inkultura-online.de\\\/politisch_unkorrekt\\\/\",\"name\":\"Zeitgeist? Frei!\",\"description\":\"Was Ihr den Geist der Zeiten hei\u00dft...\",\"publisher\":{\"@id\":\"https:\\\/\\\/www.inkultura-online.de\\\/politisch_unkorrekt\\\/#\\\/schema\\\/person\\\/5b30b80e385478896a1de221e1994d86\"},\"potentialAction\":[{\"@type\":\"SearchAction\",\"target\":{\"@type\":\"EntryPoint\",\"urlTemplate\":\"https:\\\/\\\/www.inkultura-online.de\\\/politisch_unkorrekt\\\/?s={search_term_string}\"},\"query-input\":{\"@type\":\"PropertyValueSpecification\",\"valueRequired\":true,\"valueName\":\"search_term_string\"}}],\"inLanguage\":\"de\"},{\"@type\":[\"Person\",\"Organization\"],\"@id\":\"https:\\\/\\\/www.inkultura-online.de\\\/politisch_unkorrekt\\\/#\\\/schema\\\/person\\\/5b30b80e385478896a1de221e1994d86\",\"name\":\"Orator\",\"image\":{\"@type\":\"ImageObject\",\"inLanguage\":\"de\",\"@id\":\"https:\\\/\\\/secure.gravatar.com\\\/avatar\\\/96e03166d31716e9c437060430eb7605c45a8ce6fb6dab483637ca6915dd0844?s=96&d=mm&r=g\",\"url\":\"https:\\\/\\\/secure.gravatar.com\\\/avatar\\\/96e03166d31716e9c437060430eb7605c45a8ce6fb6dab483637ca6915dd0844?s=96&d=mm&r=g\",\"contentUrl\":\"https:\\\/\\\/secure.gravatar.com\\\/avatar\\\/96e03166d31716e9c437060430eb7605c45a8ce6fb6dab483637ca6915dd0844?s=96&d=mm&r=g\",\"caption\":\"Orator\"},\"logo\":{\"@id\":\"https:\\\/\\\/secure.gravatar.com\\\/avatar\\\/96e03166d31716e9c437060430eb7605c45a8ce6fb6dab483637ca6915dd0844?s=96&d=mm&r=g\"},\"url\":\"https:\\\/\\\/www.inkultura-online.de\\\/politisch_unkorrekt\\\/author\\\/1korrektor21-2\\\/\"}]}<\/script>\n<!-- \/ Yoast SEO plugin. -->","yoast_head_json":{"title":"Liebe macht blind - Zeitgeist? Frei!","robots":{"index":"index","follow":"follow","max-snippet":"max-snippet:-1","max-image-preview":"max-image-preview:large","max-video-preview":"max-video-preview:-1"},"canonical":"https:\/\/www.inkultura-online.de\/politisch_unkorrekt\/liebe-macht-blind\/","og_locale":"de_DE","og_type":"article","og_title":"Liebe macht blind - Zeitgeist? Frei!","og_description":"Intensive Gef\u00fchle tr\u00fcben bekanntlich die F\u00e4higkeit zu rationalem Denken. Das konnte der aufmerksame Beobachter des politischen Zeitgeists unl\u00e4ngst an den Ergebenheitsadressen der \u201eQualit\u00e4tsjournalisten\u201c und den Huldigungen des polit-medialen Komplexes in Richtung unserer Majest\u00e4t, Angela die Gro\u00dfe, hinsichtlich ihrer \u201eMa\u00df und &hellip; Weiterlesen &rarr;","og_url":"https:\/\/www.inkultura-online.de\/politisch_unkorrekt\/liebe-macht-blind\/","og_site_name":"Zeitgeist? Frei!","article_published_time":"2020-03-25T10:31:31+00:00","author":"Orator","twitter_misc":{"Verfasst von":"Orator","Gesch\u00e4tzte Lesezeit":"3\u00a0Minuten"},"schema":{"@context":"https:\/\/schema.org","@graph":[{"@type":"Article","@id":"https:\/\/www.inkultura-online.de\/politisch_unkorrekt\/liebe-macht-blind\/#article","isPartOf":{"@id":"https:\/\/www.inkultura-online.de\/politisch_unkorrekt\/liebe-macht-blind\/"},"author":{"name":"Orator","@id":"https:\/\/www.inkultura-online.de\/politisch_unkorrekt\/#\/schema\/person\/5b30b80e385478896a1de221e1994d86"},"headline":"Liebe macht blind","datePublished":"2020-03-25T10:31:31+00:00","mainEntityOfPage":{"@id":"https:\/\/www.inkultura-online.de\/politisch_unkorrekt\/liebe-macht-blind\/"},"wordCount":612,"publisher":{"@id":"https:\/\/www.inkultura-online.de\/politisch_unkorrekt\/#\/schema\/person\/5b30b80e385478896a1de221e1994d86"},"keywords":["Agenda 2010","Angela Merkel","Gerhard Schr\u00f6der","Gr\u00f6KaZ"],"articleSection":["Antipathie","Fundst\u00fccke","Gedanken zum Tag","So sieht\u00b4s aus","Systemfehler"],"inLanguage":"de"},{"@type":"WebPage","@id":"https:\/\/www.inkultura-online.de\/politisch_unkorrekt\/liebe-macht-blind\/","url":"https:\/\/www.inkultura-online.de\/politisch_unkorrekt\/liebe-macht-blind\/","name":"Liebe macht blind - Zeitgeist? Frei!","isPartOf":{"@id":"https:\/\/www.inkultura-online.de\/politisch_unkorrekt\/#website"},"datePublished":"2020-03-25T10:31:31+00:00","breadcrumb":{"@id":"https:\/\/www.inkultura-online.de\/politisch_unkorrekt\/liebe-macht-blind\/#breadcrumb"},"inLanguage":"de","potentialAction":[{"@type":"ReadAction","target":["https:\/\/www.inkultura-online.de\/politisch_unkorrekt\/liebe-macht-blind\/"]}]},{"@type":"BreadcrumbList","@id":"https:\/\/www.inkultura-online.de\/politisch_unkorrekt\/liebe-macht-blind\/#breadcrumb","itemListElement":[{"@type":"ListItem","position":1,"name":"Home","item":"https:\/\/www.inkultura-online.de\/politisch_unkorrekt\/"},{"@type":"ListItem","position":2,"name":"Liebe macht blind"}]},{"@type":"WebSite","@id":"https:\/\/www.inkultura-online.de\/politisch_unkorrekt\/#website","url":"https:\/\/www.inkultura-online.de\/politisch_unkorrekt\/","name":"Zeitgeist? Frei!","description":"Was Ihr den Geist der Zeiten hei\u00dft...","publisher":{"@id":"https:\/\/www.inkultura-online.de\/politisch_unkorrekt\/#\/schema\/person\/5b30b80e385478896a1de221e1994d86"},"potentialAction":[{"@type":"SearchAction","target":{"@type":"EntryPoint","urlTemplate":"https:\/\/www.inkultura-online.de\/politisch_unkorrekt\/?s={search_term_string}"},"query-input":{"@type":"PropertyValueSpecification","valueRequired":true,"valueName":"search_term_string"}}],"inLanguage":"de"},{"@type":["Person","Organization"],"@id":"https:\/\/www.inkultura-online.de\/politisch_unkorrekt\/#\/schema\/person\/5b30b80e385478896a1de221e1994d86","name":"Orator","image":{"@type":"ImageObject","inLanguage":"de","@id":"https:\/\/secure.gravatar.com\/avatar\/96e03166d31716e9c437060430eb7605c45a8ce6fb6dab483637ca6915dd0844?s=96&d=mm&r=g","url":"https:\/\/secure.gravatar.com\/avatar\/96e03166d31716e9c437060430eb7605c45a8ce6fb6dab483637ca6915dd0844?s=96&d=mm&r=g","contentUrl":"https:\/\/secure.gravatar.com\/avatar\/96e03166d31716e9c437060430eb7605c45a8ce6fb6dab483637ca6915dd0844?s=96&d=mm&r=g","caption":"Orator"},"logo":{"@id":"https:\/\/secure.gravatar.com\/avatar\/96e03166d31716e9c437060430eb7605c45a8ce6fb6dab483637ca6915dd0844?s=96&d=mm&r=g"},"url":"https:\/\/www.inkultura-online.de\/politisch_unkorrekt\/author\/1korrektor21-2\/"}]}},"_links":{"self":[{"href":"https:\/\/www.inkultura-online.de\/politisch_unkorrekt\/wp-json\/wp\/v2\/posts\/2212","targetHints":{"allow":["GET"]}}],"collection":[{"href":"https:\/\/www.inkultura-online.de\/politisch_unkorrekt\/wp-json\/wp\/v2\/posts"}],"about":[{"href":"https:\/\/www.inkultura-online.de\/politisch_unkorrekt\/wp-json\/wp\/v2\/types\/post"}],"author":[{"embeddable":true,"href":"https:\/\/www.inkultura-online.de\/politisch_unkorrekt\/wp-json\/wp\/v2\/users\/1"}],"replies":[{"embeddable":true,"href":"https:\/\/www.inkultura-online.de\/politisch_unkorrekt\/wp-json\/wp\/v2\/comments?post=2212"}],"version-history":[{"count":1,"href":"https:\/\/www.inkultura-online.de\/politisch_unkorrekt\/wp-json\/wp\/v2\/posts\/2212\/revisions"}],"predecessor-version":[{"id":2213,"href":"https:\/\/www.inkultura-online.de\/politisch_unkorrekt\/wp-json\/wp\/v2\/posts\/2212\/revisions\/2213"}],"wp:attachment":[{"href":"https:\/\/www.inkultura-online.de\/politisch_unkorrekt\/wp-json\/wp\/v2\/media?parent=2212"}],"wp:term":[{"taxonomy":"category","embeddable":true,"href":"https:\/\/www.inkultura-online.de\/politisch_unkorrekt\/wp-json\/wp\/v2\/categories?post=2212"},{"taxonomy":"post_tag","embeddable":true,"href":"https:\/\/www.inkultura-online.de\/politisch_unkorrekt\/wp-json\/wp\/v2\/tags?post=2212"}],"curies":[{"name":"wp","href":"https:\/\/api.w.org\/{rel}","templated":true}]}}