{"id":2214,"date":"2020-03-25T13:18:52","date_gmt":"2020-03-25T11:18:52","guid":{"rendered":"http:\/\/www.inkultura-online.de\/politisch_unkorrekt\/?p=2214"},"modified":"2020-03-26T10:08:22","modified_gmt":"2020-03-26T08:08:22","slug":"haldenwang-wirds-schon-richten","status":"publish","type":"post","link":"https:\/\/www.inkultura-online.de\/politisch_unkorrekt\/haldenwang-wirds-schon-richten\/","title":{"rendered":"Haldenwang wird`s schon richten"},"content":{"rendered":"<p>Endlich arbeitet der Verfassungsschutz wieder. Er <a href=\"https:\/\/www.oldenburger-onlinezeitung.de\/nachrichten\/verfassungsschutz-beobachtet-russischen-sender-rt-deutsch-37283.html\" target=\"_blank\" rel=\"noopener noreferrer\">beobachtet<\/a> den \u2013 im Gegensatz zu den Hofberichterstattern des polit-medialen Kartells \u2013 korrekt recherchierenden und umf\u00e4nglich informierenden Nachrichtenkanal <a href=\"https:\/\/deutsch.rt.com\/\" target=\"_blank\" rel=\"noopener noreferrer\">\u201eRT Deutsch\u201c<\/a>. Als Angela die Gro\u00dfe aus dem fernen S\u00fcdafrika die Wiederholung der Wahl des th\u00fcringischen Ministerpr\u00e4sidenten diktierte, befanden sich die Schlapph\u00fcte anscheinend auf ihrem j\u00e4hrlichen Betriebsausflug.<\/p>\n<p>Frage: Beobachten die Schlapph\u00fcte etwa auch das Robert Koch-Institut? Selbiges hat n\u00e4mlich am 28.02.2020 <a href=\"https:\/\/www.br.de\/nachrichten\/deutschland-welt\/rki-desinfektionsmittel-und-mundschutz-im-alltag-bei-coronavirus-unnoetig,RrnGuRY\" target=\"_blank\" rel=\"noopener noreferrer\">diese Information<\/a> ver\u00f6ffentlicht.<\/p>\n","protected":false},"excerpt":{"rendered":"<p>Endlich arbeitet der Verfassungsschutz wieder. Er beobachtet den \u2013 im Gegensatz zu den Hofberichterstattern des polit-medialen Kartells \u2013 korrekt recherchierenden und umf\u00e4nglich informierenden Nachrichtenkanal \u201eRT Deutsch\u201c. Als Angela die Gro\u00dfe aus dem fernen S\u00fcdafrika die Wiederholung der Wahl des th\u00fcringischen &hellip; <a href=\"https:\/\/www.inkultura-online.de\/politisch_unkorrekt\/haldenwang-wirds-schon-richten\/\">Weiterlesen <span class=\"meta-nav\">&rarr;<\/span><\/a><\/p>\n","protected":false},"author":1,"featured_media":0,"comment_status":"closed","ping_status":"closed","sticky":false,"template":"","format":"standard","meta":{"footnotes":""},"categories":[2,1],"tags":[415,64,1399,1398],"class_list":["post-2214","post","type-post","status-publish","format-standard","hentry","category-antipathie","category-fundstuecke","tag-angela-merkel","tag-groekaz","tag-rt-deutsch","tag-thomas-haldenwang"],"yoast_head":"<!-- This site is optimized with the Yoast SEO plugin v27.5 - https:\/\/yoast.com\/product\/yoast-seo-wordpress\/ -->\n<title>Haldenwang wird`s schon richten - Zeitgeist? Frei!<\/title>\n<meta name=\"robots\" content=\"index, follow, max-snippet:-1, max-image-preview:large, max-video-preview:-1\" \/>\n<link rel=\"canonical\" href=\"https:\/\/www.inkultura-online.de\/politisch_unkorrekt\/haldenwang-wirds-schon-richten\/\" \/>\n<meta property=\"og:locale\" content=\"de_DE\" \/>\n<meta property=\"og:type\" content=\"article\" \/>\n<meta property=\"og:title\" content=\"Haldenwang wird`s schon richten - Zeitgeist? Frei!\" \/>\n<meta property=\"og:description\" content=\"Endlich arbeitet der Verfassungsschutz wieder. Er beobachtet den \u2013 im Gegensatz zu den Hofberichterstattern des polit-medialen Kartells \u2013 korrekt recherchierenden und umf\u00e4nglich informierenden Nachrichtenkanal \u201eRT Deutsch\u201c. Als Angela die Gro\u00dfe aus dem fernen S\u00fcdafrika die Wiederholung der Wahl des th\u00fcringischen &hellip; Weiterlesen &rarr;\" \/>\n<meta property=\"og:url\" content=\"https:\/\/www.inkultura-online.de\/politisch_unkorrekt\/haldenwang-wirds-schon-richten\/\" \/>\n<meta property=\"og:site_name\" content=\"Zeitgeist? Frei!\" \/>\n<meta property=\"article:published_time\" content=\"2020-03-25T11:18:52+00:00\" \/>\n<meta property=\"article:modified_time\" content=\"2020-03-26T08:08:22+00:00\" \/>\n<meta name=\"author\" content=\"Orator\" \/>\n<meta name=\"twitter:label1\" content=\"Verfasst von\" \/>\n\t<meta name=\"twitter:data1\" content=\"Orator\" \/>\n<script type=\"application\/ld+json\" class=\"yoast-schema-graph\">{\"@context\":\"https:\\\/\\\/schema.org\",\"@graph\":[{\"@type\":\"Article\",\"@id\":\"https:\\\/\\\/www.inkultura-online.de\\\/politisch_unkorrekt\\\/haldenwang-wirds-schon-richten\\\/#article\",\"isPartOf\":{\"@id\":\"https:\\\/\\\/www.inkultura-online.de\\\/politisch_unkorrekt\\\/haldenwang-wirds-schon-richten\\\/\"},\"author\":{\"name\":\"Orator\",\"@id\":\"https:\\\/\\\/www.inkultura-online.de\\\/politisch_unkorrekt\\\/#\\\/schema\\\/person\\\/5b30b80e385478896a1de221e1994d86\"},\"headline\":\"Haldenwang wird`s schon richten\",\"datePublished\":\"2020-03-25T11:18:52+00:00\",\"dateModified\":\"2020-03-26T08:08:22+00:00\",\"mainEntityOfPage\":{\"@id\":\"https:\\\/\\\/www.inkultura-online.de\\\/politisch_unkorrekt\\\/haldenwang-wirds-schon-richten\\\/\"},\"wordCount\":80,\"publisher\":{\"@id\":\"https:\\\/\\\/www.inkultura-online.de\\\/politisch_unkorrekt\\\/#\\\/schema\\\/person\\\/5b30b80e385478896a1de221e1994d86\"},\"keywords\":[\"Angela Merkel\",\"Gr\u00f6KaZ\",\"RT-Deutsch\",\"Thomas Haldenwang\"],\"articleSection\":[\"Antipathie\",\"Fundst\u00fccke\"],\"inLanguage\":\"de\"},{\"@type\":\"WebPage\",\"@id\":\"https:\\\/\\\/www.inkultura-online.de\\\/politisch_unkorrekt\\\/haldenwang-wirds-schon-richten\\\/\",\"url\":\"https:\\\/\\\/www.inkultura-online.de\\\/politisch_unkorrekt\\\/haldenwang-wirds-schon-richten\\\/\",\"name\":\"Haldenwang wird`s schon richten - Zeitgeist? Frei!\",\"isPartOf\":{\"@id\":\"https:\\\/\\\/www.inkultura-online.de\\\/politisch_unkorrekt\\\/#website\"},\"datePublished\":\"2020-03-25T11:18:52+00:00\",\"dateModified\":\"2020-03-26T08:08:22+00:00\",\"breadcrumb\":{\"@id\":\"https:\\\/\\\/www.inkultura-online.de\\\/politisch_unkorrekt\\\/haldenwang-wirds-schon-richten\\\/#breadcrumb\"},\"inLanguage\":\"de\",\"potentialAction\":[{\"@type\":\"ReadAction\",\"target\":[\"https:\\\/\\\/www.inkultura-online.de\\\/politisch_unkorrekt\\\/haldenwang-wirds-schon-richten\\\/\"]}]},{\"@type\":\"BreadcrumbList\",\"@id\":\"https:\\\/\\\/www.inkultura-online.de\\\/politisch_unkorrekt\\\/haldenwang-wirds-schon-richten\\\/#breadcrumb\",\"itemListElement\":[{\"@type\":\"ListItem\",\"position\":1,\"name\":\"Home\",\"item\":\"https:\\\/\\\/www.inkultura-online.de\\\/politisch_unkorrekt\\\/\"},{\"@type\":\"ListItem\",\"position\":2,\"name\":\"Haldenwang wird`s schon richten\"}]},{\"@type\":\"WebSite\",\"@id\":\"https:\\\/\\\/www.inkultura-online.de\\\/politisch_unkorrekt\\\/#website\",\"url\":\"https:\\\/\\\/www.inkultura-online.de\\\/politisch_unkorrekt\\\/\",\"name\":\"Zeitgeist? Frei!\",\"description\":\"Was Ihr den Geist der Zeiten hei\u00dft...\",\"publisher\":{\"@id\":\"https:\\\/\\\/www.inkultura-online.de\\\/politisch_unkorrekt\\\/#\\\/schema\\\/person\\\/5b30b80e385478896a1de221e1994d86\"},\"potentialAction\":[{\"@type\":\"SearchAction\",\"target\":{\"@type\":\"EntryPoint\",\"urlTemplate\":\"https:\\\/\\\/www.inkultura-online.de\\\/politisch_unkorrekt\\\/?s={search_term_string}\"},\"query-input\":{\"@type\":\"PropertyValueSpecification\",\"valueRequired\":true,\"valueName\":\"search_term_string\"}}],\"inLanguage\":\"de\"},{\"@type\":[\"Person\",\"Organization\"],\"@id\":\"https:\\\/\\\/www.inkultura-online.de\\\/politisch_unkorrekt\\\/#\\\/schema\\\/person\\\/5b30b80e385478896a1de221e1994d86\",\"name\":\"Orator\",\"image\":{\"@type\":\"ImageObject\",\"inLanguage\":\"de\",\"@id\":\"https:\\\/\\\/secure.gravatar.com\\\/avatar\\\/96e03166d31716e9c437060430eb7605c45a8ce6fb6dab483637ca6915dd0844?s=96&d=mm&r=g\",\"url\":\"https:\\\/\\\/secure.gravatar.com\\\/avatar\\\/96e03166d31716e9c437060430eb7605c45a8ce6fb6dab483637ca6915dd0844?s=96&d=mm&r=g\",\"contentUrl\":\"https:\\\/\\\/secure.gravatar.com\\\/avatar\\\/96e03166d31716e9c437060430eb7605c45a8ce6fb6dab483637ca6915dd0844?s=96&d=mm&r=g\",\"caption\":\"Orator\"},\"logo\":{\"@id\":\"https:\\\/\\\/secure.gravatar.com\\\/avatar\\\/96e03166d31716e9c437060430eb7605c45a8ce6fb6dab483637ca6915dd0844?s=96&d=mm&r=g\"},\"url\":\"https:\\\/\\\/www.inkultura-online.de\\\/politisch_unkorrekt\\\/author\\\/1korrektor21-2\\\/\"}]}<\/script>\n<!-- \/ Yoast SEO plugin. -->","yoast_head_json":{"title":"Haldenwang wird`s schon richten - Zeitgeist? Frei!","robots":{"index":"index","follow":"follow","max-snippet":"max-snippet:-1","max-image-preview":"max-image-preview:large","max-video-preview":"max-video-preview:-1"},"canonical":"https:\/\/www.inkultura-online.de\/politisch_unkorrekt\/haldenwang-wirds-schon-richten\/","og_locale":"de_DE","og_type":"article","og_title":"Haldenwang wird`s schon richten - Zeitgeist? Frei!","og_description":"Endlich arbeitet der Verfassungsschutz wieder. Er beobachtet den \u2013 im Gegensatz zu den Hofberichterstattern des polit-medialen Kartells \u2013 korrekt recherchierenden und umf\u00e4nglich informierenden Nachrichtenkanal \u201eRT Deutsch\u201c. Als Angela die Gro\u00dfe aus dem fernen S\u00fcdafrika die Wiederholung der Wahl des th\u00fcringischen &hellip; Weiterlesen &rarr;","og_url":"https:\/\/www.inkultura-online.de\/politisch_unkorrekt\/haldenwang-wirds-schon-richten\/","og_site_name":"Zeitgeist? Frei!","article_published_time":"2020-03-25T11:18:52+00:00","article_modified_time":"2020-03-26T08:08:22+00:00","author":"Orator","twitter_misc":{"Verfasst von":"Orator"},"schema":{"@context":"https:\/\/schema.org","@graph":[{"@type":"Article","@id":"https:\/\/www.inkultura-online.de\/politisch_unkorrekt\/haldenwang-wirds-schon-richten\/#article","isPartOf":{"@id":"https:\/\/www.inkultura-online.de\/politisch_unkorrekt\/haldenwang-wirds-schon-richten\/"},"author":{"name":"Orator","@id":"https:\/\/www.inkultura-online.de\/politisch_unkorrekt\/#\/schema\/person\/5b30b80e385478896a1de221e1994d86"},"headline":"Haldenwang wird`s schon richten","datePublished":"2020-03-25T11:18:52+00:00","dateModified":"2020-03-26T08:08:22+00:00","mainEntityOfPage":{"@id":"https:\/\/www.inkultura-online.de\/politisch_unkorrekt\/haldenwang-wirds-schon-richten\/"},"wordCount":80,"publisher":{"@id":"https:\/\/www.inkultura-online.de\/politisch_unkorrekt\/#\/schema\/person\/5b30b80e385478896a1de221e1994d86"},"keywords":["Angela Merkel","Gr\u00f6KaZ","RT-Deutsch","Thomas Haldenwang"],"articleSection":["Antipathie","Fundst\u00fccke"],"inLanguage":"de"},{"@type":"WebPage","@id":"https:\/\/www.inkultura-online.de\/politisch_unkorrekt\/haldenwang-wirds-schon-richten\/","url":"https:\/\/www.inkultura-online.de\/politisch_unkorrekt\/haldenwang-wirds-schon-richten\/","name":"Haldenwang wird`s schon richten - Zeitgeist? Frei!","isPartOf":{"@id":"https:\/\/www.inkultura-online.de\/politisch_unkorrekt\/#website"},"datePublished":"2020-03-25T11:18:52+00:00","dateModified":"2020-03-26T08:08:22+00:00","breadcrumb":{"@id":"https:\/\/www.inkultura-online.de\/politisch_unkorrekt\/haldenwang-wirds-schon-richten\/#breadcrumb"},"inLanguage":"de","potentialAction":[{"@type":"ReadAction","target":["https:\/\/www.inkultura-online.de\/politisch_unkorrekt\/haldenwang-wirds-schon-richten\/"]}]},{"@type":"BreadcrumbList","@id":"https:\/\/www.inkultura-online.de\/politisch_unkorrekt\/haldenwang-wirds-schon-richten\/#breadcrumb","itemListElement":[{"@type":"ListItem","position":1,"name":"Home","item":"https:\/\/www.inkultura-online.de\/politisch_unkorrekt\/"},{"@type":"ListItem","position":2,"name":"Haldenwang wird`s schon richten"}]},{"@type":"WebSite","@id":"https:\/\/www.inkultura-online.de\/politisch_unkorrekt\/#website","url":"https:\/\/www.inkultura-online.de\/politisch_unkorrekt\/","name":"Zeitgeist? Frei!","description":"Was Ihr den Geist der Zeiten hei\u00dft...","publisher":{"@id":"https:\/\/www.inkultura-online.de\/politisch_unkorrekt\/#\/schema\/person\/5b30b80e385478896a1de221e1994d86"},"potentialAction":[{"@type":"SearchAction","target":{"@type":"EntryPoint","urlTemplate":"https:\/\/www.inkultura-online.de\/politisch_unkorrekt\/?s={search_term_string}"},"query-input":{"@type":"PropertyValueSpecification","valueRequired":true,"valueName":"search_term_string"}}],"inLanguage":"de"},{"@type":["Person","Organization"],"@id":"https:\/\/www.inkultura-online.de\/politisch_unkorrekt\/#\/schema\/person\/5b30b80e385478896a1de221e1994d86","name":"Orator","image":{"@type":"ImageObject","inLanguage":"de","@id":"https:\/\/secure.gravatar.com\/avatar\/96e03166d31716e9c437060430eb7605c45a8ce6fb6dab483637ca6915dd0844?s=96&d=mm&r=g","url":"https:\/\/secure.gravatar.com\/avatar\/96e03166d31716e9c437060430eb7605c45a8ce6fb6dab483637ca6915dd0844?s=96&d=mm&r=g","contentUrl":"https:\/\/secure.gravatar.com\/avatar\/96e03166d31716e9c437060430eb7605c45a8ce6fb6dab483637ca6915dd0844?s=96&d=mm&r=g","caption":"Orator"},"logo":{"@id":"https:\/\/secure.gravatar.com\/avatar\/96e03166d31716e9c437060430eb7605c45a8ce6fb6dab483637ca6915dd0844?s=96&d=mm&r=g"},"url":"https:\/\/www.inkultura-online.de\/politisch_unkorrekt\/author\/1korrektor21-2\/"}]}},"_links":{"self":[{"href":"https:\/\/www.inkultura-online.de\/politisch_unkorrekt\/wp-json\/wp\/v2\/posts\/2214","targetHints":{"allow":["GET"]}}],"collection":[{"href":"https:\/\/www.inkultura-online.de\/politisch_unkorrekt\/wp-json\/wp\/v2\/posts"}],"about":[{"href":"https:\/\/www.inkultura-online.de\/politisch_unkorrekt\/wp-json\/wp\/v2\/types\/post"}],"author":[{"embeddable":true,"href":"https:\/\/www.inkultura-online.de\/politisch_unkorrekt\/wp-json\/wp\/v2\/users\/1"}],"replies":[{"embeddable":true,"href":"https:\/\/www.inkultura-online.de\/politisch_unkorrekt\/wp-json\/wp\/v2\/comments?post=2214"}],"version-history":[{"count":3,"href":"https:\/\/www.inkultura-online.de\/politisch_unkorrekt\/wp-json\/wp\/v2\/posts\/2214\/revisions"}],"predecessor-version":[{"id":2217,"href":"https:\/\/www.inkultura-online.de\/politisch_unkorrekt\/wp-json\/wp\/v2\/posts\/2214\/revisions\/2217"}],"wp:attachment":[{"href":"https:\/\/www.inkultura-online.de\/politisch_unkorrekt\/wp-json\/wp\/v2\/media?parent=2214"}],"wp:term":[{"taxonomy":"category","embeddable":true,"href":"https:\/\/www.inkultura-online.de\/politisch_unkorrekt\/wp-json\/wp\/v2\/categories?post=2214"},{"taxonomy":"post_tag","embeddable":true,"href":"https:\/\/www.inkultura-online.de\/politisch_unkorrekt\/wp-json\/wp\/v2\/tags?post=2214"}],"curies":[{"name":"wp","href":"https:\/\/api.w.org\/{rel}","templated":true}]}}