{"id":2218,"date":"2020-03-27T11:54:20","date_gmt":"2020-03-27T09:54:20","guid":{"rendered":"http:\/\/www.inkultura-online.de\/politisch_unkorrekt\/?p=2218"},"modified":"2020-03-27T11:55:30","modified_gmt":"2020-03-27T09:55:30","slug":"der-traum-vom-permanenten-ausnahmezustand","status":"publish","type":"post","link":"https:\/\/www.inkultura-online.de\/politisch_unkorrekt\/der-traum-vom-permanenten-ausnahmezustand\/","title":{"rendered":"Der Traum vom permanenten Ausnahmezustand"},"content":{"rendered":"<p>Wer sich dar\u00fcber freut, dass die heilige Klima-Greta derzeit nichts zu melden hat, die wohlstandsverwahrlosten Opfer der Bildungskatastrophe, die FfF-Bratzen, nicht mehr auf die Stra\u00dfen d\u00fcrfen, die \u00d6ko-Terroristen von Extinction Rebellion keine Br\u00fccken und U-Bahnen mehr blockieren, der gesch\u00e4ftst\u00fcchtige \u00d6ko-Abmahner J\u00fcrgen Resch aktuell in der Versenkung verschwunden ist und andere, rotrotgr\u00fcne Klimafanatiker verstummt sind und deshalb der Meinung ist, nach dem Ende der Corona-Krise und dem Aufheben der derzeitigen drastischen Ma\u00dfnahmen wie Kontaktbeschr\u00e4nkungen, Ausgehverbote und Firmenschlie\u00dfungen w\u00fcrden die CO2-Ideologen weiterhin schweigen, weil die Nation andere, dringendere Probleme, wie z.\u00a0B. das Wiederhochfahren der Wirtschaft haben w\u00fcrde, der, so die Bef\u00fcrchtung des aufmerksamen Beobachters des politischen Zeitgeists, irrt fundamental.<!--more--><\/p>\n<p>Die vorwiegend von typisch akademischer Hysterie Befallenen des Klimawahns, des angeblich von Menschen verursachten Untergangs der Welt sitzen n\u00e4mlich bereits in den Startl\u00f6chern und, da sich derzeit die B\u00fcrger Zwangsma\u00dfnahmen bislang unbekannten Ausma\u00dfes gefallen lassen, ja diese sogar vehement von der Regierung fordern und dabei sukzessive freiwillig auf ihre Freiheit (Ausgangssperren) und Privatsph\u00e4re (Handyortung) verzichten, bereiten derweil schon mal die weiteren \u201e\u00f6kologischen\u201c Kampagnen vor, weil, so Merkels <a href=\"https:\/\/jungefreiheit.de\/politik\/deutschland\/2020\/schellnhuber-wer-achtlos-co2-freisetzt-gefaehrdet-das-leben-seiner-enkel\/\" target=\"_blank\" rel=\"noopener noreferrer\">Klimafl\u00fcsterer<\/a> Hans Joachim Schellnhuber, <em>\u201e\u2026 solche Zumutungen \u2013 bis hin zur Ausgangssperre \u2013 akzeptiert werden, wenn deren Notwendigkeit gut begr\u00fcndet ist.\u201c<\/em><\/p>\n<p>Zurzeit haben wir leider andere, viel gravierendere Probleme als den angeblich anthropogenen Klimawandel. Doch ein paar Figuren planen bereits <a href=\"https:\/\/vera-lengsfeld.de\/2019\/06\/19\/habeck-will-chinesische-verhaeltnisse-in-deutschland\/\" target=\"_blank\" rel=\"noopener noreferrer\">die n\u00e4chste Stufe der Eskalation<\/a> und die Politik liefert gerade die Blaupause daf\u00fcr. Nach der Krise ist vor der \u00d6kodiktatur.<\/p>\n","protected":false},"excerpt":{"rendered":"<p>Wer sich dar\u00fcber freut, dass die heilige Klima-Greta derzeit nichts zu melden hat, die wohlstandsverwahrlosten Opfer der Bildungskatastrophe, die FfF-Bratzen, nicht mehr auf die Stra\u00dfen d\u00fcrfen, die \u00d6ko-Terroristen von Extinction Rebellion keine Br\u00fccken und U-Bahnen mehr blockieren, der gesch\u00e4ftst\u00fcchtige \u00d6ko-Abmahner &hellip; <a href=\"https:\/\/www.inkultura-online.de\/politisch_unkorrekt\/der-traum-vom-permanenten-ausnahmezustand\/\">Weiterlesen <span class=\"meta-nav\">&rarr;<\/span><\/a><\/p>\n","protected":false},"author":1,"featured_media":0,"comment_status":"closed","ping_status":"closed","sticky":false,"template":"","format":"standard","meta":{"footnotes":""},"categories":[2,3,1,444,30,10],"tags":[1207,410,1400,1238,1278],"class_list":["post-2218","post","type-post","status-publish","format-standard","hentry","category-antipathie","category-die-duemmsten-sprueche-der-woche","category-fundstuecke","category-gedanken-zum-tag","category-so-siehts-aus","category-systemfehler","tag-ausnahmezustand","tag-gruene","tag-hans-joachim-schellnhuber","tag-oekodiktatur","tag-robert-habeck"],"yoast_head":"<!-- This site is optimized with the Yoast SEO plugin v27.5 - https:\/\/yoast.com\/product\/yoast-seo-wordpress\/ -->\n<title>Der Traum vom permanenten Ausnahmezustand - Zeitgeist? Frei!<\/title>\n<meta name=\"robots\" content=\"index, follow, max-snippet:-1, max-image-preview:large, max-video-preview:-1\" \/>\n<link rel=\"canonical\" href=\"https:\/\/www.inkultura-online.de\/politisch_unkorrekt\/der-traum-vom-permanenten-ausnahmezustand\/\" \/>\n<meta property=\"og:locale\" content=\"de_DE\" \/>\n<meta property=\"og:type\" content=\"article\" \/>\n<meta property=\"og:title\" content=\"Der Traum vom permanenten Ausnahmezustand - Zeitgeist? Frei!\" \/>\n<meta property=\"og:description\" content=\"Wer sich dar\u00fcber freut, dass die heilige Klima-Greta derzeit nichts zu melden hat, die wohlstandsverwahrlosten Opfer der Bildungskatastrophe, die FfF-Bratzen, nicht mehr auf die Stra\u00dfen d\u00fcrfen, die \u00d6ko-Terroristen von Extinction Rebellion keine Br\u00fccken und U-Bahnen mehr blockieren, der gesch\u00e4ftst\u00fcchtige \u00d6ko-Abmahner &hellip; Weiterlesen &rarr;\" \/>\n<meta property=\"og:url\" content=\"https:\/\/www.inkultura-online.de\/politisch_unkorrekt\/der-traum-vom-permanenten-ausnahmezustand\/\" \/>\n<meta property=\"og:site_name\" content=\"Zeitgeist? Frei!\" \/>\n<meta property=\"article:published_time\" content=\"2020-03-27T09:54:20+00:00\" \/>\n<meta property=\"article:modified_time\" content=\"2020-03-27T09:55:30+00:00\" \/>\n<meta name=\"author\" content=\"Orator\" \/>\n<meta name=\"twitter:label1\" content=\"Verfasst von\" \/>\n\t<meta name=\"twitter:data1\" content=\"Orator\" \/>\n\t<meta name=\"twitter:label2\" content=\"Gesch\u00e4tzte Lesezeit\" \/>\n\t<meta name=\"twitter:data2\" content=\"1\u00a0Minute\" \/>\n<script type=\"application\/ld+json\" class=\"yoast-schema-graph\">{\"@context\":\"https:\\\/\\\/schema.org\",\"@graph\":[{\"@type\":\"Article\",\"@id\":\"https:\\\/\\\/www.inkultura-online.de\\\/politisch_unkorrekt\\\/der-traum-vom-permanenten-ausnahmezustand\\\/#article\",\"isPartOf\":{\"@id\":\"https:\\\/\\\/www.inkultura-online.de\\\/politisch_unkorrekt\\\/der-traum-vom-permanenten-ausnahmezustand\\\/\"},\"author\":{\"name\":\"Orator\",\"@id\":\"https:\\\/\\\/www.inkultura-online.de\\\/politisch_unkorrekt\\\/#\\\/schema\\\/person\\\/5b30b80e385478896a1de221e1994d86\"},\"headline\":\"Der Traum vom permanenten Ausnahmezustand\",\"datePublished\":\"2020-03-27T09:54:20+00:00\",\"dateModified\":\"2020-03-27T09:55:30+00:00\",\"mainEntityOfPage\":{\"@id\":\"https:\\\/\\\/www.inkultura-online.de\\\/politisch_unkorrekt\\\/der-traum-vom-permanenten-ausnahmezustand\\\/\"},\"wordCount\":262,\"publisher\":{\"@id\":\"https:\\\/\\\/www.inkultura-online.de\\\/politisch_unkorrekt\\\/#\\\/schema\\\/person\\\/5b30b80e385478896a1de221e1994d86\"},\"keywords\":[\"Ausnahmezustand\",\"Gr\u00fcne\",\"Hans Joachim Schellnhuber\",\"\u00d6kodiktatur\",\"Robert Habeck\"],\"articleSection\":[\"Antipathie\",\"Die d\u00fcmmsten Spr\u00fcche der Woche\",\"Fundst\u00fccke\",\"Gedanken zum Tag\",\"So sieht\u00b4s aus\",\"Systemfehler\"],\"inLanguage\":\"de\"},{\"@type\":\"WebPage\",\"@id\":\"https:\\\/\\\/www.inkultura-online.de\\\/politisch_unkorrekt\\\/der-traum-vom-permanenten-ausnahmezustand\\\/\",\"url\":\"https:\\\/\\\/www.inkultura-online.de\\\/politisch_unkorrekt\\\/der-traum-vom-permanenten-ausnahmezustand\\\/\",\"name\":\"Der Traum vom permanenten Ausnahmezustand - Zeitgeist? Frei!\",\"isPartOf\":{\"@id\":\"https:\\\/\\\/www.inkultura-online.de\\\/politisch_unkorrekt\\\/#website\"},\"datePublished\":\"2020-03-27T09:54:20+00:00\",\"dateModified\":\"2020-03-27T09:55:30+00:00\",\"breadcrumb\":{\"@id\":\"https:\\\/\\\/www.inkultura-online.de\\\/politisch_unkorrekt\\\/der-traum-vom-permanenten-ausnahmezustand\\\/#breadcrumb\"},\"inLanguage\":\"de\",\"potentialAction\":[{\"@type\":\"ReadAction\",\"target\":[\"https:\\\/\\\/www.inkultura-online.de\\\/politisch_unkorrekt\\\/der-traum-vom-permanenten-ausnahmezustand\\\/\"]}]},{\"@type\":\"BreadcrumbList\",\"@id\":\"https:\\\/\\\/www.inkultura-online.de\\\/politisch_unkorrekt\\\/der-traum-vom-permanenten-ausnahmezustand\\\/#breadcrumb\",\"itemListElement\":[{\"@type\":\"ListItem\",\"position\":1,\"name\":\"Home\",\"item\":\"https:\\\/\\\/www.inkultura-online.de\\\/politisch_unkorrekt\\\/\"},{\"@type\":\"ListItem\",\"position\":2,\"name\":\"Der Traum vom permanenten Ausnahmezustand\"}]},{\"@type\":\"WebSite\",\"@id\":\"https:\\\/\\\/www.inkultura-online.de\\\/politisch_unkorrekt\\\/#website\",\"url\":\"https:\\\/\\\/www.inkultura-online.de\\\/politisch_unkorrekt\\\/\",\"name\":\"Zeitgeist? Frei!\",\"description\":\"Was Ihr den Geist der Zeiten hei\u00dft...\",\"publisher\":{\"@id\":\"https:\\\/\\\/www.inkultura-online.de\\\/politisch_unkorrekt\\\/#\\\/schema\\\/person\\\/5b30b80e385478896a1de221e1994d86\"},\"potentialAction\":[{\"@type\":\"SearchAction\",\"target\":{\"@type\":\"EntryPoint\",\"urlTemplate\":\"https:\\\/\\\/www.inkultura-online.de\\\/politisch_unkorrekt\\\/?s={search_term_string}\"},\"query-input\":{\"@type\":\"PropertyValueSpecification\",\"valueRequired\":true,\"valueName\":\"search_term_string\"}}],\"inLanguage\":\"de\"},{\"@type\":[\"Person\",\"Organization\"],\"@id\":\"https:\\\/\\\/www.inkultura-online.de\\\/politisch_unkorrekt\\\/#\\\/schema\\\/person\\\/5b30b80e385478896a1de221e1994d86\",\"name\":\"Orator\",\"image\":{\"@type\":\"ImageObject\",\"inLanguage\":\"de\",\"@id\":\"https:\\\/\\\/secure.gravatar.com\\\/avatar\\\/96e03166d31716e9c437060430eb7605c45a8ce6fb6dab483637ca6915dd0844?s=96&d=mm&r=g\",\"url\":\"https:\\\/\\\/secure.gravatar.com\\\/avatar\\\/96e03166d31716e9c437060430eb7605c45a8ce6fb6dab483637ca6915dd0844?s=96&d=mm&r=g\",\"contentUrl\":\"https:\\\/\\\/secure.gravatar.com\\\/avatar\\\/96e03166d31716e9c437060430eb7605c45a8ce6fb6dab483637ca6915dd0844?s=96&d=mm&r=g\",\"caption\":\"Orator\"},\"logo\":{\"@id\":\"https:\\\/\\\/secure.gravatar.com\\\/avatar\\\/96e03166d31716e9c437060430eb7605c45a8ce6fb6dab483637ca6915dd0844?s=96&d=mm&r=g\"},\"url\":\"https:\\\/\\\/www.inkultura-online.de\\\/politisch_unkorrekt\\\/author\\\/1korrektor21-2\\\/\"}]}<\/script>\n<!-- \/ Yoast SEO plugin. -->","yoast_head_json":{"title":"Der Traum vom permanenten Ausnahmezustand - Zeitgeist? Frei!","robots":{"index":"index","follow":"follow","max-snippet":"max-snippet:-1","max-image-preview":"max-image-preview:large","max-video-preview":"max-video-preview:-1"},"canonical":"https:\/\/www.inkultura-online.de\/politisch_unkorrekt\/der-traum-vom-permanenten-ausnahmezustand\/","og_locale":"de_DE","og_type":"article","og_title":"Der Traum vom permanenten Ausnahmezustand - Zeitgeist? Frei!","og_description":"Wer sich dar\u00fcber freut, dass die heilige Klima-Greta derzeit nichts zu melden hat, die wohlstandsverwahrlosten Opfer der Bildungskatastrophe, die FfF-Bratzen, nicht mehr auf die Stra\u00dfen d\u00fcrfen, die \u00d6ko-Terroristen von Extinction Rebellion keine Br\u00fccken und U-Bahnen mehr blockieren, der gesch\u00e4ftst\u00fcchtige \u00d6ko-Abmahner &hellip; Weiterlesen &rarr;","og_url":"https:\/\/www.inkultura-online.de\/politisch_unkorrekt\/der-traum-vom-permanenten-ausnahmezustand\/","og_site_name":"Zeitgeist? Frei!","article_published_time":"2020-03-27T09:54:20+00:00","article_modified_time":"2020-03-27T09:55:30+00:00","author":"Orator","twitter_misc":{"Verfasst von":"Orator","Gesch\u00e4tzte Lesezeit":"1\u00a0Minute"},"schema":{"@context":"https:\/\/schema.org","@graph":[{"@type":"Article","@id":"https:\/\/www.inkultura-online.de\/politisch_unkorrekt\/der-traum-vom-permanenten-ausnahmezustand\/#article","isPartOf":{"@id":"https:\/\/www.inkultura-online.de\/politisch_unkorrekt\/der-traum-vom-permanenten-ausnahmezustand\/"},"author":{"name":"Orator","@id":"https:\/\/www.inkultura-online.de\/politisch_unkorrekt\/#\/schema\/person\/5b30b80e385478896a1de221e1994d86"},"headline":"Der Traum vom permanenten Ausnahmezustand","datePublished":"2020-03-27T09:54:20+00:00","dateModified":"2020-03-27T09:55:30+00:00","mainEntityOfPage":{"@id":"https:\/\/www.inkultura-online.de\/politisch_unkorrekt\/der-traum-vom-permanenten-ausnahmezustand\/"},"wordCount":262,"publisher":{"@id":"https:\/\/www.inkultura-online.de\/politisch_unkorrekt\/#\/schema\/person\/5b30b80e385478896a1de221e1994d86"},"keywords":["Ausnahmezustand","Gr\u00fcne","Hans Joachim Schellnhuber","\u00d6kodiktatur","Robert Habeck"],"articleSection":["Antipathie","Die d\u00fcmmsten Spr\u00fcche der Woche","Fundst\u00fccke","Gedanken zum Tag","So sieht\u00b4s aus","Systemfehler"],"inLanguage":"de"},{"@type":"WebPage","@id":"https:\/\/www.inkultura-online.de\/politisch_unkorrekt\/der-traum-vom-permanenten-ausnahmezustand\/","url":"https:\/\/www.inkultura-online.de\/politisch_unkorrekt\/der-traum-vom-permanenten-ausnahmezustand\/","name":"Der Traum vom permanenten Ausnahmezustand - Zeitgeist? Frei!","isPartOf":{"@id":"https:\/\/www.inkultura-online.de\/politisch_unkorrekt\/#website"},"datePublished":"2020-03-27T09:54:20+00:00","dateModified":"2020-03-27T09:55:30+00:00","breadcrumb":{"@id":"https:\/\/www.inkultura-online.de\/politisch_unkorrekt\/der-traum-vom-permanenten-ausnahmezustand\/#breadcrumb"},"inLanguage":"de","potentialAction":[{"@type":"ReadAction","target":["https:\/\/www.inkultura-online.de\/politisch_unkorrekt\/der-traum-vom-permanenten-ausnahmezustand\/"]}]},{"@type":"BreadcrumbList","@id":"https:\/\/www.inkultura-online.de\/politisch_unkorrekt\/der-traum-vom-permanenten-ausnahmezustand\/#breadcrumb","itemListElement":[{"@type":"ListItem","position":1,"name":"Home","item":"https:\/\/www.inkultura-online.de\/politisch_unkorrekt\/"},{"@type":"ListItem","position":2,"name":"Der Traum vom permanenten Ausnahmezustand"}]},{"@type":"WebSite","@id":"https:\/\/www.inkultura-online.de\/politisch_unkorrekt\/#website","url":"https:\/\/www.inkultura-online.de\/politisch_unkorrekt\/","name":"Zeitgeist? Frei!","description":"Was Ihr den Geist der Zeiten hei\u00dft...","publisher":{"@id":"https:\/\/www.inkultura-online.de\/politisch_unkorrekt\/#\/schema\/person\/5b30b80e385478896a1de221e1994d86"},"potentialAction":[{"@type":"SearchAction","target":{"@type":"EntryPoint","urlTemplate":"https:\/\/www.inkultura-online.de\/politisch_unkorrekt\/?s={search_term_string}"},"query-input":{"@type":"PropertyValueSpecification","valueRequired":true,"valueName":"search_term_string"}}],"inLanguage":"de"},{"@type":["Person","Organization"],"@id":"https:\/\/www.inkultura-online.de\/politisch_unkorrekt\/#\/schema\/person\/5b30b80e385478896a1de221e1994d86","name":"Orator","image":{"@type":"ImageObject","inLanguage":"de","@id":"https:\/\/secure.gravatar.com\/avatar\/96e03166d31716e9c437060430eb7605c45a8ce6fb6dab483637ca6915dd0844?s=96&d=mm&r=g","url":"https:\/\/secure.gravatar.com\/avatar\/96e03166d31716e9c437060430eb7605c45a8ce6fb6dab483637ca6915dd0844?s=96&d=mm&r=g","contentUrl":"https:\/\/secure.gravatar.com\/avatar\/96e03166d31716e9c437060430eb7605c45a8ce6fb6dab483637ca6915dd0844?s=96&d=mm&r=g","caption":"Orator"},"logo":{"@id":"https:\/\/secure.gravatar.com\/avatar\/96e03166d31716e9c437060430eb7605c45a8ce6fb6dab483637ca6915dd0844?s=96&d=mm&r=g"},"url":"https:\/\/www.inkultura-online.de\/politisch_unkorrekt\/author\/1korrektor21-2\/"}]}},"_links":{"self":[{"href":"https:\/\/www.inkultura-online.de\/politisch_unkorrekt\/wp-json\/wp\/v2\/posts\/2218","targetHints":{"allow":["GET"]}}],"collection":[{"href":"https:\/\/www.inkultura-online.de\/politisch_unkorrekt\/wp-json\/wp\/v2\/posts"}],"about":[{"href":"https:\/\/www.inkultura-online.de\/politisch_unkorrekt\/wp-json\/wp\/v2\/types\/post"}],"author":[{"embeddable":true,"href":"https:\/\/www.inkultura-online.de\/politisch_unkorrekt\/wp-json\/wp\/v2\/users\/1"}],"replies":[{"embeddable":true,"href":"https:\/\/www.inkultura-online.de\/politisch_unkorrekt\/wp-json\/wp\/v2\/comments?post=2218"}],"version-history":[{"count":2,"href":"https:\/\/www.inkultura-online.de\/politisch_unkorrekt\/wp-json\/wp\/v2\/posts\/2218\/revisions"}],"predecessor-version":[{"id":2220,"href":"https:\/\/www.inkultura-online.de\/politisch_unkorrekt\/wp-json\/wp\/v2\/posts\/2218\/revisions\/2220"}],"wp:attachment":[{"href":"https:\/\/www.inkultura-online.de\/politisch_unkorrekt\/wp-json\/wp\/v2\/media?parent=2218"}],"wp:term":[{"taxonomy":"category","embeddable":true,"href":"https:\/\/www.inkultura-online.de\/politisch_unkorrekt\/wp-json\/wp\/v2\/categories?post=2218"},{"taxonomy":"post_tag","embeddable":true,"href":"https:\/\/www.inkultura-online.de\/politisch_unkorrekt\/wp-json\/wp\/v2\/tags?post=2218"}],"curies":[{"name":"wp","href":"https:\/\/api.w.org\/{rel}","templated":true}]}}