{"id":2226,"date":"2020-04-01T10:09:56","date_gmt":"2020-04-01T08:09:56","guid":{"rendered":"http:\/\/www.inkultura-online.de\/politisch_unkorrekt\/?p=2226"},"modified":"2020-04-01T10:09:56","modified_gmt":"2020-04-01T08:09:56","slug":"einer-hat-es-verstanden","status":"publish","type":"post","link":"https:\/\/www.inkultura-online.de\/politisch_unkorrekt\/einer-hat-es-verstanden\/","title":{"rendered":"Einer hat es verstanden"},"content":{"rendered":"<p>Es geschieht selten, dass der aufmerksame Beobachter des politischen Zeitgeists einem Journalisten der \u201eQualit\u00e4tspresse\u201c zustimmt, doch im Fall des Artikels von <a href=\"https:\/\/www.tagesspiegel.de\/politik\/parlament-gibt-kontrolle-aus-der-hand-die-regierung-ermaechtigt-sich-in-der-corona-krise-selbst-zulaessig-ist-das-nicht\/25701884.html\" target=\"_blank\" rel=\"noopener noreferrer\">Stephan-Andreas Casdorff<\/a> im Berliner Tagesspiegel muss er, auch wenn es ungewohnt erscheint, dem Tenor des Autors uneingeschr\u00e4nkt folgen. Casdorff kritisiert vollkommen zu Recht die derzeitigen politischen Mechanismen, die, es geht um die Ma\u00dfnahmen zur Eind\u00e4mmung der Ausbreitung des Corona-Virus, inzwischen eine Dimension, ein bislang nicht bekanntes Ausma\u00df angenommen haben, dass man ohne weiteres die Frage stellen muss, ob durch die, wie Casdorff es richtig bemerkt, \u201e&#8230; oft \u00fcber Nacht getroffenen Entscheidungen der Landesregierungen\u201c die politisch Verantwortlichen durch die Aufgabe der parlamentarischen Kontrolle nicht ihre Kompetenzen \u00fcberschreiten und das Heft aus der Hand geben.<!--more--><\/p>\n<p>Nun sind Krisen wie die aktuelle wahrlich keine Zeiten, in denen politische Grabenk\u00e4mpfe oder Machtspiele (S\u00f6der\/Laschet) ausgetragen werden sollten, trotzdem darf jedoch die Politik der Regierung nicht zugunsten mit hei\u00dfer Nadel gestrickter Rechtsverordnungen ausgehebelt werden. Nat\u00fcrlich erfordern Situationen wie die derzeitige entschlossenes Handeln \u2013 in Deutschland viel zu lange vers\u00e4umt \u2013 und, ganz wichtig, die Abarbeitung von Krisenpl\u00e4nen, die, abh\u00e4ngig von den eingetretenen Notf\u00e4llen oder Katastrophen, aus der Schublade gezogen werden m\u00fcssen und in denen sowohl die Aufgaben als auch die Kompetenzen klar benannt und verteilt sind. Leider hat es diese Schublade bzw. deren Inhalt in unserem Land nicht gegeben, weil die politisch Verantwortlichen es schlicht und ergreifend vers\u00e4umt haben, z.\u00a0B. Pl\u00e4ne f\u00fcr eine bundesweite Pandemie aufzustellen. Dabei, das beweist die <a href=\"https:\/\/dipbt.bundestag.de\/dip21\/btd\/17\/120\/1712051.pdf\" target=\"_blank\" rel=\"noopener noreferrer\">Drucksache17\/12051<\/a> \u201eBericht zur Risikoanalyse im Bev\u00f6lkerungsschutz 2012\u201c, war zumindest der Bundestag dar\u00fcber informiert, welche Szenarien im Bereich h\u00f6chster Wahrscheinlichkeit liegen w\u00fcrden.<\/p>\n<p>Das logische Ergebnis des oftmals planlos und deshalb hektisch anmutenden Agierens einzelner L\u00e4nder \u2013 wieder einmal vorneweg Berlin unter der amtierenden Null Michael M\u00fcller \u2013 ist die geradezu perverse Sehnsucht vieler B\u00fcrger nach dem \u201eStarken Mann\u201c, nach \u201eAktionen\u201c und dem zwar verst\u00e4ndlichen, jedoch irrationalem Wunsch nach Beruhigung und die ebenso irrationale Forderung nach, wie auch immer ausgef\u00fchrt, \u201eMa\u00dfnahmen\u201c zur Bew\u00e4ltigung der Krise.<\/p>\n<p>Das spielt nat\u00fcrlich einer Politik in die H\u00e4nde, die es viele Jahre vers\u00e4umt hat, sich auf eventuell eintretende Katastrophen vorzubereiten, Notfallpl\u00e4ne zu entwickeln und die Bev\u00f6lkerung so weit wie m\u00f6glich zu sch\u00fctzen. Wenn, wie aktuell, Hilflosigkeit durch z.\u00a0T. sinnlosen Aktionismus getarnt wird, dann spielt das nat\u00fcrlich denjenigen in die H\u00e4nde, denen nichts lieber w\u00e4re, als der sofortige Wechsel des gesellschaftlichen, politischen und \u00f6konomischen Systems. Das sollte eine sich ihrer Verantwortung bewusste Politik stets in Hinterkopf haben, bevor sie zu drastischen, die Freiheit des Einzelnen einschr\u00e4nkenden Ma\u00dfnahmen greift.<\/p>\n<p>Denn, auch das kennen wir aus der Geschichte, einmal von der Politik erlassene Verordnungen, durchgef\u00fchrte Ma\u00dfnahmen und Gesetzes\u00e4nderungen werden von den Herrschenden nur ungern wieder zur\u00fcckgenommen. Diesbez\u00fcglich ist die Politik n\u00e4mlich sehr vergesslich.<\/p>\n<p>Da unsere Gesellschaft ohnehin vor gro\u00dfen Transformationen steht, die von vorwiegend akademisch-ideologischen Gesellschaftsingenieuren angestrebt werden \u2013 GenderistInnen, Ok\u00f6faschisten, Umsiedlern, Volksaustauschern, etc. \u2013 ist Augenma\u00df und verantwortungsvolles Handeln der Politik angesagt. Die Feinde der Freiheit, die nach der Bew\u00e4ltigung der aktuellen Krise wieder den Mainstream diktieren wollen (und werden), sitzen bereits in den Startl\u00f6chern und verfolgen aufmerksam die derzeit angewandte Aush\u00f6hlung der Demokratie. Nachahmung h\u00f6chstwahrscheinlich.<\/p>\n","protected":false},"excerpt":{"rendered":"<p>Es geschieht selten, dass der aufmerksame Beobachter des politischen Zeitgeists einem Journalisten der \u201eQualit\u00e4tspresse\u201c zustimmt, doch im Fall des Artikels von Stephan-Andreas Casdorff im Berliner Tagesspiegel muss er, auch wenn es ungewohnt erscheint, dem Tenor des Autors uneingeschr\u00e4nkt folgen. Casdorff &hellip; <a href=\"https:\/\/www.inkultura-online.de\/politisch_unkorrekt\/einer-hat-es-verstanden\/\">Weiterlesen <span class=\"meta-nav\">&rarr;<\/span><\/a><\/p>\n","protected":false},"author":1,"featured_media":0,"comment_status":"closed","ping_status":"closed","sticky":false,"template":"","format":"standard","meta":{"footnotes":""},"categories":[1,444],"tags":[1406,1408,1407],"class_list":["post-2226","post","type-post","status-publish","format-standard","hentry","category-fundstuecke","category-gedanken-zum-tag","tag-corona-virus","tag-drucksache1712051","tag-notverordnungen"],"yoast_head":"<!-- This site is optimized with the Yoast SEO plugin v27.5 - https:\/\/yoast.com\/product\/yoast-seo-wordpress\/ -->\n<title>Einer hat es verstanden - Zeitgeist? Frei!<\/title>\n<meta name=\"robots\" content=\"index, follow, max-snippet:-1, max-image-preview:large, max-video-preview:-1\" \/>\n<link rel=\"canonical\" href=\"https:\/\/www.inkultura-online.de\/politisch_unkorrekt\/einer-hat-es-verstanden\/\" \/>\n<meta property=\"og:locale\" content=\"de_DE\" \/>\n<meta property=\"og:type\" content=\"article\" \/>\n<meta property=\"og:title\" content=\"Einer hat es verstanden - Zeitgeist? Frei!\" \/>\n<meta property=\"og:description\" content=\"Es geschieht selten, dass der aufmerksame Beobachter des politischen Zeitgeists einem Journalisten der \u201eQualit\u00e4tspresse\u201c zustimmt, doch im Fall des Artikels von Stephan-Andreas Casdorff im Berliner Tagesspiegel muss er, auch wenn es ungewohnt erscheint, dem Tenor des Autors uneingeschr\u00e4nkt folgen. Casdorff &hellip; Weiterlesen &rarr;\" \/>\n<meta property=\"og:url\" content=\"https:\/\/www.inkultura-online.de\/politisch_unkorrekt\/einer-hat-es-verstanden\/\" \/>\n<meta property=\"og:site_name\" content=\"Zeitgeist? Frei!\" \/>\n<meta property=\"article:published_time\" content=\"2020-04-01T08:09:56+00:00\" \/>\n<meta name=\"author\" content=\"Orator\" \/>\n<meta name=\"twitter:label1\" content=\"Verfasst von\" \/>\n\t<meta name=\"twitter:data1\" content=\"Orator\" \/>\n\t<meta name=\"twitter:label2\" content=\"Gesch\u00e4tzte Lesezeit\" \/>\n\t<meta name=\"twitter:data2\" content=\"3\u00a0Minuten\" \/>\n<script type=\"application\/ld+json\" class=\"yoast-schema-graph\">{\"@context\":\"https:\\\/\\\/schema.org\",\"@graph\":[{\"@type\":\"Article\",\"@id\":\"https:\\\/\\\/www.inkultura-online.de\\\/politisch_unkorrekt\\\/einer-hat-es-verstanden\\\/#article\",\"isPartOf\":{\"@id\":\"https:\\\/\\\/www.inkultura-online.de\\\/politisch_unkorrekt\\\/einer-hat-es-verstanden\\\/\"},\"author\":{\"name\":\"Orator\",\"@id\":\"https:\\\/\\\/www.inkultura-online.de\\\/politisch_unkorrekt\\\/#\\\/schema\\\/person\\\/5b30b80e385478896a1de221e1994d86\"},\"headline\":\"Einer hat es verstanden\",\"datePublished\":\"2020-04-01T08:09:56+00:00\",\"mainEntityOfPage\":{\"@id\":\"https:\\\/\\\/www.inkultura-online.de\\\/politisch_unkorrekt\\\/einer-hat-es-verstanden\\\/\"},\"wordCount\":552,\"publisher\":{\"@id\":\"https:\\\/\\\/www.inkultura-online.de\\\/politisch_unkorrekt\\\/#\\\/schema\\\/person\\\/5b30b80e385478896a1de221e1994d86\"},\"keywords\":[\"Corona-Virus\",\"Drucksache17\\\/12051\",\"Notverordnungen\"],\"articleSection\":[\"Fundst\u00fccke\",\"Gedanken zum Tag\"],\"inLanguage\":\"de\"},{\"@type\":\"WebPage\",\"@id\":\"https:\\\/\\\/www.inkultura-online.de\\\/politisch_unkorrekt\\\/einer-hat-es-verstanden\\\/\",\"url\":\"https:\\\/\\\/www.inkultura-online.de\\\/politisch_unkorrekt\\\/einer-hat-es-verstanden\\\/\",\"name\":\"Einer hat es verstanden - Zeitgeist? Frei!\",\"isPartOf\":{\"@id\":\"https:\\\/\\\/www.inkultura-online.de\\\/politisch_unkorrekt\\\/#website\"},\"datePublished\":\"2020-04-01T08:09:56+00:00\",\"breadcrumb\":{\"@id\":\"https:\\\/\\\/www.inkultura-online.de\\\/politisch_unkorrekt\\\/einer-hat-es-verstanden\\\/#breadcrumb\"},\"inLanguage\":\"de\",\"potentialAction\":[{\"@type\":\"ReadAction\",\"target\":[\"https:\\\/\\\/www.inkultura-online.de\\\/politisch_unkorrekt\\\/einer-hat-es-verstanden\\\/\"]}]},{\"@type\":\"BreadcrumbList\",\"@id\":\"https:\\\/\\\/www.inkultura-online.de\\\/politisch_unkorrekt\\\/einer-hat-es-verstanden\\\/#breadcrumb\",\"itemListElement\":[{\"@type\":\"ListItem\",\"position\":1,\"name\":\"Home\",\"item\":\"https:\\\/\\\/www.inkultura-online.de\\\/politisch_unkorrekt\\\/\"},{\"@type\":\"ListItem\",\"position\":2,\"name\":\"Einer hat es verstanden\"}]},{\"@type\":\"WebSite\",\"@id\":\"https:\\\/\\\/www.inkultura-online.de\\\/politisch_unkorrekt\\\/#website\",\"url\":\"https:\\\/\\\/www.inkultura-online.de\\\/politisch_unkorrekt\\\/\",\"name\":\"Zeitgeist? Frei!\",\"description\":\"Was Ihr den Geist der Zeiten hei\u00dft...\",\"publisher\":{\"@id\":\"https:\\\/\\\/www.inkultura-online.de\\\/politisch_unkorrekt\\\/#\\\/schema\\\/person\\\/5b30b80e385478896a1de221e1994d86\"},\"potentialAction\":[{\"@type\":\"SearchAction\",\"target\":{\"@type\":\"EntryPoint\",\"urlTemplate\":\"https:\\\/\\\/www.inkultura-online.de\\\/politisch_unkorrekt\\\/?s={search_term_string}\"},\"query-input\":{\"@type\":\"PropertyValueSpecification\",\"valueRequired\":true,\"valueName\":\"search_term_string\"}}],\"inLanguage\":\"de\"},{\"@type\":[\"Person\",\"Organization\"],\"@id\":\"https:\\\/\\\/www.inkultura-online.de\\\/politisch_unkorrekt\\\/#\\\/schema\\\/person\\\/5b30b80e385478896a1de221e1994d86\",\"name\":\"Orator\",\"image\":{\"@type\":\"ImageObject\",\"inLanguage\":\"de\",\"@id\":\"https:\\\/\\\/secure.gravatar.com\\\/avatar\\\/96e03166d31716e9c437060430eb7605c45a8ce6fb6dab483637ca6915dd0844?s=96&d=mm&r=g\",\"url\":\"https:\\\/\\\/secure.gravatar.com\\\/avatar\\\/96e03166d31716e9c437060430eb7605c45a8ce6fb6dab483637ca6915dd0844?s=96&d=mm&r=g\",\"contentUrl\":\"https:\\\/\\\/secure.gravatar.com\\\/avatar\\\/96e03166d31716e9c437060430eb7605c45a8ce6fb6dab483637ca6915dd0844?s=96&d=mm&r=g\",\"caption\":\"Orator\"},\"logo\":{\"@id\":\"https:\\\/\\\/secure.gravatar.com\\\/avatar\\\/96e03166d31716e9c437060430eb7605c45a8ce6fb6dab483637ca6915dd0844?s=96&d=mm&r=g\"},\"url\":\"https:\\\/\\\/www.inkultura-online.de\\\/politisch_unkorrekt\\\/author\\\/1korrektor21-2\\\/\"}]}<\/script>\n<!-- \/ Yoast SEO plugin. -->","yoast_head_json":{"title":"Einer hat es verstanden - Zeitgeist? Frei!","robots":{"index":"index","follow":"follow","max-snippet":"max-snippet:-1","max-image-preview":"max-image-preview:large","max-video-preview":"max-video-preview:-1"},"canonical":"https:\/\/www.inkultura-online.de\/politisch_unkorrekt\/einer-hat-es-verstanden\/","og_locale":"de_DE","og_type":"article","og_title":"Einer hat es verstanden - Zeitgeist? Frei!","og_description":"Es geschieht selten, dass der aufmerksame Beobachter des politischen Zeitgeists einem Journalisten der \u201eQualit\u00e4tspresse\u201c zustimmt, doch im Fall des Artikels von Stephan-Andreas Casdorff im Berliner Tagesspiegel muss er, auch wenn es ungewohnt erscheint, dem Tenor des Autors uneingeschr\u00e4nkt folgen. Casdorff &hellip; Weiterlesen &rarr;","og_url":"https:\/\/www.inkultura-online.de\/politisch_unkorrekt\/einer-hat-es-verstanden\/","og_site_name":"Zeitgeist? Frei!","article_published_time":"2020-04-01T08:09:56+00:00","author":"Orator","twitter_misc":{"Verfasst von":"Orator","Gesch\u00e4tzte Lesezeit":"3\u00a0Minuten"},"schema":{"@context":"https:\/\/schema.org","@graph":[{"@type":"Article","@id":"https:\/\/www.inkultura-online.de\/politisch_unkorrekt\/einer-hat-es-verstanden\/#article","isPartOf":{"@id":"https:\/\/www.inkultura-online.de\/politisch_unkorrekt\/einer-hat-es-verstanden\/"},"author":{"name":"Orator","@id":"https:\/\/www.inkultura-online.de\/politisch_unkorrekt\/#\/schema\/person\/5b30b80e385478896a1de221e1994d86"},"headline":"Einer hat es verstanden","datePublished":"2020-04-01T08:09:56+00:00","mainEntityOfPage":{"@id":"https:\/\/www.inkultura-online.de\/politisch_unkorrekt\/einer-hat-es-verstanden\/"},"wordCount":552,"publisher":{"@id":"https:\/\/www.inkultura-online.de\/politisch_unkorrekt\/#\/schema\/person\/5b30b80e385478896a1de221e1994d86"},"keywords":["Corona-Virus","Drucksache17\/12051","Notverordnungen"],"articleSection":["Fundst\u00fccke","Gedanken zum Tag"],"inLanguage":"de"},{"@type":"WebPage","@id":"https:\/\/www.inkultura-online.de\/politisch_unkorrekt\/einer-hat-es-verstanden\/","url":"https:\/\/www.inkultura-online.de\/politisch_unkorrekt\/einer-hat-es-verstanden\/","name":"Einer hat es verstanden - Zeitgeist? Frei!","isPartOf":{"@id":"https:\/\/www.inkultura-online.de\/politisch_unkorrekt\/#website"},"datePublished":"2020-04-01T08:09:56+00:00","breadcrumb":{"@id":"https:\/\/www.inkultura-online.de\/politisch_unkorrekt\/einer-hat-es-verstanden\/#breadcrumb"},"inLanguage":"de","potentialAction":[{"@type":"ReadAction","target":["https:\/\/www.inkultura-online.de\/politisch_unkorrekt\/einer-hat-es-verstanden\/"]}]},{"@type":"BreadcrumbList","@id":"https:\/\/www.inkultura-online.de\/politisch_unkorrekt\/einer-hat-es-verstanden\/#breadcrumb","itemListElement":[{"@type":"ListItem","position":1,"name":"Home","item":"https:\/\/www.inkultura-online.de\/politisch_unkorrekt\/"},{"@type":"ListItem","position":2,"name":"Einer hat es verstanden"}]},{"@type":"WebSite","@id":"https:\/\/www.inkultura-online.de\/politisch_unkorrekt\/#website","url":"https:\/\/www.inkultura-online.de\/politisch_unkorrekt\/","name":"Zeitgeist? Frei!","description":"Was Ihr den Geist der Zeiten hei\u00dft...","publisher":{"@id":"https:\/\/www.inkultura-online.de\/politisch_unkorrekt\/#\/schema\/person\/5b30b80e385478896a1de221e1994d86"},"potentialAction":[{"@type":"SearchAction","target":{"@type":"EntryPoint","urlTemplate":"https:\/\/www.inkultura-online.de\/politisch_unkorrekt\/?s={search_term_string}"},"query-input":{"@type":"PropertyValueSpecification","valueRequired":true,"valueName":"search_term_string"}}],"inLanguage":"de"},{"@type":["Person","Organization"],"@id":"https:\/\/www.inkultura-online.de\/politisch_unkorrekt\/#\/schema\/person\/5b30b80e385478896a1de221e1994d86","name":"Orator","image":{"@type":"ImageObject","inLanguage":"de","@id":"https:\/\/secure.gravatar.com\/avatar\/96e03166d31716e9c437060430eb7605c45a8ce6fb6dab483637ca6915dd0844?s=96&d=mm&r=g","url":"https:\/\/secure.gravatar.com\/avatar\/96e03166d31716e9c437060430eb7605c45a8ce6fb6dab483637ca6915dd0844?s=96&d=mm&r=g","contentUrl":"https:\/\/secure.gravatar.com\/avatar\/96e03166d31716e9c437060430eb7605c45a8ce6fb6dab483637ca6915dd0844?s=96&d=mm&r=g","caption":"Orator"},"logo":{"@id":"https:\/\/secure.gravatar.com\/avatar\/96e03166d31716e9c437060430eb7605c45a8ce6fb6dab483637ca6915dd0844?s=96&d=mm&r=g"},"url":"https:\/\/www.inkultura-online.de\/politisch_unkorrekt\/author\/1korrektor21-2\/"}]}},"_links":{"self":[{"href":"https:\/\/www.inkultura-online.de\/politisch_unkorrekt\/wp-json\/wp\/v2\/posts\/2226","targetHints":{"allow":["GET"]}}],"collection":[{"href":"https:\/\/www.inkultura-online.de\/politisch_unkorrekt\/wp-json\/wp\/v2\/posts"}],"about":[{"href":"https:\/\/www.inkultura-online.de\/politisch_unkorrekt\/wp-json\/wp\/v2\/types\/post"}],"author":[{"embeddable":true,"href":"https:\/\/www.inkultura-online.de\/politisch_unkorrekt\/wp-json\/wp\/v2\/users\/1"}],"replies":[{"embeddable":true,"href":"https:\/\/www.inkultura-online.de\/politisch_unkorrekt\/wp-json\/wp\/v2\/comments?post=2226"}],"version-history":[{"count":1,"href":"https:\/\/www.inkultura-online.de\/politisch_unkorrekt\/wp-json\/wp\/v2\/posts\/2226\/revisions"}],"predecessor-version":[{"id":2227,"href":"https:\/\/www.inkultura-online.de\/politisch_unkorrekt\/wp-json\/wp\/v2\/posts\/2226\/revisions\/2227"}],"wp:attachment":[{"href":"https:\/\/www.inkultura-online.de\/politisch_unkorrekt\/wp-json\/wp\/v2\/media?parent=2226"}],"wp:term":[{"taxonomy":"category","embeddable":true,"href":"https:\/\/www.inkultura-online.de\/politisch_unkorrekt\/wp-json\/wp\/v2\/categories?post=2226"},{"taxonomy":"post_tag","embeddable":true,"href":"https:\/\/www.inkultura-online.de\/politisch_unkorrekt\/wp-json\/wp\/v2\/tags?post=2226"}],"curies":[{"name":"wp","href":"https:\/\/api.w.org\/{rel}","templated":true}]}}