{"id":226,"date":"2015-01-17T17:15:58","date_gmt":"2015-01-17T15:15:58","guid":{"rendered":"http:\/\/www.inkultura-online.de\/politisch_unkorrekt\/?p=226"},"modified":"2015-01-17T17:38:13","modified_gmt":"2015-01-17T15:38:13","slug":"besser-vor-der-eigenen-haustuer-kehren","status":"publish","type":"post","link":"https:\/\/www.inkultura-online.de\/politisch_unkorrekt\/besser-vor-der-eigenen-haustuer-kehren\/","title":{"rendered":"Besser vor der eigenen Haust\u00fcr kehren"},"content":{"rendered":"<p>Der US-amerikanische Drohnenk\u00f6nig Barack Obama hat eine bessere Integration von Muslimen in Europa gefordert. Mit Hinblick auf die USA sagte der Friedensnobelpreistr\u00e4ger und Hellfire-Raketenpolitiker<\/p>\n<blockquote><p>&#8222;Unser gr\u00f6\u00dfter Vorteil ist, dass unsere muslimische Bev\u00f6lkerung sich als Amerikaner f\u00fchlt. Es gibt Teile von Europa, in denen das nicht der Fall ist, und das ist wahrscheinlich die gr\u00f6\u00dfte Gefahr, der Europa gegen\u00fcbersteht.&#8220;<\/p><\/blockquote>\n<p><!--more--><\/p>\n<p>W\u00e4re es nicht angesagt, dass der schlechteste US-amerikanische Pr\u00e4sident, den das Land seit dem 20. Jahrhundert hatte, sich besser um die Angelegenheiten k\u00fcmmern sollte, die vor seiner eigenen Haust\u00fcr geschehen?<\/p>\n<p>Wie w\u00e4re es z. B. mit einer besseren Integration der die USA \u00fcberflutenden Mexikaner? Oder wei\u00df der Pr\u00e4sident nicht, wie es am <a href=\"http:\/\/www.n-tv.de\/mediathek\/bilderserien\/politik\/Die-Grenze-zwischen-den-USA-und-Mexiko-article67611.html\" target=\"_blank\">amerikanisch-mexikanischen Grenzzaun<\/a> aussieht?<\/p>\n<p>Da zettelt der &#8222;F\u00fchrer der freien Welt&#8220; in fast jeden Staat Nordafrikas politische Konflikte an und \u00fcberl\u00e4sst gener\u00f6s den Europ\u00e4ern die Aufr\u00e4umarbeiten in Form von &#8222;Fl\u00fcchtlingswellen&#8220;. Oder steckt hinter all den US-amerikanischen offiziellen und inoffiziellen Interventionen in diesen L\u00e4ndern ein Kalk\u00fcl?<\/p>\n<p>Immerhin hat die amerikanische Politik nach dem Ende des Kalten Krieges kein Interesse an einem starken Europa. Und wie schw\u00e4cht man europ\u00e4ische Staaten am besten? Indem man eben genau die Konflikte sch\u00fcrt, deren <a href=\"http:\/\/www.vimentis.ch\/d\/dialog\/readarticle\/europa-es-herrscht-laengst-buergerkrieg-aber-keiner-schaut-h\/\" target=\"_blank\">Preis<\/a> Europa bezahlen muss. Von wegen bessere Integration von in Europa lebenden Muslimen. Daran haben die USA nicht das geringste Interesse, denn ein schwaches Europa ist Bestandteil der langfristigen US-amerikanischen Polit-Strategie.<\/p>\n","protected":false},"excerpt":{"rendered":"<p>Der US-amerikanische Drohnenk\u00f6nig Barack Obama hat eine bessere Integration von Muslimen in Europa gefordert. Mit Hinblick auf die USA sagte der Friedensnobelpreistr\u00e4ger und Hellfire-Raketenpolitiker &#8222;Unser gr\u00f6\u00dfter Vorteil ist, dass unsere muslimische Bev\u00f6lkerung sich als Amerikaner f\u00fchlt. Es gibt Teile von &hellip; <a href=\"https:\/\/www.inkultura-online.de\/politisch_unkorrekt\/besser-vor-der-eigenen-haustuer-kehren\/\">Weiterlesen <span class=\"meta-nav\">&rarr;<\/span><\/a><\/p>\n","protected":false},"author":1,"featured_media":0,"comment_status":"open","ping_status":"open","sticky":false,"template":"","format":"standard","meta":{"footnotes":""},"categories":[2,3,9],"tags":[135,27,21,133,136,134],"class_list":["post-226","post","type-post","status-publish","format-standard","hentry","category-antipathie","category-die-duemmsten-sprueche-der-woche","category-staaten-untereinander","tag-grenzzaun","tag-integration","tag-islam","tag-mexiko","tag-moslems","tag-usa"],"yoast_head":"<!-- This site is optimized with the Yoast SEO plugin v27.5 - https:\/\/yoast.com\/product\/yoast-seo-wordpress\/ -->\n<title>Besser vor der eigenen Haust\u00fcr kehren<\/title>\n<meta name=\"robots\" content=\"index, follow, max-snippet:-1, max-image-preview:large, max-video-preview:-1\" \/>\n<link rel=\"canonical\" href=\"https:\/\/www.inkultura-online.de\/politisch_unkorrekt\/besser-vor-der-eigenen-haustuer-kehren\/\" \/>\n<meta property=\"og:locale\" content=\"de_DE\" \/>\n<meta property=\"og:type\" content=\"article\" \/>\n<meta property=\"og:title\" content=\"Besser vor der eigenen Haust\u00fcr kehren\" \/>\n<meta property=\"og:description\" content=\"Der US-amerikanische Drohnenk\u00f6nig Barack Obama hat eine bessere Integration von Muslimen in Europa gefordert. Mit Hinblick auf die USA sagte der Friedensnobelpreistr\u00e4ger und Hellfire-Raketenpolitiker &#8222;Unser gr\u00f6\u00dfter Vorteil ist, dass unsere muslimische Bev\u00f6lkerung sich als Amerikaner f\u00fchlt. Es gibt Teile von &hellip; Weiterlesen &rarr;\" \/>\n<meta property=\"og:url\" content=\"https:\/\/www.inkultura-online.de\/politisch_unkorrekt\/besser-vor-der-eigenen-haustuer-kehren\/\" \/>\n<meta property=\"og:site_name\" content=\"Zeitgeist? Frei!\" \/>\n<meta property=\"article:published_time\" content=\"2015-01-17T15:15:58+00:00\" \/>\n<meta property=\"article:modified_time\" content=\"2015-01-17T15:38:13+00:00\" \/>\n<meta name=\"author\" content=\"Orator\" \/>\n<meta name=\"twitter:label1\" content=\"Verfasst von\" \/>\n\t<meta name=\"twitter:data1\" content=\"Orator\" \/>\n\t<meta name=\"twitter:label2\" content=\"Gesch\u00e4tzte Lesezeit\" \/>\n\t<meta name=\"twitter:data2\" content=\"1\u00a0Minute\" \/>\n<script type=\"application\/ld+json\" class=\"yoast-schema-graph\">{\"@context\":\"https:\\\/\\\/schema.org\",\"@graph\":[{\"@type\":\"Article\",\"@id\":\"https:\\\/\\\/www.inkultura-online.de\\\/politisch_unkorrekt\\\/besser-vor-der-eigenen-haustuer-kehren\\\/#article\",\"isPartOf\":{\"@id\":\"https:\\\/\\\/www.inkultura-online.de\\\/politisch_unkorrekt\\\/besser-vor-der-eigenen-haustuer-kehren\\\/\"},\"author\":{\"name\":\"Orator\",\"@id\":\"https:\\\/\\\/www.inkultura-online.de\\\/politisch_unkorrekt\\\/#\\\/schema\\\/person\\\/5b30b80e385478896a1de221e1994d86\"},\"headline\":\"Besser vor der eigenen Haust\u00fcr kehren\",\"datePublished\":\"2015-01-17T15:15:58+00:00\",\"dateModified\":\"2015-01-17T15:38:13+00:00\",\"mainEntityOfPage\":{\"@id\":\"https:\\\/\\\/www.inkultura-online.de\\\/politisch_unkorrekt\\\/besser-vor-der-eigenen-haustuer-kehren\\\/\"},\"wordCount\":248,\"commentCount\":0,\"publisher\":{\"@id\":\"https:\\\/\\\/www.inkultura-online.de\\\/politisch_unkorrekt\\\/#\\\/schema\\\/person\\\/5b30b80e385478896a1de221e1994d86\"},\"keywords\":[\"Grenzzaun\",\"Integration\",\"Islam\",\"Mexiko\",\"Moslems\",\"USA\"],\"articleSection\":[\"Antipathie\",\"Die d\u00fcmmsten Spr\u00fcche der Woche\",\"Staaten untereinander\"],\"inLanguage\":\"de\",\"potentialAction\":[{\"@type\":\"CommentAction\",\"name\":\"Comment\",\"target\":[\"https:\\\/\\\/www.inkultura-online.de\\\/politisch_unkorrekt\\\/besser-vor-der-eigenen-haustuer-kehren\\\/#respond\"]}]},{\"@type\":\"WebPage\",\"@id\":\"https:\\\/\\\/www.inkultura-online.de\\\/politisch_unkorrekt\\\/besser-vor-der-eigenen-haustuer-kehren\\\/\",\"url\":\"https:\\\/\\\/www.inkultura-online.de\\\/politisch_unkorrekt\\\/besser-vor-der-eigenen-haustuer-kehren\\\/\",\"name\":\"Besser vor der eigenen Haust\u00fcr kehren\",\"isPartOf\":{\"@id\":\"https:\\\/\\\/www.inkultura-online.de\\\/politisch_unkorrekt\\\/#website\"},\"datePublished\":\"2015-01-17T15:15:58+00:00\",\"dateModified\":\"2015-01-17T15:38:13+00:00\",\"breadcrumb\":{\"@id\":\"https:\\\/\\\/www.inkultura-online.de\\\/politisch_unkorrekt\\\/besser-vor-der-eigenen-haustuer-kehren\\\/#breadcrumb\"},\"inLanguage\":\"de\",\"potentialAction\":[{\"@type\":\"ReadAction\",\"target\":[\"https:\\\/\\\/www.inkultura-online.de\\\/politisch_unkorrekt\\\/besser-vor-der-eigenen-haustuer-kehren\\\/\"]}]},{\"@type\":\"BreadcrumbList\",\"@id\":\"https:\\\/\\\/www.inkultura-online.de\\\/politisch_unkorrekt\\\/besser-vor-der-eigenen-haustuer-kehren\\\/#breadcrumb\",\"itemListElement\":[{\"@type\":\"ListItem\",\"position\":1,\"name\":\"Home\",\"item\":\"https:\\\/\\\/www.inkultura-online.de\\\/politisch_unkorrekt\\\/\"},{\"@type\":\"ListItem\",\"position\":2,\"name\":\"Besser vor der eigenen Haust\u00fcr kehren\"}]},{\"@type\":\"WebSite\",\"@id\":\"https:\\\/\\\/www.inkultura-online.de\\\/politisch_unkorrekt\\\/#website\",\"url\":\"https:\\\/\\\/www.inkultura-online.de\\\/politisch_unkorrekt\\\/\",\"name\":\"Zeitgeist? Frei!\",\"description\":\"Was Ihr den Geist der Zeiten hei\u00dft...\",\"publisher\":{\"@id\":\"https:\\\/\\\/www.inkultura-online.de\\\/politisch_unkorrekt\\\/#\\\/schema\\\/person\\\/5b30b80e385478896a1de221e1994d86\"},\"potentialAction\":[{\"@type\":\"SearchAction\",\"target\":{\"@type\":\"EntryPoint\",\"urlTemplate\":\"https:\\\/\\\/www.inkultura-online.de\\\/politisch_unkorrekt\\\/?s={search_term_string}\"},\"query-input\":{\"@type\":\"PropertyValueSpecification\",\"valueRequired\":true,\"valueName\":\"search_term_string\"}}],\"inLanguage\":\"de\"},{\"@type\":[\"Person\",\"Organization\"],\"@id\":\"https:\\\/\\\/www.inkultura-online.de\\\/politisch_unkorrekt\\\/#\\\/schema\\\/person\\\/5b30b80e385478896a1de221e1994d86\",\"name\":\"Orator\",\"image\":{\"@type\":\"ImageObject\",\"inLanguage\":\"de\",\"@id\":\"https:\\\/\\\/secure.gravatar.com\\\/avatar\\\/96e03166d31716e9c437060430eb7605c45a8ce6fb6dab483637ca6915dd0844?s=96&d=mm&r=g\",\"url\":\"https:\\\/\\\/secure.gravatar.com\\\/avatar\\\/96e03166d31716e9c437060430eb7605c45a8ce6fb6dab483637ca6915dd0844?s=96&d=mm&r=g\",\"contentUrl\":\"https:\\\/\\\/secure.gravatar.com\\\/avatar\\\/96e03166d31716e9c437060430eb7605c45a8ce6fb6dab483637ca6915dd0844?s=96&d=mm&r=g\",\"caption\":\"Orator\"},\"logo\":{\"@id\":\"https:\\\/\\\/secure.gravatar.com\\\/avatar\\\/96e03166d31716e9c437060430eb7605c45a8ce6fb6dab483637ca6915dd0844?s=96&d=mm&r=g\"},\"url\":\"https:\\\/\\\/www.inkultura-online.de\\\/politisch_unkorrekt\\\/author\\\/1korrektor21-2\\\/\"}]}<\/script>\n<!-- \/ Yoast SEO plugin. -->","yoast_head_json":{"title":"Besser vor der eigenen Haust\u00fcr kehren","robots":{"index":"index","follow":"follow","max-snippet":"max-snippet:-1","max-image-preview":"max-image-preview:large","max-video-preview":"max-video-preview:-1"},"canonical":"https:\/\/www.inkultura-online.de\/politisch_unkorrekt\/besser-vor-der-eigenen-haustuer-kehren\/","og_locale":"de_DE","og_type":"article","og_title":"Besser vor der eigenen Haust\u00fcr kehren","og_description":"Der US-amerikanische Drohnenk\u00f6nig Barack Obama hat eine bessere Integration von Muslimen in Europa gefordert. Mit Hinblick auf die USA sagte der Friedensnobelpreistr\u00e4ger und Hellfire-Raketenpolitiker &#8222;Unser gr\u00f6\u00dfter Vorteil ist, dass unsere muslimische Bev\u00f6lkerung sich als Amerikaner f\u00fchlt. Es gibt Teile von &hellip; Weiterlesen &rarr;","og_url":"https:\/\/www.inkultura-online.de\/politisch_unkorrekt\/besser-vor-der-eigenen-haustuer-kehren\/","og_site_name":"Zeitgeist? Frei!","article_published_time":"2015-01-17T15:15:58+00:00","article_modified_time":"2015-01-17T15:38:13+00:00","author":"Orator","twitter_misc":{"Verfasst von":"Orator","Gesch\u00e4tzte Lesezeit":"1\u00a0Minute"},"schema":{"@context":"https:\/\/schema.org","@graph":[{"@type":"Article","@id":"https:\/\/www.inkultura-online.de\/politisch_unkorrekt\/besser-vor-der-eigenen-haustuer-kehren\/#article","isPartOf":{"@id":"https:\/\/www.inkultura-online.de\/politisch_unkorrekt\/besser-vor-der-eigenen-haustuer-kehren\/"},"author":{"name":"Orator","@id":"https:\/\/www.inkultura-online.de\/politisch_unkorrekt\/#\/schema\/person\/5b30b80e385478896a1de221e1994d86"},"headline":"Besser vor der eigenen Haust\u00fcr kehren","datePublished":"2015-01-17T15:15:58+00:00","dateModified":"2015-01-17T15:38:13+00:00","mainEntityOfPage":{"@id":"https:\/\/www.inkultura-online.de\/politisch_unkorrekt\/besser-vor-der-eigenen-haustuer-kehren\/"},"wordCount":248,"commentCount":0,"publisher":{"@id":"https:\/\/www.inkultura-online.de\/politisch_unkorrekt\/#\/schema\/person\/5b30b80e385478896a1de221e1994d86"},"keywords":["Grenzzaun","Integration","Islam","Mexiko","Moslems","USA"],"articleSection":["Antipathie","Die d\u00fcmmsten Spr\u00fcche der Woche","Staaten untereinander"],"inLanguage":"de","potentialAction":[{"@type":"CommentAction","name":"Comment","target":["https:\/\/www.inkultura-online.de\/politisch_unkorrekt\/besser-vor-der-eigenen-haustuer-kehren\/#respond"]}]},{"@type":"WebPage","@id":"https:\/\/www.inkultura-online.de\/politisch_unkorrekt\/besser-vor-der-eigenen-haustuer-kehren\/","url":"https:\/\/www.inkultura-online.de\/politisch_unkorrekt\/besser-vor-der-eigenen-haustuer-kehren\/","name":"Besser vor der eigenen Haust\u00fcr kehren","isPartOf":{"@id":"https:\/\/www.inkultura-online.de\/politisch_unkorrekt\/#website"},"datePublished":"2015-01-17T15:15:58+00:00","dateModified":"2015-01-17T15:38:13+00:00","breadcrumb":{"@id":"https:\/\/www.inkultura-online.de\/politisch_unkorrekt\/besser-vor-der-eigenen-haustuer-kehren\/#breadcrumb"},"inLanguage":"de","potentialAction":[{"@type":"ReadAction","target":["https:\/\/www.inkultura-online.de\/politisch_unkorrekt\/besser-vor-der-eigenen-haustuer-kehren\/"]}]},{"@type":"BreadcrumbList","@id":"https:\/\/www.inkultura-online.de\/politisch_unkorrekt\/besser-vor-der-eigenen-haustuer-kehren\/#breadcrumb","itemListElement":[{"@type":"ListItem","position":1,"name":"Home","item":"https:\/\/www.inkultura-online.de\/politisch_unkorrekt\/"},{"@type":"ListItem","position":2,"name":"Besser vor der eigenen Haust\u00fcr kehren"}]},{"@type":"WebSite","@id":"https:\/\/www.inkultura-online.de\/politisch_unkorrekt\/#website","url":"https:\/\/www.inkultura-online.de\/politisch_unkorrekt\/","name":"Zeitgeist? Frei!","description":"Was Ihr den Geist der Zeiten hei\u00dft...","publisher":{"@id":"https:\/\/www.inkultura-online.de\/politisch_unkorrekt\/#\/schema\/person\/5b30b80e385478896a1de221e1994d86"},"potentialAction":[{"@type":"SearchAction","target":{"@type":"EntryPoint","urlTemplate":"https:\/\/www.inkultura-online.de\/politisch_unkorrekt\/?s={search_term_string}"},"query-input":{"@type":"PropertyValueSpecification","valueRequired":true,"valueName":"search_term_string"}}],"inLanguage":"de"},{"@type":["Person","Organization"],"@id":"https:\/\/www.inkultura-online.de\/politisch_unkorrekt\/#\/schema\/person\/5b30b80e385478896a1de221e1994d86","name":"Orator","image":{"@type":"ImageObject","inLanguage":"de","@id":"https:\/\/secure.gravatar.com\/avatar\/96e03166d31716e9c437060430eb7605c45a8ce6fb6dab483637ca6915dd0844?s=96&d=mm&r=g","url":"https:\/\/secure.gravatar.com\/avatar\/96e03166d31716e9c437060430eb7605c45a8ce6fb6dab483637ca6915dd0844?s=96&d=mm&r=g","contentUrl":"https:\/\/secure.gravatar.com\/avatar\/96e03166d31716e9c437060430eb7605c45a8ce6fb6dab483637ca6915dd0844?s=96&d=mm&r=g","caption":"Orator"},"logo":{"@id":"https:\/\/secure.gravatar.com\/avatar\/96e03166d31716e9c437060430eb7605c45a8ce6fb6dab483637ca6915dd0844?s=96&d=mm&r=g"},"url":"https:\/\/www.inkultura-online.de\/politisch_unkorrekt\/author\/1korrektor21-2\/"}]}},"_links":{"self":[{"href":"https:\/\/www.inkultura-online.de\/politisch_unkorrekt\/wp-json\/wp\/v2\/posts\/226","targetHints":{"allow":["GET"]}}],"collection":[{"href":"https:\/\/www.inkultura-online.de\/politisch_unkorrekt\/wp-json\/wp\/v2\/posts"}],"about":[{"href":"https:\/\/www.inkultura-online.de\/politisch_unkorrekt\/wp-json\/wp\/v2\/types\/post"}],"author":[{"embeddable":true,"href":"https:\/\/www.inkultura-online.de\/politisch_unkorrekt\/wp-json\/wp\/v2\/users\/1"}],"replies":[{"embeddable":true,"href":"https:\/\/www.inkultura-online.de\/politisch_unkorrekt\/wp-json\/wp\/v2\/comments?post=226"}],"version-history":[{"count":2,"href":"https:\/\/www.inkultura-online.de\/politisch_unkorrekt\/wp-json\/wp\/v2\/posts\/226\/revisions"}],"predecessor-version":[{"id":230,"href":"https:\/\/www.inkultura-online.de\/politisch_unkorrekt\/wp-json\/wp\/v2\/posts\/226\/revisions\/230"}],"wp:attachment":[{"href":"https:\/\/www.inkultura-online.de\/politisch_unkorrekt\/wp-json\/wp\/v2\/media?parent=226"}],"wp:term":[{"taxonomy":"category","embeddable":true,"href":"https:\/\/www.inkultura-online.de\/politisch_unkorrekt\/wp-json\/wp\/v2\/categories?post=226"},{"taxonomy":"post_tag","embeddable":true,"href":"https:\/\/www.inkultura-online.de\/politisch_unkorrekt\/wp-json\/wp\/v2\/tags?post=226"}],"curies":[{"name":"wp","href":"https:\/\/api.w.org\/{rel}","templated":true}]}}