{"id":231,"date":"2015-01-18T13:12:45","date_gmt":"2015-01-18T11:12:45","guid":{"rendered":"http:\/\/www.inkultura-online.de\/politisch_unkorrekt\/?p=231"},"modified":"2015-01-18T13:32:06","modified_gmt":"2015-01-18T11:32:06","slug":"vorgetaeuschte-islamkritik","status":"publish","type":"post","link":"https:\/\/www.inkultura-online.de\/politisch_unkorrekt\/vorgetaeuschte-islamkritik\/","title":{"rendered":"Vorget\u00e4uschte  Islamkritik?"},"content":{"rendered":"<p>Ein herzliches Dankesch\u00f6n an den Islamversteher und Koranerkl\u00e4rer Dipl.-Soz.p\u00e4d. Thorsten Gerald Schneiders, der uns endlich den Unterschied zwischen richtiger und falscher Islamkritik erkl\u00e4rt:<!--more--><\/p>\n<blockquote><p>&#8222;Vorget\u00e4uschte Islamkritik, die nur so tut, als verfolge sie seri\u00f6se Absichten, ist einer der Hauptverbreitungswege f\u00fcr Islamfeindlichkeit und Vorbehalte gegen\u00fcber Muslimen. Im deutschsprachigen Raum hat sich vor einigen Jahren ein Zirkel von Personen gebildet, der diese Art der \u201eIslamkritik\u201c \u00f6ffentlichkeitswirksam vertrat. Dazu geh\u00f6rten Mina Ahadi, Henryk Broder, Ralph Giordano, Necla Kelek, Alice Schwarzer, Udo Ulfkotte und Leon de Winter. Ihre Argumentationsweisen werden in diesem Essential mittels diskursanalytischer Ans\u00e4tze untersucht. Der Autor stellt typische Techniken vor und leistet dadurch einen Beitrag, um echte Islamkritik k\u00fcnftig besser von Islamfeindlichkeit abgrenzen zu k\u00f6nnen.&#8220;<\/p><\/blockquote>\n<p>Merke, ohne die Flei\u00dfarbeit deutscher <a href=\"https:\/\/itunes.apple.com\/de\/book\/wegbereiter-der-modernen-islamfeindlichkeit\/id945263994?l=en&amp;mt=11\" target=\"_blank\">Soziologengehirne<\/a> w\u00e4ren wir immer noch unwissend und dumm.<\/p>\n<p>Eine Frage habe ich allerdings noch an den Geleerten, Verzeihung, Gelehrten: Betrifft die Vort\u00e4uschung von Islamkritik ausschlie\u00dflich Frauen oder ist das ein geschlecher\u00fcbergreifendes Ph\u00e4nomen?<\/p>\n","protected":false},"excerpt":{"rendered":"<p>Ein herzliches Dankesch\u00f6n an den Islamversteher und Koranerkl\u00e4rer Dipl.-Soz.p\u00e4d. Thorsten Gerald Schneiders, der uns endlich den Unterschied zwischen richtiger und falscher Islamkritik erkl\u00e4rt:<\/p>\n","protected":false},"author":1,"featured_media":0,"comment_status":"open","ping_status":"open","sticky":false,"template":"","format":"standard","meta":{"footnotes":""},"categories":[1],"tags":[21,138,137,139],"class_list":["post-231","post","type-post","status-publish","format-standard","hentry","category-fundstuecke","tag-islam","tag-islamfeindlichkeit","tag-islamkritik","tag-soziologengehirne"],"yoast_head":"<!-- This site is optimized with the Yoast SEO plugin v27.5 - https:\/\/yoast.com\/product\/yoast-seo-wordpress\/ -->\n<title>Vorget\u00e4uschte Islamkritik<\/title>\n<meta name=\"robots\" content=\"index, follow, max-snippet:-1, max-image-preview:large, max-video-preview:-1\" \/>\n<link rel=\"canonical\" href=\"https:\/\/www.inkultura-online.de\/politisch_unkorrekt\/vorgetaeuschte-islamkritik\/\" \/>\n<meta property=\"og:locale\" content=\"de_DE\" \/>\n<meta property=\"og:type\" content=\"article\" \/>\n<meta property=\"og:title\" content=\"Vorget\u00e4uschte Islamkritik\" \/>\n<meta property=\"og:description\" content=\"Ein herzliches Dankesch\u00f6n an den Islamversteher und Koranerkl\u00e4rer Dipl.-Soz.p\u00e4d. Thorsten Gerald Schneiders, der uns endlich den Unterschied zwischen richtiger und falscher Islamkritik erkl\u00e4rt:\" \/>\n<meta property=\"og:url\" content=\"https:\/\/www.inkultura-online.de\/politisch_unkorrekt\/vorgetaeuschte-islamkritik\/\" \/>\n<meta property=\"og:site_name\" content=\"Zeitgeist? Frei!\" \/>\n<meta property=\"article:published_time\" content=\"2015-01-18T11:12:45+00:00\" \/>\n<meta property=\"article:modified_time\" content=\"2015-01-18T11:32:06+00:00\" \/>\n<meta name=\"author\" content=\"Orator\" \/>\n<meta name=\"twitter:label1\" content=\"Verfasst von\" \/>\n\t<meta name=\"twitter:data1\" content=\"Orator\" \/>\n\t<meta name=\"twitter:label2\" content=\"Gesch\u00e4tzte Lesezeit\" \/>\n\t<meta name=\"twitter:data2\" content=\"1\u00a0Minute\" \/>\n<script type=\"application\/ld+json\" class=\"yoast-schema-graph\">{\"@context\":\"https:\\\/\\\/schema.org\",\"@graph\":[{\"@type\":\"Article\",\"@id\":\"https:\\\/\\\/www.inkultura-online.de\\\/politisch_unkorrekt\\\/vorgetaeuschte-islamkritik\\\/#article\",\"isPartOf\":{\"@id\":\"https:\\\/\\\/www.inkultura-online.de\\\/politisch_unkorrekt\\\/vorgetaeuschte-islamkritik\\\/\"},\"author\":{\"name\":\"Orator\",\"@id\":\"https:\\\/\\\/www.inkultura-online.de\\\/politisch_unkorrekt\\\/#\\\/schema\\\/person\\\/5b30b80e385478896a1de221e1994d86\"},\"headline\":\"Vorget\u00e4uschte Islamkritik?\",\"datePublished\":\"2015-01-18T11:12:45+00:00\",\"dateModified\":\"2015-01-18T11:32:06+00:00\",\"mainEntityOfPage\":{\"@id\":\"https:\\\/\\\/www.inkultura-online.de\\\/politisch_unkorrekt\\\/vorgetaeuschte-islamkritik\\\/\"},\"wordCount\":173,\"commentCount\":0,\"publisher\":{\"@id\":\"https:\\\/\\\/www.inkultura-online.de\\\/politisch_unkorrekt\\\/#\\\/schema\\\/person\\\/5b30b80e385478896a1de221e1994d86\"},\"keywords\":[\"Islam\",\"Islamfeindlichkeit\",\"Islamkritik\",\"Soziologengehirne\"],\"articleSection\":[\"Fundst\u00fccke\"],\"inLanguage\":\"de\",\"potentialAction\":[{\"@type\":\"CommentAction\",\"name\":\"Comment\",\"target\":[\"https:\\\/\\\/www.inkultura-online.de\\\/politisch_unkorrekt\\\/vorgetaeuschte-islamkritik\\\/#respond\"]}]},{\"@type\":\"WebPage\",\"@id\":\"https:\\\/\\\/www.inkultura-online.de\\\/politisch_unkorrekt\\\/vorgetaeuschte-islamkritik\\\/\",\"url\":\"https:\\\/\\\/www.inkultura-online.de\\\/politisch_unkorrekt\\\/vorgetaeuschte-islamkritik\\\/\",\"name\":\"Vorget\u00e4uschte Islamkritik\",\"isPartOf\":{\"@id\":\"https:\\\/\\\/www.inkultura-online.de\\\/politisch_unkorrekt\\\/#website\"},\"datePublished\":\"2015-01-18T11:12:45+00:00\",\"dateModified\":\"2015-01-18T11:32:06+00:00\",\"breadcrumb\":{\"@id\":\"https:\\\/\\\/www.inkultura-online.de\\\/politisch_unkorrekt\\\/vorgetaeuschte-islamkritik\\\/#breadcrumb\"},\"inLanguage\":\"de\",\"potentialAction\":[{\"@type\":\"ReadAction\",\"target\":[\"https:\\\/\\\/www.inkultura-online.de\\\/politisch_unkorrekt\\\/vorgetaeuschte-islamkritik\\\/\"]}]},{\"@type\":\"BreadcrumbList\",\"@id\":\"https:\\\/\\\/www.inkultura-online.de\\\/politisch_unkorrekt\\\/vorgetaeuschte-islamkritik\\\/#breadcrumb\",\"itemListElement\":[{\"@type\":\"ListItem\",\"position\":1,\"name\":\"Home\",\"item\":\"https:\\\/\\\/www.inkultura-online.de\\\/politisch_unkorrekt\\\/\"},{\"@type\":\"ListItem\",\"position\":2,\"name\":\"Vorget\u00e4uschte Islamkritik?\"}]},{\"@type\":\"WebSite\",\"@id\":\"https:\\\/\\\/www.inkultura-online.de\\\/politisch_unkorrekt\\\/#website\",\"url\":\"https:\\\/\\\/www.inkultura-online.de\\\/politisch_unkorrekt\\\/\",\"name\":\"Zeitgeist? Frei!\",\"description\":\"Was Ihr den Geist der Zeiten hei\u00dft...\",\"publisher\":{\"@id\":\"https:\\\/\\\/www.inkultura-online.de\\\/politisch_unkorrekt\\\/#\\\/schema\\\/person\\\/5b30b80e385478896a1de221e1994d86\"},\"potentialAction\":[{\"@type\":\"SearchAction\",\"target\":{\"@type\":\"EntryPoint\",\"urlTemplate\":\"https:\\\/\\\/www.inkultura-online.de\\\/politisch_unkorrekt\\\/?s={search_term_string}\"},\"query-input\":{\"@type\":\"PropertyValueSpecification\",\"valueRequired\":true,\"valueName\":\"search_term_string\"}}],\"inLanguage\":\"de\"},{\"@type\":[\"Person\",\"Organization\"],\"@id\":\"https:\\\/\\\/www.inkultura-online.de\\\/politisch_unkorrekt\\\/#\\\/schema\\\/person\\\/5b30b80e385478896a1de221e1994d86\",\"name\":\"Orator\",\"image\":{\"@type\":\"ImageObject\",\"inLanguage\":\"de\",\"@id\":\"https:\\\/\\\/secure.gravatar.com\\\/avatar\\\/96e03166d31716e9c437060430eb7605c45a8ce6fb6dab483637ca6915dd0844?s=96&d=mm&r=g\",\"url\":\"https:\\\/\\\/secure.gravatar.com\\\/avatar\\\/96e03166d31716e9c437060430eb7605c45a8ce6fb6dab483637ca6915dd0844?s=96&d=mm&r=g\",\"contentUrl\":\"https:\\\/\\\/secure.gravatar.com\\\/avatar\\\/96e03166d31716e9c437060430eb7605c45a8ce6fb6dab483637ca6915dd0844?s=96&d=mm&r=g\",\"caption\":\"Orator\"},\"logo\":{\"@id\":\"https:\\\/\\\/secure.gravatar.com\\\/avatar\\\/96e03166d31716e9c437060430eb7605c45a8ce6fb6dab483637ca6915dd0844?s=96&d=mm&r=g\"},\"url\":\"https:\\\/\\\/www.inkultura-online.de\\\/politisch_unkorrekt\\\/author\\\/1korrektor21-2\\\/\"}]}<\/script>\n<!-- \/ Yoast SEO plugin. -->","yoast_head_json":{"title":"Vorget\u00e4uschte Islamkritik","robots":{"index":"index","follow":"follow","max-snippet":"max-snippet:-1","max-image-preview":"max-image-preview:large","max-video-preview":"max-video-preview:-1"},"canonical":"https:\/\/www.inkultura-online.de\/politisch_unkorrekt\/vorgetaeuschte-islamkritik\/","og_locale":"de_DE","og_type":"article","og_title":"Vorget\u00e4uschte Islamkritik","og_description":"Ein herzliches Dankesch\u00f6n an den Islamversteher und Koranerkl\u00e4rer Dipl.-Soz.p\u00e4d. Thorsten Gerald Schneiders, der uns endlich den Unterschied zwischen richtiger und falscher Islamkritik erkl\u00e4rt:","og_url":"https:\/\/www.inkultura-online.de\/politisch_unkorrekt\/vorgetaeuschte-islamkritik\/","og_site_name":"Zeitgeist? Frei!","article_published_time":"2015-01-18T11:12:45+00:00","article_modified_time":"2015-01-18T11:32:06+00:00","author":"Orator","twitter_misc":{"Verfasst von":"Orator","Gesch\u00e4tzte Lesezeit":"1\u00a0Minute"},"schema":{"@context":"https:\/\/schema.org","@graph":[{"@type":"Article","@id":"https:\/\/www.inkultura-online.de\/politisch_unkorrekt\/vorgetaeuschte-islamkritik\/#article","isPartOf":{"@id":"https:\/\/www.inkultura-online.de\/politisch_unkorrekt\/vorgetaeuschte-islamkritik\/"},"author":{"name":"Orator","@id":"https:\/\/www.inkultura-online.de\/politisch_unkorrekt\/#\/schema\/person\/5b30b80e385478896a1de221e1994d86"},"headline":"Vorget\u00e4uschte Islamkritik?","datePublished":"2015-01-18T11:12:45+00:00","dateModified":"2015-01-18T11:32:06+00:00","mainEntityOfPage":{"@id":"https:\/\/www.inkultura-online.de\/politisch_unkorrekt\/vorgetaeuschte-islamkritik\/"},"wordCount":173,"commentCount":0,"publisher":{"@id":"https:\/\/www.inkultura-online.de\/politisch_unkorrekt\/#\/schema\/person\/5b30b80e385478896a1de221e1994d86"},"keywords":["Islam","Islamfeindlichkeit","Islamkritik","Soziologengehirne"],"articleSection":["Fundst\u00fccke"],"inLanguage":"de","potentialAction":[{"@type":"CommentAction","name":"Comment","target":["https:\/\/www.inkultura-online.de\/politisch_unkorrekt\/vorgetaeuschte-islamkritik\/#respond"]}]},{"@type":"WebPage","@id":"https:\/\/www.inkultura-online.de\/politisch_unkorrekt\/vorgetaeuschte-islamkritik\/","url":"https:\/\/www.inkultura-online.de\/politisch_unkorrekt\/vorgetaeuschte-islamkritik\/","name":"Vorget\u00e4uschte Islamkritik","isPartOf":{"@id":"https:\/\/www.inkultura-online.de\/politisch_unkorrekt\/#website"},"datePublished":"2015-01-18T11:12:45+00:00","dateModified":"2015-01-18T11:32:06+00:00","breadcrumb":{"@id":"https:\/\/www.inkultura-online.de\/politisch_unkorrekt\/vorgetaeuschte-islamkritik\/#breadcrumb"},"inLanguage":"de","potentialAction":[{"@type":"ReadAction","target":["https:\/\/www.inkultura-online.de\/politisch_unkorrekt\/vorgetaeuschte-islamkritik\/"]}]},{"@type":"BreadcrumbList","@id":"https:\/\/www.inkultura-online.de\/politisch_unkorrekt\/vorgetaeuschte-islamkritik\/#breadcrumb","itemListElement":[{"@type":"ListItem","position":1,"name":"Home","item":"https:\/\/www.inkultura-online.de\/politisch_unkorrekt\/"},{"@type":"ListItem","position":2,"name":"Vorget\u00e4uschte Islamkritik?"}]},{"@type":"WebSite","@id":"https:\/\/www.inkultura-online.de\/politisch_unkorrekt\/#website","url":"https:\/\/www.inkultura-online.de\/politisch_unkorrekt\/","name":"Zeitgeist? Frei!","description":"Was Ihr den Geist der Zeiten hei\u00dft...","publisher":{"@id":"https:\/\/www.inkultura-online.de\/politisch_unkorrekt\/#\/schema\/person\/5b30b80e385478896a1de221e1994d86"},"potentialAction":[{"@type":"SearchAction","target":{"@type":"EntryPoint","urlTemplate":"https:\/\/www.inkultura-online.de\/politisch_unkorrekt\/?s={search_term_string}"},"query-input":{"@type":"PropertyValueSpecification","valueRequired":true,"valueName":"search_term_string"}}],"inLanguage":"de"},{"@type":["Person","Organization"],"@id":"https:\/\/www.inkultura-online.de\/politisch_unkorrekt\/#\/schema\/person\/5b30b80e385478896a1de221e1994d86","name":"Orator","image":{"@type":"ImageObject","inLanguage":"de","@id":"https:\/\/secure.gravatar.com\/avatar\/96e03166d31716e9c437060430eb7605c45a8ce6fb6dab483637ca6915dd0844?s=96&d=mm&r=g","url":"https:\/\/secure.gravatar.com\/avatar\/96e03166d31716e9c437060430eb7605c45a8ce6fb6dab483637ca6915dd0844?s=96&d=mm&r=g","contentUrl":"https:\/\/secure.gravatar.com\/avatar\/96e03166d31716e9c437060430eb7605c45a8ce6fb6dab483637ca6915dd0844?s=96&d=mm&r=g","caption":"Orator"},"logo":{"@id":"https:\/\/secure.gravatar.com\/avatar\/96e03166d31716e9c437060430eb7605c45a8ce6fb6dab483637ca6915dd0844?s=96&d=mm&r=g"},"url":"https:\/\/www.inkultura-online.de\/politisch_unkorrekt\/author\/1korrektor21-2\/"}]}},"_links":{"self":[{"href":"https:\/\/www.inkultura-online.de\/politisch_unkorrekt\/wp-json\/wp\/v2\/posts\/231","targetHints":{"allow":["GET"]}}],"collection":[{"href":"https:\/\/www.inkultura-online.de\/politisch_unkorrekt\/wp-json\/wp\/v2\/posts"}],"about":[{"href":"https:\/\/www.inkultura-online.de\/politisch_unkorrekt\/wp-json\/wp\/v2\/types\/post"}],"author":[{"embeddable":true,"href":"https:\/\/www.inkultura-online.de\/politisch_unkorrekt\/wp-json\/wp\/v2\/users\/1"}],"replies":[{"embeddable":true,"href":"https:\/\/www.inkultura-online.de\/politisch_unkorrekt\/wp-json\/wp\/v2\/comments?post=231"}],"version-history":[{"count":2,"href":"https:\/\/www.inkultura-online.de\/politisch_unkorrekt\/wp-json\/wp\/v2\/posts\/231\/revisions"}],"predecessor-version":[{"id":240,"href":"https:\/\/www.inkultura-online.de\/politisch_unkorrekt\/wp-json\/wp\/v2\/posts\/231\/revisions\/240"}],"wp:attachment":[{"href":"https:\/\/www.inkultura-online.de\/politisch_unkorrekt\/wp-json\/wp\/v2\/media?parent=231"}],"wp:term":[{"taxonomy":"category","embeddable":true,"href":"https:\/\/www.inkultura-online.de\/politisch_unkorrekt\/wp-json\/wp\/v2\/categories?post=231"},{"taxonomy":"post_tag","embeddable":true,"href":"https:\/\/www.inkultura-online.de\/politisch_unkorrekt\/wp-json\/wp\/v2\/tags?post=231"}],"curies":[{"name":"wp","href":"https:\/\/api.w.org\/{rel}","templated":true}]}}