{"id":2317,"date":"2020-11-20T11:30:41","date_gmt":"2020-11-20T09:30:41","guid":{"rendered":"http:\/\/www.inkultura-online.de\/politisch_unkorrekt\/?p=2317"},"modified":"2020-11-20T11:30:41","modified_gmt":"2020-11-20T09:30:41","slug":"gerade-noch-mal-gutgegangen","status":"publish","type":"post","link":"https:\/\/www.inkultura-online.de\/politisch_unkorrekt\/gerade-noch-mal-gutgegangen\/","title":{"rendered":"Gerade noch mal gutgegangen"},"content":{"rendered":"<p>Auf die Verteidiger der Demokratie ist Verlass. In Zeiten allgemeinen Aufruhrs kommt diesen einsamen Helden besondere Bedeutung zu. War es vor wenigen Wochen anl\u00e4sslich der Querdenker-Demo, die sich gegen die massiven und politisch willk\u00fcrlichen Einschr\u00e4nkungen der b\u00fcrgerlichen Freiheiten bez\u00fcglich des Coronavirus wandte, ein Schlagstock schwingender <a href=\"https:\/\/www.youtube.com\/watch?v=ei6W4BmZsU8\" target=\"_blank\" rel=\"noopener noreferrer\">Bruce Lee Adept in Polizeiuniform<\/a>, der eine Gruppe von, zugegeben, etwas euphorisiert wirkenden B\u00fcrgern mit seinen rudernd-martialischen Armbewegungen erfolgreich daran hinderte, die Republik zu st\u00fcrzen, so schlug jetzt f\u00fcr Peter Altmaier, Merkels vorderster Mann an der Propagandafront des propagierten Bullshits \u2013 \u201eniemand wird wegen der Coronakrise seinen Arbeitsplatz verlieren\u201c \u2013 die Sekunde des mutigen Handelns. Mit einem schnellen (so schnell es eben der gut gen\u00e4hrte K\u00f6rper dieses Mannes zulie\u00df) Schritt, b\u00f6se Zungen sprechen von einer Flucht in den Fahrstuhl, rettete der Held des Augenblicks den Deutschen Bundestag vor der Macht\u00fcbernahme durch, so der <a href=\"https:\/\/www.tagesspiegel.de\/politik\/rechten-youtubern-drohen-strafen-das-sind-die-stoerer-die-altmaier-beschimpften-und-bueros-stuermten\/26635852.html#\" target=\"_blank\" rel=\"noopener noreferrer\">Berliner Tagesspiegel<\/a>, die <a href=\"https:\/\/www.tagesspiegel.de\/images\/bundestag-2\/26639596\/2-format43.png\" target=\"_blank\" rel=\"noopener noreferrer\">Medienaktivistin Rebecca Sommer<\/a>. Unser aller Dank geb\u00fchrt diesen tapferen K\u00e4mpfer f\u00fcr die Freiheit.<\/p>\n","protected":false},"excerpt":{"rendered":"<p>Auf die Verteidiger der Demokratie ist Verlass. In Zeiten allgemeinen Aufruhrs kommt diesen einsamen Helden besondere Bedeutung zu. War es vor wenigen Wochen anl\u00e4sslich der Querdenker-Demo, die sich gegen die massiven und politisch willk\u00fcrlichen Einschr\u00e4nkungen der b\u00fcrgerlichen Freiheiten bez\u00fcglich des &hellip; <a href=\"https:\/\/www.inkultura-online.de\/politisch_unkorrekt\/gerade-noch-mal-gutgegangen\/\">Weiterlesen <span class=\"meta-nav\">&rarr;<\/span><\/a><\/p>\n","protected":false},"author":1,"featured_media":0,"comment_status":"closed","ping_status":"closed","sticky":false,"template":"","format":"standard","meta":{"footnotes":""},"categories":[1],"tags":[],"class_list":["post-2317","post","type-post","status-publish","format-standard","hentry","category-fundstuecke"],"yoast_head":"<!-- This site is optimized with the Yoast SEO plugin v27.5 - https:\/\/yoast.com\/product\/yoast-seo-wordpress\/ -->\n<title>Gerade noch mal gutgegangen - Zeitgeist? Frei!<\/title>\n<meta name=\"robots\" content=\"index, follow, max-snippet:-1, max-image-preview:large, max-video-preview:-1\" \/>\n<link rel=\"canonical\" href=\"https:\/\/www.inkultura-online.de\/politisch_unkorrekt\/gerade-noch-mal-gutgegangen\/\" \/>\n<meta property=\"og:locale\" content=\"de_DE\" \/>\n<meta property=\"og:type\" content=\"article\" \/>\n<meta property=\"og:title\" content=\"Gerade noch mal gutgegangen - Zeitgeist? Frei!\" \/>\n<meta property=\"og:description\" content=\"Auf die Verteidiger der Demokratie ist Verlass. In Zeiten allgemeinen Aufruhrs kommt diesen einsamen Helden besondere Bedeutung zu. War es vor wenigen Wochen anl\u00e4sslich der Querdenker-Demo, die sich gegen die massiven und politisch willk\u00fcrlichen Einschr\u00e4nkungen der b\u00fcrgerlichen Freiheiten bez\u00fcglich des &hellip; Weiterlesen &rarr;\" \/>\n<meta property=\"og:url\" content=\"https:\/\/www.inkultura-online.de\/politisch_unkorrekt\/gerade-noch-mal-gutgegangen\/\" \/>\n<meta property=\"og:site_name\" content=\"Zeitgeist? Frei!\" \/>\n<meta property=\"article:published_time\" content=\"2020-11-20T09:30:41+00:00\" \/>\n<meta name=\"author\" content=\"Orator\" \/>\n<meta name=\"twitter:label1\" content=\"Verfasst von\" \/>\n\t<meta name=\"twitter:data1\" content=\"Orator\" \/>\n\t<meta name=\"twitter:label2\" content=\"Gesch\u00e4tzte Lesezeit\" \/>\n\t<meta name=\"twitter:data2\" content=\"1\u00a0Minute\" \/>\n<script type=\"application\/ld+json\" class=\"yoast-schema-graph\">{\"@context\":\"https:\\\/\\\/schema.org\",\"@graph\":[{\"@type\":\"Article\",\"@id\":\"https:\\\/\\\/www.inkultura-online.de\\\/politisch_unkorrekt\\\/gerade-noch-mal-gutgegangen\\\/#article\",\"isPartOf\":{\"@id\":\"https:\\\/\\\/www.inkultura-online.de\\\/politisch_unkorrekt\\\/gerade-noch-mal-gutgegangen\\\/\"},\"author\":{\"name\":\"Orator\",\"@id\":\"https:\\\/\\\/www.inkultura-online.de\\\/politisch_unkorrekt\\\/#\\\/schema\\\/person\\\/5b30b80e385478896a1de221e1994d86\"},\"headline\":\"Gerade noch mal gutgegangen\",\"datePublished\":\"2020-11-20T09:30:41+00:00\",\"mainEntityOfPage\":{\"@id\":\"https:\\\/\\\/www.inkultura-online.de\\\/politisch_unkorrekt\\\/gerade-noch-mal-gutgegangen\\\/\"},\"wordCount\":171,\"publisher\":{\"@id\":\"https:\\\/\\\/www.inkultura-online.de\\\/politisch_unkorrekt\\\/#\\\/schema\\\/person\\\/5b30b80e385478896a1de221e1994d86\"},\"articleSection\":[\"Fundst\u00fccke\"],\"inLanguage\":\"de\"},{\"@type\":\"WebPage\",\"@id\":\"https:\\\/\\\/www.inkultura-online.de\\\/politisch_unkorrekt\\\/gerade-noch-mal-gutgegangen\\\/\",\"url\":\"https:\\\/\\\/www.inkultura-online.de\\\/politisch_unkorrekt\\\/gerade-noch-mal-gutgegangen\\\/\",\"name\":\"Gerade noch mal gutgegangen - Zeitgeist? Frei!\",\"isPartOf\":{\"@id\":\"https:\\\/\\\/www.inkultura-online.de\\\/politisch_unkorrekt\\\/#website\"},\"datePublished\":\"2020-11-20T09:30:41+00:00\",\"breadcrumb\":{\"@id\":\"https:\\\/\\\/www.inkultura-online.de\\\/politisch_unkorrekt\\\/gerade-noch-mal-gutgegangen\\\/#breadcrumb\"},\"inLanguage\":\"de\",\"potentialAction\":[{\"@type\":\"ReadAction\",\"target\":[\"https:\\\/\\\/www.inkultura-online.de\\\/politisch_unkorrekt\\\/gerade-noch-mal-gutgegangen\\\/\"]}]},{\"@type\":\"BreadcrumbList\",\"@id\":\"https:\\\/\\\/www.inkultura-online.de\\\/politisch_unkorrekt\\\/gerade-noch-mal-gutgegangen\\\/#breadcrumb\",\"itemListElement\":[{\"@type\":\"ListItem\",\"position\":1,\"name\":\"Home\",\"item\":\"https:\\\/\\\/www.inkultura-online.de\\\/politisch_unkorrekt\\\/\"},{\"@type\":\"ListItem\",\"position\":2,\"name\":\"Gerade noch mal gutgegangen\"}]},{\"@type\":\"WebSite\",\"@id\":\"https:\\\/\\\/www.inkultura-online.de\\\/politisch_unkorrekt\\\/#website\",\"url\":\"https:\\\/\\\/www.inkultura-online.de\\\/politisch_unkorrekt\\\/\",\"name\":\"Zeitgeist? Frei!\",\"description\":\"Was Ihr den Geist der Zeiten hei\u00dft...\",\"publisher\":{\"@id\":\"https:\\\/\\\/www.inkultura-online.de\\\/politisch_unkorrekt\\\/#\\\/schema\\\/person\\\/5b30b80e385478896a1de221e1994d86\"},\"potentialAction\":[{\"@type\":\"SearchAction\",\"target\":{\"@type\":\"EntryPoint\",\"urlTemplate\":\"https:\\\/\\\/www.inkultura-online.de\\\/politisch_unkorrekt\\\/?s={search_term_string}\"},\"query-input\":{\"@type\":\"PropertyValueSpecification\",\"valueRequired\":true,\"valueName\":\"search_term_string\"}}],\"inLanguage\":\"de\"},{\"@type\":[\"Person\",\"Organization\"],\"@id\":\"https:\\\/\\\/www.inkultura-online.de\\\/politisch_unkorrekt\\\/#\\\/schema\\\/person\\\/5b30b80e385478896a1de221e1994d86\",\"name\":\"Orator\",\"image\":{\"@type\":\"ImageObject\",\"inLanguage\":\"de\",\"@id\":\"https:\\\/\\\/secure.gravatar.com\\\/avatar\\\/96e03166d31716e9c437060430eb7605c45a8ce6fb6dab483637ca6915dd0844?s=96&d=mm&r=g\",\"url\":\"https:\\\/\\\/secure.gravatar.com\\\/avatar\\\/96e03166d31716e9c437060430eb7605c45a8ce6fb6dab483637ca6915dd0844?s=96&d=mm&r=g\",\"contentUrl\":\"https:\\\/\\\/secure.gravatar.com\\\/avatar\\\/96e03166d31716e9c437060430eb7605c45a8ce6fb6dab483637ca6915dd0844?s=96&d=mm&r=g\",\"caption\":\"Orator\"},\"logo\":{\"@id\":\"https:\\\/\\\/secure.gravatar.com\\\/avatar\\\/96e03166d31716e9c437060430eb7605c45a8ce6fb6dab483637ca6915dd0844?s=96&d=mm&r=g\"},\"url\":\"https:\\\/\\\/www.inkultura-online.de\\\/politisch_unkorrekt\\\/author\\\/1korrektor21-2\\\/\"}]}<\/script>\n<!-- \/ Yoast SEO plugin. -->","yoast_head_json":{"title":"Gerade noch mal gutgegangen - Zeitgeist? Frei!","robots":{"index":"index","follow":"follow","max-snippet":"max-snippet:-1","max-image-preview":"max-image-preview:large","max-video-preview":"max-video-preview:-1"},"canonical":"https:\/\/www.inkultura-online.de\/politisch_unkorrekt\/gerade-noch-mal-gutgegangen\/","og_locale":"de_DE","og_type":"article","og_title":"Gerade noch mal gutgegangen - Zeitgeist? Frei!","og_description":"Auf die Verteidiger der Demokratie ist Verlass. In Zeiten allgemeinen Aufruhrs kommt diesen einsamen Helden besondere Bedeutung zu. War es vor wenigen Wochen anl\u00e4sslich der Querdenker-Demo, die sich gegen die massiven und politisch willk\u00fcrlichen Einschr\u00e4nkungen der b\u00fcrgerlichen Freiheiten bez\u00fcglich des &hellip; Weiterlesen &rarr;","og_url":"https:\/\/www.inkultura-online.de\/politisch_unkorrekt\/gerade-noch-mal-gutgegangen\/","og_site_name":"Zeitgeist? Frei!","article_published_time":"2020-11-20T09:30:41+00:00","author":"Orator","twitter_misc":{"Verfasst von":"Orator","Gesch\u00e4tzte Lesezeit":"1\u00a0Minute"},"schema":{"@context":"https:\/\/schema.org","@graph":[{"@type":"Article","@id":"https:\/\/www.inkultura-online.de\/politisch_unkorrekt\/gerade-noch-mal-gutgegangen\/#article","isPartOf":{"@id":"https:\/\/www.inkultura-online.de\/politisch_unkorrekt\/gerade-noch-mal-gutgegangen\/"},"author":{"name":"Orator","@id":"https:\/\/www.inkultura-online.de\/politisch_unkorrekt\/#\/schema\/person\/5b30b80e385478896a1de221e1994d86"},"headline":"Gerade noch mal gutgegangen","datePublished":"2020-11-20T09:30:41+00:00","mainEntityOfPage":{"@id":"https:\/\/www.inkultura-online.de\/politisch_unkorrekt\/gerade-noch-mal-gutgegangen\/"},"wordCount":171,"publisher":{"@id":"https:\/\/www.inkultura-online.de\/politisch_unkorrekt\/#\/schema\/person\/5b30b80e385478896a1de221e1994d86"},"articleSection":["Fundst\u00fccke"],"inLanguage":"de"},{"@type":"WebPage","@id":"https:\/\/www.inkultura-online.de\/politisch_unkorrekt\/gerade-noch-mal-gutgegangen\/","url":"https:\/\/www.inkultura-online.de\/politisch_unkorrekt\/gerade-noch-mal-gutgegangen\/","name":"Gerade noch mal gutgegangen - Zeitgeist? Frei!","isPartOf":{"@id":"https:\/\/www.inkultura-online.de\/politisch_unkorrekt\/#website"},"datePublished":"2020-11-20T09:30:41+00:00","breadcrumb":{"@id":"https:\/\/www.inkultura-online.de\/politisch_unkorrekt\/gerade-noch-mal-gutgegangen\/#breadcrumb"},"inLanguage":"de","potentialAction":[{"@type":"ReadAction","target":["https:\/\/www.inkultura-online.de\/politisch_unkorrekt\/gerade-noch-mal-gutgegangen\/"]}]},{"@type":"BreadcrumbList","@id":"https:\/\/www.inkultura-online.de\/politisch_unkorrekt\/gerade-noch-mal-gutgegangen\/#breadcrumb","itemListElement":[{"@type":"ListItem","position":1,"name":"Home","item":"https:\/\/www.inkultura-online.de\/politisch_unkorrekt\/"},{"@type":"ListItem","position":2,"name":"Gerade noch mal gutgegangen"}]},{"@type":"WebSite","@id":"https:\/\/www.inkultura-online.de\/politisch_unkorrekt\/#website","url":"https:\/\/www.inkultura-online.de\/politisch_unkorrekt\/","name":"Zeitgeist? Frei!","description":"Was Ihr den Geist der Zeiten hei\u00dft...","publisher":{"@id":"https:\/\/www.inkultura-online.de\/politisch_unkorrekt\/#\/schema\/person\/5b30b80e385478896a1de221e1994d86"},"potentialAction":[{"@type":"SearchAction","target":{"@type":"EntryPoint","urlTemplate":"https:\/\/www.inkultura-online.de\/politisch_unkorrekt\/?s={search_term_string}"},"query-input":{"@type":"PropertyValueSpecification","valueRequired":true,"valueName":"search_term_string"}}],"inLanguage":"de"},{"@type":["Person","Organization"],"@id":"https:\/\/www.inkultura-online.de\/politisch_unkorrekt\/#\/schema\/person\/5b30b80e385478896a1de221e1994d86","name":"Orator","image":{"@type":"ImageObject","inLanguage":"de","@id":"https:\/\/secure.gravatar.com\/avatar\/96e03166d31716e9c437060430eb7605c45a8ce6fb6dab483637ca6915dd0844?s=96&d=mm&r=g","url":"https:\/\/secure.gravatar.com\/avatar\/96e03166d31716e9c437060430eb7605c45a8ce6fb6dab483637ca6915dd0844?s=96&d=mm&r=g","contentUrl":"https:\/\/secure.gravatar.com\/avatar\/96e03166d31716e9c437060430eb7605c45a8ce6fb6dab483637ca6915dd0844?s=96&d=mm&r=g","caption":"Orator"},"logo":{"@id":"https:\/\/secure.gravatar.com\/avatar\/96e03166d31716e9c437060430eb7605c45a8ce6fb6dab483637ca6915dd0844?s=96&d=mm&r=g"},"url":"https:\/\/www.inkultura-online.de\/politisch_unkorrekt\/author\/1korrektor21-2\/"}]}},"_links":{"self":[{"href":"https:\/\/www.inkultura-online.de\/politisch_unkorrekt\/wp-json\/wp\/v2\/posts\/2317","targetHints":{"allow":["GET"]}}],"collection":[{"href":"https:\/\/www.inkultura-online.de\/politisch_unkorrekt\/wp-json\/wp\/v2\/posts"}],"about":[{"href":"https:\/\/www.inkultura-online.de\/politisch_unkorrekt\/wp-json\/wp\/v2\/types\/post"}],"author":[{"embeddable":true,"href":"https:\/\/www.inkultura-online.de\/politisch_unkorrekt\/wp-json\/wp\/v2\/users\/1"}],"replies":[{"embeddable":true,"href":"https:\/\/www.inkultura-online.de\/politisch_unkorrekt\/wp-json\/wp\/v2\/comments?post=2317"}],"version-history":[{"count":1,"href":"https:\/\/www.inkultura-online.de\/politisch_unkorrekt\/wp-json\/wp\/v2\/posts\/2317\/revisions"}],"predecessor-version":[{"id":2318,"href":"https:\/\/www.inkultura-online.de\/politisch_unkorrekt\/wp-json\/wp\/v2\/posts\/2317\/revisions\/2318"}],"wp:attachment":[{"href":"https:\/\/www.inkultura-online.de\/politisch_unkorrekt\/wp-json\/wp\/v2\/media?parent=2317"}],"wp:term":[{"taxonomy":"category","embeddable":true,"href":"https:\/\/www.inkultura-online.de\/politisch_unkorrekt\/wp-json\/wp\/v2\/categories?post=2317"},{"taxonomy":"post_tag","embeddable":true,"href":"https:\/\/www.inkultura-online.de\/politisch_unkorrekt\/wp-json\/wp\/v2\/tags?post=2317"}],"curies":[{"name":"wp","href":"https:\/\/api.w.org\/{rel}","templated":true}]}}