{"id":2323,"date":"2020-11-27T20:35:54","date_gmt":"2020-11-27T18:35:54","guid":{"rendered":"http:\/\/www.inkultura-online.de\/politisch_unkorrekt\/?p=2323"},"modified":"2020-11-27T20:35:54","modified_gmt":"2020-11-27T18:35:54","slug":"die-republik-ist-schon-wieder-in-gefahr","status":"publish","type":"post","link":"https:\/\/www.inkultura-online.de\/politisch_unkorrekt\/die-republik-ist-schon-wieder-in-gefahr\/","title":{"rendered":"Die Republik ist schon wieder in Gefahr"},"content":{"rendered":"<p>86 Cent sich eigentlich nicht viel Geld. Vier Br\u00f6tchen beim Discounter, das war es dann auch schon. Ganz anders sieht es allerdings aus, wenn von jedem B\u00fcrger monatlich diese 86 Cent in Form einer Erh\u00f6hung der &#8222;Demokratieabgabe&#8220;, die der \u00d6ffentlich-Rechtlichen-Verdummung zukommt, abgepresst werden. Das macht schon mal locker gut 420 Millionen Euro mehr in den Kassen des Propagandaapparates, der inzwischen ein wackerer und stets zuverl\u00e4ssiger K\u00e4mpfer aufseiten der Regierung ist.<!--more--><\/p>\n<p>In Sachsen-Anhalt droht jetzt erneutes Ungemach, denn die dortige CDU-Fraktion, die seit 2016 (mit)regiert in dem Bundesland, weigert sich, diese Erh\u00f6hung mitzutragen \u2013 und erh\u00e4lt Unterst\u00fctzung von den AfD. Das geht ja nun gar nicht und so muss Annie Kra-Kar, Verzeihung, die CDU-Chefin Annegret Kramp-Karrenbauer bald ein Machtwort sprechen und verhindern, dass ihre Partei mit dem politischem Beelzebub an einem Strang zieht.<\/p>\n<p>Wo k\u00e4men wir denn hin, wenn die AfD mit der CDU gemeinsame Sache macht. Die Gr\u00fcnen drohen bereits mit dem Bruch der bunten Regierungskoalition und nur noch ein Machtwort von Mutti kann den Untergang der Republik verhindern.<\/p>\n<p>Nebenbei bemerkt: Die ARD hat in Sachsen-Anhalt beim Meinungsforschungsinstitut dimap eine Umfrage in Auftrag gegeben, aus der hervorgeht, dass 79 Prozent der Befragten die \u00d6ffentlich-Rechtliche-Verdummung f\u00fcr unverzichtbar halten.<\/p>\n<p>Wie sagt es der Brite so treffend? Who pays the piper calls the tune&#8230;<\/p>\n","protected":false},"excerpt":{"rendered":"<p>86 Cent sich eigentlich nicht viel Geld. Vier Br\u00f6tchen beim Discounter, das war es dann auch schon. Ganz anders sieht es allerdings aus, wenn von jedem B\u00fcrger monatlich diese 86 Cent in Form einer Erh\u00f6hung der &#8222;Demokratieabgabe&#8220;, die der \u00d6ffentlich-Rechtlichen-Verdummung &hellip; <a href=\"https:\/\/www.inkultura-online.de\/politisch_unkorrekt\/die-republik-ist-schon-wieder-in-gefahr\/\">Weiterlesen <span class=\"meta-nav\">&rarr;<\/span><\/a><\/p>\n","protected":false},"author":1,"featured_media":0,"comment_status":"closed","ping_status":"closed","sticky":false,"template":"","format":"standard","meta":{"footnotes":""},"categories":[1],"tags":[543,255,1450],"class_list":["post-2323","post","type-post","status-publish","format-standard","hentry","category-fundstuecke","tag-demokratieabgabe","tag-oeffentlich-rechtliche-verdummung","tag-rundfunksteuer"],"yoast_head":"<!-- This site is optimized with the Yoast SEO plugin v27.5 - https:\/\/yoast.com\/product\/yoast-seo-wordpress\/ -->\n<title>Die Republik ist schon wieder in Gefahr - Zeitgeist? Frei!<\/title>\n<meta name=\"robots\" content=\"index, follow, max-snippet:-1, max-image-preview:large, max-video-preview:-1\" \/>\n<link rel=\"canonical\" href=\"https:\/\/www.inkultura-online.de\/politisch_unkorrekt\/die-republik-ist-schon-wieder-in-gefahr\/\" \/>\n<meta property=\"og:locale\" content=\"de_DE\" \/>\n<meta property=\"og:type\" content=\"article\" \/>\n<meta property=\"og:title\" content=\"Die Republik ist schon wieder in Gefahr - Zeitgeist? Frei!\" \/>\n<meta property=\"og:description\" content=\"86 Cent sich eigentlich nicht viel Geld. Vier Br\u00f6tchen beim Discounter, das war es dann auch schon. Ganz anders sieht es allerdings aus, wenn von jedem B\u00fcrger monatlich diese 86 Cent in Form einer Erh\u00f6hung der &#8222;Demokratieabgabe&#8220;, die der \u00d6ffentlich-Rechtlichen-Verdummung &hellip; Weiterlesen &rarr;\" \/>\n<meta property=\"og:url\" content=\"https:\/\/www.inkultura-online.de\/politisch_unkorrekt\/die-republik-ist-schon-wieder-in-gefahr\/\" \/>\n<meta property=\"og:site_name\" content=\"Zeitgeist? Frei!\" \/>\n<meta property=\"article:published_time\" content=\"2020-11-27T18:35:54+00:00\" \/>\n<meta name=\"author\" content=\"Orator\" \/>\n<meta name=\"twitter:label1\" content=\"Verfasst von\" \/>\n\t<meta name=\"twitter:data1\" content=\"Orator\" \/>\n\t<meta name=\"twitter:label2\" content=\"Gesch\u00e4tzte Lesezeit\" \/>\n\t<meta name=\"twitter:data2\" content=\"1\u00a0Minute\" \/>\n<script type=\"application\/ld+json\" class=\"yoast-schema-graph\">{\"@context\":\"https:\\\/\\\/schema.org\",\"@graph\":[{\"@type\":\"Article\",\"@id\":\"https:\\\/\\\/www.inkultura-online.de\\\/politisch_unkorrekt\\\/die-republik-ist-schon-wieder-in-gefahr\\\/#article\",\"isPartOf\":{\"@id\":\"https:\\\/\\\/www.inkultura-online.de\\\/politisch_unkorrekt\\\/die-republik-ist-schon-wieder-in-gefahr\\\/\"},\"author\":{\"name\":\"Orator\",\"@id\":\"https:\\\/\\\/www.inkultura-online.de\\\/politisch_unkorrekt\\\/#\\\/schema\\\/person\\\/5b30b80e385478896a1de221e1994d86\"},\"headline\":\"Die Republik ist schon wieder in Gefahr\",\"datePublished\":\"2020-11-27T18:35:54+00:00\",\"mainEntityOfPage\":{\"@id\":\"https:\\\/\\\/www.inkultura-online.de\\\/politisch_unkorrekt\\\/die-republik-ist-schon-wieder-in-gefahr\\\/\"},\"wordCount\":224,\"publisher\":{\"@id\":\"https:\\\/\\\/www.inkultura-online.de\\\/politisch_unkorrekt\\\/#\\\/schema\\\/person\\\/5b30b80e385478896a1de221e1994d86\"},\"keywords\":[\"Demokratieabgabe\",\"\u00d6ffentlich-Rechtliche-Verdummung\",\"Rundfunksteuer\"],\"articleSection\":[\"Fundst\u00fccke\"],\"inLanguage\":\"de\"},{\"@type\":\"WebPage\",\"@id\":\"https:\\\/\\\/www.inkultura-online.de\\\/politisch_unkorrekt\\\/die-republik-ist-schon-wieder-in-gefahr\\\/\",\"url\":\"https:\\\/\\\/www.inkultura-online.de\\\/politisch_unkorrekt\\\/die-republik-ist-schon-wieder-in-gefahr\\\/\",\"name\":\"Die Republik ist schon wieder in Gefahr - Zeitgeist? Frei!\",\"isPartOf\":{\"@id\":\"https:\\\/\\\/www.inkultura-online.de\\\/politisch_unkorrekt\\\/#website\"},\"datePublished\":\"2020-11-27T18:35:54+00:00\",\"breadcrumb\":{\"@id\":\"https:\\\/\\\/www.inkultura-online.de\\\/politisch_unkorrekt\\\/die-republik-ist-schon-wieder-in-gefahr\\\/#breadcrumb\"},\"inLanguage\":\"de\",\"potentialAction\":[{\"@type\":\"ReadAction\",\"target\":[\"https:\\\/\\\/www.inkultura-online.de\\\/politisch_unkorrekt\\\/die-republik-ist-schon-wieder-in-gefahr\\\/\"]}]},{\"@type\":\"BreadcrumbList\",\"@id\":\"https:\\\/\\\/www.inkultura-online.de\\\/politisch_unkorrekt\\\/die-republik-ist-schon-wieder-in-gefahr\\\/#breadcrumb\",\"itemListElement\":[{\"@type\":\"ListItem\",\"position\":1,\"name\":\"Home\",\"item\":\"https:\\\/\\\/www.inkultura-online.de\\\/politisch_unkorrekt\\\/\"},{\"@type\":\"ListItem\",\"position\":2,\"name\":\"Die Republik ist schon wieder in Gefahr\"}]},{\"@type\":\"WebSite\",\"@id\":\"https:\\\/\\\/www.inkultura-online.de\\\/politisch_unkorrekt\\\/#website\",\"url\":\"https:\\\/\\\/www.inkultura-online.de\\\/politisch_unkorrekt\\\/\",\"name\":\"Zeitgeist? Frei!\",\"description\":\"Was Ihr den Geist der Zeiten hei\u00dft...\",\"publisher\":{\"@id\":\"https:\\\/\\\/www.inkultura-online.de\\\/politisch_unkorrekt\\\/#\\\/schema\\\/person\\\/5b30b80e385478896a1de221e1994d86\"},\"potentialAction\":[{\"@type\":\"SearchAction\",\"target\":{\"@type\":\"EntryPoint\",\"urlTemplate\":\"https:\\\/\\\/www.inkultura-online.de\\\/politisch_unkorrekt\\\/?s={search_term_string}\"},\"query-input\":{\"@type\":\"PropertyValueSpecification\",\"valueRequired\":true,\"valueName\":\"search_term_string\"}}],\"inLanguage\":\"de\"},{\"@type\":[\"Person\",\"Organization\"],\"@id\":\"https:\\\/\\\/www.inkultura-online.de\\\/politisch_unkorrekt\\\/#\\\/schema\\\/person\\\/5b30b80e385478896a1de221e1994d86\",\"name\":\"Orator\",\"image\":{\"@type\":\"ImageObject\",\"inLanguage\":\"de\",\"@id\":\"https:\\\/\\\/secure.gravatar.com\\\/avatar\\\/96e03166d31716e9c437060430eb7605c45a8ce6fb6dab483637ca6915dd0844?s=96&d=mm&r=g\",\"url\":\"https:\\\/\\\/secure.gravatar.com\\\/avatar\\\/96e03166d31716e9c437060430eb7605c45a8ce6fb6dab483637ca6915dd0844?s=96&d=mm&r=g\",\"contentUrl\":\"https:\\\/\\\/secure.gravatar.com\\\/avatar\\\/96e03166d31716e9c437060430eb7605c45a8ce6fb6dab483637ca6915dd0844?s=96&d=mm&r=g\",\"caption\":\"Orator\"},\"logo\":{\"@id\":\"https:\\\/\\\/secure.gravatar.com\\\/avatar\\\/96e03166d31716e9c437060430eb7605c45a8ce6fb6dab483637ca6915dd0844?s=96&d=mm&r=g\"},\"url\":\"https:\\\/\\\/www.inkultura-online.de\\\/politisch_unkorrekt\\\/author\\\/1korrektor21-2\\\/\"}]}<\/script>\n<!-- \/ Yoast SEO plugin. -->","yoast_head_json":{"title":"Die Republik ist schon wieder in Gefahr - Zeitgeist? Frei!","robots":{"index":"index","follow":"follow","max-snippet":"max-snippet:-1","max-image-preview":"max-image-preview:large","max-video-preview":"max-video-preview:-1"},"canonical":"https:\/\/www.inkultura-online.de\/politisch_unkorrekt\/die-republik-ist-schon-wieder-in-gefahr\/","og_locale":"de_DE","og_type":"article","og_title":"Die Republik ist schon wieder in Gefahr - Zeitgeist? Frei!","og_description":"86 Cent sich eigentlich nicht viel Geld. Vier Br\u00f6tchen beim Discounter, das war es dann auch schon. Ganz anders sieht es allerdings aus, wenn von jedem B\u00fcrger monatlich diese 86 Cent in Form einer Erh\u00f6hung der &#8222;Demokratieabgabe&#8220;, die der \u00d6ffentlich-Rechtlichen-Verdummung &hellip; Weiterlesen &rarr;","og_url":"https:\/\/www.inkultura-online.de\/politisch_unkorrekt\/die-republik-ist-schon-wieder-in-gefahr\/","og_site_name":"Zeitgeist? Frei!","article_published_time":"2020-11-27T18:35:54+00:00","author":"Orator","twitter_misc":{"Verfasst von":"Orator","Gesch\u00e4tzte Lesezeit":"1\u00a0Minute"},"schema":{"@context":"https:\/\/schema.org","@graph":[{"@type":"Article","@id":"https:\/\/www.inkultura-online.de\/politisch_unkorrekt\/die-republik-ist-schon-wieder-in-gefahr\/#article","isPartOf":{"@id":"https:\/\/www.inkultura-online.de\/politisch_unkorrekt\/die-republik-ist-schon-wieder-in-gefahr\/"},"author":{"name":"Orator","@id":"https:\/\/www.inkultura-online.de\/politisch_unkorrekt\/#\/schema\/person\/5b30b80e385478896a1de221e1994d86"},"headline":"Die Republik ist schon wieder in Gefahr","datePublished":"2020-11-27T18:35:54+00:00","mainEntityOfPage":{"@id":"https:\/\/www.inkultura-online.de\/politisch_unkorrekt\/die-republik-ist-schon-wieder-in-gefahr\/"},"wordCount":224,"publisher":{"@id":"https:\/\/www.inkultura-online.de\/politisch_unkorrekt\/#\/schema\/person\/5b30b80e385478896a1de221e1994d86"},"keywords":["Demokratieabgabe","\u00d6ffentlich-Rechtliche-Verdummung","Rundfunksteuer"],"articleSection":["Fundst\u00fccke"],"inLanguage":"de"},{"@type":"WebPage","@id":"https:\/\/www.inkultura-online.de\/politisch_unkorrekt\/die-republik-ist-schon-wieder-in-gefahr\/","url":"https:\/\/www.inkultura-online.de\/politisch_unkorrekt\/die-republik-ist-schon-wieder-in-gefahr\/","name":"Die Republik ist schon wieder in Gefahr - Zeitgeist? Frei!","isPartOf":{"@id":"https:\/\/www.inkultura-online.de\/politisch_unkorrekt\/#website"},"datePublished":"2020-11-27T18:35:54+00:00","breadcrumb":{"@id":"https:\/\/www.inkultura-online.de\/politisch_unkorrekt\/die-republik-ist-schon-wieder-in-gefahr\/#breadcrumb"},"inLanguage":"de","potentialAction":[{"@type":"ReadAction","target":["https:\/\/www.inkultura-online.de\/politisch_unkorrekt\/die-republik-ist-schon-wieder-in-gefahr\/"]}]},{"@type":"BreadcrumbList","@id":"https:\/\/www.inkultura-online.de\/politisch_unkorrekt\/die-republik-ist-schon-wieder-in-gefahr\/#breadcrumb","itemListElement":[{"@type":"ListItem","position":1,"name":"Home","item":"https:\/\/www.inkultura-online.de\/politisch_unkorrekt\/"},{"@type":"ListItem","position":2,"name":"Die Republik ist schon wieder in Gefahr"}]},{"@type":"WebSite","@id":"https:\/\/www.inkultura-online.de\/politisch_unkorrekt\/#website","url":"https:\/\/www.inkultura-online.de\/politisch_unkorrekt\/","name":"Zeitgeist? Frei!","description":"Was Ihr den Geist der Zeiten hei\u00dft...","publisher":{"@id":"https:\/\/www.inkultura-online.de\/politisch_unkorrekt\/#\/schema\/person\/5b30b80e385478896a1de221e1994d86"},"potentialAction":[{"@type":"SearchAction","target":{"@type":"EntryPoint","urlTemplate":"https:\/\/www.inkultura-online.de\/politisch_unkorrekt\/?s={search_term_string}"},"query-input":{"@type":"PropertyValueSpecification","valueRequired":true,"valueName":"search_term_string"}}],"inLanguage":"de"},{"@type":["Person","Organization"],"@id":"https:\/\/www.inkultura-online.de\/politisch_unkorrekt\/#\/schema\/person\/5b30b80e385478896a1de221e1994d86","name":"Orator","image":{"@type":"ImageObject","inLanguage":"de","@id":"https:\/\/secure.gravatar.com\/avatar\/96e03166d31716e9c437060430eb7605c45a8ce6fb6dab483637ca6915dd0844?s=96&d=mm&r=g","url":"https:\/\/secure.gravatar.com\/avatar\/96e03166d31716e9c437060430eb7605c45a8ce6fb6dab483637ca6915dd0844?s=96&d=mm&r=g","contentUrl":"https:\/\/secure.gravatar.com\/avatar\/96e03166d31716e9c437060430eb7605c45a8ce6fb6dab483637ca6915dd0844?s=96&d=mm&r=g","caption":"Orator"},"logo":{"@id":"https:\/\/secure.gravatar.com\/avatar\/96e03166d31716e9c437060430eb7605c45a8ce6fb6dab483637ca6915dd0844?s=96&d=mm&r=g"},"url":"https:\/\/www.inkultura-online.de\/politisch_unkorrekt\/author\/1korrektor21-2\/"}]}},"_links":{"self":[{"href":"https:\/\/www.inkultura-online.de\/politisch_unkorrekt\/wp-json\/wp\/v2\/posts\/2323","targetHints":{"allow":["GET"]}}],"collection":[{"href":"https:\/\/www.inkultura-online.de\/politisch_unkorrekt\/wp-json\/wp\/v2\/posts"}],"about":[{"href":"https:\/\/www.inkultura-online.de\/politisch_unkorrekt\/wp-json\/wp\/v2\/types\/post"}],"author":[{"embeddable":true,"href":"https:\/\/www.inkultura-online.de\/politisch_unkorrekt\/wp-json\/wp\/v2\/users\/1"}],"replies":[{"embeddable":true,"href":"https:\/\/www.inkultura-online.de\/politisch_unkorrekt\/wp-json\/wp\/v2\/comments?post=2323"}],"version-history":[{"count":1,"href":"https:\/\/www.inkultura-online.de\/politisch_unkorrekt\/wp-json\/wp\/v2\/posts\/2323\/revisions"}],"predecessor-version":[{"id":2324,"href":"https:\/\/www.inkultura-online.de\/politisch_unkorrekt\/wp-json\/wp\/v2\/posts\/2323\/revisions\/2324"}],"wp:attachment":[{"href":"https:\/\/www.inkultura-online.de\/politisch_unkorrekt\/wp-json\/wp\/v2\/media?parent=2323"}],"wp:term":[{"taxonomy":"category","embeddable":true,"href":"https:\/\/www.inkultura-online.de\/politisch_unkorrekt\/wp-json\/wp\/v2\/categories?post=2323"},{"taxonomy":"post_tag","embeddable":true,"href":"https:\/\/www.inkultura-online.de\/politisch_unkorrekt\/wp-json\/wp\/v2\/tags?post=2323"}],"curies":[{"name":"wp","href":"https:\/\/api.w.org\/{rel}","templated":true}]}}