{"id":2332,"date":"2020-12-03T14:25:20","date_gmt":"2020-12-03T12:25:20","guid":{"rendered":"http:\/\/www.inkultura-online.de\/politisch_unkorrekt\/?p=2332"},"modified":"2020-12-03T16:34:11","modified_gmt":"2020-12-03T14:34:11","slug":"hau-doch-weg-den-scheiss","status":"publish","type":"post","link":"https:\/\/www.inkultura-online.de\/politisch_unkorrekt\/hau-doch-weg-den-scheiss\/","title":{"rendered":"Hau doch weg den Schei\u00df!"},"content":{"rendered":"<p>Deutschland, ein Irrenhaus. Gestern wurde eines der <a href=\"https:\/\/www.eike-klima-energie.eu\/2020\/12\/02\/aus-fuer-hamburg-moorburg-modernes-kraftwerk-darf-abgeschaltet-werden\/\" target=\"_blank\" rel=\"noopener noreferrer\">modernsten Kohlekraftwerke<\/a> abgeschaltet. Erst 2015 wurde die gut drei Milliarden teure Anlage Moorburg hochgefahren und hatte, so der Betreiber Vattenfall, eine vorerst bis 2038 geplante Betriebszeit. Dank der Liga der \u00d6kofanatiker, die aus Gr\u00fcnen, div. B\u00fcrgerinitiativen und Umweltverb\u00e4nden besteht, ist die Stromversorgung Hamburgs und Umgebung jetzt bestenfalls als unsicher zu bezeichnen. Ein Blick auf das <a href=\"https:\/\/www.agora-energiewende.de\/service\/agorameter\/chart\/power_generation\/25.11.2020\/02.12.2020\/\" target=\"_blank\" rel=\"noopener noreferrer\">Agorameter<\/a> der Plattform Agora, deren Ziel eben die Energiewende ist, und damit \u201eunverd\u00e4chtig\u201c, zeigt \u2013 Tagesgenau \u2013 Stromverbrauch, dessen Erzeugung und die Herkunft des Stroms. Was f\u00fcr eine \u00dcberraschung, Wasser- und Solarkraft findet der geneigte Betrachter unter \u201eferner liefen\u201c. Woher die jetzt fehlenden 1600 MW elektrische Leistung aus Moorburg kommen soll, wei\u00df niemand, schon gar nicht die hoffentlich bald frierenden Lastenradfahrer der \u00d6komafia.<\/p>\n<p>Doch halt! Pl\u00f6tzlich f\u00e4llt es mir wieder ein, woher der Strom kommt. Der wird doch im Netz gespeichert, so eine <a href=\"https:\/\/unbesorgt.de\/ausgerechnet-die-gruene-kompetenz-von-annalena-baerbock\/\" target=\"_blank\" rel=\"noopener noreferrer\">gr\u00fcne Expertin<\/a> f\u00fcr Verbal<span class=\"js-about-item-abstr\">diarrhoe<\/span>. Puh, da haben wir, da hat Deutschlands Norden ja noch mal Gl\u00fcck gehabt.<\/p>\n","protected":false},"excerpt":{"rendered":"<p>Deutschland, ein Irrenhaus. Gestern wurde eines der modernsten Kohlekraftwerke abgeschaltet. Erst 2015 wurde die gut drei Milliarden teure Anlage Moorburg hochgefahren und hatte, so der Betreiber Vattenfall, eine vorerst bis 2038 geplante Betriebszeit. Dank der Liga der \u00d6kofanatiker, die aus &hellip; <a href=\"https:\/\/www.inkultura-online.de\/politisch_unkorrekt\/hau-doch-weg-den-scheiss\/\">Weiterlesen <span class=\"meta-nav\">&rarr;<\/span><\/a><\/p>\n","protected":false},"author":1,"featured_media":0,"comment_status":"closed","ping_status":"closed","sticky":false,"template":"","format":"standard","meta":{"footnotes":""},"categories":[2,1,444,10,11],"tags":[421,410,1452,1453,1454],"class_list":["post-2332","post","type-post","status-publish","format-standard","hentry","category-antipathie","category-fundstuecke","category-gedanken-zum-tag","category-systemfehler","category-was-die-qualitaetspresse-gern-verschweigt","tag-energiewende","tag-gruene","tag-hamburg-moorburg","tag-kohlekraftwerk","tag-oekofanatiker"],"yoast_head":"<!-- This site is optimized with the Yoast SEO plugin v27.5 - https:\/\/yoast.com\/product\/yoast-seo-wordpress\/ -->\n<title>Hau doch weg den Schei\u00df! - Zeitgeist? Frei!<\/title>\n<meta name=\"robots\" content=\"index, follow, max-snippet:-1, max-image-preview:large, max-video-preview:-1\" \/>\n<link rel=\"canonical\" href=\"https:\/\/www.inkultura-online.de\/politisch_unkorrekt\/hau-doch-weg-den-scheiss\/\" \/>\n<meta property=\"og:locale\" content=\"de_DE\" \/>\n<meta property=\"og:type\" content=\"article\" \/>\n<meta property=\"og:title\" content=\"Hau doch weg den Schei\u00df! - Zeitgeist? Frei!\" \/>\n<meta property=\"og:description\" content=\"Deutschland, ein Irrenhaus. Gestern wurde eines der modernsten Kohlekraftwerke abgeschaltet. Erst 2015 wurde die gut drei Milliarden teure Anlage Moorburg hochgefahren und hatte, so der Betreiber Vattenfall, eine vorerst bis 2038 geplante Betriebszeit. Dank der Liga der \u00d6kofanatiker, die aus &hellip; Weiterlesen &rarr;\" \/>\n<meta property=\"og:url\" content=\"https:\/\/www.inkultura-online.de\/politisch_unkorrekt\/hau-doch-weg-den-scheiss\/\" \/>\n<meta property=\"og:site_name\" content=\"Zeitgeist? Frei!\" \/>\n<meta property=\"article:published_time\" content=\"2020-12-03T12:25:20+00:00\" \/>\n<meta property=\"article:modified_time\" content=\"2020-12-03T14:34:11+00:00\" \/>\n<meta name=\"author\" content=\"Orator\" \/>\n<meta name=\"twitter:label1\" content=\"Verfasst von\" \/>\n\t<meta name=\"twitter:data1\" content=\"Orator\" \/>\n\t<meta name=\"twitter:label2\" content=\"Gesch\u00e4tzte Lesezeit\" \/>\n\t<meta name=\"twitter:data2\" content=\"1\u00a0Minute\" \/>\n<script type=\"application\/ld+json\" class=\"yoast-schema-graph\">{\"@context\":\"https:\\\/\\\/schema.org\",\"@graph\":[{\"@type\":\"Article\",\"@id\":\"https:\\\/\\\/www.inkultura-online.de\\\/politisch_unkorrekt\\\/hau-doch-weg-den-scheiss\\\/#article\",\"isPartOf\":{\"@id\":\"https:\\\/\\\/www.inkultura-online.de\\\/politisch_unkorrekt\\\/hau-doch-weg-den-scheiss\\\/\"},\"author\":{\"name\":\"Orator\",\"@id\":\"https:\\\/\\\/www.inkultura-online.de\\\/politisch_unkorrekt\\\/#\\\/schema\\\/person\\\/5b30b80e385478896a1de221e1994d86\"},\"headline\":\"Hau doch weg den Schei\u00df!\",\"datePublished\":\"2020-12-03T12:25:20+00:00\",\"dateModified\":\"2020-12-03T14:34:11+00:00\",\"mainEntityOfPage\":{\"@id\":\"https:\\\/\\\/www.inkultura-online.de\\\/politisch_unkorrekt\\\/hau-doch-weg-den-scheiss\\\/\"},\"wordCount\":172,\"publisher\":{\"@id\":\"https:\\\/\\\/www.inkultura-online.de\\\/politisch_unkorrekt\\\/#\\\/schema\\\/person\\\/5b30b80e385478896a1de221e1994d86\"},\"keywords\":[\"Energiewende\",\"Gr\u00fcne\",\"Hamburg-Moorburg\",\"Kohlekraftwerk\",\"\u00d6kofanatiker\"],\"articleSection\":[\"Antipathie\",\"Fundst\u00fccke\",\"Gedanken zum Tag\",\"Systemfehler\",\"Was die \\\"Qualit\u00e4tspresse\\\" gern verschweigt\"],\"inLanguage\":\"de\"},{\"@type\":\"WebPage\",\"@id\":\"https:\\\/\\\/www.inkultura-online.de\\\/politisch_unkorrekt\\\/hau-doch-weg-den-scheiss\\\/\",\"url\":\"https:\\\/\\\/www.inkultura-online.de\\\/politisch_unkorrekt\\\/hau-doch-weg-den-scheiss\\\/\",\"name\":\"Hau doch weg den Schei\u00df! - Zeitgeist? Frei!\",\"isPartOf\":{\"@id\":\"https:\\\/\\\/www.inkultura-online.de\\\/politisch_unkorrekt\\\/#website\"},\"datePublished\":\"2020-12-03T12:25:20+00:00\",\"dateModified\":\"2020-12-03T14:34:11+00:00\",\"breadcrumb\":{\"@id\":\"https:\\\/\\\/www.inkultura-online.de\\\/politisch_unkorrekt\\\/hau-doch-weg-den-scheiss\\\/#breadcrumb\"},\"inLanguage\":\"de\",\"potentialAction\":[{\"@type\":\"ReadAction\",\"target\":[\"https:\\\/\\\/www.inkultura-online.de\\\/politisch_unkorrekt\\\/hau-doch-weg-den-scheiss\\\/\"]}]},{\"@type\":\"BreadcrumbList\",\"@id\":\"https:\\\/\\\/www.inkultura-online.de\\\/politisch_unkorrekt\\\/hau-doch-weg-den-scheiss\\\/#breadcrumb\",\"itemListElement\":[{\"@type\":\"ListItem\",\"position\":1,\"name\":\"Home\",\"item\":\"https:\\\/\\\/www.inkultura-online.de\\\/politisch_unkorrekt\\\/\"},{\"@type\":\"ListItem\",\"position\":2,\"name\":\"Hau doch weg den Schei\u00df!\"}]},{\"@type\":\"WebSite\",\"@id\":\"https:\\\/\\\/www.inkultura-online.de\\\/politisch_unkorrekt\\\/#website\",\"url\":\"https:\\\/\\\/www.inkultura-online.de\\\/politisch_unkorrekt\\\/\",\"name\":\"Zeitgeist? Frei!\",\"description\":\"Was Ihr den Geist der Zeiten hei\u00dft...\",\"publisher\":{\"@id\":\"https:\\\/\\\/www.inkultura-online.de\\\/politisch_unkorrekt\\\/#\\\/schema\\\/person\\\/5b30b80e385478896a1de221e1994d86\"},\"potentialAction\":[{\"@type\":\"SearchAction\",\"target\":{\"@type\":\"EntryPoint\",\"urlTemplate\":\"https:\\\/\\\/www.inkultura-online.de\\\/politisch_unkorrekt\\\/?s={search_term_string}\"},\"query-input\":{\"@type\":\"PropertyValueSpecification\",\"valueRequired\":true,\"valueName\":\"search_term_string\"}}],\"inLanguage\":\"de\"},{\"@type\":[\"Person\",\"Organization\"],\"@id\":\"https:\\\/\\\/www.inkultura-online.de\\\/politisch_unkorrekt\\\/#\\\/schema\\\/person\\\/5b30b80e385478896a1de221e1994d86\",\"name\":\"Orator\",\"image\":{\"@type\":\"ImageObject\",\"inLanguage\":\"de\",\"@id\":\"https:\\\/\\\/secure.gravatar.com\\\/avatar\\\/96e03166d31716e9c437060430eb7605c45a8ce6fb6dab483637ca6915dd0844?s=96&d=mm&r=g\",\"url\":\"https:\\\/\\\/secure.gravatar.com\\\/avatar\\\/96e03166d31716e9c437060430eb7605c45a8ce6fb6dab483637ca6915dd0844?s=96&d=mm&r=g\",\"contentUrl\":\"https:\\\/\\\/secure.gravatar.com\\\/avatar\\\/96e03166d31716e9c437060430eb7605c45a8ce6fb6dab483637ca6915dd0844?s=96&d=mm&r=g\",\"caption\":\"Orator\"},\"logo\":{\"@id\":\"https:\\\/\\\/secure.gravatar.com\\\/avatar\\\/96e03166d31716e9c437060430eb7605c45a8ce6fb6dab483637ca6915dd0844?s=96&d=mm&r=g\"},\"url\":\"https:\\\/\\\/www.inkultura-online.de\\\/politisch_unkorrekt\\\/author\\\/1korrektor21-2\\\/\"}]}<\/script>\n<!-- \/ Yoast SEO plugin. -->","yoast_head_json":{"title":"Hau doch weg den Schei\u00df! - Zeitgeist? Frei!","robots":{"index":"index","follow":"follow","max-snippet":"max-snippet:-1","max-image-preview":"max-image-preview:large","max-video-preview":"max-video-preview:-1"},"canonical":"https:\/\/www.inkultura-online.de\/politisch_unkorrekt\/hau-doch-weg-den-scheiss\/","og_locale":"de_DE","og_type":"article","og_title":"Hau doch weg den Schei\u00df! - Zeitgeist? Frei!","og_description":"Deutschland, ein Irrenhaus. Gestern wurde eines der modernsten Kohlekraftwerke abgeschaltet. Erst 2015 wurde die gut drei Milliarden teure Anlage Moorburg hochgefahren und hatte, so der Betreiber Vattenfall, eine vorerst bis 2038 geplante Betriebszeit. Dank der Liga der \u00d6kofanatiker, die aus &hellip; Weiterlesen &rarr;","og_url":"https:\/\/www.inkultura-online.de\/politisch_unkorrekt\/hau-doch-weg-den-scheiss\/","og_site_name":"Zeitgeist? Frei!","article_published_time":"2020-12-03T12:25:20+00:00","article_modified_time":"2020-12-03T14:34:11+00:00","author":"Orator","twitter_misc":{"Verfasst von":"Orator","Gesch\u00e4tzte Lesezeit":"1\u00a0Minute"},"schema":{"@context":"https:\/\/schema.org","@graph":[{"@type":"Article","@id":"https:\/\/www.inkultura-online.de\/politisch_unkorrekt\/hau-doch-weg-den-scheiss\/#article","isPartOf":{"@id":"https:\/\/www.inkultura-online.de\/politisch_unkorrekt\/hau-doch-weg-den-scheiss\/"},"author":{"name":"Orator","@id":"https:\/\/www.inkultura-online.de\/politisch_unkorrekt\/#\/schema\/person\/5b30b80e385478896a1de221e1994d86"},"headline":"Hau doch weg den Schei\u00df!","datePublished":"2020-12-03T12:25:20+00:00","dateModified":"2020-12-03T14:34:11+00:00","mainEntityOfPage":{"@id":"https:\/\/www.inkultura-online.de\/politisch_unkorrekt\/hau-doch-weg-den-scheiss\/"},"wordCount":172,"publisher":{"@id":"https:\/\/www.inkultura-online.de\/politisch_unkorrekt\/#\/schema\/person\/5b30b80e385478896a1de221e1994d86"},"keywords":["Energiewende","Gr\u00fcne","Hamburg-Moorburg","Kohlekraftwerk","\u00d6kofanatiker"],"articleSection":["Antipathie","Fundst\u00fccke","Gedanken zum Tag","Systemfehler","Was die \"Qualit\u00e4tspresse\" gern verschweigt"],"inLanguage":"de"},{"@type":"WebPage","@id":"https:\/\/www.inkultura-online.de\/politisch_unkorrekt\/hau-doch-weg-den-scheiss\/","url":"https:\/\/www.inkultura-online.de\/politisch_unkorrekt\/hau-doch-weg-den-scheiss\/","name":"Hau doch weg den Schei\u00df! - Zeitgeist? Frei!","isPartOf":{"@id":"https:\/\/www.inkultura-online.de\/politisch_unkorrekt\/#website"},"datePublished":"2020-12-03T12:25:20+00:00","dateModified":"2020-12-03T14:34:11+00:00","breadcrumb":{"@id":"https:\/\/www.inkultura-online.de\/politisch_unkorrekt\/hau-doch-weg-den-scheiss\/#breadcrumb"},"inLanguage":"de","potentialAction":[{"@type":"ReadAction","target":["https:\/\/www.inkultura-online.de\/politisch_unkorrekt\/hau-doch-weg-den-scheiss\/"]}]},{"@type":"BreadcrumbList","@id":"https:\/\/www.inkultura-online.de\/politisch_unkorrekt\/hau-doch-weg-den-scheiss\/#breadcrumb","itemListElement":[{"@type":"ListItem","position":1,"name":"Home","item":"https:\/\/www.inkultura-online.de\/politisch_unkorrekt\/"},{"@type":"ListItem","position":2,"name":"Hau doch weg den Schei\u00df!"}]},{"@type":"WebSite","@id":"https:\/\/www.inkultura-online.de\/politisch_unkorrekt\/#website","url":"https:\/\/www.inkultura-online.de\/politisch_unkorrekt\/","name":"Zeitgeist? Frei!","description":"Was Ihr den Geist der Zeiten hei\u00dft...","publisher":{"@id":"https:\/\/www.inkultura-online.de\/politisch_unkorrekt\/#\/schema\/person\/5b30b80e385478896a1de221e1994d86"},"potentialAction":[{"@type":"SearchAction","target":{"@type":"EntryPoint","urlTemplate":"https:\/\/www.inkultura-online.de\/politisch_unkorrekt\/?s={search_term_string}"},"query-input":{"@type":"PropertyValueSpecification","valueRequired":true,"valueName":"search_term_string"}}],"inLanguage":"de"},{"@type":["Person","Organization"],"@id":"https:\/\/www.inkultura-online.de\/politisch_unkorrekt\/#\/schema\/person\/5b30b80e385478896a1de221e1994d86","name":"Orator","image":{"@type":"ImageObject","inLanguage":"de","@id":"https:\/\/secure.gravatar.com\/avatar\/96e03166d31716e9c437060430eb7605c45a8ce6fb6dab483637ca6915dd0844?s=96&d=mm&r=g","url":"https:\/\/secure.gravatar.com\/avatar\/96e03166d31716e9c437060430eb7605c45a8ce6fb6dab483637ca6915dd0844?s=96&d=mm&r=g","contentUrl":"https:\/\/secure.gravatar.com\/avatar\/96e03166d31716e9c437060430eb7605c45a8ce6fb6dab483637ca6915dd0844?s=96&d=mm&r=g","caption":"Orator"},"logo":{"@id":"https:\/\/secure.gravatar.com\/avatar\/96e03166d31716e9c437060430eb7605c45a8ce6fb6dab483637ca6915dd0844?s=96&d=mm&r=g"},"url":"https:\/\/www.inkultura-online.de\/politisch_unkorrekt\/author\/1korrektor21-2\/"}]}},"_links":{"self":[{"href":"https:\/\/www.inkultura-online.de\/politisch_unkorrekt\/wp-json\/wp\/v2\/posts\/2332","targetHints":{"allow":["GET"]}}],"collection":[{"href":"https:\/\/www.inkultura-online.de\/politisch_unkorrekt\/wp-json\/wp\/v2\/posts"}],"about":[{"href":"https:\/\/www.inkultura-online.de\/politisch_unkorrekt\/wp-json\/wp\/v2\/types\/post"}],"author":[{"embeddable":true,"href":"https:\/\/www.inkultura-online.de\/politisch_unkorrekt\/wp-json\/wp\/v2\/users\/1"}],"replies":[{"embeddable":true,"href":"https:\/\/www.inkultura-online.de\/politisch_unkorrekt\/wp-json\/wp\/v2\/comments?post=2332"}],"version-history":[{"count":2,"href":"https:\/\/www.inkultura-online.de\/politisch_unkorrekt\/wp-json\/wp\/v2\/posts\/2332\/revisions"}],"predecessor-version":[{"id":2334,"href":"https:\/\/www.inkultura-online.de\/politisch_unkorrekt\/wp-json\/wp\/v2\/posts\/2332\/revisions\/2334"}],"wp:attachment":[{"href":"https:\/\/www.inkultura-online.de\/politisch_unkorrekt\/wp-json\/wp\/v2\/media?parent=2332"}],"wp:term":[{"taxonomy":"category","embeddable":true,"href":"https:\/\/www.inkultura-online.de\/politisch_unkorrekt\/wp-json\/wp\/v2\/categories?post=2332"},{"taxonomy":"post_tag","embeddable":true,"href":"https:\/\/www.inkultura-online.de\/politisch_unkorrekt\/wp-json\/wp\/v2\/tags?post=2332"}],"curies":[{"name":"wp","href":"https:\/\/api.w.org\/{rel}","templated":true}]}}