{"id":2364,"date":"2021-02-02T13:54:52","date_gmt":"2021-02-02T11:54:52","guid":{"rendered":"http:\/\/www.inkultura-online.de\/politisch_unkorrekt\/?p=2364"},"modified":"2021-02-02T13:54:52","modified_gmt":"2021-02-02T11:54:52","slug":"gesucht-juristen-und-verfassungsrechtler","status":"publish","type":"post","link":"https:\/\/www.inkultura-online.de\/politisch_unkorrekt\/gesucht-juristen-und-verfassungsrechtler\/","title":{"rendered":"Gesucht: Juristen und Verfassungsrechtler"},"content":{"rendered":"<p>Nach dem Treffen der hauptamtlichen Versager und Minderleister \u2013 die Hofbericht erstattende Meute der Zeilenhuren bezeichnete es, unisono mit unseren Politdarstellern als \u201eImpfgipfel\u201c \u2013 stellt sich der aufmerksame Beobachter des politischen Zeitgeists einmal mehr die Frage, wo, um Himmels Willen, verstecken sich all die klugen Juristen, Verfassungsrechtler und auch der Verfassungsschutz?<!--more--><\/p>\n<p>Sind die alle im Homeoffice und haben keinen Fernseh- und Internetempfang? Sitzen die an den Str\u00e4nden der Kanarischen Inseln und lassen sich die Sonne auf den Pelz brennen oder verstecken die sich feige in ihren L\u00f6chern, aus Angst, bei der n\u00e4chsten Bef\u00f6rderung \u00fcbergangen zu werden, wenn sie ihren Aufgaben und Pflichten nachkommen?<\/p>\n<p>Wie kann es sein, dass die Bundeskanzlerin ungeniert davon plappert, dass die dem B\u00fcrger entzogenen Grundrechte, wie sie es radebrechend aus dem Mund w\u00fcrgte, <em>\u201ePrivilegien\u201c<\/em> sind und, wie sie es ebenfalls verk\u00fcndete: <em>\u201eSolange es nach wie vor so ist, dass nur ein kleiner Teil der Menschen geimpft ist, wird es keine neuen Freiheiten geben\u201c, <\/em>und kein Jurist, kein Verfassungsrechtler und schon gar nicht der Verfassungsschutz erhebt, wenn schon nicht Anklage, dann doch bittesch\u00f6n wenigstens Einspruch.<\/p>\n<p>Aufwachen und nicht nur das rechte Auge \u00f6ffnen!<\/p>\n<p>Dass Wiederspruch nicht von den Claqueuren der \u00d6ffentlich-Rechtlichen-Verdummung kommt, ist klar, denn die lebt bekanntlich von den politisch erlaubten Schutzgelderpressungen gegen\u00fcber dem B\u00fcrger. Aber auch die Edelfedern des \u201eQualit\u00e4tsjournalismus\u201c h\u00e4ngen nicht nur am Tropf der Regierung, sondern auch an denen selbst ernannter Philanthropen und Weltretter, deren Agenda die flei\u00dfigen Schreiberlinge nicht m\u00fcde werden zu publizieren.<\/p>\n<p>Wes` Brot ich ess`, des`Lied ich sing`.<\/p>\n<p>Wer noch vor einem Jahr prognostiziert h\u00e4tte, dass vom Grundgesetz garantierte b\u00fcrgerliche Rechte und Freiheiten im Handstreich von der Gr\u00f6KaZ und ihrer Eunuchentruppe dauerhaft au\u00dfer Kraft gesetzt w\u00fcrden \u2013 offiziell nat\u00fcrlich nur zum Schutz der B\u00fcrger \u2013, der w\u00e4re als Verschw\u00f6rungstheoretiker diskreditiert worden.<\/p>\n<p>Wer hat jetzt Recht behalten?<\/p>\n","protected":false},"excerpt":{"rendered":"<p>Nach dem Treffen der hauptamtlichen Versager und Minderleister \u2013 die Hofbericht erstattende Meute der Zeilenhuren bezeichnete es, unisono mit unseren Politdarstellern als \u201eImpfgipfel\u201c \u2013 stellt sich der aufmerksame Beobachter des politischen Zeitgeists einmal mehr die Frage, wo, um Himmels Willen, &hellip; <a href=\"https:\/\/www.inkultura-online.de\/politisch_unkorrekt\/gesucht-juristen-und-verfassungsrechtler\/\">Weiterlesen <span class=\"meta-nav\">&rarr;<\/span><\/a><\/p>\n","protected":false},"author":1,"featured_media":0,"comment_status":"closed","ping_status":"closed","sticky":false,"template":"","format":"standard","meta":{"footnotes":""},"categories":[2,1,444,5,8,10,11],"tags":[1221,1472,1470,466],"class_list":["post-2364","post","type-post","status-publish","format-standard","hentry","category-antipathie","category-fundstuecke","category-gedanken-zum-tag","category-meinungen-und-sprueche","category-schlimme-woerter","category-systemfehler","category-was-die-qualitaetspresse-gern-verschweigt","tag-grundrechte","tag-grundrechteentzug","tag-merkels-eunuchentruppe","tag-verfassungsschutz"],"yoast_head":"<!-- This site is optimized with the Yoast SEO plugin v27.4 - https:\/\/yoast.com\/product\/yoast-seo-wordpress\/ -->\n<title>Gesucht: Juristen und Verfassungsrechtler - Zeitgeist? Frei!<\/title>\n<meta name=\"robots\" content=\"index, follow, max-snippet:-1, max-image-preview:large, max-video-preview:-1\" \/>\n<link rel=\"canonical\" href=\"https:\/\/www.inkultura-online.de\/politisch_unkorrekt\/gesucht-juristen-und-verfassungsrechtler\/\" \/>\n<meta property=\"og:locale\" content=\"de_DE\" \/>\n<meta property=\"og:type\" content=\"article\" \/>\n<meta property=\"og:title\" content=\"Gesucht: Juristen und Verfassungsrechtler - Zeitgeist? Frei!\" \/>\n<meta property=\"og:description\" content=\"Nach dem Treffen der hauptamtlichen Versager und Minderleister \u2013 die Hofbericht erstattende Meute der Zeilenhuren bezeichnete es, unisono mit unseren Politdarstellern als \u201eImpfgipfel\u201c \u2013 stellt sich der aufmerksame Beobachter des politischen Zeitgeists einmal mehr die Frage, wo, um Himmels Willen, &hellip; Weiterlesen &rarr;\" \/>\n<meta property=\"og:url\" content=\"https:\/\/www.inkultura-online.de\/politisch_unkorrekt\/gesucht-juristen-und-verfassungsrechtler\/\" \/>\n<meta property=\"og:site_name\" content=\"Zeitgeist? Frei!\" \/>\n<meta property=\"article:published_time\" content=\"2021-02-02T11:54:52+00:00\" \/>\n<meta name=\"author\" content=\"Orator\" \/>\n<meta name=\"twitter:label1\" content=\"Verfasst von\" \/>\n\t<meta name=\"twitter:data1\" content=\"Orator\" \/>\n\t<meta name=\"twitter:label2\" content=\"Gesch\u00e4tzte Lesezeit\" \/>\n\t<meta name=\"twitter:data2\" content=\"2\u00a0Minuten\" \/>\n<script type=\"application\/ld+json\" class=\"yoast-schema-graph\">{\"@context\":\"https:\\\/\\\/schema.org\",\"@graph\":[{\"@type\":\"Article\",\"@id\":\"https:\\\/\\\/www.inkultura-online.de\\\/politisch_unkorrekt\\\/gesucht-juristen-und-verfassungsrechtler\\\/#article\",\"isPartOf\":{\"@id\":\"https:\\\/\\\/www.inkultura-online.de\\\/politisch_unkorrekt\\\/gesucht-juristen-und-verfassungsrechtler\\\/\"},\"author\":{\"name\":\"Orator\",\"@id\":\"https:\\\/\\\/www.inkultura-online.de\\\/politisch_unkorrekt\\\/#\\\/schema\\\/person\\\/5b30b80e385478896a1de221e1994d86\"},\"headline\":\"Gesucht: Juristen und Verfassungsrechtler\",\"datePublished\":\"2021-02-02T11:54:52+00:00\",\"mainEntityOfPage\":{\"@id\":\"https:\\\/\\\/www.inkultura-online.de\\\/politisch_unkorrekt\\\/gesucht-juristen-und-verfassungsrechtler\\\/\"},\"wordCount\":320,\"publisher\":{\"@id\":\"https:\\\/\\\/www.inkultura-online.de\\\/politisch_unkorrekt\\\/#\\\/schema\\\/person\\\/5b30b80e385478896a1de221e1994d86\"},\"keywords\":[\"Grundrechte\",\"Grundrechteentzug\",\"Merkels Eunuchentruppe\",\"Verfassungsschutz\"],\"articleSection\":[\"Antipathie\",\"Fundst\u00fccke\",\"Gedanken zum Tag\",\"Meinungen und Spr\u00fcche\",\"Schlimme W\u00f6rter\",\"Systemfehler\",\"Was die \\\"Qualit\u00e4tspresse\\\" gern verschweigt\"],\"inLanguage\":\"de\"},{\"@type\":\"WebPage\",\"@id\":\"https:\\\/\\\/www.inkultura-online.de\\\/politisch_unkorrekt\\\/gesucht-juristen-und-verfassungsrechtler\\\/\",\"url\":\"https:\\\/\\\/www.inkultura-online.de\\\/politisch_unkorrekt\\\/gesucht-juristen-und-verfassungsrechtler\\\/\",\"name\":\"Gesucht: Juristen und Verfassungsrechtler - Zeitgeist? Frei!\",\"isPartOf\":{\"@id\":\"https:\\\/\\\/www.inkultura-online.de\\\/politisch_unkorrekt\\\/#website\"},\"datePublished\":\"2021-02-02T11:54:52+00:00\",\"breadcrumb\":{\"@id\":\"https:\\\/\\\/www.inkultura-online.de\\\/politisch_unkorrekt\\\/gesucht-juristen-und-verfassungsrechtler\\\/#breadcrumb\"},\"inLanguage\":\"de\",\"potentialAction\":[{\"@type\":\"ReadAction\",\"target\":[\"https:\\\/\\\/www.inkultura-online.de\\\/politisch_unkorrekt\\\/gesucht-juristen-und-verfassungsrechtler\\\/\"]}]},{\"@type\":\"BreadcrumbList\",\"@id\":\"https:\\\/\\\/www.inkultura-online.de\\\/politisch_unkorrekt\\\/gesucht-juristen-und-verfassungsrechtler\\\/#breadcrumb\",\"itemListElement\":[{\"@type\":\"ListItem\",\"position\":1,\"name\":\"Home\",\"item\":\"https:\\\/\\\/www.inkultura-online.de\\\/politisch_unkorrekt\\\/\"},{\"@type\":\"ListItem\",\"position\":2,\"name\":\"Gesucht: Juristen und Verfassungsrechtler\"}]},{\"@type\":\"WebSite\",\"@id\":\"https:\\\/\\\/www.inkultura-online.de\\\/politisch_unkorrekt\\\/#website\",\"url\":\"https:\\\/\\\/www.inkultura-online.de\\\/politisch_unkorrekt\\\/\",\"name\":\"Zeitgeist? Frei!\",\"description\":\"Was Ihr den Geist der Zeiten hei\u00dft...\",\"publisher\":{\"@id\":\"https:\\\/\\\/www.inkultura-online.de\\\/politisch_unkorrekt\\\/#\\\/schema\\\/person\\\/5b30b80e385478896a1de221e1994d86\"},\"potentialAction\":[{\"@type\":\"SearchAction\",\"target\":{\"@type\":\"EntryPoint\",\"urlTemplate\":\"https:\\\/\\\/www.inkultura-online.de\\\/politisch_unkorrekt\\\/?s={search_term_string}\"},\"query-input\":{\"@type\":\"PropertyValueSpecification\",\"valueRequired\":true,\"valueName\":\"search_term_string\"}}],\"inLanguage\":\"de\"},{\"@type\":[\"Person\",\"Organization\"],\"@id\":\"https:\\\/\\\/www.inkultura-online.de\\\/politisch_unkorrekt\\\/#\\\/schema\\\/person\\\/5b30b80e385478896a1de221e1994d86\",\"name\":\"Orator\",\"image\":{\"@type\":\"ImageObject\",\"inLanguage\":\"de\",\"@id\":\"https:\\\/\\\/secure.gravatar.com\\\/avatar\\\/96e03166d31716e9c437060430eb7605c45a8ce6fb6dab483637ca6915dd0844?s=96&d=mm&r=g\",\"url\":\"https:\\\/\\\/secure.gravatar.com\\\/avatar\\\/96e03166d31716e9c437060430eb7605c45a8ce6fb6dab483637ca6915dd0844?s=96&d=mm&r=g\",\"contentUrl\":\"https:\\\/\\\/secure.gravatar.com\\\/avatar\\\/96e03166d31716e9c437060430eb7605c45a8ce6fb6dab483637ca6915dd0844?s=96&d=mm&r=g\",\"caption\":\"Orator\"},\"logo\":{\"@id\":\"https:\\\/\\\/secure.gravatar.com\\\/avatar\\\/96e03166d31716e9c437060430eb7605c45a8ce6fb6dab483637ca6915dd0844?s=96&d=mm&r=g\"},\"url\":\"https:\\\/\\\/www.inkultura-online.de\\\/politisch_unkorrekt\\\/author\\\/1korrektor21-2\\\/\"}]}<\/script>\n<!-- \/ Yoast SEO plugin. -->","yoast_head_json":{"title":"Gesucht: Juristen und Verfassungsrechtler - Zeitgeist? Frei!","robots":{"index":"index","follow":"follow","max-snippet":"max-snippet:-1","max-image-preview":"max-image-preview:large","max-video-preview":"max-video-preview:-1"},"canonical":"https:\/\/www.inkultura-online.de\/politisch_unkorrekt\/gesucht-juristen-und-verfassungsrechtler\/","og_locale":"de_DE","og_type":"article","og_title":"Gesucht: Juristen und Verfassungsrechtler - Zeitgeist? Frei!","og_description":"Nach dem Treffen der hauptamtlichen Versager und Minderleister \u2013 die Hofbericht erstattende Meute der Zeilenhuren bezeichnete es, unisono mit unseren Politdarstellern als \u201eImpfgipfel\u201c \u2013 stellt sich der aufmerksame Beobachter des politischen Zeitgeists einmal mehr die Frage, wo, um Himmels Willen, &hellip; Weiterlesen &rarr;","og_url":"https:\/\/www.inkultura-online.de\/politisch_unkorrekt\/gesucht-juristen-und-verfassungsrechtler\/","og_site_name":"Zeitgeist? Frei!","article_published_time":"2021-02-02T11:54:52+00:00","author":"Orator","twitter_misc":{"Verfasst von":"Orator","Gesch\u00e4tzte Lesezeit":"2\u00a0Minuten"},"schema":{"@context":"https:\/\/schema.org","@graph":[{"@type":"Article","@id":"https:\/\/www.inkultura-online.de\/politisch_unkorrekt\/gesucht-juristen-und-verfassungsrechtler\/#article","isPartOf":{"@id":"https:\/\/www.inkultura-online.de\/politisch_unkorrekt\/gesucht-juristen-und-verfassungsrechtler\/"},"author":{"name":"Orator","@id":"https:\/\/www.inkultura-online.de\/politisch_unkorrekt\/#\/schema\/person\/5b30b80e385478896a1de221e1994d86"},"headline":"Gesucht: Juristen und Verfassungsrechtler","datePublished":"2021-02-02T11:54:52+00:00","mainEntityOfPage":{"@id":"https:\/\/www.inkultura-online.de\/politisch_unkorrekt\/gesucht-juristen-und-verfassungsrechtler\/"},"wordCount":320,"publisher":{"@id":"https:\/\/www.inkultura-online.de\/politisch_unkorrekt\/#\/schema\/person\/5b30b80e385478896a1de221e1994d86"},"keywords":["Grundrechte","Grundrechteentzug","Merkels Eunuchentruppe","Verfassungsschutz"],"articleSection":["Antipathie","Fundst\u00fccke","Gedanken zum Tag","Meinungen und Spr\u00fcche","Schlimme W\u00f6rter","Systemfehler","Was die \"Qualit\u00e4tspresse\" gern verschweigt"],"inLanguage":"de"},{"@type":"WebPage","@id":"https:\/\/www.inkultura-online.de\/politisch_unkorrekt\/gesucht-juristen-und-verfassungsrechtler\/","url":"https:\/\/www.inkultura-online.de\/politisch_unkorrekt\/gesucht-juristen-und-verfassungsrechtler\/","name":"Gesucht: Juristen und Verfassungsrechtler - Zeitgeist? Frei!","isPartOf":{"@id":"https:\/\/www.inkultura-online.de\/politisch_unkorrekt\/#website"},"datePublished":"2021-02-02T11:54:52+00:00","breadcrumb":{"@id":"https:\/\/www.inkultura-online.de\/politisch_unkorrekt\/gesucht-juristen-und-verfassungsrechtler\/#breadcrumb"},"inLanguage":"de","potentialAction":[{"@type":"ReadAction","target":["https:\/\/www.inkultura-online.de\/politisch_unkorrekt\/gesucht-juristen-und-verfassungsrechtler\/"]}]},{"@type":"BreadcrumbList","@id":"https:\/\/www.inkultura-online.de\/politisch_unkorrekt\/gesucht-juristen-und-verfassungsrechtler\/#breadcrumb","itemListElement":[{"@type":"ListItem","position":1,"name":"Home","item":"https:\/\/www.inkultura-online.de\/politisch_unkorrekt\/"},{"@type":"ListItem","position":2,"name":"Gesucht: Juristen und Verfassungsrechtler"}]},{"@type":"WebSite","@id":"https:\/\/www.inkultura-online.de\/politisch_unkorrekt\/#website","url":"https:\/\/www.inkultura-online.de\/politisch_unkorrekt\/","name":"Zeitgeist? Frei!","description":"Was Ihr den Geist der Zeiten hei\u00dft...","publisher":{"@id":"https:\/\/www.inkultura-online.de\/politisch_unkorrekt\/#\/schema\/person\/5b30b80e385478896a1de221e1994d86"},"potentialAction":[{"@type":"SearchAction","target":{"@type":"EntryPoint","urlTemplate":"https:\/\/www.inkultura-online.de\/politisch_unkorrekt\/?s={search_term_string}"},"query-input":{"@type":"PropertyValueSpecification","valueRequired":true,"valueName":"search_term_string"}}],"inLanguage":"de"},{"@type":["Person","Organization"],"@id":"https:\/\/www.inkultura-online.de\/politisch_unkorrekt\/#\/schema\/person\/5b30b80e385478896a1de221e1994d86","name":"Orator","image":{"@type":"ImageObject","inLanguage":"de","@id":"https:\/\/secure.gravatar.com\/avatar\/96e03166d31716e9c437060430eb7605c45a8ce6fb6dab483637ca6915dd0844?s=96&d=mm&r=g","url":"https:\/\/secure.gravatar.com\/avatar\/96e03166d31716e9c437060430eb7605c45a8ce6fb6dab483637ca6915dd0844?s=96&d=mm&r=g","contentUrl":"https:\/\/secure.gravatar.com\/avatar\/96e03166d31716e9c437060430eb7605c45a8ce6fb6dab483637ca6915dd0844?s=96&d=mm&r=g","caption":"Orator"},"logo":{"@id":"https:\/\/secure.gravatar.com\/avatar\/96e03166d31716e9c437060430eb7605c45a8ce6fb6dab483637ca6915dd0844?s=96&d=mm&r=g"},"url":"https:\/\/www.inkultura-online.de\/politisch_unkorrekt\/author\/1korrektor21-2\/"}]}},"_links":{"self":[{"href":"https:\/\/www.inkultura-online.de\/politisch_unkorrekt\/wp-json\/wp\/v2\/posts\/2364","targetHints":{"allow":["GET"]}}],"collection":[{"href":"https:\/\/www.inkultura-online.de\/politisch_unkorrekt\/wp-json\/wp\/v2\/posts"}],"about":[{"href":"https:\/\/www.inkultura-online.de\/politisch_unkorrekt\/wp-json\/wp\/v2\/types\/post"}],"author":[{"embeddable":true,"href":"https:\/\/www.inkultura-online.de\/politisch_unkorrekt\/wp-json\/wp\/v2\/users\/1"}],"replies":[{"embeddable":true,"href":"https:\/\/www.inkultura-online.de\/politisch_unkorrekt\/wp-json\/wp\/v2\/comments?post=2364"}],"version-history":[{"count":1,"href":"https:\/\/www.inkultura-online.de\/politisch_unkorrekt\/wp-json\/wp\/v2\/posts\/2364\/revisions"}],"predecessor-version":[{"id":2365,"href":"https:\/\/www.inkultura-online.de\/politisch_unkorrekt\/wp-json\/wp\/v2\/posts\/2364\/revisions\/2365"}],"wp:attachment":[{"href":"https:\/\/www.inkultura-online.de\/politisch_unkorrekt\/wp-json\/wp\/v2\/media?parent=2364"}],"wp:term":[{"taxonomy":"category","embeddable":true,"href":"https:\/\/www.inkultura-online.de\/politisch_unkorrekt\/wp-json\/wp\/v2\/categories?post=2364"},{"taxonomy":"post_tag","embeddable":true,"href":"https:\/\/www.inkultura-online.de\/politisch_unkorrekt\/wp-json\/wp\/v2\/tags?post=2364"}],"curies":[{"name":"wp","href":"https:\/\/api.w.org\/{rel}","templated":true}]}}