{"id":2405,"date":"2021-04-10T14:20:16","date_gmt":"2021-04-10T12:20:16","guid":{"rendered":"https:\/\/www.inkultura-online.de\/politisch_unkorrekt\/?p=2405"},"modified":"2021-04-10T14:21:29","modified_gmt":"2021-04-10T12:21:29","slug":"immer-noch-nicht-kapiert","status":"publish","type":"post","link":"https:\/\/www.inkultura-online.de\/politisch_unkorrekt\/immer-noch-nicht-kapiert\/","title":{"rendered":"Immer noch nicht kapiert?"},"content":{"rendered":"<blockquote><p>&#8222;Politik ohne Angst, Politik mit Mut \u2013 das ist heute erneut gefragt. Denn wir haben wahrlich keinen Rechtsanspruch auf Demokratie und soziale Marktwirtschaft auf alle Ewigkeit. Unsere Werte m\u00fcssen sich im Zeitalter von Globalisierung und Wissensgesellschaft behaupten. Und wenn sie sich behaupten sollen, dann m\u00fcssen wir bereit sein, die Weichen richtig zu stellen. Auch da sind wieder Widerst\u00e4nde zu \u00fcberwinden.&#8220;<\/p><\/blockquote>\n<p>So die Ank\u00fcndigung der Gr\u00f6KaZ am 16.06.2005 zum 60-j\u00e4hrigen Bestehen der CDU. Kaum jemand h\u00f6rte anscheinend richtig zu. Jetzt haben wir den Salat: Die Frau, der niemand, der seine Sinne noch beisammen hat auch nur die Verantwortung f\u00fcr die Organisation einer Feier von Kleintierz\u00fcchtern \u00fcbertragen w\u00fcrde, macht sich daran, eine Agenda umzusetzen.<!--more--><\/p>\n<p>Ihre Agenda? Weit gefehlt, diese Frau hat mangels geistiger Voraussetzungen \u00fcberhaupt keine eigenen Ideen. Diese Kreatur ist ein willf\u00e4hriges Gesch\u00f6pf der Einfl\u00fcsterer. Ihre \u201eFreunde\u201c Bill (Impfpenetrator) Gates und Klaus (The Great Reset) Schwab haben das Drehbuch geschrieben und das setzt Merkel\u00a0 gehorsam in Szene.<\/p>\n<p>Der vorl\u00e4ufig letzte Akt: Der Entwurf zum neuen Infektionsschutzgesetz des Bundes, mit, passend zur P(l)andemie, Ausgangssperren und weiteren Einschr\u00e4nkung privater Kontakte.<\/p>\n<p>H\u00f6chste Zeit f\u00fcr ein Impeachment-Verfahren gegen Angela Merkel oder ist der Zeitpunkt gekommen, die Feder gegen ein Schwert zu tauschen\u2026?<\/p>\n","protected":false},"excerpt":{"rendered":"<p>&#8222;Politik ohne Angst, Politik mit Mut \u2013 das ist heute erneut gefragt. Denn wir haben wahrlich keinen Rechtsanspruch auf Demokratie und soziale Marktwirtschaft auf alle Ewigkeit. Unsere Werte m\u00fcssen sich im Zeitalter von Globalisierung und Wissensgesellschaft behaupten. Und wenn sie &hellip; <a href=\"https:\/\/www.inkultura-online.de\/politisch_unkorrekt\/immer-noch-nicht-kapiert\/\">Weiterlesen <span class=\"meta-nav\">&rarr;<\/span><\/a><\/p>\n","protected":false},"author":1,"featured_media":0,"comment_status":"closed","ping_status":"closed","sticky":false,"template":"","format":"standard","meta":{"footnotes":""},"categories":[2,378,1,444,7,10,11],"tags":[1361,1446,64,81,336,1494],"class_list":["post-2405","post","type-post","status-publish","format-standard","hentry","category-antipathie","category-denunzianten","category-fundstuecke","category-gedanken-zum-tag","category-moderne-zeiten","category-systemfehler","category-was-die-qualitaetspresse-gern-verschweigt","tag-corona","tag-great-reset","tag-groekaz","tag-merkel","tag-neue-weltordnung","tag-plandemie"],"yoast_head":"<!-- This site is optimized with the Yoast SEO plugin v27.5 - https:\/\/yoast.com\/product\/yoast-seo-wordpress\/ -->\n<title>Immer noch nicht kapiert? - Zeitgeist? Frei!<\/title>\n<meta name=\"robots\" content=\"index, follow, max-snippet:-1, max-image-preview:large, max-video-preview:-1\" \/>\n<link rel=\"canonical\" href=\"https:\/\/www.inkultura-online.de\/politisch_unkorrekt\/immer-noch-nicht-kapiert\/\" \/>\n<meta property=\"og:locale\" content=\"de_DE\" \/>\n<meta property=\"og:type\" content=\"article\" \/>\n<meta property=\"og:title\" content=\"Immer noch nicht kapiert? - Zeitgeist? Frei!\" \/>\n<meta property=\"og:description\" content=\"&#8222;Politik ohne Angst, Politik mit Mut \u2013 das ist heute erneut gefragt. Denn wir haben wahrlich keinen Rechtsanspruch auf Demokratie und soziale Marktwirtschaft auf alle Ewigkeit. Unsere Werte m\u00fcssen sich im Zeitalter von Globalisierung und Wissensgesellschaft behaupten. Und wenn sie &hellip; Weiterlesen &rarr;\" \/>\n<meta property=\"og:url\" content=\"https:\/\/www.inkultura-online.de\/politisch_unkorrekt\/immer-noch-nicht-kapiert\/\" \/>\n<meta property=\"og:site_name\" content=\"Zeitgeist? Frei!\" \/>\n<meta property=\"article:published_time\" content=\"2021-04-10T12:20:16+00:00\" \/>\n<meta property=\"article:modified_time\" content=\"2021-04-10T12:21:29+00:00\" \/>\n<meta name=\"author\" content=\"Orator\" \/>\n<meta name=\"twitter:label1\" content=\"Verfasst von\" \/>\n\t<meta name=\"twitter:data1\" content=\"Orator\" \/>\n\t<meta name=\"twitter:label2\" content=\"Gesch\u00e4tzte Lesezeit\" \/>\n\t<meta name=\"twitter:data2\" content=\"1\u00a0Minute\" \/>\n<script type=\"application\/ld+json\" class=\"yoast-schema-graph\">{\"@context\":\"https:\\\/\\\/schema.org\",\"@graph\":[{\"@type\":\"Article\",\"@id\":\"https:\\\/\\\/www.inkultura-online.de\\\/politisch_unkorrekt\\\/immer-noch-nicht-kapiert\\\/#article\",\"isPartOf\":{\"@id\":\"https:\\\/\\\/www.inkultura-online.de\\\/politisch_unkorrekt\\\/immer-noch-nicht-kapiert\\\/\"},\"author\":{\"name\":\"Orator\",\"@id\":\"https:\\\/\\\/www.inkultura-online.de\\\/politisch_unkorrekt\\\/#\\\/schema\\\/person\\\/5b30b80e385478896a1de221e1994d86\"},\"headline\":\"Immer noch nicht kapiert?\",\"datePublished\":\"2021-04-10T12:20:16+00:00\",\"dateModified\":\"2021-04-10T12:21:29+00:00\",\"mainEntityOfPage\":{\"@id\":\"https:\\\/\\\/www.inkultura-online.de\\\/politisch_unkorrekt\\\/immer-noch-nicht-kapiert\\\/\"},\"wordCount\":218,\"publisher\":{\"@id\":\"https:\\\/\\\/www.inkultura-online.de\\\/politisch_unkorrekt\\\/#\\\/schema\\\/person\\\/5b30b80e385478896a1de221e1994d86\"},\"keywords\":[\"Corona\",\"Great Reset\",\"Gr\u00f6KaZ\",\"Merkel\",\"Neue Weltordnung\",\"Plandemie\"],\"articleSection\":[\"Antipathie\",\"Denunzianten und Volksverr\u00e4ter\",\"Fundst\u00fccke\",\"Gedanken zum Tag\",\"Moderne Zeiten\",\"Systemfehler\",\"Was die \\\"Qualit\u00e4tspresse\\\" gern verschweigt\"],\"inLanguage\":\"de\"},{\"@type\":\"WebPage\",\"@id\":\"https:\\\/\\\/www.inkultura-online.de\\\/politisch_unkorrekt\\\/immer-noch-nicht-kapiert\\\/\",\"url\":\"https:\\\/\\\/www.inkultura-online.de\\\/politisch_unkorrekt\\\/immer-noch-nicht-kapiert\\\/\",\"name\":\"Immer noch nicht kapiert? - Zeitgeist? Frei!\",\"isPartOf\":{\"@id\":\"https:\\\/\\\/www.inkultura-online.de\\\/politisch_unkorrekt\\\/#website\"},\"datePublished\":\"2021-04-10T12:20:16+00:00\",\"dateModified\":\"2021-04-10T12:21:29+00:00\",\"breadcrumb\":{\"@id\":\"https:\\\/\\\/www.inkultura-online.de\\\/politisch_unkorrekt\\\/immer-noch-nicht-kapiert\\\/#breadcrumb\"},\"inLanguage\":\"de\",\"potentialAction\":[{\"@type\":\"ReadAction\",\"target\":[\"https:\\\/\\\/www.inkultura-online.de\\\/politisch_unkorrekt\\\/immer-noch-nicht-kapiert\\\/\"]}]},{\"@type\":\"BreadcrumbList\",\"@id\":\"https:\\\/\\\/www.inkultura-online.de\\\/politisch_unkorrekt\\\/immer-noch-nicht-kapiert\\\/#breadcrumb\",\"itemListElement\":[{\"@type\":\"ListItem\",\"position\":1,\"name\":\"Home\",\"item\":\"https:\\\/\\\/www.inkultura-online.de\\\/politisch_unkorrekt\\\/\"},{\"@type\":\"ListItem\",\"position\":2,\"name\":\"Immer noch nicht kapiert?\"}]},{\"@type\":\"WebSite\",\"@id\":\"https:\\\/\\\/www.inkultura-online.de\\\/politisch_unkorrekt\\\/#website\",\"url\":\"https:\\\/\\\/www.inkultura-online.de\\\/politisch_unkorrekt\\\/\",\"name\":\"Zeitgeist? Frei!\",\"description\":\"Was Ihr den Geist der Zeiten hei\u00dft...\",\"publisher\":{\"@id\":\"https:\\\/\\\/www.inkultura-online.de\\\/politisch_unkorrekt\\\/#\\\/schema\\\/person\\\/5b30b80e385478896a1de221e1994d86\"},\"potentialAction\":[{\"@type\":\"SearchAction\",\"target\":{\"@type\":\"EntryPoint\",\"urlTemplate\":\"https:\\\/\\\/www.inkultura-online.de\\\/politisch_unkorrekt\\\/?s={search_term_string}\"},\"query-input\":{\"@type\":\"PropertyValueSpecification\",\"valueRequired\":true,\"valueName\":\"search_term_string\"}}],\"inLanguage\":\"de\"},{\"@type\":[\"Person\",\"Organization\"],\"@id\":\"https:\\\/\\\/www.inkultura-online.de\\\/politisch_unkorrekt\\\/#\\\/schema\\\/person\\\/5b30b80e385478896a1de221e1994d86\",\"name\":\"Orator\",\"image\":{\"@type\":\"ImageObject\",\"inLanguage\":\"de\",\"@id\":\"https:\\\/\\\/secure.gravatar.com\\\/avatar\\\/96e03166d31716e9c437060430eb7605c45a8ce6fb6dab483637ca6915dd0844?s=96&d=mm&r=g\",\"url\":\"https:\\\/\\\/secure.gravatar.com\\\/avatar\\\/96e03166d31716e9c437060430eb7605c45a8ce6fb6dab483637ca6915dd0844?s=96&d=mm&r=g\",\"contentUrl\":\"https:\\\/\\\/secure.gravatar.com\\\/avatar\\\/96e03166d31716e9c437060430eb7605c45a8ce6fb6dab483637ca6915dd0844?s=96&d=mm&r=g\",\"caption\":\"Orator\"},\"logo\":{\"@id\":\"https:\\\/\\\/secure.gravatar.com\\\/avatar\\\/96e03166d31716e9c437060430eb7605c45a8ce6fb6dab483637ca6915dd0844?s=96&d=mm&r=g\"},\"url\":\"https:\\\/\\\/www.inkultura-online.de\\\/politisch_unkorrekt\\\/author\\\/1korrektor21-2\\\/\"}]}<\/script>\n<!-- \/ Yoast SEO plugin. -->","yoast_head_json":{"title":"Immer noch nicht kapiert? - Zeitgeist? Frei!","robots":{"index":"index","follow":"follow","max-snippet":"max-snippet:-1","max-image-preview":"max-image-preview:large","max-video-preview":"max-video-preview:-1"},"canonical":"https:\/\/www.inkultura-online.de\/politisch_unkorrekt\/immer-noch-nicht-kapiert\/","og_locale":"de_DE","og_type":"article","og_title":"Immer noch nicht kapiert? - Zeitgeist? Frei!","og_description":"&#8222;Politik ohne Angst, Politik mit Mut \u2013 das ist heute erneut gefragt. Denn wir haben wahrlich keinen Rechtsanspruch auf Demokratie und soziale Marktwirtschaft auf alle Ewigkeit. Unsere Werte m\u00fcssen sich im Zeitalter von Globalisierung und Wissensgesellschaft behaupten. Und wenn sie &hellip; Weiterlesen &rarr;","og_url":"https:\/\/www.inkultura-online.de\/politisch_unkorrekt\/immer-noch-nicht-kapiert\/","og_site_name":"Zeitgeist? Frei!","article_published_time":"2021-04-10T12:20:16+00:00","article_modified_time":"2021-04-10T12:21:29+00:00","author":"Orator","twitter_misc":{"Verfasst von":"Orator","Gesch\u00e4tzte Lesezeit":"1\u00a0Minute"},"schema":{"@context":"https:\/\/schema.org","@graph":[{"@type":"Article","@id":"https:\/\/www.inkultura-online.de\/politisch_unkorrekt\/immer-noch-nicht-kapiert\/#article","isPartOf":{"@id":"https:\/\/www.inkultura-online.de\/politisch_unkorrekt\/immer-noch-nicht-kapiert\/"},"author":{"name":"Orator","@id":"https:\/\/www.inkultura-online.de\/politisch_unkorrekt\/#\/schema\/person\/5b30b80e385478896a1de221e1994d86"},"headline":"Immer noch nicht kapiert?","datePublished":"2021-04-10T12:20:16+00:00","dateModified":"2021-04-10T12:21:29+00:00","mainEntityOfPage":{"@id":"https:\/\/www.inkultura-online.de\/politisch_unkorrekt\/immer-noch-nicht-kapiert\/"},"wordCount":218,"publisher":{"@id":"https:\/\/www.inkultura-online.de\/politisch_unkorrekt\/#\/schema\/person\/5b30b80e385478896a1de221e1994d86"},"keywords":["Corona","Great Reset","Gr\u00f6KaZ","Merkel","Neue Weltordnung","Plandemie"],"articleSection":["Antipathie","Denunzianten und Volksverr\u00e4ter","Fundst\u00fccke","Gedanken zum Tag","Moderne Zeiten","Systemfehler","Was die \"Qualit\u00e4tspresse\" gern verschweigt"],"inLanguage":"de"},{"@type":"WebPage","@id":"https:\/\/www.inkultura-online.de\/politisch_unkorrekt\/immer-noch-nicht-kapiert\/","url":"https:\/\/www.inkultura-online.de\/politisch_unkorrekt\/immer-noch-nicht-kapiert\/","name":"Immer noch nicht kapiert? - Zeitgeist? Frei!","isPartOf":{"@id":"https:\/\/www.inkultura-online.de\/politisch_unkorrekt\/#website"},"datePublished":"2021-04-10T12:20:16+00:00","dateModified":"2021-04-10T12:21:29+00:00","breadcrumb":{"@id":"https:\/\/www.inkultura-online.de\/politisch_unkorrekt\/immer-noch-nicht-kapiert\/#breadcrumb"},"inLanguage":"de","potentialAction":[{"@type":"ReadAction","target":["https:\/\/www.inkultura-online.de\/politisch_unkorrekt\/immer-noch-nicht-kapiert\/"]}]},{"@type":"BreadcrumbList","@id":"https:\/\/www.inkultura-online.de\/politisch_unkorrekt\/immer-noch-nicht-kapiert\/#breadcrumb","itemListElement":[{"@type":"ListItem","position":1,"name":"Home","item":"https:\/\/www.inkultura-online.de\/politisch_unkorrekt\/"},{"@type":"ListItem","position":2,"name":"Immer noch nicht kapiert?"}]},{"@type":"WebSite","@id":"https:\/\/www.inkultura-online.de\/politisch_unkorrekt\/#website","url":"https:\/\/www.inkultura-online.de\/politisch_unkorrekt\/","name":"Zeitgeist? Frei!","description":"Was Ihr den Geist der Zeiten hei\u00dft...","publisher":{"@id":"https:\/\/www.inkultura-online.de\/politisch_unkorrekt\/#\/schema\/person\/5b30b80e385478896a1de221e1994d86"},"potentialAction":[{"@type":"SearchAction","target":{"@type":"EntryPoint","urlTemplate":"https:\/\/www.inkultura-online.de\/politisch_unkorrekt\/?s={search_term_string}"},"query-input":{"@type":"PropertyValueSpecification","valueRequired":true,"valueName":"search_term_string"}}],"inLanguage":"de"},{"@type":["Person","Organization"],"@id":"https:\/\/www.inkultura-online.de\/politisch_unkorrekt\/#\/schema\/person\/5b30b80e385478896a1de221e1994d86","name":"Orator","image":{"@type":"ImageObject","inLanguage":"de","@id":"https:\/\/secure.gravatar.com\/avatar\/96e03166d31716e9c437060430eb7605c45a8ce6fb6dab483637ca6915dd0844?s=96&d=mm&r=g","url":"https:\/\/secure.gravatar.com\/avatar\/96e03166d31716e9c437060430eb7605c45a8ce6fb6dab483637ca6915dd0844?s=96&d=mm&r=g","contentUrl":"https:\/\/secure.gravatar.com\/avatar\/96e03166d31716e9c437060430eb7605c45a8ce6fb6dab483637ca6915dd0844?s=96&d=mm&r=g","caption":"Orator"},"logo":{"@id":"https:\/\/secure.gravatar.com\/avatar\/96e03166d31716e9c437060430eb7605c45a8ce6fb6dab483637ca6915dd0844?s=96&d=mm&r=g"},"url":"https:\/\/www.inkultura-online.de\/politisch_unkorrekt\/author\/1korrektor21-2\/"}]}},"_links":{"self":[{"href":"https:\/\/www.inkultura-online.de\/politisch_unkorrekt\/wp-json\/wp\/v2\/posts\/2405","targetHints":{"allow":["GET"]}}],"collection":[{"href":"https:\/\/www.inkultura-online.de\/politisch_unkorrekt\/wp-json\/wp\/v2\/posts"}],"about":[{"href":"https:\/\/www.inkultura-online.de\/politisch_unkorrekt\/wp-json\/wp\/v2\/types\/post"}],"author":[{"embeddable":true,"href":"https:\/\/www.inkultura-online.de\/politisch_unkorrekt\/wp-json\/wp\/v2\/users\/1"}],"replies":[{"embeddable":true,"href":"https:\/\/www.inkultura-online.de\/politisch_unkorrekt\/wp-json\/wp\/v2\/comments?post=2405"}],"version-history":[{"count":2,"href":"https:\/\/www.inkultura-online.de\/politisch_unkorrekt\/wp-json\/wp\/v2\/posts\/2405\/revisions"}],"predecessor-version":[{"id":2407,"href":"https:\/\/www.inkultura-online.de\/politisch_unkorrekt\/wp-json\/wp\/v2\/posts\/2405\/revisions\/2407"}],"wp:attachment":[{"href":"https:\/\/www.inkultura-online.de\/politisch_unkorrekt\/wp-json\/wp\/v2\/media?parent=2405"}],"wp:term":[{"taxonomy":"category","embeddable":true,"href":"https:\/\/www.inkultura-online.de\/politisch_unkorrekt\/wp-json\/wp\/v2\/categories?post=2405"},{"taxonomy":"post_tag","embeddable":true,"href":"https:\/\/www.inkultura-online.de\/politisch_unkorrekt\/wp-json\/wp\/v2\/tags?post=2405"}],"curies":[{"name":"wp","href":"https:\/\/api.w.org\/{rel}","templated":true}]}}