{"id":2409,"date":"2021-04-12T12:58:58","date_gmt":"2021-04-12T10:58:58","guid":{"rendered":"https:\/\/www.inkultura-online.de\/politisch_unkorrekt\/?p=2409"},"modified":"2021-04-12T12:58:58","modified_gmt":"2021-04-12T10:58:58","slug":"mehr-lockdown-ist-das-neue-h-h","status":"publish","type":"post","link":"https:\/\/www.inkultura-online.de\/politisch_unkorrekt\/mehr-lockdown-ist-das-neue-h-h\/","title":{"rendered":"\u201eMehr Lockdown!\u201c ist das neue H.H."},"content":{"rendered":"<p>Ganze Regale, ach was, ganze Bibliotheken f\u00fcllt die Literatur \u00fcber die Ursachen, Gr\u00fcnde und die fr\u00fchen Erfolge des Nationalsozialismus. Soziologische und psychologische Untersuchungen, Biografien und Zeitzeugenberichte haben sich bem\u00fcht, das zu erkl\u00e4ren, was aus heutiger Sicht unvorstellbar, ja geradezu als monstr\u00f6s angesehen wird.<!--more--><\/p>\n<p>Kritiker des Regimes wurden erst ausgegrenzt, dann kriminalisiert und zum Schluss als \u201eVolkssch\u00e4dlinge\u201c weggesperrt und wie \u201eUngeziefer\u201c vernichtet. Presse und Wissenschaft, Justiz und Verwaltung waren gleichgeschaltet und ein ganzes Volk fiel einem Demagogen und politischen Verf\u00fchrer zum Opfer und hielt ihm in gro\u00dfen Teilen die Treue \u2013 bis zum bitteren Ende.<\/p>\n<p>Kann uns doch nicht mehr passieren! Oder?<\/p>\n<p>Der aufmerksame Beobachter des politischen Zeitgeists hat da so seine Zweifel. Die derzeit herrschende P(l)andemie zerst\u00f6rt so manche politische Naivit\u00e4t des kritischen B\u00fcrgers bez\u00fcglich seiner Vorstellung von Demokratie und Rechtsstaat. W\u00e4hnte er sich gesch\u00fctzt von Recht und Gesetz, muss er jetzt konsterniert feststellen, dass eben dieses nicht das Papier wert ist, auf dem es gedruckt wurde und die Herrschenden sich daranmachen, mit diktatorischer Verve eben diesen Rechtsstaat sukzessive abzuschaffen.<\/p>\n<p>Nach Belieben hebeln die sich an ihrer neuen Macht berauschenden Eliten rechtsstaatliche Prinzipien aus, schei\u00dfen geradezu auf demokratische Errungenschaften und die Rechte der B\u00fcrger und definieren eben diese Rechte, die den Menschen abgesprochen, weggenommen wurden, zu \u201eFreiheiten\u201c um, die, nur wenn das Politpack es will, den B\u00fcrgern wieder gn\u00e4dig gew\u00e4hrt werden.<\/p>\n<p>Und was machen die Sch\u00e4fchen, Verzeihung, die B\u00fcrger dieses untergehenden Rechtsstaates? Sie bl\u00f6ken nach mehr und h\u00e4rteren Lockdowns, wollen per Erm\u00e4chtigungsgesetz eingesperrt werden, so als w\u00e4ren sie froh dar\u00fcber, endlich von der B\u00fcrde des Reisens, Flanierens, gegenseitigen Besuchens und sozialer Kontakte befreit zu werden.<\/p>\n<p>Wer sich angesichts des angewandten politischen Irrsinns die Frage stellt, wohin sich denn, bittesch\u00f6n, die ganzen Juristen, Staats- und Verfassungsrechtler verkrochen haben, die angesichts der seit 2015 von der Gr\u00f6KaZ und ihrer Entourage ver\u00fcbten Rechtsbr\u00fcche eigentlich vehement Einspruch gegen dieses \u2013 darf man es kriminell nennen? \u2013 Verhalten einlegen m\u00fcssten, wird sich schnell daran erinnern, wer 1933 am lautesten gejubelt und sich die n\u00e4chsten zw\u00f6lf Jahre in Kadavergehorsam ge\u00fcbt hatte.<\/p>\n<p>Das Bl\u00f6ken der Schafe nach \u201eMehr Lockdown\u201c ist das neue H.H. Warum f\u00e4llt mir ausgerechnet jetzt der Satz von Max Liebermann ein \u2013 der vom Fressen und Kotzen?<\/p>\n","protected":false},"excerpt":{"rendered":"<p>Ganze Regale, ach was, ganze Bibliotheken f\u00fcllt die Literatur \u00fcber die Ursachen, Gr\u00fcnde und die fr\u00fchen Erfolge des Nationalsozialismus. Soziologische und psychologische Untersuchungen, Biografien und Zeitzeugenberichte haben sich bem\u00fcht, das zu erkl\u00e4ren, was aus heutiger Sicht unvorstellbar, ja geradezu als &hellip; <a href=\"https:\/\/www.inkultura-online.de\/politisch_unkorrekt\/mehr-lockdown-ist-das-neue-h-h\/\">Weiterlesen <span class=\"meta-nav\">&rarr;<\/span><\/a><\/p>\n","protected":false},"author":1,"featured_media":0,"comment_status":"closed","ping_status":"closed","sticky":false,"template":"","format":"standard","meta":{"footnotes":""},"categories":[2,378,444,8,30,10],"tags":[1361,451,64,1482],"class_list":["post-2409","post","type-post","status-publish","format-standard","hentry","category-antipathie","category-denunzianten","category-gedanken-zum-tag","category-schlimme-woerter","category-so-siehts-aus","category-systemfehler","tag-corona","tag-groefaz","tag-groekaz","tag-lockdown"],"yoast_head":"<!-- This site is optimized with the Yoast SEO plugin v27.5 - https:\/\/yoast.com\/product\/yoast-seo-wordpress\/ -->\n<title>\u201eMehr Lockdown!\u201c ist das neue H.H. - Zeitgeist? Frei!<\/title>\n<meta name=\"robots\" content=\"index, follow, max-snippet:-1, max-image-preview:large, max-video-preview:-1\" \/>\n<link rel=\"canonical\" href=\"https:\/\/www.inkultura-online.de\/politisch_unkorrekt\/mehr-lockdown-ist-das-neue-h-h\/\" \/>\n<meta property=\"og:locale\" content=\"de_DE\" \/>\n<meta property=\"og:type\" content=\"article\" \/>\n<meta property=\"og:title\" content=\"\u201eMehr Lockdown!\u201c ist das neue H.H. - Zeitgeist? Frei!\" \/>\n<meta property=\"og:description\" content=\"Ganze Regale, ach was, ganze Bibliotheken f\u00fcllt die Literatur \u00fcber die Ursachen, Gr\u00fcnde und die fr\u00fchen Erfolge des Nationalsozialismus. Soziologische und psychologische Untersuchungen, Biografien und Zeitzeugenberichte haben sich bem\u00fcht, das zu erkl\u00e4ren, was aus heutiger Sicht unvorstellbar, ja geradezu als &hellip; Weiterlesen &rarr;\" \/>\n<meta property=\"og:url\" content=\"https:\/\/www.inkultura-online.de\/politisch_unkorrekt\/mehr-lockdown-ist-das-neue-h-h\/\" \/>\n<meta property=\"og:site_name\" content=\"Zeitgeist? Frei!\" \/>\n<meta property=\"article:published_time\" content=\"2021-04-12T10:58:58+00:00\" \/>\n<meta name=\"author\" content=\"Orator\" \/>\n<meta name=\"twitter:label1\" content=\"Verfasst von\" \/>\n\t<meta name=\"twitter:data1\" content=\"Orator\" \/>\n\t<meta name=\"twitter:label2\" content=\"Gesch\u00e4tzte Lesezeit\" \/>\n\t<meta name=\"twitter:data2\" content=\"2\u00a0Minuten\" \/>\n<script type=\"application\/ld+json\" class=\"yoast-schema-graph\">{\"@context\":\"https:\\\/\\\/schema.org\",\"@graph\":[{\"@type\":\"Article\",\"@id\":\"https:\\\/\\\/www.inkultura-online.de\\\/politisch_unkorrekt\\\/mehr-lockdown-ist-das-neue-h-h\\\/#article\",\"isPartOf\":{\"@id\":\"https:\\\/\\\/www.inkultura-online.de\\\/politisch_unkorrekt\\\/mehr-lockdown-ist-das-neue-h-h\\\/\"},\"author\":{\"name\":\"Orator\",\"@id\":\"https:\\\/\\\/www.inkultura-online.de\\\/politisch_unkorrekt\\\/#\\\/schema\\\/person\\\/5b30b80e385478896a1de221e1994d86\"},\"headline\":\"\u201eMehr Lockdown!\u201c ist das neue H.H.\",\"datePublished\":\"2021-04-12T10:58:58+00:00\",\"mainEntityOfPage\":{\"@id\":\"https:\\\/\\\/www.inkultura-online.de\\\/politisch_unkorrekt\\\/mehr-lockdown-ist-das-neue-h-h\\\/\"},\"wordCount\":405,\"publisher\":{\"@id\":\"https:\\\/\\\/www.inkultura-online.de\\\/politisch_unkorrekt\\\/#\\\/schema\\\/person\\\/5b30b80e385478896a1de221e1994d86\"},\"keywords\":[\"Corona\",\"Gr\u00f6FaZ\",\"Gr\u00f6KaZ\",\"Lockdown\"],\"articleSection\":[\"Antipathie\",\"Denunzianten und Volksverr\u00e4ter\",\"Gedanken zum Tag\",\"Schlimme W\u00f6rter\",\"So sieht\u00b4s aus\",\"Systemfehler\"],\"inLanguage\":\"de\"},{\"@type\":\"WebPage\",\"@id\":\"https:\\\/\\\/www.inkultura-online.de\\\/politisch_unkorrekt\\\/mehr-lockdown-ist-das-neue-h-h\\\/\",\"url\":\"https:\\\/\\\/www.inkultura-online.de\\\/politisch_unkorrekt\\\/mehr-lockdown-ist-das-neue-h-h\\\/\",\"name\":\"\u201eMehr Lockdown!\u201c ist das neue H.H. - Zeitgeist? Frei!\",\"isPartOf\":{\"@id\":\"https:\\\/\\\/www.inkultura-online.de\\\/politisch_unkorrekt\\\/#website\"},\"datePublished\":\"2021-04-12T10:58:58+00:00\",\"breadcrumb\":{\"@id\":\"https:\\\/\\\/www.inkultura-online.de\\\/politisch_unkorrekt\\\/mehr-lockdown-ist-das-neue-h-h\\\/#breadcrumb\"},\"inLanguage\":\"de\",\"potentialAction\":[{\"@type\":\"ReadAction\",\"target\":[\"https:\\\/\\\/www.inkultura-online.de\\\/politisch_unkorrekt\\\/mehr-lockdown-ist-das-neue-h-h\\\/\"]}]},{\"@type\":\"BreadcrumbList\",\"@id\":\"https:\\\/\\\/www.inkultura-online.de\\\/politisch_unkorrekt\\\/mehr-lockdown-ist-das-neue-h-h\\\/#breadcrumb\",\"itemListElement\":[{\"@type\":\"ListItem\",\"position\":1,\"name\":\"Home\",\"item\":\"https:\\\/\\\/www.inkultura-online.de\\\/politisch_unkorrekt\\\/\"},{\"@type\":\"ListItem\",\"position\":2,\"name\":\"\u201eMehr Lockdown!\u201c ist das neue H.H.\"}]},{\"@type\":\"WebSite\",\"@id\":\"https:\\\/\\\/www.inkultura-online.de\\\/politisch_unkorrekt\\\/#website\",\"url\":\"https:\\\/\\\/www.inkultura-online.de\\\/politisch_unkorrekt\\\/\",\"name\":\"Zeitgeist? Frei!\",\"description\":\"Was Ihr den Geist der Zeiten hei\u00dft...\",\"publisher\":{\"@id\":\"https:\\\/\\\/www.inkultura-online.de\\\/politisch_unkorrekt\\\/#\\\/schema\\\/person\\\/5b30b80e385478896a1de221e1994d86\"},\"potentialAction\":[{\"@type\":\"SearchAction\",\"target\":{\"@type\":\"EntryPoint\",\"urlTemplate\":\"https:\\\/\\\/www.inkultura-online.de\\\/politisch_unkorrekt\\\/?s={search_term_string}\"},\"query-input\":{\"@type\":\"PropertyValueSpecification\",\"valueRequired\":true,\"valueName\":\"search_term_string\"}}],\"inLanguage\":\"de\"},{\"@type\":[\"Person\",\"Organization\"],\"@id\":\"https:\\\/\\\/www.inkultura-online.de\\\/politisch_unkorrekt\\\/#\\\/schema\\\/person\\\/5b30b80e385478896a1de221e1994d86\",\"name\":\"Orator\",\"image\":{\"@type\":\"ImageObject\",\"inLanguage\":\"de\",\"@id\":\"https:\\\/\\\/secure.gravatar.com\\\/avatar\\\/96e03166d31716e9c437060430eb7605c45a8ce6fb6dab483637ca6915dd0844?s=96&d=mm&r=g\",\"url\":\"https:\\\/\\\/secure.gravatar.com\\\/avatar\\\/96e03166d31716e9c437060430eb7605c45a8ce6fb6dab483637ca6915dd0844?s=96&d=mm&r=g\",\"contentUrl\":\"https:\\\/\\\/secure.gravatar.com\\\/avatar\\\/96e03166d31716e9c437060430eb7605c45a8ce6fb6dab483637ca6915dd0844?s=96&d=mm&r=g\",\"caption\":\"Orator\"},\"logo\":{\"@id\":\"https:\\\/\\\/secure.gravatar.com\\\/avatar\\\/96e03166d31716e9c437060430eb7605c45a8ce6fb6dab483637ca6915dd0844?s=96&d=mm&r=g\"},\"url\":\"https:\\\/\\\/www.inkultura-online.de\\\/politisch_unkorrekt\\\/author\\\/1korrektor21-2\\\/\"}]}<\/script>\n<!-- \/ Yoast SEO plugin. -->","yoast_head_json":{"title":"\u201eMehr Lockdown!\u201c ist das neue H.H. - Zeitgeist? Frei!","robots":{"index":"index","follow":"follow","max-snippet":"max-snippet:-1","max-image-preview":"max-image-preview:large","max-video-preview":"max-video-preview:-1"},"canonical":"https:\/\/www.inkultura-online.de\/politisch_unkorrekt\/mehr-lockdown-ist-das-neue-h-h\/","og_locale":"de_DE","og_type":"article","og_title":"\u201eMehr Lockdown!\u201c ist das neue H.H. - Zeitgeist? Frei!","og_description":"Ganze Regale, ach was, ganze Bibliotheken f\u00fcllt die Literatur \u00fcber die Ursachen, Gr\u00fcnde und die fr\u00fchen Erfolge des Nationalsozialismus. Soziologische und psychologische Untersuchungen, Biografien und Zeitzeugenberichte haben sich bem\u00fcht, das zu erkl\u00e4ren, was aus heutiger Sicht unvorstellbar, ja geradezu als &hellip; Weiterlesen &rarr;","og_url":"https:\/\/www.inkultura-online.de\/politisch_unkorrekt\/mehr-lockdown-ist-das-neue-h-h\/","og_site_name":"Zeitgeist? Frei!","article_published_time":"2021-04-12T10:58:58+00:00","author":"Orator","twitter_misc":{"Verfasst von":"Orator","Gesch\u00e4tzte Lesezeit":"2\u00a0Minuten"},"schema":{"@context":"https:\/\/schema.org","@graph":[{"@type":"Article","@id":"https:\/\/www.inkultura-online.de\/politisch_unkorrekt\/mehr-lockdown-ist-das-neue-h-h\/#article","isPartOf":{"@id":"https:\/\/www.inkultura-online.de\/politisch_unkorrekt\/mehr-lockdown-ist-das-neue-h-h\/"},"author":{"name":"Orator","@id":"https:\/\/www.inkultura-online.de\/politisch_unkorrekt\/#\/schema\/person\/5b30b80e385478896a1de221e1994d86"},"headline":"\u201eMehr Lockdown!\u201c ist das neue H.H.","datePublished":"2021-04-12T10:58:58+00:00","mainEntityOfPage":{"@id":"https:\/\/www.inkultura-online.de\/politisch_unkorrekt\/mehr-lockdown-ist-das-neue-h-h\/"},"wordCount":405,"publisher":{"@id":"https:\/\/www.inkultura-online.de\/politisch_unkorrekt\/#\/schema\/person\/5b30b80e385478896a1de221e1994d86"},"keywords":["Corona","Gr\u00f6FaZ","Gr\u00f6KaZ","Lockdown"],"articleSection":["Antipathie","Denunzianten und Volksverr\u00e4ter","Gedanken zum Tag","Schlimme W\u00f6rter","So sieht\u00b4s aus","Systemfehler"],"inLanguage":"de"},{"@type":"WebPage","@id":"https:\/\/www.inkultura-online.de\/politisch_unkorrekt\/mehr-lockdown-ist-das-neue-h-h\/","url":"https:\/\/www.inkultura-online.de\/politisch_unkorrekt\/mehr-lockdown-ist-das-neue-h-h\/","name":"\u201eMehr Lockdown!\u201c ist das neue H.H. - Zeitgeist? Frei!","isPartOf":{"@id":"https:\/\/www.inkultura-online.de\/politisch_unkorrekt\/#website"},"datePublished":"2021-04-12T10:58:58+00:00","breadcrumb":{"@id":"https:\/\/www.inkultura-online.de\/politisch_unkorrekt\/mehr-lockdown-ist-das-neue-h-h\/#breadcrumb"},"inLanguage":"de","potentialAction":[{"@type":"ReadAction","target":["https:\/\/www.inkultura-online.de\/politisch_unkorrekt\/mehr-lockdown-ist-das-neue-h-h\/"]}]},{"@type":"BreadcrumbList","@id":"https:\/\/www.inkultura-online.de\/politisch_unkorrekt\/mehr-lockdown-ist-das-neue-h-h\/#breadcrumb","itemListElement":[{"@type":"ListItem","position":1,"name":"Home","item":"https:\/\/www.inkultura-online.de\/politisch_unkorrekt\/"},{"@type":"ListItem","position":2,"name":"\u201eMehr Lockdown!\u201c ist das neue H.H."}]},{"@type":"WebSite","@id":"https:\/\/www.inkultura-online.de\/politisch_unkorrekt\/#website","url":"https:\/\/www.inkultura-online.de\/politisch_unkorrekt\/","name":"Zeitgeist? Frei!","description":"Was Ihr den Geist der Zeiten hei\u00dft...","publisher":{"@id":"https:\/\/www.inkultura-online.de\/politisch_unkorrekt\/#\/schema\/person\/5b30b80e385478896a1de221e1994d86"},"potentialAction":[{"@type":"SearchAction","target":{"@type":"EntryPoint","urlTemplate":"https:\/\/www.inkultura-online.de\/politisch_unkorrekt\/?s={search_term_string}"},"query-input":{"@type":"PropertyValueSpecification","valueRequired":true,"valueName":"search_term_string"}}],"inLanguage":"de"},{"@type":["Person","Organization"],"@id":"https:\/\/www.inkultura-online.de\/politisch_unkorrekt\/#\/schema\/person\/5b30b80e385478896a1de221e1994d86","name":"Orator","image":{"@type":"ImageObject","inLanguage":"de","@id":"https:\/\/secure.gravatar.com\/avatar\/96e03166d31716e9c437060430eb7605c45a8ce6fb6dab483637ca6915dd0844?s=96&d=mm&r=g","url":"https:\/\/secure.gravatar.com\/avatar\/96e03166d31716e9c437060430eb7605c45a8ce6fb6dab483637ca6915dd0844?s=96&d=mm&r=g","contentUrl":"https:\/\/secure.gravatar.com\/avatar\/96e03166d31716e9c437060430eb7605c45a8ce6fb6dab483637ca6915dd0844?s=96&d=mm&r=g","caption":"Orator"},"logo":{"@id":"https:\/\/secure.gravatar.com\/avatar\/96e03166d31716e9c437060430eb7605c45a8ce6fb6dab483637ca6915dd0844?s=96&d=mm&r=g"},"url":"https:\/\/www.inkultura-online.de\/politisch_unkorrekt\/author\/1korrektor21-2\/"}]}},"_links":{"self":[{"href":"https:\/\/www.inkultura-online.de\/politisch_unkorrekt\/wp-json\/wp\/v2\/posts\/2409","targetHints":{"allow":["GET"]}}],"collection":[{"href":"https:\/\/www.inkultura-online.de\/politisch_unkorrekt\/wp-json\/wp\/v2\/posts"}],"about":[{"href":"https:\/\/www.inkultura-online.de\/politisch_unkorrekt\/wp-json\/wp\/v2\/types\/post"}],"author":[{"embeddable":true,"href":"https:\/\/www.inkultura-online.de\/politisch_unkorrekt\/wp-json\/wp\/v2\/users\/1"}],"replies":[{"embeddable":true,"href":"https:\/\/www.inkultura-online.de\/politisch_unkorrekt\/wp-json\/wp\/v2\/comments?post=2409"}],"version-history":[{"count":1,"href":"https:\/\/www.inkultura-online.de\/politisch_unkorrekt\/wp-json\/wp\/v2\/posts\/2409\/revisions"}],"predecessor-version":[{"id":2410,"href":"https:\/\/www.inkultura-online.de\/politisch_unkorrekt\/wp-json\/wp\/v2\/posts\/2409\/revisions\/2410"}],"wp:attachment":[{"href":"https:\/\/www.inkultura-online.de\/politisch_unkorrekt\/wp-json\/wp\/v2\/media?parent=2409"}],"wp:term":[{"taxonomy":"category","embeddable":true,"href":"https:\/\/www.inkultura-online.de\/politisch_unkorrekt\/wp-json\/wp\/v2\/categories?post=2409"},{"taxonomy":"post_tag","embeddable":true,"href":"https:\/\/www.inkultura-online.de\/politisch_unkorrekt\/wp-json\/wp\/v2\/tags?post=2409"}],"curies":[{"name":"wp","href":"https:\/\/api.w.org\/{rel}","templated":true}]}}