{"id":241,"date":"2015-01-18T20:57:59","date_gmt":"2015-01-18T18:57:59","guid":{"rendered":"http:\/\/www.inkultura-online.de\/politisch_unkorrekt\/?p=241"},"modified":"2015-01-18T21:07:53","modified_gmt":"2015-01-18T19:07:53","slug":"finis-germaniae","status":"publish","type":"post","link":"https:\/\/www.inkultura-online.de\/politisch_unkorrekt\/finis-germaniae\/","title":{"rendered":"Finis Germaniae"},"content":{"rendered":"<p>Der Staat kapituliert vor der islamistischen Gewalt. Anders kann man das f\u00fcr Montag erlassene Demonstrationsverbot in Dresden nicht bezeichnen. Es ist f\u00fcr den B\u00fcrger, der ohnehin seit langem an den Zielen und F\u00e4higkeiten der politischen F\u00fchrung zweifelt, ein bisher nicht dagewesenes Ereignis, dass ihm seine demokratischen Grundrechte auf das \u00dcbelste verwehrt werden.<!--more--><\/p>\n<p>Da pr\u00fcgelt seit Monaten die politische und mediale \u201eElite\u201c dieses Landes auf eine B\u00fcrgerbewegung ein, die ihr Recht auf Versammlungs- und Meinungsfreiheit ernst nimmt und gegen herrschende Missst\u00e4nde auf die Stra\u00dfe geht.<\/p>\n<p>Da wird die rot-gr\u00fcne SA in Bussen herangekarrt, um auf friedlich demonstrierenden B\u00fcrger \u2013 und Steuerzahler \u2013 einzupr\u00fcgeln und die Verantwortlichen reiben sich mit klammheimlicher Freude die H\u00e4nde, dass diesen \u201eNeonazis und Faschisten, diesen Islamhassern und Fremdenfeinden\u201c mal so richtig der politische Mainstream eingepr\u00fcgelt wird. Da schwadroniert der politisch-mediale Komplex von der Zugeh\u00f6rigkeit des Islam zu Deutschland, weil jeglicher Terror im Namen Allahs ja nichts zu tun hat mit dem Islam.<\/p>\n<p>Und genau diese Mischpoke, die sich selber die herrschende Elite nennt, genie\u00dft den anstehenden Untergang Deutschlands anscheinend in vollen Z\u00fcgen. Denn sie sind Psychopathen, die kein Vaterland und keine Heimat haben, sie kennen nur Geld und gesch\u00e4ftliche Interessen. Ihre Absichten, Planungen und Anliegen dienen ausschlie\u00dflich dazu, ihre eigene Stellung nicht zu gef\u00e4hrden.<\/p>\n<p>Die Gr\u00f6KaZ, IM Erika und die gr\u00f6\u00dfte Kanzlerin aller Zeiten hat den <a href=\"https:\/\/www.youtube.com\/watch?v=HyKV7SwB6bk\" target=\"_blank\">Fahrplan in die Zukunft Deutschlands<\/a> bekanntlich bereits vor einiger Zeit angek\u00fcndigt:<\/p>\n<blockquote>\n<p id=\"watch-headline-title\" class=\"yt\"><span id=\"eow-title\" class=\"watch-title long-title\" dir=\"ltr\" title=\"Merkel: &quot;Denn wir haben wahrlich keinen Rechtsanspruch auf Demokratie und soziale Marktwirt...\">&#8222;Denn wir haben wahrlich keinen Rechtsanspruch auf Demokratie [&#8230;] auf alle Ewigkeit.&#8220;<br \/>\n<\/span><\/p>\n<\/blockquote>\n<p>Deshalb lassen sie die Unterschichten fremder L\u00e4nder zu Hunderttausenden in unser Land, und in ihrem Unverm\u00f6gen an etwas anderes als Geld, mehr Geld und noch mehr Geld zu denken, k\u00f6nnen sie sich nicht vorstellen, dass Wilde aus der Wildnis, deren Religion sie Jahrhunderte entfernt von der westlichen Gesellschaft empfinden und handeln l\u00e4sst, nur in Ordnungen von Gott, mehr Gott und noch mehr Gott denken und die deshalb bereit sind, f\u00fcr ihren Glauben, den der politisch-mediale Komplex bekanntlich, aber irrt\u00fcmlich als Friedensbringer bezeichnet, zu leben, zu sterben und zu t\u00f6ten.<\/p>\n<p>Und genau der gleiche politisch-mediale Komplex schickt sich an, die herein str\u00f6menden Massen der Feinde von Demokratie und Freiheit strategisch g\u00fcnstig in unserem Land zu verteilen, selber aber alles unternimmt, um von den daraus resultierenden Problemen unbehelligt zu bleiben.<\/p>\n<p>Da schicken sie ihre Kinder schon mal auf teure Privatschulen \u2013 der Steuerzahler alimentiert seine Volksverr\u00e4ter, Verzeihung, Volksvertreter \u00fcberaus gut \u2013 damit sie nicht mit den bildungs- und lernerfolgshemmenden Aischas und Alis in Kontakt geraten.<\/p>\n<p>Da predigen dieselben Volksverr\u00e4ter von einer \u201eWillkommenskultur\u201c als Bringschuld des deutschen Volkes, ziehen sich nach ihren Kanzelreden jedoch wieder in die gesicherten Wohnbezirke zur\u00fcck, die ihnen durch die \u00fcppige Alimentierung durch den in ihren Augen tumben Steuermichel finanziert werden.<\/p>\n<p>Es ist eine merkw\u00fcrdige Allianz, die sich da zusammengefunden hat. Medien, Politik und Linksextremisten f\u00fchren Krieg gegen die B\u00fcrger, beschimpfen und verunglimpfen sie, weil ihnen anscheinend langsam klar wird, dass die Tage ihrer Deutungshoheit vorbei sind und dass das Volk sich seinen politischen Gestaltungsraum zur\u00fcckerobert.<\/p>\n<p>Unterst\u00fctzung in ihrem Kampf gegen alles Deutsche erhalten sie kurioserweise von den Islamisten, denen, ebenso wie dem politisch-medialen Komplex, Freiheit und Demokratie ein Dorn im Auge sind und deren Ziel in der Errichtung eines weltweiten Kalifats besteht.<\/p>\n<p>Das f\u00fcr Montag verh\u00e4ngte Demonstrationsverbot ist nur die letzte Best\u00e4tigung daf\u00fcr, dass unser Land von Kriminellen regiert wird und vor Kriminellen kapituliert, dabei, so betonen die Volksverr\u00e4ter unentwegt, gibt es doch in Wahrheit gar keine islamistische Bedrohung. Der Staat hat also kapituliert und mit dieser Klappe gleich zwei Fliegen geschlagen. Den ungehorsamen B\u00fcrgern wird das Demonstrationsrecht entzogen und f\u00fcr die Zukunft eine Blaupause geschaffen, die es erm\u00f6glichen soll, weitere politisch unliebsame Versammlungen bereits im Vorfeld zu untersagen.<\/p>\n<p>Ein funktionierender Staat, der zugleich eine wehrhafte Demokratie ist, ist verpflichtet, Grundrechte wie Demonstrations- und Versammlungsfreiheit zu sch\u00fctzen, durch wen oder was diese auch immer bedroht werden, schlie\u00dflich hat ausschlie\u00dflich er das Gewaltmonopol.<\/p>\n<p>Wenn er zum Schutz dieser Rechte nicht mehr bereit, oder schlimmer noch, dazu nicht mehr in der Lage ist, dann hat der B\u00fcrger die Pflicht, sich gegen diesen Staat zur Wehr zu setzen.<\/p>\n<blockquote><p>GG Artikel 20<\/p>\n<p>(1) Die Bundesrepublik Deutschland ist ein demokratischer und sozialer Bundesstaat.<\/p>\n<p>(2) Alle Staatsgewalt geht vom Volke aus. Sie wird vom Volke in Wahlen und Abstimmungen und durch besondere Organe der Gesetzgebung, der vollziehenden Gewalt und der Rechtsprechung ausge\u00fcbt.<\/p>\n<p>(3) Die Gesetzgebung ist an die verfassungsm\u00e4\u00dfige Ordnung, die vollziehende Gewalt und die Rechtsprechung sind an Gesetz und Recht gebunden.<\/p>\n<p>(4) Gegen jeden, der es unternimmt, diese Ordnung zu beseitigen, haben alle Deutschen das Recht zum Widerstand, wenn andere Abhilfe nicht m\u00f6glich ist.<\/p><\/blockquote>\n<p>Von innen ist dieses System jedenfalls nicht mehr zu reformieren.<\/p>\n","protected":false},"excerpt":{"rendered":"<p>Der Staat kapituliert vor der islamistischen Gewalt. Anders kann man das f\u00fcr Montag erlassene Demonstrationsverbot in Dresden nicht bezeichnen. Es ist f\u00fcr den B\u00fcrger, der ohnehin seit langem an den Zielen und F\u00e4higkeiten der politischen F\u00fchrung zweifelt, ein bisher nicht &hellip; <a href=\"https:\/\/www.inkultura-online.de\/politisch_unkorrekt\/finis-germaniae\/\">Weiterlesen <span class=\"meta-nav\">&rarr;<\/span><\/a><\/p>\n","protected":false},"author":1,"featured_media":0,"comment_status":"open","ping_status":"open","sticky":false,"template":"","format":"standard","meta":{"footnotes":""},"categories":[7,30,10],"tags":[91,140,143,64,141,21,80,127,142],"class_list":["post-241","post","type-post","status-publish","format-standard","hentry","category-moderne-zeiten","category-so-siehts-aus","category-systemfehler","tag-demonstrationsrecht","tag-finis-germaniae","tag-gg-artikel-20","tag-groekaz","tag-im-erika","tag-islam","tag-islamisten","tag-meinungsfreiheit","tag-widerstand"],"yoast_head":"<!-- This site is optimized with the Yoast SEO plugin v27.5 - https:\/\/yoast.com\/product\/yoast-seo-wordpress\/ -->\n<title>Finis Germaniae<\/title>\n<meta name=\"robots\" content=\"index, follow, max-snippet:-1, max-image-preview:large, max-video-preview:-1\" \/>\n<link rel=\"canonical\" href=\"https:\/\/www.inkultura-online.de\/politisch_unkorrekt\/finis-germaniae\/\" \/>\n<meta property=\"og:locale\" content=\"de_DE\" \/>\n<meta property=\"og:type\" content=\"article\" \/>\n<meta property=\"og:title\" content=\"Finis Germaniae\" \/>\n<meta property=\"og:description\" content=\"Der Staat kapituliert vor der islamistischen Gewalt. Anders kann man das f\u00fcr Montag erlassene Demonstrationsverbot in Dresden nicht bezeichnen. Es ist f\u00fcr den B\u00fcrger, der ohnehin seit langem an den Zielen und F\u00e4higkeiten der politischen F\u00fchrung zweifelt, ein bisher nicht &hellip; Weiterlesen &rarr;\" \/>\n<meta property=\"og:url\" content=\"https:\/\/www.inkultura-online.de\/politisch_unkorrekt\/finis-germaniae\/\" \/>\n<meta property=\"og:site_name\" content=\"Zeitgeist? Frei!\" \/>\n<meta property=\"article:published_time\" content=\"2015-01-18T18:57:59+00:00\" \/>\n<meta property=\"article:modified_time\" content=\"2015-01-18T19:07:53+00:00\" \/>\n<meta name=\"author\" content=\"Orator\" \/>\n<meta name=\"twitter:label1\" content=\"Verfasst von\" \/>\n\t<meta name=\"twitter:data1\" content=\"Orator\" \/>\n\t<meta name=\"twitter:label2\" content=\"Gesch\u00e4tzte Lesezeit\" \/>\n\t<meta name=\"twitter:data2\" content=\"4\u00a0Minuten\" \/>\n<script type=\"application\/ld+json\" class=\"yoast-schema-graph\">{\"@context\":\"https:\\\/\\\/schema.org\",\"@graph\":[{\"@type\":\"Article\",\"@id\":\"https:\\\/\\\/www.inkultura-online.de\\\/politisch_unkorrekt\\\/finis-germaniae\\\/#article\",\"isPartOf\":{\"@id\":\"https:\\\/\\\/www.inkultura-online.de\\\/politisch_unkorrekt\\\/finis-germaniae\\\/\"},\"author\":{\"name\":\"Orator\",\"@id\":\"https:\\\/\\\/www.inkultura-online.de\\\/politisch_unkorrekt\\\/#\\\/schema\\\/person\\\/5b30b80e385478896a1de221e1994d86\"},\"headline\":\"Finis Germaniae\",\"datePublished\":\"2015-01-18T18:57:59+00:00\",\"dateModified\":\"2015-01-18T19:07:53+00:00\",\"mainEntityOfPage\":{\"@id\":\"https:\\\/\\\/www.inkultura-online.de\\\/politisch_unkorrekt\\\/finis-germaniae\\\/\"},\"wordCount\":810,\"commentCount\":0,\"publisher\":{\"@id\":\"https:\\\/\\\/www.inkultura-online.de\\\/politisch_unkorrekt\\\/#\\\/schema\\\/person\\\/5b30b80e385478896a1de221e1994d86\"},\"keywords\":[\"Demonstrationsrecht\",\"Finis Germaniae\",\"GG Artikel 20\",\"Gr\u00f6KaZ\",\"IM Erika\",\"Islam\",\"Islamisten\",\"Meinungsfreiheit\",\"Widerstand\"],\"articleSection\":[\"Moderne Zeiten\",\"So sieht\u00b4s aus\",\"Systemfehler\"],\"inLanguage\":\"de\",\"potentialAction\":[{\"@type\":\"CommentAction\",\"name\":\"Comment\",\"target\":[\"https:\\\/\\\/www.inkultura-online.de\\\/politisch_unkorrekt\\\/finis-germaniae\\\/#respond\"]}]},{\"@type\":\"WebPage\",\"@id\":\"https:\\\/\\\/www.inkultura-online.de\\\/politisch_unkorrekt\\\/finis-germaniae\\\/\",\"url\":\"https:\\\/\\\/www.inkultura-online.de\\\/politisch_unkorrekt\\\/finis-germaniae\\\/\",\"name\":\"Finis Germaniae\",\"isPartOf\":{\"@id\":\"https:\\\/\\\/www.inkultura-online.de\\\/politisch_unkorrekt\\\/#website\"},\"datePublished\":\"2015-01-18T18:57:59+00:00\",\"dateModified\":\"2015-01-18T19:07:53+00:00\",\"breadcrumb\":{\"@id\":\"https:\\\/\\\/www.inkultura-online.de\\\/politisch_unkorrekt\\\/finis-germaniae\\\/#breadcrumb\"},\"inLanguage\":\"de\",\"potentialAction\":[{\"@type\":\"ReadAction\",\"target\":[\"https:\\\/\\\/www.inkultura-online.de\\\/politisch_unkorrekt\\\/finis-germaniae\\\/\"]}]},{\"@type\":\"BreadcrumbList\",\"@id\":\"https:\\\/\\\/www.inkultura-online.de\\\/politisch_unkorrekt\\\/finis-germaniae\\\/#breadcrumb\",\"itemListElement\":[{\"@type\":\"ListItem\",\"position\":1,\"name\":\"Home\",\"item\":\"https:\\\/\\\/www.inkultura-online.de\\\/politisch_unkorrekt\\\/\"},{\"@type\":\"ListItem\",\"position\":2,\"name\":\"Finis Germaniae\"}]},{\"@type\":\"WebSite\",\"@id\":\"https:\\\/\\\/www.inkultura-online.de\\\/politisch_unkorrekt\\\/#website\",\"url\":\"https:\\\/\\\/www.inkultura-online.de\\\/politisch_unkorrekt\\\/\",\"name\":\"Zeitgeist? Frei!\",\"description\":\"Was Ihr den Geist der Zeiten hei\u00dft...\",\"publisher\":{\"@id\":\"https:\\\/\\\/www.inkultura-online.de\\\/politisch_unkorrekt\\\/#\\\/schema\\\/person\\\/5b30b80e385478896a1de221e1994d86\"},\"potentialAction\":[{\"@type\":\"SearchAction\",\"target\":{\"@type\":\"EntryPoint\",\"urlTemplate\":\"https:\\\/\\\/www.inkultura-online.de\\\/politisch_unkorrekt\\\/?s={search_term_string}\"},\"query-input\":{\"@type\":\"PropertyValueSpecification\",\"valueRequired\":true,\"valueName\":\"search_term_string\"}}],\"inLanguage\":\"de\"},{\"@type\":[\"Person\",\"Organization\"],\"@id\":\"https:\\\/\\\/www.inkultura-online.de\\\/politisch_unkorrekt\\\/#\\\/schema\\\/person\\\/5b30b80e385478896a1de221e1994d86\",\"name\":\"Orator\",\"image\":{\"@type\":\"ImageObject\",\"inLanguage\":\"de\",\"@id\":\"https:\\\/\\\/secure.gravatar.com\\\/avatar\\\/96e03166d31716e9c437060430eb7605c45a8ce6fb6dab483637ca6915dd0844?s=96&d=mm&r=g\",\"url\":\"https:\\\/\\\/secure.gravatar.com\\\/avatar\\\/96e03166d31716e9c437060430eb7605c45a8ce6fb6dab483637ca6915dd0844?s=96&d=mm&r=g\",\"contentUrl\":\"https:\\\/\\\/secure.gravatar.com\\\/avatar\\\/96e03166d31716e9c437060430eb7605c45a8ce6fb6dab483637ca6915dd0844?s=96&d=mm&r=g\",\"caption\":\"Orator\"},\"logo\":{\"@id\":\"https:\\\/\\\/secure.gravatar.com\\\/avatar\\\/96e03166d31716e9c437060430eb7605c45a8ce6fb6dab483637ca6915dd0844?s=96&d=mm&r=g\"},\"url\":\"https:\\\/\\\/www.inkultura-online.de\\\/politisch_unkorrekt\\\/author\\\/1korrektor21-2\\\/\"}]}<\/script>\n<!-- \/ Yoast SEO plugin. -->","yoast_head_json":{"title":"Finis Germaniae","robots":{"index":"index","follow":"follow","max-snippet":"max-snippet:-1","max-image-preview":"max-image-preview:large","max-video-preview":"max-video-preview:-1"},"canonical":"https:\/\/www.inkultura-online.de\/politisch_unkorrekt\/finis-germaniae\/","og_locale":"de_DE","og_type":"article","og_title":"Finis Germaniae","og_description":"Der Staat kapituliert vor der islamistischen Gewalt. Anders kann man das f\u00fcr Montag erlassene Demonstrationsverbot in Dresden nicht bezeichnen. Es ist f\u00fcr den B\u00fcrger, der ohnehin seit langem an den Zielen und F\u00e4higkeiten der politischen F\u00fchrung zweifelt, ein bisher nicht &hellip; Weiterlesen &rarr;","og_url":"https:\/\/www.inkultura-online.de\/politisch_unkorrekt\/finis-germaniae\/","og_site_name":"Zeitgeist? Frei!","article_published_time":"2015-01-18T18:57:59+00:00","article_modified_time":"2015-01-18T19:07:53+00:00","author":"Orator","twitter_misc":{"Verfasst von":"Orator","Gesch\u00e4tzte Lesezeit":"4\u00a0Minuten"},"schema":{"@context":"https:\/\/schema.org","@graph":[{"@type":"Article","@id":"https:\/\/www.inkultura-online.de\/politisch_unkorrekt\/finis-germaniae\/#article","isPartOf":{"@id":"https:\/\/www.inkultura-online.de\/politisch_unkorrekt\/finis-germaniae\/"},"author":{"name":"Orator","@id":"https:\/\/www.inkultura-online.de\/politisch_unkorrekt\/#\/schema\/person\/5b30b80e385478896a1de221e1994d86"},"headline":"Finis Germaniae","datePublished":"2015-01-18T18:57:59+00:00","dateModified":"2015-01-18T19:07:53+00:00","mainEntityOfPage":{"@id":"https:\/\/www.inkultura-online.de\/politisch_unkorrekt\/finis-germaniae\/"},"wordCount":810,"commentCount":0,"publisher":{"@id":"https:\/\/www.inkultura-online.de\/politisch_unkorrekt\/#\/schema\/person\/5b30b80e385478896a1de221e1994d86"},"keywords":["Demonstrationsrecht","Finis Germaniae","GG Artikel 20","Gr\u00f6KaZ","IM Erika","Islam","Islamisten","Meinungsfreiheit","Widerstand"],"articleSection":["Moderne Zeiten","So sieht\u00b4s aus","Systemfehler"],"inLanguage":"de","potentialAction":[{"@type":"CommentAction","name":"Comment","target":["https:\/\/www.inkultura-online.de\/politisch_unkorrekt\/finis-germaniae\/#respond"]}]},{"@type":"WebPage","@id":"https:\/\/www.inkultura-online.de\/politisch_unkorrekt\/finis-germaniae\/","url":"https:\/\/www.inkultura-online.de\/politisch_unkorrekt\/finis-germaniae\/","name":"Finis Germaniae","isPartOf":{"@id":"https:\/\/www.inkultura-online.de\/politisch_unkorrekt\/#website"},"datePublished":"2015-01-18T18:57:59+00:00","dateModified":"2015-01-18T19:07:53+00:00","breadcrumb":{"@id":"https:\/\/www.inkultura-online.de\/politisch_unkorrekt\/finis-germaniae\/#breadcrumb"},"inLanguage":"de","potentialAction":[{"@type":"ReadAction","target":["https:\/\/www.inkultura-online.de\/politisch_unkorrekt\/finis-germaniae\/"]}]},{"@type":"BreadcrumbList","@id":"https:\/\/www.inkultura-online.de\/politisch_unkorrekt\/finis-germaniae\/#breadcrumb","itemListElement":[{"@type":"ListItem","position":1,"name":"Home","item":"https:\/\/www.inkultura-online.de\/politisch_unkorrekt\/"},{"@type":"ListItem","position":2,"name":"Finis Germaniae"}]},{"@type":"WebSite","@id":"https:\/\/www.inkultura-online.de\/politisch_unkorrekt\/#website","url":"https:\/\/www.inkultura-online.de\/politisch_unkorrekt\/","name":"Zeitgeist? Frei!","description":"Was Ihr den Geist der Zeiten hei\u00dft...","publisher":{"@id":"https:\/\/www.inkultura-online.de\/politisch_unkorrekt\/#\/schema\/person\/5b30b80e385478896a1de221e1994d86"},"potentialAction":[{"@type":"SearchAction","target":{"@type":"EntryPoint","urlTemplate":"https:\/\/www.inkultura-online.de\/politisch_unkorrekt\/?s={search_term_string}"},"query-input":{"@type":"PropertyValueSpecification","valueRequired":true,"valueName":"search_term_string"}}],"inLanguage":"de"},{"@type":["Person","Organization"],"@id":"https:\/\/www.inkultura-online.de\/politisch_unkorrekt\/#\/schema\/person\/5b30b80e385478896a1de221e1994d86","name":"Orator","image":{"@type":"ImageObject","inLanguage":"de","@id":"https:\/\/secure.gravatar.com\/avatar\/96e03166d31716e9c437060430eb7605c45a8ce6fb6dab483637ca6915dd0844?s=96&d=mm&r=g","url":"https:\/\/secure.gravatar.com\/avatar\/96e03166d31716e9c437060430eb7605c45a8ce6fb6dab483637ca6915dd0844?s=96&d=mm&r=g","contentUrl":"https:\/\/secure.gravatar.com\/avatar\/96e03166d31716e9c437060430eb7605c45a8ce6fb6dab483637ca6915dd0844?s=96&d=mm&r=g","caption":"Orator"},"logo":{"@id":"https:\/\/secure.gravatar.com\/avatar\/96e03166d31716e9c437060430eb7605c45a8ce6fb6dab483637ca6915dd0844?s=96&d=mm&r=g"},"url":"https:\/\/www.inkultura-online.de\/politisch_unkorrekt\/author\/1korrektor21-2\/"}]}},"_links":{"self":[{"href":"https:\/\/www.inkultura-online.de\/politisch_unkorrekt\/wp-json\/wp\/v2\/posts\/241","targetHints":{"allow":["GET"]}}],"collection":[{"href":"https:\/\/www.inkultura-online.de\/politisch_unkorrekt\/wp-json\/wp\/v2\/posts"}],"about":[{"href":"https:\/\/www.inkultura-online.de\/politisch_unkorrekt\/wp-json\/wp\/v2\/types\/post"}],"author":[{"embeddable":true,"href":"https:\/\/www.inkultura-online.de\/politisch_unkorrekt\/wp-json\/wp\/v2\/users\/1"}],"replies":[{"embeddable":true,"href":"https:\/\/www.inkultura-online.de\/politisch_unkorrekt\/wp-json\/wp\/v2\/comments?post=241"}],"version-history":[{"count":2,"href":"https:\/\/www.inkultura-online.de\/politisch_unkorrekt\/wp-json\/wp\/v2\/posts\/241\/revisions"}],"predecessor-version":[{"id":245,"href":"https:\/\/www.inkultura-online.de\/politisch_unkorrekt\/wp-json\/wp\/v2\/posts\/241\/revisions\/245"}],"wp:attachment":[{"href":"https:\/\/www.inkultura-online.de\/politisch_unkorrekt\/wp-json\/wp\/v2\/media?parent=241"}],"wp:term":[{"taxonomy":"category","embeddable":true,"href":"https:\/\/www.inkultura-online.de\/politisch_unkorrekt\/wp-json\/wp\/v2\/categories?post=241"},{"taxonomy":"post_tag","embeddable":true,"href":"https:\/\/www.inkultura-online.de\/politisch_unkorrekt\/wp-json\/wp\/v2\/tags?post=241"}],"curies":[{"name":"wp","href":"https:\/\/api.w.org\/{rel}","templated":true}]}}