{"id":2441,"date":"2021-05-15T18:19:36","date_gmt":"2021-05-15T16:19:36","guid":{"rendered":"https:\/\/www.inkultura-online.de\/politisch_unkorrekt\/?p=2441"},"modified":"2021-05-15T18:19:36","modified_gmt":"2021-05-15T16:19:36","slug":"die-neuen-superspreader","status":"publish","type":"post","link":"https:\/\/www.inkultura-online.de\/politisch_unkorrekt\/die-neuen-superspreader\/","title":{"rendered":"Die neuen Superspreader"},"content":{"rendered":"<p>Die Infektionsepidemiologie versteht unter einem Superspreader einen infizierten Organismus bzw. Wirt, der seine Erkrankung an eine au\u00dfergew\u00f6hnlich hohe Zahl anderer Individuen weitergibt.<\/p>\n<p>So weit, so medizinisch.<\/p>\n<p>Der aufmerksame Beobachter des politischen Zeitgeists glaubt aber noch eine andere Erscheinungsform, eine viel kontagi\u00f6sere Erscheinungsform des geistigen Superspreadings ausgemacht zu haben: der Aktivist.<!--more--><\/p>\n<p>Dieser ist einer, der nicht automatisch durch besondere Sach- und Fachkompetenz zum, etwas flapsig ausgedr\u00fcckt, Erkl\u00e4rb\u00e4r wird. Er oder Sie \u2013 diese Form des Superspreadings findet sich erstaunlicherweise oft in weiblicher Gestalt \u2013 ist auch kein Mandatstr\u00e4ger, Wissenschaftler oder sonst ein irgendwie von Erkenntnis und Kompetenz befleckter Zeitgenosse, sondern vielmehr eine Person, die sich mitten im Stadium der infantilen Forderung nach sofortiger Wunscherf\u00fcllung befindet und dabei, eben mangels Ausbildung, Wissen oder Kompetenzen, vulgo ohne F\u00e4higkeiten, die zur Probleml\u00f6sung beitragen, daherkommt und dieses Manko durch dem Zeitgeist gef\u00e4llige, nichtsdestotrotz jedoch hohle Phrasen \u00fcberspielen will.<\/p>\n<p>Superspreader \u2013 warum fallen mir ausgerechnet jetzt die Damen Thunberg und Neubauer ein? \u2013 und Aktivist sind auch keine Berufsbezeichnungen, auch wenn das die Qualit\u00e4tsmedien gern unter dem Mantel der Augenwischerei so darstellen, sondern Personen, die sich f\u00fcr eine Sache, z.\u00a0B. <i>Freiheit f\u00fcr Gummib\u00e4rchen<\/i> einsetzen und dies mithilfe gro\u00dfen medialen Tamtams propagieren.<\/p>\n<p>Macht das diese Superspreader automatisch zu kompetenten, also wirklichen Fachleuten und nicht zu \u201eMedienexperten\u201c der \u00d6ffentlich-Rechtlichen-Verdummung? Ganz und gar nicht. Fachleute sind die Menschen, die konkrete L\u00f6sungen f\u00fcr konkrete Probleme aufgrund analytisch-korrekt aufgearbeiteter Fakten anbieten k\u00f6nnen.<\/p>\n<p>Die logischen Fragen lauten also: Welche wissenschaftlichen Abhandlungen haben die Damen Thunberg und Neubauer zu ihrem Kernthema, das aktuell anscheinend weit gefasst daherkommt, bislang ver\u00f6ffentlicht? Welche Art von Felduntersuchungen haben sie betrieben und wo kann der interessierte B\u00fcrger diese einsehen?<\/p>\n<p>Oder, und dieser Verdacht beschleicht den aufmerksamen Beobachter, geht es nicht doch eher um mediale Selbstdarstellung, die unterst\u00fctzt vom zunehmend hilfloser agierenden polit-medialen Komplex anstelle von harten Fakten lieber mit Transparenten und Plakaten, gepaart mit vom H\u00fcpfvirus befallenen <span style=\"text-decoration: line-through;\">Schulschw\u00e4nzern<\/span> jugendlich unerfahrenen Weltrettern, Eigenwerbung betreibt?<\/p>\n<p>Es kann auch m\u00f6glich sein, dass Aktivisten, jugendliche zumal, ganz genau wissen, dass ihre F\u00e4higkeiten mangels Flei\u00df und Intelligenz niemals ausreichen werden, um erfolgreich einen produktiven Beruf auszu\u00fcben. Da ist es doch allemal besser, sich lautstark, aber nichtsdestotrotz unbelastet von Wissen, ein warmes, gut alimentiertes P\u00f6stchen in den zahlreichen <span style=\"text-decoration: line-through;\">von der Regierung<\/span> vom Steuerzahler finanzierten Stiftungen, Vereinen oder Nichtregierungsorganisationen zu sichern. Fernsehauftritte inklusive.<\/p>\n","protected":false},"excerpt":{"rendered":"<p>Die Infektionsepidemiologie versteht unter einem Superspreader einen infizierten Organismus bzw. Wirt, der seine Erkrankung an eine au\u00dfergew\u00f6hnlich hohe Zahl anderer Individuen weitergibt. So weit, so medizinisch. Der aufmerksame Beobachter des politischen Zeitgeists glaubt aber noch eine andere Erscheinungsform, eine viel &hellip; <a href=\"https:\/\/www.inkultura-online.de\/politisch_unkorrekt\/die-neuen-superspreader\/\">Weiterlesen <span class=\"meta-nav\">&rarr;<\/span><\/a><\/p>\n","protected":false},"author":1,"featured_media":0,"comment_status":"closed","ping_status":"closed","sticky":false,"template":"","format":"standard","meta":{"footnotes":""},"categories":[2,444,8,10],"tags":[1513,1493,1512],"class_list":["post-2441","post","type-post","status-publish","format-standard","hentry","category-antipathie","category-gedanken-zum-tag","category-schlimme-woerter","category-systemfehler","tag-aktivisten","tag-fff","tag-superspreader"],"yoast_head":"<!-- This site is optimized with the Yoast SEO plugin v27.5 - https:\/\/yoast.com\/product\/yoast-seo-wordpress\/ -->\n<title>Die neuen Superspreader - Zeitgeist? Frei!<\/title>\n<meta name=\"robots\" content=\"index, follow, max-snippet:-1, max-image-preview:large, max-video-preview:-1\" \/>\n<link rel=\"canonical\" href=\"https:\/\/www.inkultura-online.de\/politisch_unkorrekt\/die-neuen-superspreader\/\" \/>\n<meta property=\"og:locale\" content=\"de_DE\" \/>\n<meta property=\"og:type\" content=\"article\" \/>\n<meta property=\"og:title\" content=\"Die neuen Superspreader - Zeitgeist? Frei!\" \/>\n<meta property=\"og:description\" content=\"Die Infektionsepidemiologie versteht unter einem Superspreader einen infizierten Organismus bzw. Wirt, der seine Erkrankung an eine au\u00dfergew\u00f6hnlich hohe Zahl anderer Individuen weitergibt. So weit, so medizinisch. Der aufmerksame Beobachter des politischen Zeitgeists glaubt aber noch eine andere Erscheinungsform, eine viel &hellip; Weiterlesen &rarr;\" \/>\n<meta property=\"og:url\" content=\"https:\/\/www.inkultura-online.de\/politisch_unkorrekt\/die-neuen-superspreader\/\" \/>\n<meta property=\"og:site_name\" content=\"Zeitgeist? Frei!\" \/>\n<meta property=\"article:published_time\" content=\"2021-05-15T16:19:36+00:00\" \/>\n<meta name=\"author\" content=\"Orator\" \/>\n<meta name=\"twitter:label1\" content=\"Verfasst von\" \/>\n\t<meta name=\"twitter:data1\" content=\"Orator\" \/>\n\t<meta name=\"twitter:label2\" content=\"Gesch\u00e4tzte Lesezeit\" \/>\n\t<meta name=\"twitter:data2\" content=\"2\u00a0Minuten\" \/>\n<script type=\"application\/ld+json\" class=\"yoast-schema-graph\">{\"@context\":\"https:\\\/\\\/schema.org\",\"@graph\":[{\"@type\":\"Article\",\"@id\":\"https:\\\/\\\/www.inkultura-online.de\\\/politisch_unkorrekt\\\/die-neuen-superspreader\\\/#article\",\"isPartOf\":{\"@id\":\"https:\\\/\\\/www.inkultura-online.de\\\/politisch_unkorrekt\\\/die-neuen-superspreader\\\/\"},\"author\":{\"name\":\"Orator\",\"@id\":\"https:\\\/\\\/www.inkultura-online.de\\\/politisch_unkorrekt\\\/#\\\/schema\\\/person\\\/5b30b80e385478896a1de221e1994d86\"},\"headline\":\"Die neuen Superspreader\",\"datePublished\":\"2021-05-15T16:19:36+00:00\",\"mainEntityOfPage\":{\"@id\":\"https:\\\/\\\/www.inkultura-online.de\\\/politisch_unkorrekt\\\/die-neuen-superspreader\\\/\"},\"wordCount\":406,\"publisher\":{\"@id\":\"https:\\\/\\\/www.inkultura-online.de\\\/politisch_unkorrekt\\\/#\\\/schema\\\/person\\\/5b30b80e385478896a1de221e1994d86\"},\"keywords\":[\"Aktivisten\",\"FFF\",\"Superspreader\"],\"articleSection\":[\"Antipathie\",\"Gedanken zum Tag\",\"Schlimme W\u00f6rter\",\"Systemfehler\"],\"inLanguage\":\"de\"},{\"@type\":\"WebPage\",\"@id\":\"https:\\\/\\\/www.inkultura-online.de\\\/politisch_unkorrekt\\\/die-neuen-superspreader\\\/\",\"url\":\"https:\\\/\\\/www.inkultura-online.de\\\/politisch_unkorrekt\\\/die-neuen-superspreader\\\/\",\"name\":\"Die neuen Superspreader - Zeitgeist? Frei!\",\"isPartOf\":{\"@id\":\"https:\\\/\\\/www.inkultura-online.de\\\/politisch_unkorrekt\\\/#website\"},\"datePublished\":\"2021-05-15T16:19:36+00:00\",\"breadcrumb\":{\"@id\":\"https:\\\/\\\/www.inkultura-online.de\\\/politisch_unkorrekt\\\/die-neuen-superspreader\\\/#breadcrumb\"},\"inLanguage\":\"de\",\"potentialAction\":[{\"@type\":\"ReadAction\",\"target\":[\"https:\\\/\\\/www.inkultura-online.de\\\/politisch_unkorrekt\\\/die-neuen-superspreader\\\/\"]}]},{\"@type\":\"BreadcrumbList\",\"@id\":\"https:\\\/\\\/www.inkultura-online.de\\\/politisch_unkorrekt\\\/die-neuen-superspreader\\\/#breadcrumb\",\"itemListElement\":[{\"@type\":\"ListItem\",\"position\":1,\"name\":\"Home\",\"item\":\"https:\\\/\\\/www.inkultura-online.de\\\/politisch_unkorrekt\\\/\"},{\"@type\":\"ListItem\",\"position\":2,\"name\":\"Die neuen Superspreader\"}]},{\"@type\":\"WebSite\",\"@id\":\"https:\\\/\\\/www.inkultura-online.de\\\/politisch_unkorrekt\\\/#website\",\"url\":\"https:\\\/\\\/www.inkultura-online.de\\\/politisch_unkorrekt\\\/\",\"name\":\"Zeitgeist? Frei!\",\"description\":\"Was Ihr den Geist der Zeiten hei\u00dft...\",\"publisher\":{\"@id\":\"https:\\\/\\\/www.inkultura-online.de\\\/politisch_unkorrekt\\\/#\\\/schema\\\/person\\\/5b30b80e385478896a1de221e1994d86\"},\"potentialAction\":[{\"@type\":\"SearchAction\",\"target\":{\"@type\":\"EntryPoint\",\"urlTemplate\":\"https:\\\/\\\/www.inkultura-online.de\\\/politisch_unkorrekt\\\/?s={search_term_string}\"},\"query-input\":{\"@type\":\"PropertyValueSpecification\",\"valueRequired\":true,\"valueName\":\"search_term_string\"}}],\"inLanguage\":\"de\"},{\"@type\":[\"Person\",\"Organization\"],\"@id\":\"https:\\\/\\\/www.inkultura-online.de\\\/politisch_unkorrekt\\\/#\\\/schema\\\/person\\\/5b30b80e385478896a1de221e1994d86\",\"name\":\"Orator\",\"image\":{\"@type\":\"ImageObject\",\"inLanguage\":\"de\",\"@id\":\"https:\\\/\\\/secure.gravatar.com\\\/avatar\\\/96e03166d31716e9c437060430eb7605c45a8ce6fb6dab483637ca6915dd0844?s=96&d=mm&r=g\",\"url\":\"https:\\\/\\\/secure.gravatar.com\\\/avatar\\\/96e03166d31716e9c437060430eb7605c45a8ce6fb6dab483637ca6915dd0844?s=96&d=mm&r=g\",\"contentUrl\":\"https:\\\/\\\/secure.gravatar.com\\\/avatar\\\/96e03166d31716e9c437060430eb7605c45a8ce6fb6dab483637ca6915dd0844?s=96&d=mm&r=g\",\"caption\":\"Orator\"},\"logo\":{\"@id\":\"https:\\\/\\\/secure.gravatar.com\\\/avatar\\\/96e03166d31716e9c437060430eb7605c45a8ce6fb6dab483637ca6915dd0844?s=96&d=mm&r=g\"},\"url\":\"https:\\\/\\\/www.inkultura-online.de\\\/politisch_unkorrekt\\\/author\\\/1korrektor21-2\\\/\"}]}<\/script>\n<!-- \/ Yoast SEO plugin. -->","yoast_head_json":{"title":"Die neuen Superspreader - Zeitgeist? Frei!","robots":{"index":"index","follow":"follow","max-snippet":"max-snippet:-1","max-image-preview":"max-image-preview:large","max-video-preview":"max-video-preview:-1"},"canonical":"https:\/\/www.inkultura-online.de\/politisch_unkorrekt\/die-neuen-superspreader\/","og_locale":"de_DE","og_type":"article","og_title":"Die neuen Superspreader - Zeitgeist? Frei!","og_description":"Die Infektionsepidemiologie versteht unter einem Superspreader einen infizierten Organismus bzw. Wirt, der seine Erkrankung an eine au\u00dfergew\u00f6hnlich hohe Zahl anderer Individuen weitergibt. So weit, so medizinisch. Der aufmerksame Beobachter des politischen Zeitgeists glaubt aber noch eine andere Erscheinungsform, eine viel &hellip; Weiterlesen &rarr;","og_url":"https:\/\/www.inkultura-online.de\/politisch_unkorrekt\/die-neuen-superspreader\/","og_site_name":"Zeitgeist? Frei!","article_published_time":"2021-05-15T16:19:36+00:00","author":"Orator","twitter_misc":{"Verfasst von":"Orator","Gesch\u00e4tzte Lesezeit":"2\u00a0Minuten"},"schema":{"@context":"https:\/\/schema.org","@graph":[{"@type":"Article","@id":"https:\/\/www.inkultura-online.de\/politisch_unkorrekt\/die-neuen-superspreader\/#article","isPartOf":{"@id":"https:\/\/www.inkultura-online.de\/politisch_unkorrekt\/die-neuen-superspreader\/"},"author":{"name":"Orator","@id":"https:\/\/www.inkultura-online.de\/politisch_unkorrekt\/#\/schema\/person\/5b30b80e385478896a1de221e1994d86"},"headline":"Die neuen Superspreader","datePublished":"2021-05-15T16:19:36+00:00","mainEntityOfPage":{"@id":"https:\/\/www.inkultura-online.de\/politisch_unkorrekt\/die-neuen-superspreader\/"},"wordCount":406,"publisher":{"@id":"https:\/\/www.inkultura-online.de\/politisch_unkorrekt\/#\/schema\/person\/5b30b80e385478896a1de221e1994d86"},"keywords":["Aktivisten","FFF","Superspreader"],"articleSection":["Antipathie","Gedanken zum Tag","Schlimme W\u00f6rter","Systemfehler"],"inLanguage":"de"},{"@type":"WebPage","@id":"https:\/\/www.inkultura-online.de\/politisch_unkorrekt\/die-neuen-superspreader\/","url":"https:\/\/www.inkultura-online.de\/politisch_unkorrekt\/die-neuen-superspreader\/","name":"Die neuen Superspreader - Zeitgeist? Frei!","isPartOf":{"@id":"https:\/\/www.inkultura-online.de\/politisch_unkorrekt\/#website"},"datePublished":"2021-05-15T16:19:36+00:00","breadcrumb":{"@id":"https:\/\/www.inkultura-online.de\/politisch_unkorrekt\/die-neuen-superspreader\/#breadcrumb"},"inLanguage":"de","potentialAction":[{"@type":"ReadAction","target":["https:\/\/www.inkultura-online.de\/politisch_unkorrekt\/die-neuen-superspreader\/"]}]},{"@type":"BreadcrumbList","@id":"https:\/\/www.inkultura-online.de\/politisch_unkorrekt\/die-neuen-superspreader\/#breadcrumb","itemListElement":[{"@type":"ListItem","position":1,"name":"Home","item":"https:\/\/www.inkultura-online.de\/politisch_unkorrekt\/"},{"@type":"ListItem","position":2,"name":"Die neuen Superspreader"}]},{"@type":"WebSite","@id":"https:\/\/www.inkultura-online.de\/politisch_unkorrekt\/#website","url":"https:\/\/www.inkultura-online.de\/politisch_unkorrekt\/","name":"Zeitgeist? Frei!","description":"Was Ihr den Geist der Zeiten hei\u00dft...","publisher":{"@id":"https:\/\/www.inkultura-online.de\/politisch_unkorrekt\/#\/schema\/person\/5b30b80e385478896a1de221e1994d86"},"potentialAction":[{"@type":"SearchAction","target":{"@type":"EntryPoint","urlTemplate":"https:\/\/www.inkultura-online.de\/politisch_unkorrekt\/?s={search_term_string}"},"query-input":{"@type":"PropertyValueSpecification","valueRequired":true,"valueName":"search_term_string"}}],"inLanguage":"de"},{"@type":["Person","Organization"],"@id":"https:\/\/www.inkultura-online.de\/politisch_unkorrekt\/#\/schema\/person\/5b30b80e385478896a1de221e1994d86","name":"Orator","image":{"@type":"ImageObject","inLanguage":"de","@id":"https:\/\/secure.gravatar.com\/avatar\/96e03166d31716e9c437060430eb7605c45a8ce6fb6dab483637ca6915dd0844?s=96&d=mm&r=g","url":"https:\/\/secure.gravatar.com\/avatar\/96e03166d31716e9c437060430eb7605c45a8ce6fb6dab483637ca6915dd0844?s=96&d=mm&r=g","contentUrl":"https:\/\/secure.gravatar.com\/avatar\/96e03166d31716e9c437060430eb7605c45a8ce6fb6dab483637ca6915dd0844?s=96&d=mm&r=g","caption":"Orator"},"logo":{"@id":"https:\/\/secure.gravatar.com\/avatar\/96e03166d31716e9c437060430eb7605c45a8ce6fb6dab483637ca6915dd0844?s=96&d=mm&r=g"},"url":"https:\/\/www.inkultura-online.de\/politisch_unkorrekt\/author\/1korrektor21-2\/"}]}},"_links":{"self":[{"href":"https:\/\/www.inkultura-online.de\/politisch_unkorrekt\/wp-json\/wp\/v2\/posts\/2441","targetHints":{"allow":["GET"]}}],"collection":[{"href":"https:\/\/www.inkultura-online.de\/politisch_unkorrekt\/wp-json\/wp\/v2\/posts"}],"about":[{"href":"https:\/\/www.inkultura-online.de\/politisch_unkorrekt\/wp-json\/wp\/v2\/types\/post"}],"author":[{"embeddable":true,"href":"https:\/\/www.inkultura-online.de\/politisch_unkorrekt\/wp-json\/wp\/v2\/users\/1"}],"replies":[{"embeddable":true,"href":"https:\/\/www.inkultura-online.de\/politisch_unkorrekt\/wp-json\/wp\/v2\/comments?post=2441"}],"version-history":[{"count":1,"href":"https:\/\/www.inkultura-online.de\/politisch_unkorrekt\/wp-json\/wp\/v2\/posts\/2441\/revisions"}],"predecessor-version":[{"id":2442,"href":"https:\/\/www.inkultura-online.de\/politisch_unkorrekt\/wp-json\/wp\/v2\/posts\/2441\/revisions\/2442"}],"wp:attachment":[{"href":"https:\/\/www.inkultura-online.de\/politisch_unkorrekt\/wp-json\/wp\/v2\/media?parent=2441"}],"wp:term":[{"taxonomy":"category","embeddable":true,"href":"https:\/\/www.inkultura-online.de\/politisch_unkorrekt\/wp-json\/wp\/v2\/categories?post=2441"},{"taxonomy":"post_tag","embeddable":true,"href":"https:\/\/www.inkultura-online.de\/politisch_unkorrekt\/wp-json\/wp\/v2\/tags?post=2441"}],"curies":[{"name":"wp","href":"https:\/\/api.w.org\/{rel}","templated":true}]}}