{"id":2448,"date":"2021-06-05T12:29:49","date_gmt":"2021-06-05T10:29:49","guid":{"rendered":"https:\/\/www.inkultura-online.de\/politisch_unkorrekt\/?p=2448"},"modified":"2021-06-05T12:32:05","modified_gmt":"2021-06-05T10:32:05","slug":"die-ideologie-des-wirismus","status":"publish","type":"post","link":"https:\/\/www.inkultura-online.de\/politisch_unkorrekt\/die-ideologie-des-wirismus\/","title":{"rendered":"Die Ideologie des &#8222;Wir&#8220;ismus"},"content":{"rendered":"<p><a href=\"https:\/\/www.inkultura-online.de\/politisch_unkorrekt\/wp-content\/uploads\/2021\/06\/jeder_mensch.jpg\"><img loading=\"lazy\" decoding=\"async\" class=\"aligncenter size-full wp-image-2447\" src=\"https:\/\/www.inkultura-online.de\/politisch_unkorrekt\/wp-content\/uploads\/2021\/06\/jeder_mensch.jpg\" alt=\"Ferdiand von Schirach - Jeder Mensch\" width=\"96\" height=\"149\" \/><\/a>Warum nur f\u00e4llt mir bei pathetischen geratenen Ansprachen oder gar Forderungen, die mit dem Wort \u201eWir\u201c beginnen, immer das Carl Schmitt zugeschriebene Diktum \u201eWer Menschheit sagt, will betr\u00fcgen\u201c ein? Weil, um die Antwort gleich hinterherzuschieben, die generalisierte Verwendung dieses Personalpronomens in der Regel bedeutet, dass ganz andere, als die vollmundigen \u201eWir\u201c-Forderer f\u00fcr Kosten und Nebenwirkungen aufkommen m\u00fcssen.<!--more--><\/p>\n<p>Es ist eine Sache, wenn sich ein Intellektueller am Schreibtisch utopische Forderungen einfallen l\u00e4sst, diese zu Papier bringt \u2013 und europaweit zur Abstimmung stellt \u2013, aber eine vollkommen andere, wenn besagter Schreibtischphilosoph, der gewiss nicht zu den \u00c4rmsten dieser Republik z\u00e4hlt und zudem gern mit seiner Familiengeschichte kokettiert, au\u00dfer Acht l\u00e4sst, dass die vollmundig geforderten Dinge l\u00e4ngst in juristischer Form Eingang in die allt\u00e4gliche Rechtsprechung gefunden haben.<\/p>\n<p>Doch wer ist dieses omin\u00f6se Wesen \u201eWir\u201c, von dem Ferdinand von Schirach spricht? Es ist ein Mensch, ein europ\u00e4ischer dazu, der einer direkten Demokratie nicht f\u00e4hig ist, weil er bei einer Abstimmung kurz nach einem Sexualmord an einem Kind die Todesstrafe fordern w\u00fcrden. Geschenkt, dass auch der Autor <a href=\"https:\/\/www.kultur-kritik.net\/2016\/05\/22\/ferdinand-von-schirach-ein-knopfdruck-ist-zu-einfach\/\" target=\"_blank\" rel=\"noopener\">dunkle Flecken<\/a> auf der Seele haben d\u00fcrfte\u2026<\/p>\n<p>Wer k\u00f6nnte es denn richten? Politiker, genauer ausgedr\u00fcckt, die repr\u00e4sentative Demokratie? Wie gut das funktioniert, sieht der aufmerksame Beobachter des politischen Zeitgeists aktuell, denn die Repr\u00e4sentanten des B\u00fcrgerwillens sind gerade dabei, die Demokratie auszuhebeln. Keine Gute Idee also.<\/p>\n<p>\u201eWir\u201c ist immer ein schlechter Katalysator f\u00fcr ohne Frage anstehende Ver\u00e4nderungen. Noch allzu gut hat man das schrille \u2013 und typisch f\u00fcr deutsche Gro\u00dfmannssucht \u2013 \u201eWir schaffen das\u201c, der Kanzlerin in den Ohren. Leider hat sich dieses \u201eWir\u201c als vom B\u00fcrger, vom Steuern zahlenden B\u00fcrger zu begleichende Rechnung erwiesen. Von den zahllosen physischen Kollateralsch\u00e4den haupts\u00e4chlich weiblicher Opfer ganz zu schweigen.<\/p>\n<p>\u201eWir fordern\u201c, \u201eWir brauchen\u201c und \u00e4hnliche, stets von den Vielen abverlangende Kostenstellen, sind Plattit\u00fcden der Wenigen, die immer besagte Ausgaben auf andere, auf die Allgemeinheit abw\u00e4lzen, um sich selber im Licht des scheinbar besseren Menschen darzustellen.<\/p>\n<p>Mein Vorschlag an alle, die der Ideologie des \u201eWir\u201cismus anh\u00e4ngen: Schnappt euch ein paar gelangweilte Milliard\u00e4re, die ohnehin davon tr\u00e4umen, die Welt nach ihren Vorstellungen zu transformieren, dazu einige eloquente und \u201eSchreibstil\u201c sichere Salonl\u00f6wen und dann macht euch gemeinsam daran, quasi als Pilotprojekt, die Slums vom Mumbai oder \u00e4hnlich menschenunw\u00fcrdige Flecken so herzurichten, dass Leben, das diesen Namen auch verdient, dort m\u00f6glich ist.<\/p>\n<p>Ansonsten solltet ihr nicht mehr von \u201eWir\u201c sprechen, wenn ihr darunter doch immer nur die Anderen versteht.<\/p>\n","protected":false},"excerpt":{"rendered":"<p>Warum nur f\u00e4llt mir bei pathetischen geratenen Ansprachen oder gar Forderungen, die mit dem Wort \u201eWir\u201c beginnen, immer das Carl Schmitt zugeschriebene Diktum \u201eWer Menschheit sagt, will betr\u00fcgen\u201c ein? Weil, um die Antwort gleich hinterherzuschieben, die generalisierte Verwendung dieses Personalpronomens &hellip; <a href=\"https:\/\/www.inkultura-online.de\/politisch_unkorrekt\/die-ideologie-des-wirismus\/\">Weiterlesen <span class=\"meta-nav\">&rarr;<\/span><\/a><\/p>\n","protected":false},"author":1,"featured_media":0,"comment_status":"closed","ping_status":"closed","sticky":false,"template":"","format":"standard","meta":{"footnotes":""},"categories":[444,6,8],"tags":[1516,1514,1515],"class_list":["post-2448","post","type-post","status-publish","format-standard","hentry","category-gedanken-zum-tag","category-menschen-untereinander","category-schlimme-woerter","tag-wirismus","tag-ferdinand-von-schirach","tag-jeder-mensch"],"yoast_head":"<!-- This site is optimized with the Yoast SEO plugin v27.5 - https:\/\/yoast.com\/product\/yoast-seo-wordpress\/ -->\n<title>Die Ideologie des &quot;Wir&quot;ismus - Zeitgeist? Frei!<\/title>\n<meta name=\"robots\" content=\"index, follow, max-snippet:-1, max-image-preview:large, max-video-preview:-1\" \/>\n<link rel=\"canonical\" href=\"https:\/\/www.inkultura-online.de\/politisch_unkorrekt\/die-ideologie-des-wirismus\/\" \/>\n<meta property=\"og:locale\" content=\"de_DE\" \/>\n<meta property=\"og:type\" content=\"article\" \/>\n<meta property=\"og:title\" content=\"Die Ideologie des &quot;Wir&quot;ismus - Zeitgeist? Frei!\" \/>\n<meta property=\"og:description\" content=\"Warum nur f\u00e4llt mir bei pathetischen geratenen Ansprachen oder gar Forderungen, die mit dem Wort \u201eWir\u201c beginnen, immer das Carl Schmitt zugeschriebene Diktum \u201eWer Menschheit sagt, will betr\u00fcgen\u201c ein? Weil, um die Antwort gleich hinterherzuschieben, die generalisierte Verwendung dieses Personalpronomens &hellip; Weiterlesen &rarr;\" \/>\n<meta property=\"og:url\" content=\"https:\/\/www.inkultura-online.de\/politisch_unkorrekt\/die-ideologie-des-wirismus\/\" \/>\n<meta property=\"og:site_name\" content=\"Zeitgeist? Frei!\" \/>\n<meta property=\"article:published_time\" content=\"2021-06-05T10:29:49+00:00\" \/>\n<meta property=\"article:modified_time\" content=\"2021-06-05T10:32:05+00:00\" \/>\n<meta property=\"og:image\" content=\"https:\/\/www.inkultura-online.de\/politisch_unkorrekt\/wp-content\/uploads\/2021\/06\/jeder_mensch.jpg\" \/>\n<meta name=\"author\" content=\"Orator\" \/>\n<meta name=\"twitter:label1\" content=\"Verfasst von\" \/>\n\t<meta name=\"twitter:data1\" content=\"Orator\" \/>\n\t<meta name=\"twitter:label2\" content=\"Gesch\u00e4tzte Lesezeit\" \/>\n\t<meta name=\"twitter:data2\" content=\"2\u00a0Minuten\" \/>\n<script type=\"application\/ld+json\" class=\"yoast-schema-graph\">{\"@context\":\"https:\\\/\\\/schema.org\",\"@graph\":[{\"@type\":\"Article\",\"@id\":\"https:\\\/\\\/www.inkultura-online.de\\\/politisch_unkorrekt\\\/die-ideologie-des-wirismus\\\/#article\",\"isPartOf\":{\"@id\":\"https:\\\/\\\/www.inkultura-online.de\\\/politisch_unkorrekt\\\/die-ideologie-des-wirismus\\\/\"},\"author\":{\"name\":\"Orator\",\"@id\":\"https:\\\/\\\/www.inkultura-online.de\\\/politisch_unkorrekt\\\/#\\\/schema\\\/person\\\/5b30b80e385478896a1de221e1994d86\"},\"headline\":\"Die Ideologie des &#8222;Wir&#8220;ismus\",\"datePublished\":\"2021-06-05T10:29:49+00:00\",\"dateModified\":\"2021-06-05T10:32:05+00:00\",\"mainEntityOfPage\":{\"@id\":\"https:\\\/\\\/www.inkultura-online.de\\\/politisch_unkorrekt\\\/die-ideologie-des-wirismus\\\/\"},\"wordCount\":432,\"publisher\":{\"@id\":\"https:\\\/\\\/www.inkultura-online.de\\\/politisch_unkorrekt\\\/#\\\/schema\\\/person\\\/5b30b80e385478896a1de221e1994d86\"},\"image\":{\"@id\":\"https:\\\/\\\/www.inkultura-online.de\\\/politisch_unkorrekt\\\/die-ideologie-des-wirismus\\\/#primaryimage\"},\"thumbnailUrl\":\"https:\\\/\\\/www.inkultura-online.de\\\/politisch_unkorrekt\\\/wp-content\\\/uploads\\\/2021\\\/06\\\/jeder_mensch.jpg\",\"keywords\":[\"\\\"Wir\\\"ismus\",\"Ferdinand von Schirach\",\"Jeder Mensch\"],\"articleSection\":[\"Gedanken zum Tag\",\"Menschen untereinander\",\"Schlimme W\u00f6rter\"],\"inLanguage\":\"de\"},{\"@type\":\"WebPage\",\"@id\":\"https:\\\/\\\/www.inkultura-online.de\\\/politisch_unkorrekt\\\/die-ideologie-des-wirismus\\\/\",\"url\":\"https:\\\/\\\/www.inkultura-online.de\\\/politisch_unkorrekt\\\/die-ideologie-des-wirismus\\\/\",\"name\":\"Die Ideologie des \\\"Wir\\\"ismus - Zeitgeist? Frei!\",\"isPartOf\":{\"@id\":\"https:\\\/\\\/www.inkultura-online.de\\\/politisch_unkorrekt\\\/#website\"},\"primaryImageOfPage\":{\"@id\":\"https:\\\/\\\/www.inkultura-online.de\\\/politisch_unkorrekt\\\/die-ideologie-des-wirismus\\\/#primaryimage\"},\"image\":{\"@id\":\"https:\\\/\\\/www.inkultura-online.de\\\/politisch_unkorrekt\\\/die-ideologie-des-wirismus\\\/#primaryimage\"},\"thumbnailUrl\":\"https:\\\/\\\/www.inkultura-online.de\\\/politisch_unkorrekt\\\/wp-content\\\/uploads\\\/2021\\\/06\\\/jeder_mensch.jpg\",\"datePublished\":\"2021-06-05T10:29:49+00:00\",\"dateModified\":\"2021-06-05T10:32:05+00:00\",\"breadcrumb\":{\"@id\":\"https:\\\/\\\/www.inkultura-online.de\\\/politisch_unkorrekt\\\/die-ideologie-des-wirismus\\\/#breadcrumb\"},\"inLanguage\":\"de\",\"potentialAction\":[{\"@type\":\"ReadAction\",\"target\":[\"https:\\\/\\\/www.inkultura-online.de\\\/politisch_unkorrekt\\\/die-ideologie-des-wirismus\\\/\"]}]},{\"@type\":\"ImageObject\",\"inLanguage\":\"de\",\"@id\":\"https:\\\/\\\/www.inkultura-online.de\\\/politisch_unkorrekt\\\/die-ideologie-des-wirismus\\\/#primaryimage\",\"url\":\"https:\\\/\\\/www.inkultura-online.de\\\/politisch_unkorrekt\\\/wp-content\\\/uploads\\\/2021\\\/06\\\/jeder_mensch.jpg\",\"contentUrl\":\"https:\\\/\\\/www.inkultura-online.de\\\/politisch_unkorrekt\\\/wp-content\\\/uploads\\\/2021\\\/06\\\/jeder_mensch.jpg\",\"width\":96,\"height\":149,\"caption\":\"Ferdiand von Schirach - Jeder Mensch\"},{\"@type\":\"BreadcrumbList\",\"@id\":\"https:\\\/\\\/www.inkultura-online.de\\\/politisch_unkorrekt\\\/die-ideologie-des-wirismus\\\/#breadcrumb\",\"itemListElement\":[{\"@type\":\"ListItem\",\"position\":1,\"name\":\"Home\",\"item\":\"https:\\\/\\\/www.inkultura-online.de\\\/politisch_unkorrekt\\\/\"},{\"@type\":\"ListItem\",\"position\":2,\"name\":\"Die Ideologie des &#8222;Wir&#8220;ismus\"}]},{\"@type\":\"WebSite\",\"@id\":\"https:\\\/\\\/www.inkultura-online.de\\\/politisch_unkorrekt\\\/#website\",\"url\":\"https:\\\/\\\/www.inkultura-online.de\\\/politisch_unkorrekt\\\/\",\"name\":\"Zeitgeist? Frei!\",\"description\":\"Was Ihr den Geist der Zeiten hei\u00dft...\",\"publisher\":{\"@id\":\"https:\\\/\\\/www.inkultura-online.de\\\/politisch_unkorrekt\\\/#\\\/schema\\\/person\\\/5b30b80e385478896a1de221e1994d86\"},\"potentialAction\":[{\"@type\":\"SearchAction\",\"target\":{\"@type\":\"EntryPoint\",\"urlTemplate\":\"https:\\\/\\\/www.inkultura-online.de\\\/politisch_unkorrekt\\\/?s={search_term_string}\"},\"query-input\":{\"@type\":\"PropertyValueSpecification\",\"valueRequired\":true,\"valueName\":\"search_term_string\"}}],\"inLanguage\":\"de\"},{\"@type\":[\"Person\",\"Organization\"],\"@id\":\"https:\\\/\\\/www.inkultura-online.de\\\/politisch_unkorrekt\\\/#\\\/schema\\\/person\\\/5b30b80e385478896a1de221e1994d86\",\"name\":\"Orator\",\"image\":{\"@type\":\"ImageObject\",\"inLanguage\":\"de\",\"@id\":\"https:\\\/\\\/secure.gravatar.com\\\/avatar\\\/96e03166d31716e9c437060430eb7605c45a8ce6fb6dab483637ca6915dd0844?s=96&d=mm&r=g\",\"url\":\"https:\\\/\\\/secure.gravatar.com\\\/avatar\\\/96e03166d31716e9c437060430eb7605c45a8ce6fb6dab483637ca6915dd0844?s=96&d=mm&r=g\",\"contentUrl\":\"https:\\\/\\\/secure.gravatar.com\\\/avatar\\\/96e03166d31716e9c437060430eb7605c45a8ce6fb6dab483637ca6915dd0844?s=96&d=mm&r=g\",\"caption\":\"Orator\"},\"logo\":{\"@id\":\"https:\\\/\\\/secure.gravatar.com\\\/avatar\\\/96e03166d31716e9c437060430eb7605c45a8ce6fb6dab483637ca6915dd0844?s=96&d=mm&r=g\"},\"url\":\"https:\\\/\\\/www.inkultura-online.de\\\/politisch_unkorrekt\\\/author\\\/1korrektor21-2\\\/\"}]}<\/script>\n<!-- \/ Yoast SEO plugin. -->","yoast_head_json":{"title":"Die Ideologie des \"Wir\"ismus - Zeitgeist? Frei!","robots":{"index":"index","follow":"follow","max-snippet":"max-snippet:-1","max-image-preview":"max-image-preview:large","max-video-preview":"max-video-preview:-1"},"canonical":"https:\/\/www.inkultura-online.de\/politisch_unkorrekt\/die-ideologie-des-wirismus\/","og_locale":"de_DE","og_type":"article","og_title":"Die Ideologie des \"Wir\"ismus - Zeitgeist? Frei!","og_description":"Warum nur f\u00e4llt mir bei pathetischen geratenen Ansprachen oder gar Forderungen, die mit dem Wort \u201eWir\u201c beginnen, immer das Carl Schmitt zugeschriebene Diktum \u201eWer Menschheit sagt, will betr\u00fcgen\u201c ein? Weil, um die Antwort gleich hinterherzuschieben, die generalisierte Verwendung dieses Personalpronomens &hellip; Weiterlesen &rarr;","og_url":"https:\/\/www.inkultura-online.de\/politisch_unkorrekt\/die-ideologie-des-wirismus\/","og_site_name":"Zeitgeist? Frei!","article_published_time":"2021-06-05T10:29:49+00:00","article_modified_time":"2021-06-05T10:32:05+00:00","og_image":[{"url":"https:\/\/www.inkultura-online.de\/politisch_unkorrekt\/wp-content\/uploads\/2021\/06\/jeder_mensch.jpg","type":"","width":"","height":""}],"author":"Orator","twitter_misc":{"Verfasst von":"Orator","Gesch\u00e4tzte Lesezeit":"2\u00a0Minuten"},"schema":{"@context":"https:\/\/schema.org","@graph":[{"@type":"Article","@id":"https:\/\/www.inkultura-online.de\/politisch_unkorrekt\/die-ideologie-des-wirismus\/#article","isPartOf":{"@id":"https:\/\/www.inkultura-online.de\/politisch_unkorrekt\/die-ideologie-des-wirismus\/"},"author":{"name":"Orator","@id":"https:\/\/www.inkultura-online.de\/politisch_unkorrekt\/#\/schema\/person\/5b30b80e385478896a1de221e1994d86"},"headline":"Die Ideologie des &#8222;Wir&#8220;ismus","datePublished":"2021-06-05T10:29:49+00:00","dateModified":"2021-06-05T10:32:05+00:00","mainEntityOfPage":{"@id":"https:\/\/www.inkultura-online.de\/politisch_unkorrekt\/die-ideologie-des-wirismus\/"},"wordCount":432,"publisher":{"@id":"https:\/\/www.inkultura-online.de\/politisch_unkorrekt\/#\/schema\/person\/5b30b80e385478896a1de221e1994d86"},"image":{"@id":"https:\/\/www.inkultura-online.de\/politisch_unkorrekt\/die-ideologie-des-wirismus\/#primaryimage"},"thumbnailUrl":"https:\/\/www.inkultura-online.de\/politisch_unkorrekt\/wp-content\/uploads\/2021\/06\/jeder_mensch.jpg","keywords":["\"Wir\"ismus","Ferdinand von Schirach","Jeder Mensch"],"articleSection":["Gedanken zum Tag","Menschen untereinander","Schlimme W\u00f6rter"],"inLanguage":"de"},{"@type":"WebPage","@id":"https:\/\/www.inkultura-online.de\/politisch_unkorrekt\/die-ideologie-des-wirismus\/","url":"https:\/\/www.inkultura-online.de\/politisch_unkorrekt\/die-ideologie-des-wirismus\/","name":"Die Ideologie des \"Wir\"ismus - Zeitgeist? Frei!","isPartOf":{"@id":"https:\/\/www.inkultura-online.de\/politisch_unkorrekt\/#website"},"primaryImageOfPage":{"@id":"https:\/\/www.inkultura-online.de\/politisch_unkorrekt\/die-ideologie-des-wirismus\/#primaryimage"},"image":{"@id":"https:\/\/www.inkultura-online.de\/politisch_unkorrekt\/die-ideologie-des-wirismus\/#primaryimage"},"thumbnailUrl":"https:\/\/www.inkultura-online.de\/politisch_unkorrekt\/wp-content\/uploads\/2021\/06\/jeder_mensch.jpg","datePublished":"2021-06-05T10:29:49+00:00","dateModified":"2021-06-05T10:32:05+00:00","breadcrumb":{"@id":"https:\/\/www.inkultura-online.de\/politisch_unkorrekt\/die-ideologie-des-wirismus\/#breadcrumb"},"inLanguage":"de","potentialAction":[{"@type":"ReadAction","target":["https:\/\/www.inkultura-online.de\/politisch_unkorrekt\/die-ideologie-des-wirismus\/"]}]},{"@type":"ImageObject","inLanguage":"de","@id":"https:\/\/www.inkultura-online.de\/politisch_unkorrekt\/die-ideologie-des-wirismus\/#primaryimage","url":"https:\/\/www.inkultura-online.de\/politisch_unkorrekt\/wp-content\/uploads\/2021\/06\/jeder_mensch.jpg","contentUrl":"https:\/\/www.inkultura-online.de\/politisch_unkorrekt\/wp-content\/uploads\/2021\/06\/jeder_mensch.jpg","width":96,"height":149,"caption":"Ferdiand von Schirach - Jeder Mensch"},{"@type":"BreadcrumbList","@id":"https:\/\/www.inkultura-online.de\/politisch_unkorrekt\/die-ideologie-des-wirismus\/#breadcrumb","itemListElement":[{"@type":"ListItem","position":1,"name":"Home","item":"https:\/\/www.inkultura-online.de\/politisch_unkorrekt\/"},{"@type":"ListItem","position":2,"name":"Die Ideologie des &#8222;Wir&#8220;ismus"}]},{"@type":"WebSite","@id":"https:\/\/www.inkultura-online.de\/politisch_unkorrekt\/#website","url":"https:\/\/www.inkultura-online.de\/politisch_unkorrekt\/","name":"Zeitgeist? Frei!","description":"Was Ihr den Geist der Zeiten hei\u00dft...","publisher":{"@id":"https:\/\/www.inkultura-online.de\/politisch_unkorrekt\/#\/schema\/person\/5b30b80e385478896a1de221e1994d86"},"potentialAction":[{"@type":"SearchAction","target":{"@type":"EntryPoint","urlTemplate":"https:\/\/www.inkultura-online.de\/politisch_unkorrekt\/?s={search_term_string}"},"query-input":{"@type":"PropertyValueSpecification","valueRequired":true,"valueName":"search_term_string"}}],"inLanguage":"de"},{"@type":["Person","Organization"],"@id":"https:\/\/www.inkultura-online.de\/politisch_unkorrekt\/#\/schema\/person\/5b30b80e385478896a1de221e1994d86","name":"Orator","image":{"@type":"ImageObject","inLanguage":"de","@id":"https:\/\/secure.gravatar.com\/avatar\/96e03166d31716e9c437060430eb7605c45a8ce6fb6dab483637ca6915dd0844?s=96&d=mm&r=g","url":"https:\/\/secure.gravatar.com\/avatar\/96e03166d31716e9c437060430eb7605c45a8ce6fb6dab483637ca6915dd0844?s=96&d=mm&r=g","contentUrl":"https:\/\/secure.gravatar.com\/avatar\/96e03166d31716e9c437060430eb7605c45a8ce6fb6dab483637ca6915dd0844?s=96&d=mm&r=g","caption":"Orator"},"logo":{"@id":"https:\/\/secure.gravatar.com\/avatar\/96e03166d31716e9c437060430eb7605c45a8ce6fb6dab483637ca6915dd0844?s=96&d=mm&r=g"},"url":"https:\/\/www.inkultura-online.de\/politisch_unkorrekt\/author\/1korrektor21-2\/"}]}},"_links":{"self":[{"href":"https:\/\/www.inkultura-online.de\/politisch_unkorrekt\/wp-json\/wp\/v2\/posts\/2448","targetHints":{"allow":["GET"]}}],"collection":[{"href":"https:\/\/www.inkultura-online.de\/politisch_unkorrekt\/wp-json\/wp\/v2\/posts"}],"about":[{"href":"https:\/\/www.inkultura-online.de\/politisch_unkorrekt\/wp-json\/wp\/v2\/types\/post"}],"author":[{"embeddable":true,"href":"https:\/\/www.inkultura-online.de\/politisch_unkorrekt\/wp-json\/wp\/v2\/users\/1"}],"replies":[{"embeddable":true,"href":"https:\/\/www.inkultura-online.de\/politisch_unkorrekt\/wp-json\/wp\/v2\/comments?post=2448"}],"version-history":[{"count":3,"href":"https:\/\/www.inkultura-online.de\/politisch_unkorrekt\/wp-json\/wp\/v2\/posts\/2448\/revisions"}],"predecessor-version":[{"id":2451,"href":"https:\/\/www.inkultura-online.de\/politisch_unkorrekt\/wp-json\/wp\/v2\/posts\/2448\/revisions\/2451"}],"wp:attachment":[{"href":"https:\/\/www.inkultura-online.de\/politisch_unkorrekt\/wp-json\/wp\/v2\/media?parent=2448"}],"wp:term":[{"taxonomy":"category","embeddable":true,"href":"https:\/\/www.inkultura-online.de\/politisch_unkorrekt\/wp-json\/wp\/v2\/categories?post=2448"},{"taxonomy":"post_tag","embeddable":true,"href":"https:\/\/www.inkultura-online.de\/politisch_unkorrekt\/wp-json\/wp\/v2\/tags?post=2448"}],"curies":[{"name":"wp","href":"https:\/\/api.w.org\/{rel}","templated":true}]}}