{"id":2589,"date":"2022-04-15T15:05:31","date_gmt":"2022-04-15T13:05:31","guid":{"rendered":"https:\/\/www.inkultura-online.de\/politisch_unkorrekt\/?p=2589"},"modified":"2022-04-15T15:06:44","modified_gmt":"2022-04-15T13:06:44","slug":"die-verbotspartei-schlaegt-wieder-zu","status":"publish","type":"post","link":"https:\/\/www.inkultura-online.de\/politisch_unkorrekt\/die-verbotspartei-schlaegt-wieder-zu\/","title":{"rendered":"Die Verbotspartei schl\u00e4gt wieder zu"},"content":{"rendered":"<p>Die Bundesbauministerin h\u00e4lt Einfamilienh\u00e4user f\u00fcr <a href=\"https:\/\/www.focus.de\/politik\/klara-geywitz-brauchen-ein-umdenken-bauministerin-gegen-immer-neue-einfamilienhaeuser_id_84221448.html\" target=\"_blank\" rel=\"noopener\">&#8222;\u00f6konomisch und \u00f6kologisch&#8220;<\/a> unsinnig. Sieht so der gr\u00fcne (Alp)Traum vom zuk\u00fcnftigen Wohnen aus?<\/p>\n<p><img loading=\"lazy\" decoding=\"async\" class=\"aligncenter size-full wp-image-2591\" src=\"https:\/\/www.inkultura-online.de\/politisch_unkorrekt\/wp-content\/uploads\/2022\/04\/IMG_1936-e1650027613110.jpg\" alt=\"Gr\u00fcnes Wohnen der Zukunft\" width=\"1024\" height=\"768\" \/><\/p>\n<blockquote><p><a href=\"https:\/\/www.epochtimes.de\/meinung\/gastkommentar\/great-reset-im-jahr-2030-werden-sie-nichts-besitzen-und-gluecklich-sein-a3439806.html\" target=\"_blank\" rel=\"noopener\">\u201eIm Jahr 2030 werden Sie nichts besitzen und gl\u00fccklich sein\u201c<\/a><\/p><\/blockquote>\n","protected":false},"excerpt":{"rendered":"<p>Die Bundesbauministerin h\u00e4lt Einfamilienh\u00e4user f\u00fcr &#8222;\u00f6konomisch und \u00f6kologisch&#8220; unsinnig. Sieht so der gr\u00fcne (Alp)Traum vom zuk\u00fcnftigen Wohnen aus? \u201eIm Jahr 2030 werden Sie nichts besitzen und gl\u00fccklich sein\u201c<\/p>\n","protected":false},"author":1,"featured_media":0,"comment_status":"closed","ping_status":"closed","sticky":false,"template":"","format":"standard","meta":{"footnotes":""},"categories":[1],"tags":[],"class_list":["post-2589","post","type-post","status-publish","format-standard","hentry","category-fundstuecke"],"yoast_head":"<!-- This site is optimized with the Yoast SEO plugin v27.5 - https:\/\/yoast.com\/product\/yoast-seo-wordpress\/ -->\n<title>Die Verbotspartei schl\u00e4gt wieder zu - Zeitgeist? Frei!<\/title>\n<meta name=\"robots\" content=\"index, follow, max-snippet:-1, max-image-preview:large, max-video-preview:-1\" \/>\n<link rel=\"canonical\" href=\"https:\/\/www.inkultura-online.de\/politisch_unkorrekt\/die-verbotspartei-schlaegt-wieder-zu\/\" \/>\n<meta property=\"og:locale\" content=\"de_DE\" \/>\n<meta property=\"og:type\" content=\"article\" \/>\n<meta property=\"og:title\" content=\"Die Verbotspartei schl\u00e4gt wieder zu - Zeitgeist? Frei!\" \/>\n<meta property=\"og:description\" content=\"Die Bundesbauministerin h\u00e4lt Einfamilienh\u00e4user f\u00fcr &#8222;\u00f6konomisch und \u00f6kologisch&#8220; unsinnig. Sieht so der gr\u00fcne (Alp)Traum vom zuk\u00fcnftigen Wohnen aus? \u201eIm Jahr 2030 werden Sie nichts besitzen und gl\u00fccklich sein\u201c\" \/>\n<meta property=\"og:url\" content=\"https:\/\/www.inkultura-online.de\/politisch_unkorrekt\/die-verbotspartei-schlaegt-wieder-zu\/\" \/>\n<meta property=\"og:site_name\" content=\"Zeitgeist? Frei!\" \/>\n<meta property=\"article:published_time\" content=\"2022-04-15T13:05:31+00:00\" \/>\n<meta property=\"article:modified_time\" content=\"2022-04-15T13:06:44+00:00\" \/>\n<meta property=\"og:image\" content=\"https:\/\/www.inkultura-online.de\/politisch_unkorrekt\/wp-content\/uploads\/2022\/04\/IMG_1936-e1650027613110.jpg\" \/>\n<meta name=\"author\" content=\"Orator\" \/>\n<meta name=\"twitter:label1\" content=\"Verfasst von\" \/>\n\t<meta name=\"twitter:data1\" content=\"Orator\" \/>\n\t<meta name=\"twitter:label2\" content=\"Gesch\u00e4tzte Lesezeit\" \/>\n\t<meta name=\"twitter:data2\" content=\"1\u00a0Minute\" \/>\n<script type=\"application\/ld+json\" class=\"yoast-schema-graph\">{\"@context\":\"https:\\\/\\\/schema.org\",\"@graph\":[{\"@type\":\"Article\",\"@id\":\"https:\\\/\\\/www.inkultura-online.de\\\/politisch_unkorrekt\\\/die-verbotspartei-schlaegt-wieder-zu\\\/#article\",\"isPartOf\":{\"@id\":\"https:\\\/\\\/www.inkultura-online.de\\\/politisch_unkorrekt\\\/die-verbotspartei-schlaegt-wieder-zu\\\/\"},\"author\":{\"name\":\"Orator\",\"@id\":\"https:\\\/\\\/www.inkultura-online.de\\\/politisch_unkorrekt\\\/#\\\/schema\\\/person\\\/5b30b80e385478896a1de221e1994d86\"},\"headline\":\"Die Verbotspartei schl\u00e4gt wieder zu\",\"datePublished\":\"2022-04-15T13:05:31+00:00\",\"dateModified\":\"2022-04-15T13:06:44+00:00\",\"mainEntityOfPage\":{\"@id\":\"https:\\\/\\\/www.inkultura-online.de\\\/politisch_unkorrekt\\\/die-verbotspartei-schlaegt-wieder-zu\\\/\"},\"wordCount\":40,\"publisher\":{\"@id\":\"https:\\\/\\\/www.inkultura-online.de\\\/politisch_unkorrekt\\\/#\\\/schema\\\/person\\\/5b30b80e385478896a1de221e1994d86\"},\"image\":{\"@id\":\"https:\\\/\\\/www.inkultura-online.de\\\/politisch_unkorrekt\\\/die-verbotspartei-schlaegt-wieder-zu\\\/#primaryimage\"},\"thumbnailUrl\":\"https:\\\/\\\/www.inkultura-online.de\\\/politisch_unkorrekt\\\/wp-content\\\/uploads\\\/2022\\\/04\\\/IMG_1936-e1650027613110.jpg\",\"articleSection\":[\"Fundst\u00fccke\"],\"inLanguage\":\"de\"},{\"@type\":\"WebPage\",\"@id\":\"https:\\\/\\\/www.inkultura-online.de\\\/politisch_unkorrekt\\\/die-verbotspartei-schlaegt-wieder-zu\\\/\",\"url\":\"https:\\\/\\\/www.inkultura-online.de\\\/politisch_unkorrekt\\\/die-verbotspartei-schlaegt-wieder-zu\\\/\",\"name\":\"Die Verbotspartei schl\u00e4gt wieder zu - Zeitgeist? Frei!\",\"isPartOf\":{\"@id\":\"https:\\\/\\\/www.inkultura-online.de\\\/politisch_unkorrekt\\\/#website\"},\"primaryImageOfPage\":{\"@id\":\"https:\\\/\\\/www.inkultura-online.de\\\/politisch_unkorrekt\\\/die-verbotspartei-schlaegt-wieder-zu\\\/#primaryimage\"},\"image\":{\"@id\":\"https:\\\/\\\/www.inkultura-online.de\\\/politisch_unkorrekt\\\/die-verbotspartei-schlaegt-wieder-zu\\\/#primaryimage\"},\"thumbnailUrl\":\"https:\\\/\\\/www.inkultura-online.de\\\/politisch_unkorrekt\\\/wp-content\\\/uploads\\\/2022\\\/04\\\/IMG_1936-e1650027613110.jpg\",\"datePublished\":\"2022-04-15T13:05:31+00:00\",\"dateModified\":\"2022-04-15T13:06:44+00:00\",\"breadcrumb\":{\"@id\":\"https:\\\/\\\/www.inkultura-online.de\\\/politisch_unkorrekt\\\/die-verbotspartei-schlaegt-wieder-zu\\\/#breadcrumb\"},\"inLanguage\":\"de\",\"potentialAction\":[{\"@type\":\"ReadAction\",\"target\":[\"https:\\\/\\\/www.inkultura-online.de\\\/politisch_unkorrekt\\\/die-verbotspartei-schlaegt-wieder-zu\\\/\"]}]},{\"@type\":\"ImageObject\",\"inLanguage\":\"de\",\"@id\":\"https:\\\/\\\/www.inkultura-online.de\\\/politisch_unkorrekt\\\/die-verbotspartei-schlaegt-wieder-zu\\\/#primaryimage\",\"url\":\"https:\\\/\\\/www.inkultura-online.de\\\/politisch_unkorrekt\\\/wp-content\\\/uploads\\\/2022\\\/04\\\/IMG_1936-e1650027613110.jpg\",\"contentUrl\":\"https:\\\/\\\/www.inkultura-online.de\\\/politisch_unkorrekt\\\/wp-content\\\/uploads\\\/2022\\\/04\\\/IMG_1936-e1650027613110.jpg\",\"width\":1024,\"height\":768,\"caption\":\"Gr\u00fcnes Wohnen der Zukunft\"},{\"@type\":\"BreadcrumbList\",\"@id\":\"https:\\\/\\\/www.inkultura-online.de\\\/politisch_unkorrekt\\\/die-verbotspartei-schlaegt-wieder-zu\\\/#breadcrumb\",\"itemListElement\":[{\"@type\":\"ListItem\",\"position\":1,\"name\":\"Home\",\"item\":\"https:\\\/\\\/www.inkultura-online.de\\\/politisch_unkorrekt\\\/\"},{\"@type\":\"ListItem\",\"position\":2,\"name\":\"Die Verbotspartei schl\u00e4gt wieder zu\"}]},{\"@type\":\"WebSite\",\"@id\":\"https:\\\/\\\/www.inkultura-online.de\\\/politisch_unkorrekt\\\/#website\",\"url\":\"https:\\\/\\\/www.inkultura-online.de\\\/politisch_unkorrekt\\\/\",\"name\":\"Zeitgeist? Frei!\",\"description\":\"Was Ihr den Geist der Zeiten hei\u00dft...\",\"publisher\":{\"@id\":\"https:\\\/\\\/www.inkultura-online.de\\\/politisch_unkorrekt\\\/#\\\/schema\\\/person\\\/5b30b80e385478896a1de221e1994d86\"},\"potentialAction\":[{\"@type\":\"SearchAction\",\"target\":{\"@type\":\"EntryPoint\",\"urlTemplate\":\"https:\\\/\\\/www.inkultura-online.de\\\/politisch_unkorrekt\\\/?s={search_term_string}\"},\"query-input\":{\"@type\":\"PropertyValueSpecification\",\"valueRequired\":true,\"valueName\":\"search_term_string\"}}],\"inLanguage\":\"de\"},{\"@type\":[\"Person\",\"Organization\"],\"@id\":\"https:\\\/\\\/www.inkultura-online.de\\\/politisch_unkorrekt\\\/#\\\/schema\\\/person\\\/5b30b80e385478896a1de221e1994d86\",\"name\":\"Orator\",\"image\":{\"@type\":\"ImageObject\",\"inLanguage\":\"de\",\"@id\":\"https:\\\/\\\/secure.gravatar.com\\\/avatar\\\/96e03166d31716e9c437060430eb7605c45a8ce6fb6dab483637ca6915dd0844?s=96&d=mm&r=g\",\"url\":\"https:\\\/\\\/secure.gravatar.com\\\/avatar\\\/96e03166d31716e9c437060430eb7605c45a8ce6fb6dab483637ca6915dd0844?s=96&d=mm&r=g\",\"contentUrl\":\"https:\\\/\\\/secure.gravatar.com\\\/avatar\\\/96e03166d31716e9c437060430eb7605c45a8ce6fb6dab483637ca6915dd0844?s=96&d=mm&r=g\",\"caption\":\"Orator\"},\"logo\":{\"@id\":\"https:\\\/\\\/secure.gravatar.com\\\/avatar\\\/96e03166d31716e9c437060430eb7605c45a8ce6fb6dab483637ca6915dd0844?s=96&d=mm&r=g\"},\"url\":\"https:\\\/\\\/www.inkultura-online.de\\\/politisch_unkorrekt\\\/author\\\/1korrektor21-2\\\/\"}]}<\/script>\n<!-- \/ Yoast SEO plugin. -->","yoast_head_json":{"title":"Die Verbotspartei schl\u00e4gt wieder zu - Zeitgeist? Frei!","robots":{"index":"index","follow":"follow","max-snippet":"max-snippet:-1","max-image-preview":"max-image-preview:large","max-video-preview":"max-video-preview:-1"},"canonical":"https:\/\/www.inkultura-online.de\/politisch_unkorrekt\/die-verbotspartei-schlaegt-wieder-zu\/","og_locale":"de_DE","og_type":"article","og_title":"Die Verbotspartei schl\u00e4gt wieder zu - Zeitgeist? Frei!","og_description":"Die Bundesbauministerin h\u00e4lt Einfamilienh\u00e4user f\u00fcr &#8222;\u00f6konomisch und \u00f6kologisch&#8220; unsinnig. Sieht so der gr\u00fcne (Alp)Traum vom zuk\u00fcnftigen Wohnen aus? \u201eIm Jahr 2030 werden Sie nichts besitzen und gl\u00fccklich sein\u201c","og_url":"https:\/\/www.inkultura-online.de\/politisch_unkorrekt\/die-verbotspartei-schlaegt-wieder-zu\/","og_site_name":"Zeitgeist? Frei!","article_published_time":"2022-04-15T13:05:31+00:00","article_modified_time":"2022-04-15T13:06:44+00:00","og_image":[{"url":"https:\/\/www.inkultura-online.de\/politisch_unkorrekt\/wp-content\/uploads\/2022\/04\/IMG_1936-e1650027613110.jpg","type":"","width":"","height":""}],"author":"Orator","twitter_misc":{"Verfasst von":"Orator","Gesch\u00e4tzte Lesezeit":"1\u00a0Minute"},"schema":{"@context":"https:\/\/schema.org","@graph":[{"@type":"Article","@id":"https:\/\/www.inkultura-online.de\/politisch_unkorrekt\/die-verbotspartei-schlaegt-wieder-zu\/#article","isPartOf":{"@id":"https:\/\/www.inkultura-online.de\/politisch_unkorrekt\/die-verbotspartei-schlaegt-wieder-zu\/"},"author":{"name":"Orator","@id":"https:\/\/www.inkultura-online.de\/politisch_unkorrekt\/#\/schema\/person\/5b30b80e385478896a1de221e1994d86"},"headline":"Die Verbotspartei schl\u00e4gt wieder zu","datePublished":"2022-04-15T13:05:31+00:00","dateModified":"2022-04-15T13:06:44+00:00","mainEntityOfPage":{"@id":"https:\/\/www.inkultura-online.de\/politisch_unkorrekt\/die-verbotspartei-schlaegt-wieder-zu\/"},"wordCount":40,"publisher":{"@id":"https:\/\/www.inkultura-online.de\/politisch_unkorrekt\/#\/schema\/person\/5b30b80e385478896a1de221e1994d86"},"image":{"@id":"https:\/\/www.inkultura-online.de\/politisch_unkorrekt\/die-verbotspartei-schlaegt-wieder-zu\/#primaryimage"},"thumbnailUrl":"https:\/\/www.inkultura-online.de\/politisch_unkorrekt\/wp-content\/uploads\/2022\/04\/IMG_1936-e1650027613110.jpg","articleSection":["Fundst\u00fccke"],"inLanguage":"de"},{"@type":"WebPage","@id":"https:\/\/www.inkultura-online.de\/politisch_unkorrekt\/die-verbotspartei-schlaegt-wieder-zu\/","url":"https:\/\/www.inkultura-online.de\/politisch_unkorrekt\/die-verbotspartei-schlaegt-wieder-zu\/","name":"Die Verbotspartei schl\u00e4gt wieder zu - Zeitgeist? Frei!","isPartOf":{"@id":"https:\/\/www.inkultura-online.de\/politisch_unkorrekt\/#website"},"primaryImageOfPage":{"@id":"https:\/\/www.inkultura-online.de\/politisch_unkorrekt\/die-verbotspartei-schlaegt-wieder-zu\/#primaryimage"},"image":{"@id":"https:\/\/www.inkultura-online.de\/politisch_unkorrekt\/die-verbotspartei-schlaegt-wieder-zu\/#primaryimage"},"thumbnailUrl":"https:\/\/www.inkultura-online.de\/politisch_unkorrekt\/wp-content\/uploads\/2022\/04\/IMG_1936-e1650027613110.jpg","datePublished":"2022-04-15T13:05:31+00:00","dateModified":"2022-04-15T13:06:44+00:00","breadcrumb":{"@id":"https:\/\/www.inkultura-online.de\/politisch_unkorrekt\/die-verbotspartei-schlaegt-wieder-zu\/#breadcrumb"},"inLanguage":"de","potentialAction":[{"@type":"ReadAction","target":["https:\/\/www.inkultura-online.de\/politisch_unkorrekt\/die-verbotspartei-schlaegt-wieder-zu\/"]}]},{"@type":"ImageObject","inLanguage":"de","@id":"https:\/\/www.inkultura-online.de\/politisch_unkorrekt\/die-verbotspartei-schlaegt-wieder-zu\/#primaryimage","url":"https:\/\/www.inkultura-online.de\/politisch_unkorrekt\/wp-content\/uploads\/2022\/04\/IMG_1936-e1650027613110.jpg","contentUrl":"https:\/\/www.inkultura-online.de\/politisch_unkorrekt\/wp-content\/uploads\/2022\/04\/IMG_1936-e1650027613110.jpg","width":1024,"height":768,"caption":"Gr\u00fcnes Wohnen der Zukunft"},{"@type":"BreadcrumbList","@id":"https:\/\/www.inkultura-online.de\/politisch_unkorrekt\/die-verbotspartei-schlaegt-wieder-zu\/#breadcrumb","itemListElement":[{"@type":"ListItem","position":1,"name":"Home","item":"https:\/\/www.inkultura-online.de\/politisch_unkorrekt\/"},{"@type":"ListItem","position":2,"name":"Die Verbotspartei schl\u00e4gt wieder zu"}]},{"@type":"WebSite","@id":"https:\/\/www.inkultura-online.de\/politisch_unkorrekt\/#website","url":"https:\/\/www.inkultura-online.de\/politisch_unkorrekt\/","name":"Zeitgeist? Frei!","description":"Was Ihr den Geist der Zeiten hei\u00dft...","publisher":{"@id":"https:\/\/www.inkultura-online.de\/politisch_unkorrekt\/#\/schema\/person\/5b30b80e385478896a1de221e1994d86"},"potentialAction":[{"@type":"SearchAction","target":{"@type":"EntryPoint","urlTemplate":"https:\/\/www.inkultura-online.de\/politisch_unkorrekt\/?s={search_term_string}"},"query-input":{"@type":"PropertyValueSpecification","valueRequired":true,"valueName":"search_term_string"}}],"inLanguage":"de"},{"@type":["Person","Organization"],"@id":"https:\/\/www.inkultura-online.de\/politisch_unkorrekt\/#\/schema\/person\/5b30b80e385478896a1de221e1994d86","name":"Orator","image":{"@type":"ImageObject","inLanguage":"de","@id":"https:\/\/secure.gravatar.com\/avatar\/96e03166d31716e9c437060430eb7605c45a8ce6fb6dab483637ca6915dd0844?s=96&d=mm&r=g","url":"https:\/\/secure.gravatar.com\/avatar\/96e03166d31716e9c437060430eb7605c45a8ce6fb6dab483637ca6915dd0844?s=96&d=mm&r=g","contentUrl":"https:\/\/secure.gravatar.com\/avatar\/96e03166d31716e9c437060430eb7605c45a8ce6fb6dab483637ca6915dd0844?s=96&d=mm&r=g","caption":"Orator"},"logo":{"@id":"https:\/\/secure.gravatar.com\/avatar\/96e03166d31716e9c437060430eb7605c45a8ce6fb6dab483637ca6915dd0844?s=96&d=mm&r=g"},"url":"https:\/\/www.inkultura-online.de\/politisch_unkorrekt\/author\/1korrektor21-2\/"}]}},"_links":{"self":[{"href":"https:\/\/www.inkultura-online.de\/politisch_unkorrekt\/wp-json\/wp\/v2\/posts\/2589","targetHints":{"allow":["GET"]}}],"collection":[{"href":"https:\/\/www.inkultura-online.de\/politisch_unkorrekt\/wp-json\/wp\/v2\/posts"}],"about":[{"href":"https:\/\/www.inkultura-online.de\/politisch_unkorrekt\/wp-json\/wp\/v2\/types\/post"}],"author":[{"embeddable":true,"href":"https:\/\/www.inkultura-online.de\/politisch_unkorrekt\/wp-json\/wp\/v2\/users\/1"}],"replies":[{"embeddable":true,"href":"https:\/\/www.inkultura-online.de\/politisch_unkorrekt\/wp-json\/wp\/v2\/comments?post=2589"}],"version-history":[{"count":3,"href":"https:\/\/www.inkultura-online.de\/politisch_unkorrekt\/wp-json\/wp\/v2\/posts\/2589\/revisions"}],"predecessor-version":[{"id":2593,"href":"https:\/\/www.inkultura-online.de\/politisch_unkorrekt\/wp-json\/wp\/v2\/posts\/2589\/revisions\/2593"}],"wp:attachment":[{"href":"https:\/\/www.inkultura-online.de\/politisch_unkorrekt\/wp-json\/wp\/v2\/media?parent=2589"}],"wp:term":[{"taxonomy":"category","embeddable":true,"href":"https:\/\/www.inkultura-online.de\/politisch_unkorrekt\/wp-json\/wp\/v2\/categories?post=2589"},{"taxonomy":"post_tag","embeddable":true,"href":"https:\/\/www.inkultura-online.de\/politisch_unkorrekt\/wp-json\/wp\/v2\/tags?post=2589"}],"curies":[{"name":"wp","href":"https:\/\/api.w.org\/{rel}","templated":true}]}}