{"id":2597,"date":"2022-04-30T09:30:39","date_gmt":"2022-04-30T07:30:39","guid":{"rendered":"https:\/\/www.inkultura-online.de\/politisch_unkorrekt\/?p=2597"},"modified":"2022-04-30T09:30:39","modified_gmt":"2022-04-30T07:30:39","slug":"deutsche-schuld-mal-wieder","status":"publish","type":"post","link":"https:\/\/www.inkultura-online.de\/politisch_unkorrekt\/deutsche-schuld-mal-wieder\/","title":{"rendered":"Deutsche Schuld, mal wieder"},"content":{"rendered":"<p>Geht uns der Krieg in der Ukraine etwas an? Nein, denn dort k\u00e4mpfen zwei hochgradig korrupte Staaten gegeneinander. Vorbereitet wurde dieser von den jetzt gen\u00fcsslich die Lorbeeren erntenden USA, die unter der Regierung Biden alles, aber auch alles getan h\u00e4tten \u2013 und haben \u2013 um Northstream 2 zu verhindern. Jahrelange verdeckte milit\u00e4rische Unterst\u00fctzung der Ukraine und Milliarden Dollar, die an die Oligarchen dieses Landes geflossen sind, machen sich jetzt bezahlt, denn die westliche Kriegspropaganda schie\u00dft ebenfalls aus allen Rohren.<!--more--><\/p>\n<p>Deutsche Politiker, die eigentlich das Wohl des Volkes, des deutschen, im Mittelpunkt ihrer Aufmerksamkeit haben sollten, mutieren unter lautem Get\u00f6se gerade der Gr\u00fcnen zu Kriegstreibern, denen eine Kriegsbeteiligung, vorerst nur durch Waffenlieferungen, gar nicht schnell genug gehen kann. H\u00f6rt man sich das irre Geschw\u00e4tz des verr\u00fcckten Hofreiters an, der unbedingt \u201eschwere Waffen\u201c in die Ukraine schicken will, dann kann einem nur noch schlecht werden. Jede Wette, dieser gr\u00fcne Vollpfosten kann noch nicht einmal bei einem Maschinengewehr vorne und hinten unterscheiden.<\/p>\n<p>Alle die bislang der Meinung waren, Deutschland sei nur noch von Freunden umgeben, reiben sich jetzt verwundert die Augen, weil es ausgerechnet die \u201eFreunde\u201c sind, die unser Land (erfolgreich) in diesen Krieg getrieben haben. Was anderes als eine aktive Beteiligung stellen die vom Bundestag beschlossenen Lieferungen \u201eschwerer Waffen\u201c dar?<\/p>\n<p>Mit fast logischer Konsequenz wird ebenfalls von einer \u201eSchuld\u201c \u2013 der kleine Robert spricht sogar von Bringschuld \u2013 gesprochen, die Deutschland aufgrund seiner Geschichte dazu zwingen w\u00fcrde, Partei f\u00fcr die korrupte ukrainische Regierung zu ergreifen und aus diesem Grund sogar auf s\u00e4mtliche Gaslieferungen Russlands zu verzichten.<\/p>\n<p>Dass die Regierenden schon lange einen Krieg gegen die eigene Bev\u00f6lkerung f\u00fchren, ist sp\u00e4testens seit dem Herbst 2015 und noch viel mehr seit den irren Corona (Schutz) Ma\u00dfnahmen bekannt. Doch jetzt wird das Schlachtfeld von denen ausgeweitet, die, jede Wette, bei der drohenden Eskalation als erste die Flucht ergreifen und ausgeflogen werden.<\/p>\n<p>Ob Robert, Annalueg und der Hofreiter Anton schon ihre Bordkarten haben\u2026?<\/p>\n","protected":false},"excerpt":{"rendered":"<p>Geht uns der Krieg in der Ukraine etwas an? Nein, denn dort k\u00e4mpfen zwei hochgradig korrupte Staaten gegeneinander. Vorbereitet wurde dieser von den jetzt gen\u00fcsslich die Lorbeeren erntenden USA, die unter der Regierung Biden alles, aber auch alles getan h\u00e4tten &hellip; <a href=\"https:\/\/www.inkultura-online.de\/politisch_unkorrekt\/deutsche-schuld-mal-wieder\/\">Weiterlesen <span class=\"meta-nav\">&rarr;<\/span><\/a><\/p>\n","protected":false},"author":1,"featured_media":0,"comment_status":"closed","ping_status":"closed","sticky":false,"template":"","format":"standard","meta":{"footnotes":""},"categories":[444],"tags":[1598,1560,1597],"class_list":["post-2597","post","type-post","status-publish","format-standard","hentry","category-gedanken-zum-tag","tag-kriegseintritt","tag-ukrainekrieg","tag-waffenlieferungen"],"yoast_head":"<!-- This site is optimized with the Yoast SEO plugin v27.5 - https:\/\/yoast.com\/product\/yoast-seo-wordpress\/ -->\n<title>Deutsche Schuld, mal wieder - Zeitgeist? Frei!<\/title>\n<meta name=\"robots\" content=\"index, follow, max-snippet:-1, max-image-preview:large, max-video-preview:-1\" \/>\n<link rel=\"canonical\" href=\"https:\/\/www.inkultura-online.de\/politisch_unkorrekt\/deutsche-schuld-mal-wieder\/\" \/>\n<meta property=\"og:locale\" content=\"de_DE\" \/>\n<meta property=\"og:type\" content=\"article\" \/>\n<meta property=\"og:title\" content=\"Deutsche Schuld, mal wieder - Zeitgeist? Frei!\" \/>\n<meta property=\"og:description\" content=\"Geht uns der Krieg in der Ukraine etwas an? Nein, denn dort k\u00e4mpfen zwei hochgradig korrupte Staaten gegeneinander. Vorbereitet wurde dieser von den jetzt gen\u00fcsslich die Lorbeeren erntenden USA, die unter der Regierung Biden alles, aber auch alles getan h\u00e4tten &hellip; Weiterlesen &rarr;\" \/>\n<meta property=\"og:url\" content=\"https:\/\/www.inkultura-online.de\/politisch_unkorrekt\/deutsche-schuld-mal-wieder\/\" \/>\n<meta property=\"og:site_name\" content=\"Zeitgeist? Frei!\" \/>\n<meta property=\"article:published_time\" content=\"2022-04-30T07:30:39+00:00\" \/>\n<meta name=\"author\" content=\"Orator\" \/>\n<meta name=\"twitter:label1\" content=\"Verfasst von\" \/>\n\t<meta name=\"twitter:data1\" content=\"Orator\" \/>\n\t<meta name=\"twitter:label2\" content=\"Gesch\u00e4tzte Lesezeit\" \/>\n\t<meta name=\"twitter:data2\" content=\"2\u00a0Minuten\" \/>\n<script type=\"application\/ld+json\" class=\"yoast-schema-graph\">{\"@context\":\"https:\\\/\\\/schema.org\",\"@graph\":[{\"@type\":\"Article\",\"@id\":\"https:\\\/\\\/www.inkultura-online.de\\\/politisch_unkorrekt\\\/deutsche-schuld-mal-wieder\\\/#article\",\"isPartOf\":{\"@id\":\"https:\\\/\\\/www.inkultura-online.de\\\/politisch_unkorrekt\\\/deutsche-schuld-mal-wieder\\\/\"},\"author\":{\"name\":\"Orator\",\"@id\":\"https:\\\/\\\/www.inkultura-online.de\\\/politisch_unkorrekt\\\/#\\\/schema\\\/person\\\/5b30b80e385478896a1de221e1994d86\"},\"headline\":\"Deutsche Schuld, mal wieder\",\"datePublished\":\"2022-04-30T07:30:39+00:00\",\"mainEntityOfPage\":{\"@id\":\"https:\\\/\\\/www.inkultura-online.de\\\/politisch_unkorrekt\\\/deutsche-schuld-mal-wieder\\\/\"},\"wordCount\":334,\"publisher\":{\"@id\":\"https:\\\/\\\/www.inkultura-online.de\\\/politisch_unkorrekt\\\/#\\\/schema\\\/person\\\/5b30b80e385478896a1de221e1994d86\"},\"keywords\":[\"Kriegseintritt\",\"Ukrainekrieg\",\"Waffenlieferungen\"],\"articleSection\":[\"Gedanken zum Tag\"],\"inLanguage\":\"de\"},{\"@type\":\"WebPage\",\"@id\":\"https:\\\/\\\/www.inkultura-online.de\\\/politisch_unkorrekt\\\/deutsche-schuld-mal-wieder\\\/\",\"url\":\"https:\\\/\\\/www.inkultura-online.de\\\/politisch_unkorrekt\\\/deutsche-schuld-mal-wieder\\\/\",\"name\":\"Deutsche Schuld, mal wieder - Zeitgeist? Frei!\",\"isPartOf\":{\"@id\":\"https:\\\/\\\/www.inkultura-online.de\\\/politisch_unkorrekt\\\/#website\"},\"datePublished\":\"2022-04-30T07:30:39+00:00\",\"breadcrumb\":{\"@id\":\"https:\\\/\\\/www.inkultura-online.de\\\/politisch_unkorrekt\\\/deutsche-schuld-mal-wieder\\\/#breadcrumb\"},\"inLanguage\":\"de\",\"potentialAction\":[{\"@type\":\"ReadAction\",\"target\":[\"https:\\\/\\\/www.inkultura-online.de\\\/politisch_unkorrekt\\\/deutsche-schuld-mal-wieder\\\/\"]}]},{\"@type\":\"BreadcrumbList\",\"@id\":\"https:\\\/\\\/www.inkultura-online.de\\\/politisch_unkorrekt\\\/deutsche-schuld-mal-wieder\\\/#breadcrumb\",\"itemListElement\":[{\"@type\":\"ListItem\",\"position\":1,\"name\":\"Home\",\"item\":\"https:\\\/\\\/www.inkultura-online.de\\\/politisch_unkorrekt\\\/\"},{\"@type\":\"ListItem\",\"position\":2,\"name\":\"Deutsche Schuld, mal wieder\"}]},{\"@type\":\"WebSite\",\"@id\":\"https:\\\/\\\/www.inkultura-online.de\\\/politisch_unkorrekt\\\/#website\",\"url\":\"https:\\\/\\\/www.inkultura-online.de\\\/politisch_unkorrekt\\\/\",\"name\":\"Zeitgeist? Frei!\",\"description\":\"Was Ihr den Geist der Zeiten hei\u00dft...\",\"publisher\":{\"@id\":\"https:\\\/\\\/www.inkultura-online.de\\\/politisch_unkorrekt\\\/#\\\/schema\\\/person\\\/5b30b80e385478896a1de221e1994d86\"},\"potentialAction\":[{\"@type\":\"SearchAction\",\"target\":{\"@type\":\"EntryPoint\",\"urlTemplate\":\"https:\\\/\\\/www.inkultura-online.de\\\/politisch_unkorrekt\\\/?s={search_term_string}\"},\"query-input\":{\"@type\":\"PropertyValueSpecification\",\"valueRequired\":true,\"valueName\":\"search_term_string\"}}],\"inLanguage\":\"de\"},{\"@type\":[\"Person\",\"Organization\"],\"@id\":\"https:\\\/\\\/www.inkultura-online.de\\\/politisch_unkorrekt\\\/#\\\/schema\\\/person\\\/5b30b80e385478896a1de221e1994d86\",\"name\":\"Orator\",\"image\":{\"@type\":\"ImageObject\",\"inLanguage\":\"de\",\"@id\":\"https:\\\/\\\/secure.gravatar.com\\\/avatar\\\/96e03166d31716e9c437060430eb7605c45a8ce6fb6dab483637ca6915dd0844?s=96&d=mm&r=g\",\"url\":\"https:\\\/\\\/secure.gravatar.com\\\/avatar\\\/96e03166d31716e9c437060430eb7605c45a8ce6fb6dab483637ca6915dd0844?s=96&d=mm&r=g\",\"contentUrl\":\"https:\\\/\\\/secure.gravatar.com\\\/avatar\\\/96e03166d31716e9c437060430eb7605c45a8ce6fb6dab483637ca6915dd0844?s=96&d=mm&r=g\",\"caption\":\"Orator\"},\"logo\":{\"@id\":\"https:\\\/\\\/secure.gravatar.com\\\/avatar\\\/96e03166d31716e9c437060430eb7605c45a8ce6fb6dab483637ca6915dd0844?s=96&d=mm&r=g\"},\"url\":\"https:\\\/\\\/www.inkultura-online.de\\\/politisch_unkorrekt\\\/author\\\/1korrektor21-2\\\/\"}]}<\/script>\n<!-- \/ Yoast SEO plugin. -->","yoast_head_json":{"title":"Deutsche Schuld, mal wieder - Zeitgeist? Frei!","robots":{"index":"index","follow":"follow","max-snippet":"max-snippet:-1","max-image-preview":"max-image-preview:large","max-video-preview":"max-video-preview:-1"},"canonical":"https:\/\/www.inkultura-online.de\/politisch_unkorrekt\/deutsche-schuld-mal-wieder\/","og_locale":"de_DE","og_type":"article","og_title":"Deutsche Schuld, mal wieder - Zeitgeist? Frei!","og_description":"Geht uns der Krieg in der Ukraine etwas an? Nein, denn dort k\u00e4mpfen zwei hochgradig korrupte Staaten gegeneinander. Vorbereitet wurde dieser von den jetzt gen\u00fcsslich die Lorbeeren erntenden USA, die unter der Regierung Biden alles, aber auch alles getan h\u00e4tten &hellip; Weiterlesen &rarr;","og_url":"https:\/\/www.inkultura-online.de\/politisch_unkorrekt\/deutsche-schuld-mal-wieder\/","og_site_name":"Zeitgeist? Frei!","article_published_time":"2022-04-30T07:30:39+00:00","author":"Orator","twitter_misc":{"Verfasst von":"Orator","Gesch\u00e4tzte Lesezeit":"2\u00a0Minuten"},"schema":{"@context":"https:\/\/schema.org","@graph":[{"@type":"Article","@id":"https:\/\/www.inkultura-online.de\/politisch_unkorrekt\/deutsche-schuld-mal-wieder\/#article","isPartOf":{"@id":"https:\/\/www.inkultura-online.de\/politisch_unkorrekt\/deutsche-schuld-mal-wieder\/"},"author":{"name":"Orator","@id":"https:\/\/www.inkultura-online.de\/politisch_unkorrekt\/#\/schema\/person\/5b30b80e385478896a1de221e1994d86"},"headline":"Deutsche Schuld, mal wieder","datePublished":"2022-04-30T07:30:39+00:00","mainEntityOfPage":{"@id":"https:\/\/www.inkultura-online.de\/politisch_unkorrekt\/deutsche-schuld-mal-wieder\/"},"wordCount":334,"publisher":{"@id":"https:\/\/www.inkultura-online.de\/politisch_unkorrekt\/#\/schema\/person\/5b30b80e385478896a1de221e1994d86"},"keywords":["Kriegseintritt","Ukrainekrieg","Waffenlieferungen"],"articleSection":["Gedanken zum Tag"],"inLanguage":"de"},{"@type":"WebPage","@id":"https:\/\/www.inkultura-online.de\/politisch_unkorrekt\/deutsche-schuld-mal-wieder\/","url":"https:\/\/www.inkultura-online.de\/politisch_unkorrekt\/deutsche-schuld-mal-wieder\/","name":"Deutsche Schuld, mal wieder - Zeitgeist? Frei!","isPartOf":{"@id":"https:\/\/www.inkultura-online.de\/politisch_unkorrekt\/#website"},"datePublished":"2022-04-30T07:30:39+00:00","breadcrumb":{"@id":"https:\/\/www.inkultura-online.de\/politisch_unkorrekt\/deutsche-schuld-mal-wieder\/#breadcrumb"},"inLanguage":"de","potentialAction":[{"@type":"ReadAction","target":["https:\/\/www.inkultura-online.de\/politisch_unkorrekt\/deutsche-schuld-mal-wieder\/"]}]},{"@type":"BreadcrumbList","@id":"https:\/\/www.inkultura-online.de\/politisch_unkorrekt\/deutsche-schuld-mal-wieder\/#breadcrumb","itemListElement":[{"@type":"ListItem","position":1,"name":"Home","item":"https:\/\/www.inkultura-online.de\/politisch_unkorrekt\/"},{"@type":"ListItem","position":2,"name":"Deutsche Schuld, mal wieder"}]},{"@type":"WebSite","@id":"https:\/\/www.inkultura-online.de\/politisch_unkorrekt\/#website","url":"https:\/\/www.inkultura-online.de\/politisch_unkorrekt\/","name":"Zeitgeist? Frei!","description":"Was Ihr den Geist der Zeiten hei\u00dft...","publisher":{"@id":"https:\/\/www.inkultura-online.de\/politisch_unkorrekt\/#\/schema\/person\/5b30b80e385478896a1de221e1994d86"},"potentialAction":[{"@type":"SearchAction","target":{"@type":"EntryPoint","urlTemplate":"https:\/\/www.inkultura-online.de\/politisch_unkorrekt\/?s={search_term_string}"},"query-input":{"@type":"PropertyValueSpecification","valueRequired":true,"valueName":"search_term_string"}}],"inLanguage":"de"},{"@type":["Person","Organization"],"@id":"https:\/\/www.inkultura-online.de\/politisch_unkorrekt\/#\/schema\/person\/5b30b80e385478896a1de221e1994d86","name":"Orator","image":{"@type":"ImageObject","inLanguage":"de","@id":"https:\/\/secure.gravatar.com\/avatar\/96e03166d31716e9c437060430eb7605c45a8ce6fb6dab483637ca6915dd0844?s=96&d=mm&r=g","url":"https:\/\/secure.gravatar.com\/avatar\/96e03166d31716e9c437060430eb7605c45a8ce6fb6dab483637ca6915dd0844?s=96&d=mm&r=g","contentUrl":"https:\/\/secure.gravatar.com\/avatar\/96e03166d31716e9c437060430eb7605c45a8ce6fb6dab483637ca6915dd0844?s=96&d=mm&r=g","caption":"Orator"},"logo":{"@id":"https:\/\/secure.gravatar.com\/avatar\/96e03166d31716e9c437060430eb7605c45a8ce6fb6dab483637ca6915dd0844?s=96&d=mm&r=g"},"url":"https:\/\/www.inkultura-online.de\/politisch_unkorrekt\/author\/1korrektor21-2\/"}]}},"_links":{"self":[{"href":"https:\/\/www.inkultura-online.de\/politisch_unkorrekt\/wp-json\/wp\/v2\/posts\/2597","targetHints":{"allow":["GET"]}}],"collection":[{"href":"https:\/\/www.inkultura-online.de\/politisch_unkorrekt\/wp-json\/wp\/v2\/posts"}],"about":[{"href":"https:\/\/www.inkultura-online.de\/politisch_unkorrekt\/wp-json\/wp\/v2\/types\/post"}],"author":[{"embeddable":true,"href":"https:\/\/www.inkultura-online.de\/politisch_unkorrekt\/wp-json\/wp\/v2\/users\/1"}],"replies":[{"embeddable":true,"href":"https:\/\/www.inkultura-online.de\/politisch_unkorrekt\/wp-json\/wp\/v2\/comments?post=2597"}],"version-history":[{"count":1,"href":"https:\/\/www.inkultura-online.de\/politisch_unkorrekt\/wp-json\/wp\/v2\/posts\/2597\/revisions"}],"predecessor-version":[{"id":2598,"href":"https:\/\/www.inkultura-online.de\/politisch_unkorrekt\/wp-json\/wp\/v2\/posts\/2597\/revisions\/2598"}],"wp:attachment":[{"href":"https:\/\/www.inkultura-online.de\/politisch_unkorrekt\/wp-json\/wp\/v2\/media?parent=2597"}],"wp:term":[{"taxonomy":"category","embeddable":true,"href":"https:\/\/www.inkultura-online.de\/politisch_unkorrekt\/wp-json\/wp\/v2\/categories?post=2597"},{"taxonomy":"post_tag","embeddable":true,"href":"https:\/\/www.inkultura-online.de\/politisch_unkorrekt\/wp-json\/wp\/v2\/tags?post=2597"}],"curies":[{"name":"wp","href":"https:\/\/api.w.org\/{rel}","templated":true}]}}