{"id":265,"date":"2015-01-24T17:59:26","date_gmt":"2015-01-24T15:59:26","guid":{"rendered":"http:\/\/www.inkultura-online.de\/politisch_unkorrekt\/?p=265"},"modified":"2015-01-24T19:05:01","modified_gmt":"2015-01-24T17:05:01","slug":"zahlen-die-wuetend-machen","status":"publish","type":"post","link":"https:\/\/www.inkultura-online.de\/politisch_unkorrekt\/zahlen-die-wuetend-machen\/","title":{"rendered":"Zahlen, die w\u00fctend machen"},"content":{"rendered":"<p><a href=\"http:\/\/www.saarbruecker-zeitung.de\/nachrichten\/themen\/weltnews\/Soziales-Armut-Armutsgefaehrdung-Armutsgrenze-Erwerbstaetige-Gewerkschaften-Heizungen-und-Oefen-Urlaubsreisen-Wohngeld;art8511,5600492\" target=\"_blank\">3,1<\/a> Millionen Erwerbst\u00e4tige unter der Armutsschwelle.<br \/>\n<a href=\"http:\/\/www.finanznachrichten.de\/nachrichten-2015-01\/32606174-600-000-abgelehnte-asylbewerber-in-deutschland-003.htm\" target=\"_blank\">600.000<\/a> abgelehnte Asylbewerber in Deutschland.<\/p>\n<p>Die Politkaste h\u00e4lt die wirklichen Kosten der ungesteuerten Einwanderung sorgsam verborgen. Angeblich wei\u00df niemand so genau dar\u00fcber Bescheid, wie hoch die finanzielle Belastung der Steuerzahler ist, die f\u00fcr das Funktionieren der Sozial- und Migrationsmafia blechen m\u00fcssen. Eines d\u00fcrfte gewiss sein: Die Verschwendung, manche sprechen auch von Veruntreuung, von Steuergeldern d\u00fcrfte in die Milliarden gehen.<\/p>\n<p>Wie viel bezahlbaren Wohnraum k\u00f6nnte man daf\u00fcr schaffen&#8230;<\/p>\n","protected":false},"excerpt":{"rendered":"<p>3,1 Millionen Erwerbst\u00e4tige unter der Armutsschwelle. 600.000 abgelehnte Asylbewerber in Deutschland. Die Politkaste h\u00e4lt die wirklichen Kosten der ungesteuerten Einwanderung sorgsam verborgen. Angeblich wei\u00df niemand so genau dar\u00fcber Bescheid, wie hoch die finanzielle Belastung der Steuerzahler ist, die f\u00fcr das &hellip; <a href=\"https:\/\/www.inkultura-online.de\/politisch_unkorrekt\/zahlen-die-wuetend-machen\/\">Weiterlesen <span class=\"meta-nav\">&rarr;<\/span><\/a><\/p>\n","protected":false},"author":1,"featured_media":0,"comment_status":"open","ping_status":"open","sticky":false,"template":"","format":"standard","meta":{"footnotes":""},"categories":[1,10],"tags":[162,163,57,56,164],"class_list":["post-265","post","type-post","status-publish","format-standard","hentry","category-fundstuecke","category-systemfehler","tag-abgelehnte-asylbewerber","tag-armutsschwelle","tag-migrationsmafia","tag-sozialmafia","tag-volksverrat"],"yoast_head":"<!-- This site is optimized with the Yoast SEO plugin v27.5 - https:\/\/yoast.com\/product\/yoast-seo-wordpress\/ -->\n<title>Zahlen, die w\u00fctend machen<\/title>\n<meta name=\"robots\" content=\"index, follow, max-snippet:-1, max-image-preview:large, max-video-preview:-1\" \/>\n<link rel=\"canonical\" href=\"https:\/\/www.inkultura-online.de\/politisch_unkorrekt\/zahlen-die-wuetend-machen\/\" \/>\n<meta property=\"og:locale\" content=\"de_DE\" \/>\n<meta property=\"og:type\" content=\"article\" \/>\n<meta property=\"og:title\" content=\"Zahlen, die w\u00fctend machen\" \/>\n<meta property=\"og:description\" content=\"3,1 Millionen Erwerbst\u00e4tige unter der Armutsschwelle. 600.000 abgelehnte Asylbewerber in Deutschland. Die Politkaste h\u00e4lt die wirklichen Kosten der ungesteuerten Einwanderung sorgsam verborgen. Angeblich wei\u00df niemand so genau dar\u00fcber Bescheid, wie hoch die finanzielle Belastung der Steuerzahler ist, die f\u00fcr das &hellip; Weiterlesen &rarr;\" \/>\n<meta property=\"og:url\" content=\"https:\/\/www.inkultura-online.de\/politisch_unkorrekt\/zahlen-die-wuetend-machen\/\" \/>\n<meta property=\"og:site_name\" content=\"Zeitgeist? Frei!\" \/>\n<meta property=\"article:published_time\" content=\"2015-01-24T15:59:26+00:00\" \/>\n<meta property=\"article:modified_time\" content=\"2015-01-24T17:05:01+00:00\" \/>\n<meta name=\"author\" content=\"Orator\" \/>\n<meta name=\"twitter:label1\" content=\"Verfasst von\" \/>\n\t<meta name=\"twitter:data1\" content=\"Orator\" \/>\n<script type=\"application\/ld+json\" class=\"yoast-schema-graph\">{\"@context\":\"https:\\\/\\\/schema.org\",\"@graph\":[{\"@type\":\"Article\",\"@id\":\"https:\\\/\\\/www.inkultura-online.de\\\/politisch_unkorrekt\\\/zahlen-die-wuetend-machen\\\/#article\",\"isPartOf\":{\"@id\":\"https:\\\/\\\/www.inkultura-online.de\\\/politisch_unkorrekt\\\/zahlen-die-wuetend-machen\\\/\"},\"author\":{\"name\":\"Orator\",\"@id\":\"https:\\\/\\\/www.inkultura-online.de\\\/politisch_unkorrekt\\\/#\\\/schema\\\/person\\\/5b30b80e385478896a1de221e1994d86\"},\"headline\":\"Zahlen, die w\u00fctend machen\",\"datePublished\":\"2015-01-24T15:59:26+00:00\",\"dateModified\":\"2015-01-24T17:05:01+00:00\",\"mainEntityOfPage\":{\"@id\":\"https:\\\/\\\/www.inkultura-online.de\\\/politisch_unkorrekt\\\/zahlen-die-wuetend-machen\\\/\"},\"wordCount\":85,\"commentCount\":0,\"publisher\":{\"@id\":\"https:\\\/\\\/www.inkultura-online.de\\\/politisch_unkorrekt\\\/#\\\/schema\\\/person\\\/5b30b80e385478896a1de221e1994d86\"},\"keywords\":[\"Abgelehnte Asylbewerber\",\"Armutsschwelle\",\"Migrationsmafia\",\"Sozialmafia\",\"Volksverrat\"],\"articleSection\":[\"Fundst\u00fccke\",\"Systemfehler\"],\"inLanguage\":\"de\",\"potentialAction\":[{\"@type\":\"CommentAction\",\"name\":\"Comment\",\"target\":[\"https:\\\/\\\/www.inkultura-online.de\\\/politisch_unkorrekt\\\/zahlen-die-wuetend-machen\\\/#respond\"]}]},{\"@type\":\"WebPage\",\"@id\":\"https:\\\/\\\/www.inkultura-online.de\\\/politisch_unkorrekt\\\/zahlen-die-wuetend-machen\\\/\",\"url\":\"https:\\\/\\\/www.inkultura-online.de\\\/politisch_unkorrekt\\\/zahlen-die-wuetend-machen\\\/\",\"name\":\"Zahlen, die w\u00fctend machen\",\"isPartOf\":{\"@id\":\"https:\\\/\\\/www.inkultura-online.de\\\/politisch_unkorrekt\\\/#website\"},\"datePublished\":\"2015-01-24T15:59:26+00:00\",\"dateModified\":\"2015-01-24T17:05:01+00:00\",\"breadcrumb\":{\"@id\":\"https:\\\/\\\/www.inkultura-online.de\\\/politisch_unkorrekt\\\/zahlen-die-wuetend-machen\\\/#breadcrumb\"},\"inLanguage\":\"de\",\"potentialAction\":[{\"@type\":\"ReadAction\",\"target\":[\"https:\\\/\\\/www.inkultura-online.de\\\/politisch_unkorrekt\\\/zahlen-die-wuetend-machen\\\/\"]}]},{\"@type\":\"BreadcrumbList\",\"@id\":\"https:\\\/\\\/www.inkultura-online.de\\\/politisch_unkorrekt\\\/zahlen-die-wuetend-machen\\\/#breadcrumb\",\"itemListElement\":[{\"@type\":\"ListItem\",\"position\":1,\"name\":\"Home\",\"item\":\"https:\\\/\\\/www.inkultura-online.de\\\/politisch_unkorrekt\\\/\"},{\"@type\":\"ListItem\",\"position\":2,\"name\":\"Zahlen, die w\u00fctend machen\"}]},{\"@type\":\"WebSite\",\"@id\":\"https:\\\/\\\/www.inkultura-online.de\\\/politisch_unkorrekt\\\/#website\",\"url\":\"https:\\\/\\\/www.inkultura-online.de\\\/politisch_unkorrekt\\\/\",\"name\":\"Zeitgeist? Frei!\",\"description\":\"Was Ihr den Geist der Zeiten hei\u00dft...\",\"publisher\":{\"@id\":\"https:\\\/\\\/www.inkultura-online.de\\\/politisch_unkorrekt\\\/#\\\/schema\\\/person\\\/5b30b80e385478896a1de221e1994d86\"},\"potentialAction\":[{\"@type\":\"SearchAction\",\"target\":{\"@type\":\"EntryPoint\",\"urlTemplate\":\"https:\\\/\\\/www.inkultura-online.de\\\/politisch_unkorrekt\\\/?s={search_term_string}\"},\"query-input\":{\"@type\":\"PropertyValueSpecification\",\"valueRequired\":true,\"valueName\":\"search_term_string\"}}],\"inLanguage\":\"de\"},{\"@type\":[\"Person\",\"Organization\"],\"@id\":\"https:\\\/\\\/www.inkultura-online.de\\\/politisch_unkorrekt\\\/#\\\/schema\\\/person\\\/5b30b80e385478896a1de221e1994d86\",\"name\":\"Orator\",\"image\":{\"@type\":\"ImageObject\",\"inLanguage\":\"de\",\"@id\":\"https:\\\/\\\/secure.gravatar.com\\\/avatar\\\/96e03166d31716e9c437060430eb7605c45a8ce6fb6dab483637ca6915dd0844?s=96&d=mm&r=g\",\"url\":\"https:\\\/\\\/secure.gravatar.com\\\/avatar\\\/96e03166d31716e9c437060430eb7605c45a8ce6fb6dab483637ca6915dd0844?s=96&d=mm&r=g\",\"contentUrl\":\"https:\\\/\\\/secure.gravatar.com\\\/avatar\\\/96e03166d31716e9c437060430eb7605c45a8ce6fb6dab483637ca6915dd0844?s=96&d=mm&r=g\",\"caption\":\"Orator\"},\"logo\":{\"@id\":\"https:\\\/\\\/secure.gravatar.com\\\/avatar\\\/96e03166d31716e9c437060430eb7605c45a8ce6fb6dab483637ca6915dd0844?s=96&d=mm&r=g\"},\"url\":\"https:\\\/\\\/www.inkultura-online.de\\\/politisch_unkorrekt\\\/author\\\/1korrektor21-2\\\/\"}]}<\/script>\n<!-- \/ Yoast SEO plugin. -->","yoast_head_json":{"title":"Zahlen, die w\u00fctend machen","robots":{"index":"index","follow":"follow","max-snippet":"max-snippet:-1","max-image-preview":"max-image-preview:large","max-video-preview":"max-video-preview:-1"},"canonical":"https:\/\/www.inkultura-online.de\/politisch_unkorrekt\/zahlen-die-wuetend-machen\/","og_locale":"de_DE","og_type":"article","og_title":"Zahlen, die w\u00fctend machen","og_description":"3,1 Millionen Erwerbst\u00e4tige unter der Armutsschwelle. 600.000 abgelehnte Asylbewerber in Deutschland. Die Politkaste h\u00e4lt die wirklichen Kosten der ungesteuerten Einwanderung sorgsam verborgen. Angeblich wei\u00df niemand so genau dar\u00fcber Bescheid, wie hoch die finanzielle Belastung der Steuerzahler ist, die f\u00fcr das &hellip; Weiterlesen &rarr;","og_url":"https:\/\/www.inkultura-online.de\/politisch_unkorrekt\/zahlen-die-wuetend-machen\/","og_site_name":"Zeitgeist? Frei!","article_published_time":"2015-01-24T15:59:26+00:00","article_modified_time":"2015-01-24T17:05:01+00:00","author":"Orator","twitter_misc":{"Verfasst von":"Orator"},"schema":{"@context":"https:\/\/schema.org","@graph":[{"@type":"Article","@id":"https:\/\/www.inkultura-online.de\/politisch_unkorrekt\/zahlen-die-wuetend-machen\/#article","isPartOf":{"@id":"https:\/\/www.inkultura-online.de\/politisch_unkorrekt\/zahlen-die-wuetend-machen\/"},"author":{"name":"Orator","@id":"https:\/\/www.inkultura-online.de\/politisch_unkorrekt\/#\/schema\/person\/5b30b80e385478896a1de221e1994d86"},"headline":"Zahlen, die w\u00fctend machen","datePublished":"2015-01-24T15:59:26+00:00","dateModified":"2015-01-24T17:05:01+00:00","mainEntityOfPage":{"@id":"https:\/\/www.inkultura-online.de\/politisch_unkorrekt\/zahlen-die-wuetend-machen\/"},"wordCount":85,"commentCount":0,"publisher":{"@id":"https:\/\/www.inkultura-online.de\/politisch_unkorrekt\/#\/schema\/person\/5b30b80e385478896a1de221e1994d86"},"keywords":["Abgelehnte Asylbewerber","Armutsschwelle","Migrationsmafia","Sozialmafia","Volksverrat"],"articleSection":["Fundst\u00fccke","Systemfehler"],"inLanguage":"de","potentialAction":[{"@type":"CommentAction","name":"Comment","target":["https:\/\/www.inkultura-online.de\/politisch_unkorrekt\/zahlen-die-wuetend-machen\/#respond"]}]},{"@type":"WebPage","@id":"https:\/\/www.inkultura-online.de\/politisch_unkorrekt\/zahlen-die-wuetend-machen\/","url":"https:\/\/www.inkultura-online.de\/politisch_unkorrekt\/zahlen-die-wuetend-machen\/","name":"Zahlen, die w\u00fctend machen","isPartOf":{"@id":"https:\/\/www.inkultura-online.de\/politisch_unkorrekt\/#website"},"datePublished":"2015-01-24T15:59:26+00:00","dateModified":"2015-01-24T17:05:01+00:00","breadcrumb":{"@id":"https:\/\/www.inkultura-online.de\/politisch_unkorrekt\/zahlen-die-wuetend-machen\/#breadcrumb"},"inLanguage":"de","potentialAction":[{"@type":"ReadAction","target":["https:\/\/www.inkultura-online.de\/politisch_unkorrekt\/zahlen-die-wuetend-machen\/"]}]},{"@type":"BreadcrumbList","@id":"https:\/\/www.inkultura-online.de\/politisch_unkorrekt\/zahlen-die-wuetend-machen\/#breadcrumb","itemListElement":[{"@type":"ListItem","position":1,"name":"Home","item":"https:\/\/www.inkultura-online.de\/politisch_unkorrekt\/"},{"@type":"ListItem","position":2,"name":"Zahlen, die w\u00fctend machen"}]},{"@type":"WebSite","@id":"https:\/\/www.inkultura-online.de\/politisch_unkorrekt\/#website","url":"https:\/\/www.inkultura-online.de\/politisch_unkorrekt\/","name":"Zeitgeist? Frei!","description":"Was Ihr den Geist der Zeiten hei\u00dft...","publisher":{"@id":"https:\/\/www.inkultura-online.de\/politisch_unkorrekt\/#\/schema\/person\/5b30b80e385478896a1de221e1994d86"},"potentialAction":[{"@type":"SearchAction","target":{"@type":"EntryPoint","urlTemplate":"https:\/\/www.inkultura-online.de\/politisch_unkorrekt\/?s={search_term_string}"},"query-input":{"@type":"PropertyValueSpecification","valueRequired":true,"valueName":"search_term_string"}}],"inLanguage":"de"},{"@type":["Person","Organization"],"@id":"https:\/\/www.inkultura-online.de\/politisch_unkorrekt\/#\/schema\/person\/5b30b80e385478896a1de221e1994d86","name":"Orator","image":{"@type":"ImageObject","inLanguage":"de","@id":"https:\/\/secure.gravatar.com\/avatar\/96e03166d31716e9c437060430eb7605c45a8ce6fb6dab483637ca6915dd0844?s=96&d=mm&r=g","url":"https:\/\/secure.gravatar.com\/avatar\/96e03166d31716e9c437060430eb7605c45a8ce6fb6dab483637ca6915dd0844?s=96&d=mm&r=g","contentUrl":"https:\/\/secure.gravatar.com\/avatar\/96e03166d31716e9c437060430eb7605c45a8ce6fb6dab483637ca6915dd0844?s=96&d=mm&r=g","caption":"Orator"},"logo":{"@id":"https:\/\/secure.gravatar.com\/avatar\/96e03166d31716e9c437060430eb7605c45a8ce6fb6dab483637ca6915dd0844?s=96&d=mm&r=g"},"url":"https:\/\/www.inkultura-online.de\/politisch_unkorrekt\/author\/1korrektor21-2\/"}]}},"_links":{"self":[{"href":"https:\/\/www.inkultura-online.de\/politisch_unkorrekt\/wp-json\/wp\/v2\/posts\/265","targetHints":{"allow":["GET"]}}],"collection":[{"href":"https:\/\/www.inkultura-online.de\/politisch_unkorrekt\/wp-json\/wp\/v2\/posts"}],"about":[{"href":"https:\/\/www.inkultura-online.de\/politisch_unkorrekt\/wp-json\/wp\/v2\/types\/post"}],"author":[{"embeddable":true,"href":"https:\/\/www.inkultura-online.de\/politisch_unkorrekt\/wp-json\/wp\/v2\/users\/1"}],"replies":[{"embeddable":true,"href":"https:\/\/www.inkultura-online.de\/politisch_unkorrekt\/wp-json\/wp\/v2\/comments?post=265"}],"version-history":[{"count":2,"href":"https:\/\/www.inkultura-online.de\/politisch_unkorrekt\/wp-json\/wp\/v2\/posts\/265\/revisions"}],"predecessor-version":[{"id":267,"href":"https:\/\/www.inkultura-online.de\/politisch_unkorrekt\/wp-json\/wp\/v2\/posts\/265\/revisions\/267"}],"wp:attachment":[{"href":"https:\/\/www.inkultura-online.de\/politisch_unkorrekt\/wp-json\/wp\/v2\/media?parent=265"}],"wp:term":[{"taxonomy":"category","embeddable":true,"href":"https:\/\/www.inkultura-online.de\/politisch_unkorrekt\/wp-json\/wp\/v2\/categories?post=265"},{"taxonomy":"post_tag","embeddable":true,"href":"https:\/\/www.inkultura-online.de\/politisch_unkorrekt\/wp-json\/wp\/v2\/tags?post=265"}],"curies":[{"name":"wp","href":"https:\/\/api.w.org\/{rel}","templated":true}]}}