{"id":2789,"date":"2024-01-15T17:05:26","date_gmt":"2024-01-15T15:05:26","guid":{"rendered":"https:\/\/www.inkultura-online.de\/politisch_unkorrekt\/?p=2789"},"modified":"2024-01-15T17:06:17","modified_gmt":"2024-01-15T15:06:17","slug":"buergerraete","status":"publish","type":"post","link":"https:\/\/www.inkultura-online.de\/politisch_unkorrekt\/buergerraete\/","title":{"rendered":"B\u00fcrgerr\u00e4te"},"content":{"rendered":"<p>Ausgew\u00e4hlt oder ausgelost?<\/p>\n<p>Das Grundgesetz der Bundesrepublik Deutschland sieht die Einrichtung von B\u00fcrgerr\u00e4ten nicht explizit vor. Das Grundgesetz legt ausschlie\u00dflich die Grundprinzipien und Struktur der deutschen Verfassung fest, aber es regelt nicht im Detail die verschiedenen Formen der B\u00fcrgerbeteiligung oder -mitwirkung.<!--more--><\/p>\n<p>B\u00fcrgerbeteiligung kann jedoch auf verschiedenen Ebenen und in verschiedenen Formen stattfinden, und es gibt verschiedene Modelle f\u00fcr Beteiligung, darunter auch B\u00fcrgerr\u00e4te. B\u00fcrgerr\u00e4te sind Gremien, in denen zuf\u00e4llig ausgew\u00e4hlte B\u00fcrgerinnen und B\u00fcrger konkrete politische oder gesellschaftliche Themen diskutieren und Empfehlungen erarbeiten k\u00f6nnen. Solche Modelle k\u00f6nnen auf kommunaler, Landes- oder Bundesebene existieren und k\u00f6nnen je nach politischem Kontext und Gesetzgebung unterschiedlich gestaltet sein.<\/p>\n<p>Grunds\u00e4tzlich ist die Einrichtung von B\u00fcrgerr\u00e4ten daher nicht per se ein Versto\u00df gegen das Grundgesetz der Bundesrepublik Deutschland. Das Grundgesetz legt die Grundprinzipien der Verfassung fest, aber es l\u00e4sst Raum f\u00fcr verschiedene Formen der B\u00fcrgerbeteiligung und Mitwirkung. Es gibt jedoch einige grundlegende Prinzipien und Verfassungsgrunds\u00e4tze, die bei der Ausgestaltung von B\u00fcrgerbeteiligungsmodellen ber\u00fccksichtigt werden m\u00fcssen, um sicherzustellen, dass diese im Einklang mit dem Grundgesetz stehen. Dazu geh\u00f6ren insbesondere:<\/p>\n<ol>\n<li><strong>Demokratische Grundprinzipien:<\/strong> Jede Form der B\u00fcrgerbeteiligung sollte im Einklang mit den demokratischen Grundprinzipien stehen und die repr\u00e4sentative Demokratie nicht untergraben.<\/li>\n<li><strong>Rechtsstaatlichkeit:<\/strong> B\u00fcrgerbeteiligung sollte im Rahmen der bestehenden Rechtsordnung und Gesetzgebung stattfinden.<\/li>\n<li><strong>Gleichheitsgrundsatz:<\/strong> Alle B\u00fcrgerinnen und B\u00fcrger sollten die gleichen M\u00f6glichkeiten zur Beteiligung haben, ohne Diskriminierung.<\/li>\n<li><strong>Grundrechte:<\/strong> Die Grundrechte der B\u00fcrgerinnen und B\u00fcrger m\u00fcssen gewahrt werden.<\/li>\n<\/ol>\n<p>Es ist wichtig, dass B\u00fcrgerbeteiligungsmodelle transparent, fair und demokratisch gestaltet sind. Sie d\u00fcrfen nicht dazu f\u00fchren, dass Minderheitenrechte verletzt werden oder dass Entscheidungen und Empfehlungen auf undemokratische Weise zustande kommen.<\/p>\n<p>Wenn konkrete B\u00fcrgerr\u00e4te oder \u00e4hnliche Gremien eingef\u00fchrt werden sollen, ist es wichtig, dass dies im Rahmen der bestehenden rechtlichen Strukturen und demokratischen Prinzipien geschieht. Eventuelle Bedenken bez\u00fcglich der Vereinbarkeit mit dem Grundgesetz sollten im Rahmen der Gesetzgebung und Verfassungskonformit\u00e4t gepr\u00fcft werden.<\/p>\n<p>Siehe dazu die <a href=\"https:\/\/www.bundestag.de\/resource\/blob\/894386\/9a7bd24fbc77fb379b22dc6e45982905\/WD-3-022-22-pdf-data.pdf\" target=\"_blank\" rel=\"noopener\">Einsch\u00e4tzung<\/a> des Wissenschaftlichen Dienstes der Bundesregierung.<\/p>\n<p>So weit, so theoretisch. Das erste, aus ausgew\u00e4hlten, Verzeihung, ausgelosten Teilnehmern bestehende Gremium, der <i>\u201eB\u00fcrgerrat Ern\u00e4hrung\u201c<\/i> hat seine <a href=\"https:\/\/www.zdf.de\/nachrichten\/politik\/deutschland\/buergerrat-ernaehrung-empfehlungen-bundestag-100.html\" target=\"_blank\" rel=\"noopener\">Vorschl\u00e4ge<\/a> jetzt pr\u00e4sentiert.<\/p>\n<p>Apropos ausgelost: <a href=\"https:\/\/jungefreiheit.de\/politik\/deutschland\/2023\/vorwuerfe-gegen-buergerrat\/\" target=\"_blank\" rel=\"noopener\">Fragen \u00fcber Fragen&#8230;<\/a><\/p>\n","protected":false},"excerpt":{"rendered":"<p>Ausgew\u00e4hlt oder ausgelost? Das Grundgesetz der Bundesrepublik Deutschland sieht die Einrichtung von B\u00fcrgerr\u00e4ten nicht explizit vor. Das Grundgesetz legt ausschlie\u00dflich die Grundprinzipien und Struktur der deutschen Verfassung fest, aber es regelt nicht im Detail die verschiedenen Formen der B\u00fcrgerbeteiligung oder &hellip; <a href=\"https:\/\/www.inkultura-online.de\/politisch_unkorrekt\/buergerraete\/\">Weiterlesen <span class=\"meta-nav\">&rarr;<\/span><\/a><\/p>\n","protected":false},"author":1,"featured_media":0,"comment_status":"closed","ping_status":"closed","sticky":false,"template":"","format":"standard","meta":{"footnotes":""},"categories":[1,444,10],"tags":[1695,1696,383,1698,1697],"class_list":["post-2789","post","type-post","status-publish","format-standard","hentry","category-fundstuecke","category-gedanken-zum-tag","category-systemfehler","tag-buergerrat","tag-buergerraete","tag-grundgesetz","tag-lobby","tag-losverfahren"],"yoast_head":"<!-- This site is optimized with the Yoast SEO plugin v27.5 - https:\/\/yoast.com\/product\/yoast-seo-wordpress\/ -->\n<title>B\u00fcrgerr\u00e4te - Zeitgeist? Frei!<\/title>\n<meta name=\"robots\" content=\"index, follow, max-snippet:-1, max-image-preview:large, max-video-preview:-1\" \/>\n<link rel=\"canonical\" href=\"https:\/\/www.inkultura-online.de\/politisch_unkorrekt\/buergerraete\/\" \/>\n<meta property=\"og:locale\" content=\"de_DE\" \/>\n<meta property=\"og:type\" content=\"article\" \/>\n<meta property=\"og:title\" content=\"B\u00fcrgerr\u00e4te - Zeitgeist? Frei!\" \/>\n<meta property=\"og:description\" content=\"Ausgew\u00e4hlt oder ausgelost? Das Grundgesetz der Bundesrepublik Deutschland sieht die Einrichtung von B\u00fcrgerr\u00e4ten nicht explizit vor. Das Grundgesetz legt ausschlie\u00dflich die Grundprinzipien und Struktur der deutschen Verfassung fest, aber es regelt nicht im Detail die verschiedenen Formen der B\u00fcrgerbeteiligung oder &hellip; Weiterlesen &rarr;\" \/>\n<meta property=\"og:url\" content=\"https:\/\/www.inkultura-online.de\/politisch_unkorrekt\/buergerraete\/\" \/>\n<meta property=\"og:site_name\" content=\"Zeitgeist? Frei!\" \/>\n<meta property=\"article:published_time\" content=\"2024-01-15T15:05:26+00:00\" \/>\n<meta property=\"article:modified_time\" content=\"2024-01-15T15:06:17+00:00\" \/>\n<meta name=\"author\" content=\"Orator\" \/>\n<meta name=\"twitter:label1\" content=\"Verfasst von\" \/>\n\t<meta name=\"twitter:data1\" content=\"Orator\" \/>\n\t<meta name=\"twitter:label2\" content=\"Gesch\u00e4tzte Lesezeit\" \/>\n\t<meta name=\"twitter:data2\" content=\"2\u00a0Minuten\" \/>\n<script type=\"application\/ld+json\" class=\"yoast-schema-graph\">{\"@context\":\"https:\\\/\\\/schema.org\",\"@graph\":[{\"@type\":\"Article\",\"@id\":\"https:\\\/\\\/www.inkultura-online.de\\\/politisch_unkorrekt\\\/buergerraete\\\/#article\",\"isPartOf\":{\"@id\":\"https:\\\/\\\/www.inkultura-online.de\\\/politisch_unkorrekt\\\/buergerraete\\\/\"},\"author\":{\"name\":\"Orator\",\"@id\":\"https:\\\/\\\/www.inkultura-online.de\\\/politisch_unkorrekt\\\/#\\\/schema\\\/person\\\/5b30b80e385478896a1de221e1994d86\"},\"headline\":\"B\u00fcrgerr\u00e4te\",\"datePublished\":\"2024-01-15T15:05:26+00:00\",\"dateModified\":\"2024-01-15T15:06:17+00:00\",\"mainEntityOfPage\":{\"@id\":\"https:\\\/\\\/www.inkultura-online.de\\\/politisch_unkorrekt\\\/buergerraete\\\/\"},\"wordCount\":386,\"publisher\":{\"@id\":\"https:\\\/\\\/www.inkultura-online.de\\\/politisch_unkorrekt\\\/#\\\/schema\\\/person\\\/5b30b80e385478896a1de221e1994d86\"},\"keywords\":[\"B\u00fcrgerrat\",\"B\u00fcrgerr\u00e4te\",\"Grundgesetz\",\"Lobby\",\"Losverfahren\"],\"articleSection\":[\"Fundst\u00fccke\",\"Gedanken zum Tag\",\"Systemfehler\"],\"inLanguage\":\"de\"},{\"@type\":\"WebPage\",\"@id\":\"https:\\\/\\\/www.inkultura-online.de\\\/politisch_unkorrekt\\\/buergerraete\\\/\",\"url\":\"https:\\\/\\\/www.inkultura-online.de\\\/politisch_unkorrekt\\\/buergerraete\\\/\",\"name\":\"B\u00fcrgerr\u00e4te - Zeitgeist? Frei!\",\"isPartOf\":{\"@id\":\"https:\\\/\\\/www.inkultura-online.de\\\/politisch_unkorrekt\\\/#website\"},\"datePublished\":\"2024-01-15T15:05:26+00:00\",\"dateModified\":\"2024-01-15T15:06:17+00:00\",\"breadcrumb\":{\"@id\":\"https:\\\/\\\/www.inkultura-online.de\\\/politisch_unkorrekt\\\/buergerraete\\\/#breadcrumb\"},\"inLanguage\":\"de\",\"potentialAction\":[{\"@type\":\"ReadAction\",\"target\":[\"https:\\\/\\\/www.inkultura-online.de\\\/politisch_unkorrekt\\\/buergerraete\\\/\"]}]},{\"@type\":\"BreadcrumbList\",\"@id\":\"https:\\\/\\\/www.inkultura-online.de\\\/politisch_unkorrekt\\\/buergerraete\\\/#breadcrumb\",\"itemListElement\":[{\"@type\":\"ListItem\",\"position\":1,\"name\":\"Home\",\"item\":\"https:\\\/\\\/www.inkultura-online.de\\\/politisch_unkorrekt\\\/\"},{\"@type\":\"ListItem\",\"position\":2,\"name\":\"B\u00fcrgerr\u00e4te\"}]},{\"@type\":\"WebSite\",\"@id\":\"https:\\\/\\\/www.inkultura-online.de\\\/politisch_unkorrekt\\\/#website\",\"url\":\"https:\\\/\\\/www.inkultura-online.de\\\/politisch_unkorrekt\\\/\",\"name\":\"Zeitgeist? Frei!\",\"description\":\"Was Ihr den Geist der Zeiten hei\u00dft...\",\"publisher\":{\"@id\":\"https:\\\/\\\/www.inkultura-online.de\\\/politisch_unkorrekt\\\/#\\\/schema\\\/person\\\/5b30b80e385478896a1de221e1994d86\"},\"potentialAction\":[{\"@type\":\"SearchAction\",\"target\":{\"@type\":\"EntryPoint\",\"urlTemplate\":\"https:\\\/\\\/www.inkultura-online.de\\\/politisch_unkorrekt\\\/?s={search_term_string}\"},\"query-input\":{\"@type\":\"PropertyValueSpecification\",\"valueRequired\":true,\"valueName\":\"search_term_string\"}}],\"inLanguage\":\"de\"},{\"@type\":[\"Person\",\"Organization\"],\"@id\":\"https:\\\/\\\/www.inkultura-online.de\\\/politisch_unkorrekt\\\/#\\\/schema\\\/person\\\/5b30b80e385478896a1de221e1994d86\",\"name\":\"Orator\",\"image\":{\"@type\":\"ImageObject\",\"inLanguage\":\"de\",\"@id\":\"https:\\\/\\\/secure.gravatar.com\\\/avatar\\\/96e03166d31716e9c437060430eb7605c45a8ce6fb6dab483637ca6915dd0844?s=96&d=mm&r=g\",\"url\":\"https:\\\/\\\/secure.gravatar.com\\\/avatar\\\/96e03166d31716e9c437060430eb7605c45a8ce6fb6dab483637ca6915dd0844?s=96&d=mm&r=g\",\"contentUrl\":\"https:\\\/\\\/secure.gravatar.com\\\/avatar\\\/96e03166d31716e9c437060430eb7605c45a8ce6fb6dab483637ca6915dd0844?s=96&d=mm&r=g\",\"caption\":\"Orator\"},\"logo\":{\"@id\":\"https:\\\/\\\/secure.gravatar.com\\\/avatar\\\/96e03166d31716e9c437060430eb7605c45a8ce6fb6dab483637ca6915dd0844?s=96&d=mm&r=g\"},\"url\":\"https:\\\/\\\/www.inkultura-online.de\\\/politisch_unkorrekt\\\/author\\\/1korrektor21-2\\\/\"}]}<\/script>\n<!-- \/ Yoast SEO plugin. -->","yoast_head_json":{"title":"B\u00fcrgerr\u00e4te - Zeitgeist? Frei!","robots":{"index":"index","follow":"follow","max-snippet":"max-snippet:-1","max-image-preview":"max-image-preview:large","max-video-preview":"max-video-preview:-1"},"canonical":"https:\/\/www.inkultura-online.de\/politisch_unkorrekt\/buergerraete\/","og_locale":"de_DE","og_type":"article","og_title":"B\u00fcrgerr\u00e4te - Zeitgeist? Frei!","og_description":"Ausgew\u00e4hlt oder ausgelost? Das Grundgesetz der Bundesrepublik Deutschland sieht die Einrichtung von B\u00fcrgerr\u00e4ten nicht explizit vor. Das Grundgesetz legt ausschlie\u00dflich die Grundprinzipien und Struktur der deutschen Verfassung fest, aber es regelt nicht im Detail die verschiedenen Formen der B\u00fcrgerbeteiligung oder &hellip; Weiterlesen &rarr;","og_url":"https:\/\/www.inkultura-online.de\/politisch_unkorrekt\/buergerraete\/","og_site_name":"Zeitgeist? Frei!","article_published_time":"2024-01-15T15:05:26+00:00","article_modified_time":"2024-01-15T15:06:17+00:00","author":"Orator","twitter_misc":{"Verfasst von":"Orator","Gesch\u00e4tzte Lesezeit":"2\u00a0Minuten"},"schema":{"@context":"https:\/\/schema.org","@graph":[{"@type":"Article","@id":"https:\/\/www.inkultura-online.de\/politisch_unkorrekt\/buergerraete\/#article","isPartOf":{"@id":"https:\/\/www.inkultura-online.de\/politisch_unkorrekt\/buergerraete\/"},"author":{"name":"Orator","@id":"https:\/\/www.inkultura-online.de\/politisch_unkorrekt\/#\/schema\/person\/5b30b80e385478896a1de221e1994d86"},"headline":"B\u00fcrgerr\u00e4te","datePublished":"2024-01-15T15:05:26+00:00","dateModified":"2024-01-15T15:06:17+00:00","mainEntityOfPage":{"@id":"https:\/\/www.inkultura-online.de\/politisch_unkorrekt\/buergerraete\/"},"wordCount":386,"publisher":{"@id":"https:\/\/www.inkultura-online.de\/politisch_unkorrekt\/#\/schema\/person\/5b30b80e385478896a1de221e1994d86"},"keywords":["B\u00fcrgerrat","B\u00fcrgerr\u00e4te","Grundgesetz","Lobby","Losverfahren"],"articleSection":["Fundst\u00fccke","Gedanken zum Tag","Systemfehler"],"inLanguage":"de"},{"@type":"WebPage","@id":"https:\/\/www.inkultura-online.de\/politisch_unkorrekt\/buergerraete\/","url":"https:\/\/www.inkultura-online.de\/politisch_unkorrekt\/buergerraete\/","name":"B\u00fcrgerr\u00e4te - Zeitgeist? Frei!","isPartOf":{"@id":"https:\/\/www.inkultura-online.de\/politisch_unkorrekt\/#website"},"datePublished":"2024-01-15T15:05:26+00:00","dateModified":"2024-01-15T15:06:17+00:00","breadcrumb":{"@id":"https:\/\/www.inkultura-online.de\/politisch_unkorrekt\/buergerraete\/#breadcrumb"},"inLanguage":"de","potentialAction":[{"@type":"ReadAction","target":["https:\/\/www.inkultura-online.de\/politisch_unkorrekt\/buergerraete\/"]}]},{"@type":"BreadcrumbList","@id":"https:\/\/www.inkultura-online.de\/politisch_unkorrekt\/buergerraete\/#breadcrumb","itemListElement":[{"@type":"ListItem","position":1,"name":"Home","item":"https:\/\/www.inkultura-online.de\/politisch_unkorrekt\/"},{"@type":"ListItem","position":2,"name":"B\u00fcrgerr\u00e4te"}]},{"@type":"WebSite","@id":"https:\/\/www.inkultura-online.de\/politisch_unkorrekt\/#website","url":"https:\/\/www.inkultura-online.de\/politisch_unkorrekt\/","name":"Zeitgeist? Frei!","description":"Was Ihr den Geist der Zeiten hei\u00dft...","publisher":{"@id":"https:\/\/www.inkultura-online.de\/politisch_unkorrekt\/#\/schema\/person\/5b30b80e385478896a1de221e1994d86"},"potentialAction":[{"@type":"SearchAction","target":{"@type":"EntryPoint","urlTemplate":"https:\/\/www.inkultura-online.de\/politisch_unkorrekt\/?s={search_term_string}"},"query-input":{"@type":"PropertyValueSpecification","valueRequired":true,"valueName":"search_term_string"}}],"inLanguage":"de"},{"@type":["Person","Organization"],"@id":"https:\/\/www.inkultura-online.de\/politisch_unkorrekt\/#\/schema\/person\/5b30b80e385478896a1de221e1994d86","name":"Orator","image":{"@type":"ImageObject","inLanguage":"de","@id":"https:\/\/secure.gravatar.com\/avatar\/96e03166d31716e9c437060430eb7605c45a8ce6fb6dab483637ca6915dd0844?s=96&d=mm&r=g","url":"https:\/\/secure.gravatar.com\/avatar\/96e03166d31716e9c437060430eb7605c45a8ce6fb6dab483637ca6915dd0844?s=96&d=mm&r=g","contentUrl":"https:\/\/secure.gravatar.com\/avatar\/96e03166d31716e9c437060430eb7605c45a8ce6fb6dab483637ca6915dd0844?s=96&d=mm&r=g","caption":"Orator"},"logo":{"@id":"https:\/\/secure.gravatar.com\/avatar\/96e03166d31716e9c437060430eb7605c45a8ce6fb6dab483637ca6915dd0844?s=96&d=mm&r=g"},"url":"https:\/\/www.inkultura-online.de\/politisch_unkorrekt\/author\/1korrektor21-2\/"}]}},"_links":{"self":[{"href":"https:\/\/www.inkultura-online.de\/politisch_unkorrekt\/wp-json\/wp\/v2\/posts\/2789","targetHints":{"allow":["GET"]}}],"collection":[{"href":"https:\/\/www.inkultura-online.de\/politisch_unkorrekt\/wp-json\/wp\/v2\/posts"}],"about":[{"href":"https:\/\/www.inkultura-online.de\/politisch_unkorrekt\/wp-json\/wp\/v2\/types\/post"}],"author":[{"embeddable":true,"href":"https:\/\/www.inkultura-online.de\/politisch_unkorrekt\/wp-json\/wp\/v2\/users\/1"}],"replies":[{"embeddable":true,"href":"https:\/\/www.inkultura-online.de\/politisch_unkorrekt\/wp-json\/wp\/v2\/comments?post=2789"}],"version-history":[{"count":2,"href":"https:\/\/www.inkultura-online.de\/politisch_unkorrekt\/wp-json\/wp\/v2\/posts\/2789\/revisions"}],"predecessor-version":[{"id":2791,"href":"https:\/\/www.inkultura-online.de\/politisch_unkorrekt\/wp-json\/wp\/v2\/posts\/2789\/revisions\/2791"}],"wp:attachment":[{"href":"https:\/\/www.inkultura-online.de\/politisch_unkorrekt\/wp-json\/wp\/v2\/media?parent=2789"}],"wp:term":[{"taxonomy":"category","embeddable":true,"href":"https:\/\/www.inkultura-online.de\/politisch_unkorrekt\/wp-json\/wp\/v2\/categories?post=2789"},{"taxonomy":"post_tag","embeddable":true,"href":"https:\/\/www.inkultura-online.de\/politisch_unkorrekt\/wp-json\/wp\/v2\/tags?post=2789"}],"curies":[{"name":"wp","href":"https:\/\/api.w.org\/{rel}","templated":true}]}}