{"id":2792,"date":"2024-01-22T18:50:40","date_gmt":"2024-01-22T16:50:40","guid":{"rendered":"https:\/\/www.inkultura-online.de\/politisch_unkorrekt\/?p=2792"},"modified":"2024-01-22T18:51:02","modified_gmt":"2024-01-22T16:51:02","slug":"brief-an-einen-freund","status":"publish","type":"post","link":"https:\/\/www.inkultura-online.de\/politisch_unkorrekt\/brief-an-einen-freund\/","title":{"rendered":"Brief an einen Freund"},"content":{"rendered":"<p>Es ehrt dich, mein werter, wenn ich dich noch so nennen darf, Freund, dass du eine scheinbar verirrte und verwirrte politische Seele, die eine, geht man vom polit-medial vorgegebenen Rahmen aus, unzweifelhaft extreme politische Meinung vertritt, diese Meinung allerdings vor wenigen Jahren noch allgemeinpolitischer Mainstream gewesen ist, zur\u00fcck ins b\u00fcrgerliche Lager f\u00fchren m\u00f6chtest.<!--more--><\/p>\n<p>Doch leider ist es daf\u00fcr seit vielen Jahren zu sp\u00e4t.<\/p>\n<p>Wir, die flei\u00dfigen und gesetzestreuen B\u00fcrger, die jeden Tag p\u00fcnktlich auf der Arbeit erscheinen, die brav ihre Steuern zahlen, die ihre Kinder zu erfolgreichen und produktiven Mitgliedern der Gesellschaft formen, kurz gesagt, diejenigen, die den Laden BRD noch am Laufen halten, befinden sich, ob sie es wissen oder nicht, l\u00e4ngst in einem Krieg, der von den Herrschenden gegen das bald ausgetauschte autochthone Volk gef\u00fchrt wird.<\/p>\n<p>Versteh mich bitte nicht falsch, ein Volk bzw. eine Nation war und ist niemals \u201ereinrassig\u201c \u2013 ein schrecklicher und menschenverachtender Begriff -, denn es ist das Wesen der, nenne es Kultur oder Zivilisation, einen lebhaften Austausch mit anderen V\u00f6lkern zu f\u00fchren. Niemand und schon gar kein Volk schmort nur im eigenen Saft. W\u00e4re doch schrecklich langweilig.<\/p>\n<p>Doch was bei uns in Deutschland seit fast 20 Jahren abl\u00e4uft, ist ein gro\u00df angelegter, von der Politik forcierter Volksaustausch (Achtung! Rechtsextremer Begriff). Ich glaube, dass gerade du und deine Kollegen, die ihr immer an vorderster Hilfefront arbeitet, wie viele andere B\u00fcrger auch, Opfer dieses Replacements (Achtung! Politisch erlaubter Begriff) werden.<\/p>\n<p>Dazu eine \u00f6konomisch-gesellschaftlich desastr\u00f6se, von blinder Ideologie beherrschte Politik, die, wir werden jeden Tag Zeugen, die Wurzeln unseres Gemeinwesens zerst\u00f6rt. Alt und lang bew\u00e4hrtes, wie z. B. die Familie, die Ehe zwischen Mann und Frau und das Wohl der Kinder werden sukzessive durch erratische politische Handlungen \u2013 Selbstbestimmungsgesetz, etc. \u2013 zerst\u00f6rt.<\/p>\n<p>Dagegen, um auf das Thema zur\u00fcckzukommen, wendet sich derzeit nur eine Partei, vielleicht die letzte Alternative in einem vielleicht bereits verlorenen Kampf. Nat\u00fcrlich, und da gebe ich dir vollumf\u00e4nglich recht, sind in dieser Alternative auch schillernde bis anr\u00fcchige Figuren. Aber sind das CUMEX- Scholz, die vom \u201eV\u00f6lkerrecht\u201c kommende Aussenmimi Bearbock und der wirtschaftende Kinderbuchautor Habeck nicht auch? Von Figuren wie Strack-Zimmermann (R\u00fcstungslobbyistin) und Hofreiter (Kriegstreiber) ganz zu schweigen.<\/p>\n<p>Nicht zuletzt aus diesem Grund ist meiner Meinung nach den sog. FAKTENCHECKERN mit gro\u00dfem Misstrauen zu begegnen, denn die sind, stellvertretend daf\u00fcr steht CORRECTIV, im Auftrag des Staates unterwegs, um das gew\u00fcnschte Framing durchzuf\u00fchren. Du brauchst nur zu <a href=\"https:\/\/www.einprozent.de\/correctiv-das-zensurwerkzeug-der-elite\" target=\"_blank\" rel=\"noopener\">gucken<\/a>, wer oder was hinter diesem selbst ernannten Wahrheitskollektiv steckt.<\/p>\n<p>Vor ein paar Jahre war das, was jetzt unter dem Kampfbegriff \u201erechtsextrem\u201c firmiert, noch politischer Konsens. Diese Tatsache sollte jedem B\u00fcrger zu denken geben und er sollte sich dessen bewusst sein, wie sehr unser Land vom Kurs abgekommen ist und es dringend einer Korrektur bedarf.<\/p>\n<p>Zum Schluss noch etwas in eigener Sache. Mir k\u00f6nnte es egal sein, was aus Deutschland wird, da ich diesem Land sowieso den R\u00fccken kehren, sprich auswandern werde. Wenn ich mir jedoch ausmale, welche Zukunft, sollte es kein Umsteuern geben, meine Kinder und meine Enkel, die ich wahrscheinlich nicht mehr erleben d\u00fcrfte, erwartet, dann f\u00e4llt es mit sehr schwer, die Faust in der Tasche zu behalten.<\/p>\n<p>Ich bin der Meinung, und damit komme ich zum Schluss lieber Freund, dass es nur noch eine Chance gibt, den Kahn BRD, meine mir inzwischen so fremd gewordenen Heimat wieder auf Kurs zu bringen. Das wei\u00df auch der polit-mediale Komplex, der mit allen Mitteln versucht, eben das zu verhindern.<\/p>\n<p>Bleibe mir gewogen, obwohl ich darum wei\u00df, wie schwer es in diesen Zeiten ist, gegenteilige Meinungen zu akzeptieren und sachlich \u00fcber politische und gesellschaftliche Differenzen zu diskutieren.<\/p>\n<p>Dein XXX<\/p>\n","protected":false},"excerpt":{"rendered":"<p>Es ehrt dich, mein werter, wenn ich dich noch so nennen darf, Freund, dass du eine scheinbar verirrte und verwirrte politische Seele, die eine, geht man vom polit-medial vorgegebenen Rahmen aus, unzweifelhaft extreme politische Meinung vertritt, diese Meinung allerdings vor &hellip; <a href=\"https:\/\/www.inkultura-online.de\/politisch_unkorrekt\/brief-an-einen-freund\/\">Weiterlesen <span class=\"meta-nav\">&rarr;<\/span><\/a><\/p>\n","protected":false},"author":1,"featured_media":0,"comment_status":"closed","ping_status":"closed","sticky":false,"template":"","format":"standard","meta":{"footnotes":""},"categories":[444,5,6,8],"tags":[1699,1702,1700,1703,1701,156],"class_list":["post-2792","post","type-post","status-publish","format-standard","hentry","category-gedanken-zum-tag","category-meinungen-und-sprueche","category-menschen-untereinander","category-schlimme-woerter","tag-alternative","tag-emde-heimat","tag-frpolit-medialer-komplex","tag-regime","tag-replacement","tag-volksaustausch"],"yoast_head":"<!-- This site is optimized with the Yoast SEO plugin v27.5 - https:\/\/yoast.com\/product\/yoast-seo-wordpress\/ -->\n<title>Brief an einen Freund - Zeitgeist? Frei!<\/title>\n<meta name=\"robots\" content=\"index, follow, max-snippet:-1, max-image-preview:large, max-video-preview:-1\" \/>\n<link rel=\"canonical\" href=\"https:\/\/www.inkultura-online.de\/politisch_unkorrekt\/brief-an-einen-freund\/\" \/>\n<meta property=\"og:locale\" content=\"de_DE\" \/>\n<meta property=\"og:type\" content=\"article\" \/>\n<meta property=\"og:title\" content=\"Brief an einen Freund - Zeitgeist? Frei!\" \/>\n<meta property=\"og:description\" content=\"Es ehrt dich, mein werter, wenn ich dich noch so nennen darf, Freund, dass du eine scheinbar verirrte und verwirrte politische Seele, die eine, geht man vom polit-medial vorgegebenen Rahmen aus, unzweifelhaft extreme politische Meinung vertritt, diese Meinung allerdings vor &hellip; Weiterlesen &rarr;\" \/>\n<meta property=\"og:url\" content=\"https:\/\/www.inkultura-online.de\/politisch_unkorrekt\/brief-an-einen-freund\/\" \/>\n<meta property=\"og:site_name\" content=\"Zeitgeist? Frei!\" \/>\n<meta property=\"article:published_time\" content=\"2024-01-22T16:50:40+00:00\" \/>\n<meta property=\"article:modified_time\" content=\"2024-01-22T16:51:02+00:00\" \/>\n<meta name=\"author\" content=\"Orator\" \/>\n<meta name=\"twitter:label1\" content=\"Verfasst von\" \/>\n\t<meta name=\"twitter:data1\" content=\"Orator\" \/>\n\t<meta name=\"twitter:label2\" content=\"Gesch\u00e4tzte Lesezeit\" \/>\n\t<meta name=\"twitter:data2\" content=\"4\u00a0Minuten\" \/>\n<script type=\"application\/ld+json\" class=\"yoast-schema-graph\">{\"@context\":\"https:\\\/\\\/schema.org\",\"@graph\":[{\"@type\":\"Article\",\"@id\":\"https:\\\/\\\/www.inkultura-online.de\\\/politisch_unkorrekt\\\/brief-an-einen-freund\\\/#article\",\"isPartOf\":{\"@id\":\"https:\\\/\\\/www.inkultura-online.de\\\/politisch_unkorrekt\\\/brief-an-einen-freund\\\/\"},\"author\":{\"name\":\"Orator\",\"@id\":\"https:\\\/\\\/www.inkultura-online.de\\\/politisch_unkorrekt\\\/#\\\/schema\\\/person\\\/5b30b80e385478896a1de221e1994d86\"},\"headline\":\"Brief an einen Freund\",\"datePublished\":\"2024-01-22T16:50:40+00:00\",\"dateModified\":\"2024-01-22T16:51:02+00:00\",\"mainEntityOfPage\":{\"@id\":\"https:\\\/\\\/www.inkultura-online.de\\\/politisch_unkorrekt\\\/brief-an-einen-freund\\\/\"},\"wordCount\":625,\"publisher\":{\"@id\":\"https:\\\/\\\/www.inkultura-online.de\\\/politisch_unkorrekt\\\/#\\\/schema\\\/person\\\/5b30b80e385478896a1de221e1994d86\"},\"keywords\":[\"Alternative\",\"emde Heimat\",\"frpolit-medialer Komplex\",\"Regime\",\"Replacement\",\"Volksaustausch\"],\"articleSection\":[\"Gedanken zum Tag\",\"Meinungen und Spr\u00fcche\",\"Menschen untereinander\",\"Schlimme W\u00f6rter\"],\"inLanguage\":\"de\"},{\"@type\":\"WebPage\",\"@id\":\"https:\\\/\\\/www.inkultura-online.de\\\/politisch_unkorrekt\\\/brief-an-einen-freund\\\/\",\"url\":\"https:\\\/\\\/www.inkultura-online.de\\\/politisch_unkorrekt\\\/brief-an-einen-freund\\\/\",\"name\":\"Brief an einen Freund - Zeitgeist? Frei!\",\"isPartOf\":{\"@id\":\"https:\\\/\\\/www.inkultura-online.de\\\/politisch_unkorrekt\\\/#website\"},\"datePublished\":\"2024-01-22T16:50:40+00:00\",\"dateModified\":\"2024-01-22T16:51:02+00:00\",\"breadcrumb\":{\"@id\":\"https:\\\/\\\/www.inkultura-online.de\\\/politisch_unkorrekt\\\/brief-an-einen-freund\\\/#breadcrumb\"},\"inLanguage\":\"de\",\"potentialAction\":[{\"@type\":\"ReadAction\",\"target\":[\"https:\\\/\\\/www.inkultura-online.de\\\/politisch_unkorrekt\\\/brief-an-einen-freund\\\/\"]}]},{\"@type\":\"BreadcrumbList\",\"@id\":\"https:\\\/\\\/www.inkultura-online.de\\\/politisch_unkorrekt\\\/brief-an-einen-freund\\\/#breadcrumb\",\"itemListElement\":[{\"@type\":\"ListItem\",\"position\":1,\"name\":\"Home\",\"item\":\"https:\\\/\\\/www.inkultura-online.de\\\/politisch_unkorrekt\\\/\"},{\"@type\":\"ListItem\",\"position\":2,\"name\":\"Brief an einen Freund\"}]},{\"@type\":\"WebSite\",\"@id\":\"https:\\\/\\\/www.inkultura-online.de\\\/politisch_unkorrekt\\\/#website\",\"url\":\"https:\\\/\\\/www.inkultura-online.de\\\/politisch_unkorrekt\\\/\",\"name\":\"Zeitgeist? Frei!\",\"description\":\"Was Ihr den Geist der Zeiten hei\u00dft...\",\"publisher\":{\"@id\":\"https:\\\/\\\/www.inkultura-online.de\\\/politisch_unkorrekt\\\/#\\\/schema\\\/person\\\/5b30b80e385478896a1de221e1994d86\"},\"potentialAction\":[{\"@type\":\"SearchAction\",\"target\":{\"@type\":\"EntryPoint\",\"urlTemplate\":\"https:\\\/\\\/www.inkultura-online.de\\\/politisch_unkorrekt\\\/?s={search_term_string}\"},\"query-input\":{\"@type\":\"PropertyValueSpecification\",\"valueRequired\":true,\"valueName\":\"search_term_string\"}}],\"inLanguage\":\"de\"},{\"@type\":[\"Person\",\"Organization\"],\"@id\":\"https:\\\/\\\/www.inkultura-online.de\\\/politisch_unkorrekt\\\/#\\\/schema\\\/person\\\/5b30b80e385478896a1de221e1994d86\",\"name\":\"Orator\",\"image\":{\"@type\":\"ImageObject\",\"inLanguage\":\"de\",\"@id\":\"https:\\\/\\\/secure.gravatar.com\\\/avatar\\\/96e03166d31716e9c437060430eb7605c45a8ce6fb6dab483637ca6915dd0844?s=96&d=mm&r=g\",\"url\":\"https:\\\/\\\/secure.gravatar.com\\\/avatar\\\/96e03166d31716e9c437060430eb7605c45a8ce6fb6dab483637ca6915dd0844?s=96&d=mm&r=g\",\"contentUrl\":\"https:\\\/\\\/secure.gravatar.com\\\/avatar\\\/96e03166d31716e9c437060430eb7605c45a8ce6fb6dab483637ca6915dd0844?s=96&d=mm&r=g\",\"caption\":\"Orator\"},\"logo\":{\"@id\":\"https:\\\/\\\/secure.gravatar.com\\\/avatar\\\/96e03166d31716e9c437060430eb7605c45a8ce6fb6dab483637ca6915dd0844?s=96&d=mm&r=g\"},\"url\":\"https:\\\/\\\/www.inkultura-online.de\\\/politisch_unkorrekt\\\/author\\\/1korrektor21-2\\\/\"}]}<\/script>\n<!-- \/ Yoast SEO plugin. -->","yoast_head_json":{"title":"Brief an einen Freund - Zeitgeist? Frei!","robots":{"index":"index","follow":"follow","max-snippet":"max-snippet:-1","max-image-preview":"max-image-preview:large","max-video-preview":"max-video-preview:-1"},"canonical":"https:\/\/www.inkultura-online.de\/politisch_unkorrekt\/brief-an-einen-freund\/","og_locale":"de_DE","og_type":"article","og_title":"Brief an einen Freund - Zeitgeist? Frei!","og_description":"Es ehrt dich, mein werter, wenn ich dich noch so nennen darf, Freund, dass du eine scheinbar verirrte und verwirrte politische Seele, die eine, geht man vom polit-medial vorgegebenen Rahmen aus, unzweifelhaft extreme politische Meinung vertritt, diese Meinung allerdings vor &hellip; Weiterlesen &rarr;","og_url":"https:\/\/www.inkultura-online.de\/politisch_unkorrekt\/brief-an-einen-freund\/","og_site_name":"Zeitgeist? Frei!","article_published_time":"2024-01-22T16:50:40+00:00","article_modified_time":"2024-01-22T16:51:02+00:00","author":"Orator","twitter_misc":{"Verfasst von":"Orator","Gesch\u00e4tzte Lesezeit":"4\u00a0Minuten"},"schema":{"@context":"https:\/\/schema.org","@graph":[{"@type":"Article","@id":"https:\/\/www.inkultura-online.de\/politisch_unkorrekt\/brief-an-einen-freund\/#article","isPartOf":{"@id":"https:\/\/www.inkultura-online.de\/politisch_unkorrekt\/brief-an-einen-freund\/"},"author":{"name":"Orator","@id":"https:\/\/www.inkultura-online.de\/politisch_unkorrekt\/#\/schema\/person\/5b30b80e385478896a1de221e1994d86"},"headline":"Brief an einen Freund","datePublished":"2024-01-22T16:50:40+00:00","dateModified":"2024-01-22T16:51:02+00:00","mainEntityOfPage":{"@id":"https:\/\/www.inkultura-online.de\/politisch_unkorrekt\/brief-an-einen-freund\/"},"wordCount":625,"publisher":{"@id":"https:\/\/www.inkultura-online.de\/politisch_unkorrekt\/#\/schema\/person\/5b30b80e385478896a1de221e1994d86"},"keywords":["Alternative","emde Heimat","frpolit-medialer Komplex","Regime","Replacement","Volksaustausch"],"articleSection":["Gedanken zum Tag","Meinungen und Spr\u00fcche","Menschen untereinander","Schlimme W\u00f6rter"],"inLanguage":"de"},{"@type":"WebPage","@id":"https:\/\/www.inkultura-online.de\/politisch_unkorrekt\/brief-an-einen-freund\/","url":"https:\/\/www.inkultura-online.de\/politisch_unkorrekt\/brief-an-einen-freund\/","name":"Brief an einen Freund - Zeitgeist? Frei!","isPartOf":{"@id":"https:\/\/www.inkultura-online.de\/politisch_unkorrekt\/#website"},"datePublished":"2024-01-22T16:50:40+00:00","dateModified":"2024-01-22T16:51:02+00:00","breadcrumb":{"@id":"https:\/\/www.inkultura-online.de\/politisch_unkorrekt\/brief-an-einen-freund\/#breadcrumb"},"inLanguage":"de","potentialAction":[{"@type":"ReadAction","target":["https:\/\/www.inkultura-online.de\/politisch_unkorrekt\/brief-an-einen-freund\/"]}]},{"@type":"BreadcrumbList","@id":"https:\/\/www.inkultura-online.de\/politisch_unkorrekt\/brief-an-einen-freund\/#breadcrumb","itemListElement":[{"@type":"ListItem","position":1,"name":"Home","item":"https:\/\/www.inkultura-online.de\/politisch_unkorrekt\/"},{"@type":"ListItem","position":2,"name":"Brief an einen Freund"}]},{"@type":"WebSite","@id":"https:\/\/www.inkultura-online.de\/politisch_unkorrekt\/#website","url":"https:\/\/www.inkultura-online.de\/politisch_unkorrekt\/","name":"Zeitgeist? Frei!","description":"Was Ihr den Geist der Zeiten hei\u00dft...","publisher":{"@id":"https:\/\/www.inkultura-online.de\/politisch_unkorrekt\/#\/schema\/person\/5b30b80e385478896a1de221e1994d86"},"potentialAction":[{"@type":"SearchAction","target":{"@type":"EntryPoint","urlTemplate":"https:\/\/www.inkultura-online.de\/politisch_unkorrekt\/?s={search_term_string}"},"query-input":{"@type":"PropertyValueSpecification","valueRequired":true,"valueName":"search_term_string"}}],"inLanguage":"de"},{"@type":["Person","Organization"],"@id":"https:\/\/www.inkultura-online.de\/politisch_unkorrekt\/#\/schema\/person\/5b30b80e385478896a1de221e1994d86","name":"Orator","image":{"@type":"ImageObject","inLanguage":"de","@id":"https:\/\/secure.gravatar.com\/avatar\/96e03166d31716e9c437060430eb7605c45a8ce6fb6dab483637ca6915dd0844?s=96&d=mm&r=g","url":"https:\/\/secure.gravatar.com\/avatar\/96e03166d31716e9c437060430eb7605c45a8ce6fb6dab483637ca6915dd0844?s=96&d=mm&r=g","contentUrl":"https:\/\/secure.gravatar.com\/avatar\/96e03166d31716e9c437060430eb7605c45a8ce6fb6dab483637ca6915dd0844?s=96&d=mm&r=g","caption":"Orator"},"logo":{"@id":"https:\/\/secure.gravatar.com\/avatar\/96e03166d31716e9c437060430eb7605c45a8ce6fb6dab483637ca6915dd0844?s=96&d=mm&r=g"},"url":"https:\/\/www.inkultura-online.de\/politisch_unkorrekt\/author\/1korrektor21-2\/"}]}},"_links":{"self":[{"href":"https:\/\/www.inkultura-online.de\/politisch_unkorrekt\/wp-json\/wp\/v2\/posts\/2792","targetHints":{"allow":["GET"]}}],"collection":[{"href":"https:\/\/www.inkultura-online.de\/politisch_unkorrekt\/wp-json\/wp\/v2\/posts"}],"about":[{"href":"https:\/\/www.inkultura-online.de\/politisch_unkorrekt\/wp-json\/wp\/v2\/types\/post"}],"author":[{"embeddable":true,"href":"https:\/\/www.inkultura-online.de\/politisch_unkorrekt\/wp-json\/wp\/v2\/users\/1"}],"replies":[{"embeddable":true,"href":"https:\/\/www.inkultura-online.de\/politisch_unkorrekt\/wp-json\/wp\/v2\/comments?post=2792"}],"version-history":[{"count":2,"href":"https:\/\/www.inkultura-online.de\/politisch_unkorrekt\/wp-json\/wp\/v2\/posts\/2792\/revisions"}],"predecessor-version":[{"id":2794,"href":"https:\/\/www.inkultura-online.de\/politisch_unkorrekt\/wp-json\/wp\/v2\/posts\/2792\/revisions\/2794"}],"wp:attachment":[{"href":"https:\/\/www.inkultura-online.de\/politisch_unkorrekt\/wp-json\/wp\/v2\/media?parent=2792"}],"wp:term":[{"taxonomy":"category","embeddable":true,"href":"https:\/\/www.inkultura-online.de\/politisch_unkorrekt\/wp-json\/wp\/v2\/categories?post=2792"},{"taxonomy":"post_tag","embeddable":true,"href":"https:\/\/www.inkultura-online.de\/politisch_unkorrekt\/wp-json\/wp\/v2\/tags?post=2792"}],"curies":[{"name":"wp","href":"https:\/\/api.w.org\/{rel}","templated":true}]}}