{"id":2855,"date":"2024-09-20T12:04:26","date_gmt":"2024-09-20T10:04:26","guid":{"rendered":"https:\/\/www.inkultura-online.de\/politisch_unkorrekt\/?p=2855"},"modified":"2024-09-20T12:04:26","modified_gmt":"2024-09-20T10:04:26","slug":"mal-wieder-die-ueblichen-verdaechtigen","status":"publish","type":"post","link":"https:\/\/www.inkultura-online.de\/politisch_unkorrekt\/mal-wieder-die-ueblichen-verdaechtigen\/","title":{"rendered":"Mal wieder die \u00fcblichen Verd\u00e4chtigen"},"content":{"rendered":"<p>Der \u201eB\u00fcrgerrat\u201c hat vorgeschlagen, Zensur in Bezug auf das politisch Erlaubte zu verbieten und die Verbreitung von \u201eFalschinformationen\u201c strafrechtlich zu verfolgen. Dies f\u00fchrt letztlich dazu, dass private Institutionen wie Bertelsmann und Correctiv bestimmen, was als Desinformation gilt. Wenn wir B\u00fcrger das zulassen, \u00fcbergeben wir diesen Organisationen die Deutungshoheit und machen sprichw\u00f6rtlich den Bock zum G\u00e4rtner. Ein solcher Vorschlag stellt nichts Geringeres als einen gravierenden Angriff auf unsere Demokratie dar. Offenbar hat der \u201eB\u00fcrgerrat\u201c ein anderes Verst\u00e4ndnis von Demokratie als jenes, das Kanzler Scholz meint, wenn er von \u201eunserer Demokratie\u201c spricht.<!--more--><\/p>\n<p>Gerade diejenigen, die das politische Geschehen aufmerksam verfolgen, erinnern sich gut daran, dass Institutionen wie Bertelsmann und Correctiv im Zuge der Corona-Pandemie oft von der Wahrheit abgewichen sind. Dies wirft die berechtigte Frage auf: Wer liefert hier tats\u00e4chlich Desinformationen? Da kommen einem doch sofort die \u00d6ffentlich-Rechtlichen in den Sinn, denen man, und das nicht erst seit der Pandemie, zurecht vorwerfen kann, massenhaft Falschinformationen zu verbreiten. Doch diese Form der Desinformation meint der \u201eB\u00fcrgerrat\u201c nat\u00fcrlich nicht.<\/p>\n<p>Die Vorschl\u00e4ge des B\u00fcrgerrats erscheinen viel mehr als ein weiterer Versuch, Zensur auf direktem Wege einzuf\u00fchren. Kein privatwirtschaftliches Medienunternehmen, keine Initiative wie Correctiv, kein dubios besetzter B\u00fcrgerrat, weder die Bundesregierung noch die EU haben die demokratische Legitimation, unsere Grundrechte \u2013 insbesondere die Meinungsfreiheit \u2013 zu beschneiden und Zensur zu etablieren.<\/p>\n<p>Was als Desinformation gilt, liegt ausschlie\u00dflich im Ermessen des m\u00fcndigen B\u00fcrgers. Dazu ben\u00f6tigt er den freien Zugang zu allen Informationsquellen \u2013 auch zu jenen, die inzwischen verboten oder abgeschaltet wurden, wie RT. Die Bewertung dieser Informationen ist einzig und allein Sache des B\u00fcrgers selbst und darf nicht einem Orwell\u2019schen \u201eMinstry of Truth\u201c \u00fcbertragen werden, auch wenn sich einige \u201eaufrechte\u201c Demokraten in unserem Land eine solche Kontrolle w\u00fcnschen.<\/p>\n<p>Dieser Vorsto\u00df ist daher ein direkter Angriff auf die Grundprinzipien unserer Demokratie und sollte als solcher erkannt und abgelehnt werden.<\/p>\n","protected":false},"excerpt":{"rendered":"<p>Der \u201eB\u00fcrgerrat\u201c hat vorgeschlagen, Zensur in Bezug auf das politisch Erlaubte zu verbieten und die Verbreitung von \u201eFalschinformationen\u201c strafrechtlich zu verfolgen. Dies f\u00fchrt letztlich dazu, dass private Institutionen wie Bertelsmann und Correctiv bestimmen, was als Desinformation gilt. Wenn wir B\u00fcrger &hellip; <a href=\"https:\/\/www.inkultura-online.de\/politisch_unkorrekt\/mal-wieder-die-ueblichen-verdaechtigen\/\">Weiterlesen <span class=\"meta-nav\">&rarr;<\/span><\/a><\/p>\n","protected":false},"author":1,"featured_media":0,"comment_status":"closed","ping_status":"closed","sticky":false,"template":"","format":"standard","meta":{"footnotes":""},"categories":[2,3,1,444,8,10],"tags":[1727,1695,1726,801],"class_list":["post-2855","post","type-post","status-publish","format-standard","hentry","category-antipathie","category-die-duemmsten-sprueche-der-woche","category-fundstuecke","category-gedanken-zum-tag","category-schlimme-woerter","category-systemfehler","tag-bertelsmann","tag-buergerrat","tag-correctiv","tag-zensur"],"yoast_head":"<!-- This site is optimized with the Yoast SEO plugin v27.5 - https:\/\/yoast.com\/product\/yoast-seo-wordpress\/ -->\n<title>Mal wieder die \u00fcblichen Verd\u00e4chtigen - Zeitgeist? Frei!<\/title>\n<meta name=\"robots\" content=\"index, follow, max-snippet:-1, max-image-preview:large, max-video-preview:-1\" \/>\n<link rel=\"canonical\" href=\"https:\/\/www.inkultura-online.de\/politisch_unkorrekt\/mal-wieder-die-ueblichen-verdaechtigen\/\" \/>\n<meta property=\"og:locale\" content=\"de_DE\" \/>\n<meta property=\"og:type\" content=\"article\" \/>\n<meta property=\"og:title\" content=\"Mal wieder die \u00fcblichen Verd\u00e4chtigen - Zeitgeist? Frei!\" \/>\n<meta property=\"og:description\" content=\"Der \u201eB\u00fcrgerrat\u201c hat vorgeschlagen, Zensur in Bezug auf das politisch Erlaubte zu verbieten und die Verbreitung von \u201eFalschinformationen\u201c strafrechtlich zu verfolgen. Dies f\u00fchrt letztlich dazu, dass private Institutionen wie Bertelsmann und Correctiv bestimmen, was als Desinformation gilt. Wenn wir B\u00fcrger &hellip; Weiterlesen &rarr;\" \/>\n<meta property=\"og:url\" content=\"https:\/\/www.inkultura-online.de\/politisch_unkorrekt\/mal-wieder-die-ueblichen-verdaechtigen\/\" \/>\n<meta property=\"og:site_name\" content=\"Zeitgeist? Frei!\" \/>\n<meta property=\"article:published_time\" content=\"2024-09-20T10:04:26+00:00\" \/>\n<meta name=\"author\" content=\"Orator\" \/>\n<meta name=\"twitter:label1\" content=\"Verfasst von\" \/>\n\t<meta name=\"twitter:data1\" content=\"Orator\" \/>\n\t<meta name=\"twitter:label2\" content=\"Gesch\u00e4tzte Lesezeit\" \/>\n\t<meta name=\"twitter:data2\" content=\"2\u00a0Minuten\" \/>\n<script type=\"application\/ld+json\" class=\"yoast-schema-graph\">{\"@context\":\"https:\\\/\\\/schema.org\",\"@graph\":[{\"@type\":\"Article\",\"@id\":\"https:\\\/\\\/www.inkultura-online.de\\\/politisch_unkorrekt\\\/mal-wieder-die-ueblichen-verdaechtigen\\\/#article\",\"isPartOf\":{\"@id\":\"https:\\\/\\\/www.inkultura-online.de\\\/politisch_unkorrekt\\\/mal-wieder-die-ueblichen-verdaechtigen\\\/\"},\"author\":{\"name\":\"Orator\",\"@id\":\"https:\\\/\\\/www.inkultura-online.de\\\/politisch_unkorrekt\\\/#\\\/schema\\\/person\\\/5b30b80e385478896a1de221e1994d86\"},\"headline\":\"Mal wieder die \u00fcblichen Verd\u00e4chtigen\",\"datePublished\":\"2024-09-20T10:04:26+00:00\",\"mainEntityOfPage\":{\"@id\":\"https:\\\/\\\/www.inkultura-online.de\\\/politisch_unkorrekt\\\/mal-wieder-die-ueblichen-verdaechtigen\\\/\"},\"wordCount\":326,\"publisher\":{\"@id\":\"https:\\\/\\\/www.inkultura-online.de\\\/politisch_unkorrekt\\\/#\\\/schema\\\/person\\\/5b30b80e385478896a1de221e1994d86\"},\"keywords\":[\"Bertelsmann\",\"B\u00fcrgerrat\",\"Correctiv\",\"Zensur\"],\"articleSection\":[\"Antipathie\",\"Die d\u00fcmmsten Spr\u00fcche der Woche\",\"Fundst\u00fccke\",\"Gedanken zum Tag\",\"Schlimme W\u00f6rter\",\"Systemfehler\"],\"inLanguage\":\"de\"},{\"@type\":\"WebPage\",\"@id\":\"https:\\\/\\\/www.inkultura-online.de\\\/politisch_unkorrekt\\\/mal-wieder-die-ueblichen-verdaechtigen\\\/\",\"url\":\"https:\\\/\\\/www.inkultura-online.de\\\/politisch_unkorrekt\\\/mal-wieder-die-ueblichen-verdaechtigen\\\/\",\"name\":\"Mal wieder die \u00fcblichen Verd\u00e4chtigen - Zeitgeist? Frei!\",\"isPartOf\":{\"@id\":\"https:\\\/\\\/www.inkultura-online.de\\\/politisch_unkorrekt\\\/#website\"},\"datePublished\":\"2024-09-20T10:04:26+00:00\",\"breadcrumb\":{\"@id\":\"https:\\\/\\\/www.inkultura-online.de\\\/politisch_unkorrekt\\\/mal-wieder-die-ueblichen-verdaechtigen\\\/#breadcrumb\"},\"inLanguage\":\"de\",\"potentialAction\":[{\"@type\":\"ReadAction\",\"target\":[\"https:\\\/\\\/www.inkultura-online.de\\\/politisch_unkorrekt\\\/mal-wieder-die-ueblichen-verdaechtigen\\\/\"]}]},{\"@type\":\"BreadcrumbList\",\"@id\":\"https:\\\/\\\/www.inkultura-online.de\\\/politisch_unkorrekt\\\/mal-wieder-die-ueblichen-verdaechtigen\\\/#breadcrumb\",\"itemListElement\":[{\"@type\":\"ListItem\",\"position\":1,\"name\":\"Home\",\"item\":\"https:\\\/\\\/www.inkultura-online.de\\\/politisch_unkorrekt\\\/\"},{\"@type\":\"ListItem\",\"position\":2,\"name\":\"Mal wieder die \u00fcblichen Verd\u00e4chtigen\"}]},{\"@type\":\"WebSite\",\"@id\":\"https:\\\/\\\/www.inkultura-online.de\\\/politisch_unkorrekt\\\/#website\",\"url\":\"https:\\\/\\\/www.inkultura-online.de\\\/politisch_unkorrekt\\\/\",\"name\":\"Zeitgeist? Frei!\",\"description\":\"Was Ihr den Geist der Zeiten hei\u00dft...\",\"publisher\":{\"@id\":\"https:\\\/\\\/www.inkultura-online.de\\\/politisch_unkorrekt\\\/#\\\/schema\\\/person\\\/5b30b80e385478896a1de221e1994d86\"},\"potentialAction\":[{\"@type\":\"SearchAction\",\"target\":{\"@type\":\"EntryPoint\",\"urlTemplate\":\"https:\\\/\\\/www.inkultura-online.de\\\/politisch_unkorrekt\\\/?s={search_term_string}\"},\"query-input\":{\"@type\":\"PropertyValueSpecification\",\"valueRequired\":true,\"valueName\":\"search_term_string\"}}],\"inLanguage\":\"de\"},{\"@type\":[\"Person\",\"Organization\"],\"@id\":\"https:\\\/\\\/www.inkultura-online.de\\\/politisch_unkorrekt\\\/#\\\/schema\\\/person\\\/5b30b80e385478896a1de221e1994d86\",\"name\":\"Orator\",\"image\":{\"@type\":\"ImageObject\",\"inLanguage\":\"de\",\"@id\":\"https:\\\/\\\/secure.gravatar.com\\\/avatar\\\/96e03166d31716e9c437060430eb7605c45a8ce6fb6dab483637ca6915dd0844?s=96&d=mm&r=g\",\"url\":\"https:\\\/\\\/secure.gravatar.com\\\/avatar\\\/96e03166d31716e9c437060430eb7605c45a8ce6fb6dab483637ca6915dd0844?s=96&d=mm&r=g\",\"contentUrl\":\"https:\\\/\\\/secure.gravatar.com\\\/avatar\\\/96e03166d31716e9c437060430eb7605c45a8ce6fb6dab483637ca6915dd0844?s=96&d=mm&r=g\",\"caption\":\"Orator\"},\"logo\":{\"@id\":\"https:\\\/\\\/secure.gravatar.com\\\/avatar\\\/96e03166d31716e9c437060430eb7605c45a8ce6fb6dab483637ca6915dd0844?s=96&d=mm&r=g\"},\"url\":\"https:\\\/\\\/www.inkultura-online.de\\\/politisch_unkorrekt\\\/author\\\/1korrektor21-2\\\/\"}]}<\/script>\n<!-- \/ Yoast SEO plugin. -->","yoast_head_json":{"title":"Mal wieder die \u00fcblichen Verd\u00e4chtigen - Zeitgeist? Frei!","robots":{"index":"index","follow":"follow","max-snippet":"max-snippet:-1","max-image-preview":"max-image-preview:large","max-video-preview":"max-video-preview:-1"},"canonical":"https:\/\/www.inkultura-online.de\/politisch_unkorrekt\/mal-wieder-die-ueblichen-verdaechtigen\/","og_locale":"de_DE","og_type":"article","og_title":"Mal wieder die \u00fcblichen Verd\u00e4chtigen - Zeitgeist? Frei!","og_description":"Der \u201eB\u00fcrgerrat\u201c hat vorgeschlagen, Zensur in Bezug auf das politisch Erlaubte zu verbieten und die Verbreitung von \u201eFalschinformationen\u201c strafrechtlich zu verfolgen. Dies f\u00fchrt letztlich dazu, dass private Institutionen wie Bertelsmann und Correctiv bestimmen, was als Desinformation gilt. Wenn wir B\u00fcrger &hellip; Weiterlesen &rarr;","og_url":"https:\/\/www.inkultura-online.de\/politisch_unkorrekt\/mal-wieder-die-ueblichen-verdaechtigen\/","og_site_name":"Zeitgeist? Frei!","article_published_time":"2024-09-20T10:04:26+00:00","author":"Orator","twitter_misc":{"Verfasst von":"Orator","Gesch\u00e4tzte Lesezeit":"2\u00a0Minuten"},"schema":{"@context":"https:\/\/schema.org","@graph":[{"@type":"Article","@id":"https:\/\/www.inkultura-online.de\/politisch_unkorrekt\/mal-wieder-die-ueblichen-verdaechtigen\/#article","isPartOf":{"@id":"https:\/\/www.inkultura-online.de\/politisch_unkorrekt\/mal-wieder-die-ueblichen-verdaechtigen\/"},"author":{"name":"Orator","@id":"https:\/\/www.inkultura-online.de\/politisch_unkorrekt\/#\/schema\/person\/5b30b80e385478896a1de221e1994d86"},"headline":"Mal wieder die \u00fcblichen Verd\u00e4chtigen","datePublished":"2024-09-20T10:04:26+00:00","mainEntityOfPage":{"@id":"https:\/\/www.inkultura-online.de\/politisch_unkorrekt\/mal-wieder-die-ueblichen-verdaechtigen\/"},"wordCount":326,"publisher":{"@id":"https:\/\/www.inkultura-online.de\/politisch_unkorrekt\/#\/schema\/person\/5b30b80e385478896a1de221e1994d86"},"keywords":["Bertelsmann","B\u00fcrgerrat","Correctiv","Zensur"],"articleSection":["Antipathie","Die d\u00fcmmsten Spr\u00fcche der Woche","Fundst\u00fccke","Gedanken zum Tag","Schlimme W\u00f6rter","Systemfehler"],"inLanguage":"de"},{"@type":"WebPage","@id":"https:\/\/www.inkultura-online.de\/politisch_unkorrekt\/mal-wieder-die-ueblichen-verdaechtigen\/","url":"https:\/\/www.inkultura-online.de\/politisch_unkorrekt\/mal-wieder-die-ueblichen-verdaechtigen\/","name":"Mal wieder die \u00fcblichen Verd\u00e4chtigen - Zeitgeist? Frei!","isPartOf":{"@id":"https:\/\/www.inkultura-online.de\/politisch_unkorrekt\/#website"},"datePublished":"2024-09-20T10:04:26+00:00","breadcrumb":{"@id":"https:\/\/www.inkultura-online.de\/politisch_unkorrekt\/mal-wieder-die-ueblichen-verdaechtigen\/#breadcrumb"},"inLanguage":"de","potentialAction":[{"@type":"ReadAction","target":["https:\/\/www.inkultura-online.de\/politisch_unkorrekt\/mal-wieder-die-ueblichen-verdaechtigen\/"]}]},{"@type":"BreadcrumbList","@id":"https:\/\/www.inkultura-online.de\/politisch_unkorrekt\/mal-wieder-die-ueblichen-verdaechtigen\/#breadcrumb","itemListElement":[{"@type":"ListItem","position":1,"name":"Home","item":"https:\/\/www.inkultura-online.de\/politisch_unkorrekt\/"},{"@type":"ListItem","position":2,"name":"Mal wieder die \u00fcblichen Verd\u00e4chtigen"}]},{"@type":"WebSite","@id":"https:\/\/www.inkultura-online.de\/politisch_unkorrekt\/#website","url":"https:\/\/www.inkultura-online.de\/politisch_unkorrekt\/","name":"Zeitgeist? Frei!","description":"Was Ihr den Geist der Zeiten hei\u00dft...","publisher":{"@id":"https:\/\/www.inkultura-online.de\/politisch_unkorrekt\/#\/schema\/person\/5b30b80e385478896a1de221e1994d86"},"potentialAction":[{"@type":"SearchAction","target":{"@type":"EntryPoint","urlTemplate":"https:\/\/www.inkultura-online.de\/politisch_unkorrekt\/?s={search_term_string}"},"query-input":{"@type":"PropertyValueSpecification","valueRequired":true,"valueName":"search_term_string"}}],"inLanguage":"de"},{"@type":["Person","Organization"],"@id":"https:\/\/www.inkultura-online.de\/politisch_unkorrekt\/#\/schema\/person\/5b30b80e385478896a1de221e1994d86","name":"Orator","image":{"@type":"ImageObject","inLanguage":"de","@id":"https:\/\/secure.gravatar.com\/avatar\/96e03166d31716e9c437060430eb7605c45a8ce6fb6dab483637ca6915dd0844?s=96&d=mm&r=g","url":"https:\/\/secure.gravatar.com\/avatar\/96e03166d31716e9c437060430eb7605c45a8ce6fb6dab483637ca6915dd0844?s=96&d=mm&r=g","contentUrl":"https:\/\/secure.gravatar.com\/avatar\/96e03166d31716e9c437060430eb7605c45a8ce6fb6dab483637ca6915dd0844?s=96&d=mm&r=g","caption":"Orator"},"logo":{"@id":"https:\/\/secure.gravatar.com\/avatar\/96e03166d31716e9c437060430eb7605c45a8ce6fb6dab483637ca6915dd0844?s=96&d=mm&r=g"},"url":"https:\/\/www.inkultura-online.de\/politisch_unkorrekt\/author\/1korrektor21-2\/"}]}},"_links":{"self":[{"href":"https:\/\/www.inkultura-online.de\/politisch_unkorrekt\/wp-json\/wp\/v2\/posts\/2855","targetHints":{"allow":["GET"]}}],"collection":[{"href":"https:\/\/www.inkultura-online.de\/politisch_unkorrekt\/wp-json\/wp\/v2\/posts"}],"about":[{"href":"https:\/\/www.inkultura-online.de\/politisch_unkorrekt\/wp-json\/wp\/v2\/types\/post"}],"author":[{"embeddable":true,"href":"https:\/\/www.inkultura-online.de\/politisch_unkorrekt\/wp-json\/wp\/v2\/users\/1"}],"replies":[{"embeddable":true,"href":"https:\/\/www.inkultura-online.de\/politisch_unkorrekt\/wp-json\/wp\/v2\/comments?post=2855"}],"version-history":[{"count":1,"href":"https:\/\/www.inkultura-online.de\/politisch_unkorrekt\/wp-json\/wp\/v2\/posts\/2855\/revisions"}],"predecessor-version":[{"id":2856,"href":"https:\/\/www.inkultura-online.de\/politisch_unkorrekt\/wp-json\/wp\/v2\/posts\/2855\/revisions\/2856"}],"wp:attachment":[{"href":"https:\/\/www.inkultura-online.de\/politisch_unkorrekt\/wp-json\/wp\/v2\/media?parent=2855"}],"wp:term":[{"taxonomy":"category","embeddable":true,"href":"https:\/\/www.inkultura-online.de\/politisch_unkorrekt\/wp-json\/wp\/v2\/categories?post=2855"},{"taxonomy":"post_tag","embeddable":true,"href":"https:\/\/www.inkultura-online.de\/politisch_unkorrekt\/wp-json\/wp\/v2\/tags?post=2855"}],"curies":[{"name":"wp","href":"https:\/\/api.w.org\/{rel}","templated":true}]}}