{"id":2860,"date":"2024-10-07T15:58:09","date_gmt":"2024-10-07T13:58:09","guid":{"rendered":"https:\/\/www.inkultura-online.de\/politisch_unkorrekt\/?p=2860"},"modified":"2024-10-07T15:58:09","modified_gmt":"2024-10-07T13:58:09","slug":"unsere-politexperten-und-ihre-vorschlaege","status":"publish","type":"post","link":"https:\/\/www.inkultura-online.de\/politisch_unkorrekt\/unsere-politexperten-und-ihre-vorschlaege\/","title":{"rendered":"Unsere Politexperten und ihre Vorschl\u00e4ge"},"content":{"rendered":"<p>Ach wie wunderbar, das zeigt einmal mehr, wie brillant die K\u00f6pfe in den oberen Etagen arbeiten, die uns diesen neuesten Geniestreich pr\u00e4sentieren. Also: <em>\u201eAnschubfinanzierung f\u00fcr Langzeitarbeitslose\u201c<\/em>. Welch erhabener Begriff! Da f\u00fchlt man sich ja fast, als w\u00fcrde man einem bahnbrechenden Start-up auf die Beine helfen, nicht wahr? Auf gut Deutsch hei\u00dft das freilich nichts anderes als: \u201eHier, liebe Personen, die ihr ein distanziertes Verh\u00e4ltnis zu regelm\u00e4\u00dfiger Erwerbst\u00e4tigkeit habt, noch ein Geldgeschenk vom wohlgen\u00e4hrten Staat, der sich ja nichts sehnlicher w\u00fcnscht, als das hart erarbeitete Steuergeld an jene zu verteilen, die es offenbar nicht n\u00f6tig haben, das zu tun, was der normale, br\u00f6tchenschleppende B\u00fcrger tagt\u00e4glich hinkriegt \u2013 n\u00e4mlich arbeiten.\u201c<!--more--><\/p>\n<p>Aber was soll&#8217;s, wir haben es ja! Mal ehrlich, warum auch nicht? W\u00e4hrend der Otto-Normal-Verbraucher sich abm\u00fcht, den Tag \u00fcber zu malochen, d\u00fcrfen andere sich gem\u00fctlich ausruhen, Verzeihung, gn\u00e4digerweise zur Arbeit gehen, um am Ende dann auch noch mit ein paar Tausendern f\u00fcr \u201eDurchhalteverm\u00f6gen\u201c belohnt zu werden. Und ich frage mich \u2013 rein interessehalber nat\u00fcrlich \u2013 ob auch ich eine solche Pr\u00e4mie erhalte, wenn ich ein Jahr lang brav meinen Job mache und, sagen wir mal, nicht kriminell werde? Oder, noch besser, wenn ich es schaffe, ein Jahr lang die Fu\u00dfg\u00e4ngerzone nicht mit einem Messer zu besuchen?<\/p>\n<p>Herr im Himmel, erl\u00f6se uns von dieser Flut an Minderleistern, die der Meinung sind, dass solche Vorschl\u00e4ge tats\u00e4chlich zielf\u00fchrend w\u00e4ren. Man fragt sich ja wirklich, ob da noch der Bezug zur Realit\u00e4t vorhanden ist. Aber gut, lassen wir die Experten mal machen \u2013 sie scheinen ja bestens darin ge\u00fcbt, aus der Ferne zu philosophieren und das Geld anderer Leute zu verteilen. Wie gro\u00dfz\u00fcgig!<\/p>\n","protected":false},"excerpt":{"rendered":"<p>Ach wie wunderbar, das zeigt einmal mehr, wie brillant die K\u00f6pfe in den oberen Etagen arbeiten, die uns diesen neuesten Geniestreich pr\u00e4sentieren. Also: \u201eAnschubfinanzierung f\u00fcr Langzeitarbeitslose\u201c. Welch erhabener Begriff! Da f\u00fchlt man sich ja fast, als w\u00fcrde man einem bahnbrechenden &hellip; <a href=\"https:\/\/www.inkultura-online.de\/politisch_unkorrekt\/unsere-politexperten-und-ihre-vorschlaege\/\">Weiterlesen <span class=\"meta-nav\">&rarr;<\/span><\/a><\/p>\n","protected":false},"author":1,"featured_media":0,"comment_status":"closed","ping_status":"closed","sticky":false,"template":"","format":"standard","meta":{"footnotes":""},"categories":[3,1,444,10],"tags":[1729,1730,1732,1731],"class_list":["post-2860","post","type-post","status-publish","format-standard","hentry","category-die-duemmsten-sprueche-der-woche","category-fundstuecke","category-gedanken-zum-tag","category-systemfehler","tag-anschubfinanzierung-fuer-langzeitarbeitslose","tag-buergergeld","tag-idiokratie","tag-politexperten"],"yoast_head":"<!-- This site is optimized with the Yoast SEO plugin v27.5 - https:\/\/yoast.com\/product\/yoast-seo-wordpress\/ -->\n<title>Unsere Politexperten und ihre Vorschl\u00e4ge - Zeitgeist? Frei!<\/title>\n<meta name=\"robots\" content=\"index, follow, max-snippet:-1, max-image-preview:large, max-video-preview:-1\" \/>\n<link rel=\"canonical\" href=\"https:\/\/www.inkultura-online.de\/politisch_unkorrekt\/unsere-politexperten-und-ihre-vorschlaege\/\" \/>\n<meta property=\"og:locale\" content=\"de_DE\" \/>\n<meta property=\"og:type\" content=\"article\" \/>\n<meta property=\"og:title\" content=\"Unsere Politexperten und ihre Vorschl\u00e4ge - Zeitgeist? Frei!\" \/>\n<meta property=\"og:description\" content=\"Ach wie wunderbar, das zeigt einmal mehr, wie brillant die K\u00f6pfe in den oberen Etagen arbeiten, die uns diesen neuesten Geniestreich pr\u00e4sentieren. Also: \u201eAnschubfinanzierung f\u00fcr Langzeitarbeitslose\u201c. Welch erhabener Begriff! Da f\u00fchlt man sich ja fast, als w\u00fcrde man einem bahnbrechenden &hellip; Weiterlesen &rarr;\" \/>\n<meta property=\"og:url\" content=\"https:\/\/www.inkultura-online.de\/politisch_unkorrekt\/unsere-politexperten-und-ihre-vorschlaege\/\" \/>\n<meta property=\"og:site_name\" content=\"Zeitgeist? Frei!\" \/>\n<meta property=\"article:published_time\" content=\"2024-10-07T13:58:09+00:00\" \/>\n<meta name=\"author\" content=\"Orator\" \/>\n<meta name=\"twitter:label1\" content=\"Verfasst von\" \/>\n\t<meta name=\"twitter:data1\" content=\"Orator\" \/>\n\t<meta name=\"twitter:label2\" content=\"Gesch\u00e4tzte Lesezeit\" \/>\n\t<meta name=\"twitter:data2\" content=\"2\u00a0Minuten\" \/>\n<script type=\"application\/ld+json\" class=\"yoast-schema-graph\">{\"@context\":\"https:\\\/\\\/schema.org\",\"@graph\":[{\"@type\":\"Article\",\"@id\":\"https:\\\/\\\/www.inkultura-online.de\\\/politisch_unkorrekt\\\/unsere-politexperten-und-ihre-vorschlaege\\\/#article\",\"isPartOf\":{\"@id\":\"https:\\\/\\\/www.inkultura-online.de\\\/politisch_unkorrekt\\\/unsere-politexperten-und-ihre-vorschlaege\\\/\"},\"author\":{\"name\":\"Orator\",\"@id\":\"https:\\\/\\\/www.inkultura-online.de\\\/politisch_unkorrekt\\\/#\\\/schema\\\/person\\\/5b30b80e385478896a1de221e1994d86\"},\"headline\":\"Unsere Politexperten und ihre Vorschl\u00e4ge\",\"datePublished\":\"2024-10-07T13:58:09+00:00\",\"mainEntityOfPage\":{\"@id\":\"https:\\\/\\\/www.inkultura-online.de\\\/politisch_unkorrekt\\\/unsere-politexperten-und-ihre-vorschlaege\\\/\"},\"wordCount\":307,\"publisher\":{\"@id\":\"https:\\\/\\\/www.inkultura-online.de\\\/politisch_unkorrekt\\\/#\\\/schema\\\/person\\\/5b30b80e385478896a1de221e1994d86\"},\"keywords\":[\"Anschubfinanzierung f\u00fcr Langzeitarbeitslose\",\"B\u00fcrgergeld\",\"Idiokratie\",\"Politexperten\"],\"articleSection\":[\"Die d\u00fcmmsten Spr\u00fcche der Woche\",\"Fundst\u00fccke\",\"Gedanken zum Tag\",\"Systemfehler\"],\"inLanguage\":\"de\"},{\"@type\":\"WebPage\",\"@id\":\"https:\\\/\\\/www.inkultura-online.de\\\/politisch_unkorrekt\\\/unsere-politexperten-und-ihre-vorschlaege\\\/\",\"url\":\"https:\\\/\\\/www.inkultura-online.de\\\/politisch_unkorrekt\\\/unsere-politexperten-und-ihre-vorschlaege\\\/\",\"name\":\"Unsere Politexperten und ihre Vorschl\u00e4ge - Zeitgeist? Frei!\",\"isPartOf\":{\"@id\":\"https:\\\/\\\/www.inkultura-online.de\\\/politisch_unkorrekt\\\/#website\"},\"datePublished\":\"2024-10-07T13:58:09+00:00\",\"breadcrumb\":{\"@id\":\"https:\\\/\\\/www.inkultura-online.de\\\/politisch_unkorrekt\\\/unsere-politexperten-und-ihre-vorschlaege\\\/#breadcrumb\"},\"inLanguage\":\"de\",\"potentialAction\":[{\"@type\":\"ReadAction\",\"target\":[\"https:\\\/\\\/www.inkultura-online.de\\\/politisch_unkorrekt\\\/unsere-politexperten-und-ihre-vorschlaege\\\/\"]}]},{\"@type\":\"BreadcrumbList\",\"@id\":\"https:\\\/\\\/www.inkultura-online.de\\\/politisch_unkorrekt\\\/unsere-politexperten-und-ihre-vorschlaege\\\/#breadcrumb\",\"itemListElement\":[{\"@type\":\"ListItem\",\"position\":1,\"name\":\"Home\",\"item\":\"https:\\\/\\\/www.inkultura-online.de\\\/politisch_unkorrekt\\\/\"},{\"@type\":\"ListItem\",\"position\":2,\"name\":\"Unsere Politexperten und ihre Vorschl\u00e4ge\"}]},{\"@type\":\"WebSite\",\"@id\":\"https:\\\/\\\/www.inkultura-online.de\\\/politisch_unkorrekt\\\/#website\",\"url\":\"https:\\\/\\\/www.inkultura-online.de\\\/politisch_unkorrekt\\\/\",\"name\":\"Zeitgeist? Frei!\",\"description\":\"Was Ihr den Geist der Zeiten hei\u00dft...\",\"publisher\":{\"@id\":\"https:\\\/\\\/www.inkultura-online.de\\\/politisch_unkorrekt\\\/#\\\/schema\\\/person\\\/5b30b80e385478896a1de221e1994d86\"},\"potentialAction\":[{\"@type\":\"SearchAction\",\"target\":{\"@type\":\"EntryPoint\",\"urlTemplate\":\"https:\\\/\\\/www.inkultura-online.de\\\/politisch_unkorrekt\\\/?s={search_term_string}\"},\"query-input\":{\"@type\":\"PropertyValueSpecification\",\"valueRequired\":true,\"valueName\":\"search_term_string\"}}],\"inLanguage\":\"de\"},{\"@type\":[\"Person\",\"Organization\"],\"@id\":\"https:\\\/\\\/www.inkultura-online.de\\\/politisch_unkorrekt\\\/#\\\/schema\\\/person\\\/5b30b80e385478896a1de221e1994d86\",\"name\":\"Orator\",\"image\":{\"@type\":\"ImageObject\",\"inLanguage\":\"de\",\"@id\":\"https:\\\/\\\/secure.gravatar.com\\\/avatar\\\/96e03166d31716e9c437060430eb7605c45a8ce6fb6dab483637ca6915dd0844?s=96&d=mm&r=g\",\"url\":\"https:\\\/\\\/secure.gravatar.com\\\/avatar\\\/96e03166d31716e9c437060430eb7605c45a8ce6fb6dab483637ca6915dd0844?s=96&d=mm&r=g\",\"contentUrl\":\"https:\\\/\\\/secure.gravatar.com\\\/avatar\\\/96e03166d31716e9c437060430eb7605c45a8ce6fb6dab483637ca6915dd0844?s=96&d=mm&r=g\",\"caption\":\"Orator\"},\"logo\":{\"@id\":\"https:\\\/\\\/secure.gravatar.com\\\/avatar\\\/96e03166d31716e9c437060430eb7605c45a8ce6fb6dab483637ca6915dd0844?s=96&d=mm&r=g\"},\"url\":\"https:\\\/\\\/www.inkultura-online.de\\\/politisch_unkorrekt\\\/author\\\/1korrektor21-2\\\/\"}]}<\/script>\n<!-- \/ Yoast SEO plugin. -->","yoast_head_json":{"title":"Unsere Politexperten und ihre Vorschl\u00e4ge - Zeitgeist? Frei!","robots":{"index":"index","follow":"follow","max-snippet":"max-snippet:-1","max-image-preview":"max-image-preview:large","max-video-preview":"max-video-preview:-1"},"canonical":"https:\/\/www.inkultura-online.de\/politisch_unkorrekt\/unsere-politexperten-und-ihre-vorschlaege\/","og_locale":"de_DE","og_type":"article","og_title":"Unsere Politexperten und ihre Vorschl\u00e4ge - Zeitgeist? Frei!","og_description":"Ach wie wunderbar, das zeigt einmal mehr, wie brillant die K\u00f6pfe in den oberen Etagen arbeiten, die uns diesen neuesten Geniestreich pr\u00e4sentieren. Also: \u201eAnschubfinanzierung f\u00fcr Langzeitarbeitslose\u201c. Welch erhabener Begriff! Da f\u00fchlt man sich ja fast, als w\u00fcrde man einem bahnbrechenden &hellip; Weiterlesen &rarr;","og_url":"https:\/\/www.inkultura-online.de\/politisch_unkorrekt\/unsere-politexperten-und-ihre-vorschlaege\/","og_site_name":"Zeitgeist? Frei!","article_published_time":"2024-10-07T13:58:09+00:00","author":"Orator","twitter_misc":{"Verfasst von":"Orator","Gesch\u00e4tzte Lesezeit":"2\u00a0Minuten"},"schema":{"@context":"https:\/\/schema.org","@graph":[{"@type":"Article","@id":"https:\/\/www.inkultura-online.de\/politisch_unkorrekt\/unsere-politexperten-und-ihre-vorschlaege\/#article","isPartOf":{"@id":"https:\/\/www.inkultura-online.de\/politisch_unkorrekt\/unsere-politexperten-und-ihre-vorschlaege\/"},"author":{"name":"Orator","@id":"https:\/\/www.inkultura-online.de\/politisch_unkorrekt\/#\/schema\/person\/5b30b80e385478896a1de221e1994d86"},"headline":"Unsere Politexperten und ihre Vorschl\u00e4ge","datePublished":"2024-10-07T13:58:09+00:00","mainEntityOfPage":{"@id":"https:\/\/www.inkultura-online.de\/politisch_unkorrekt\/unsere-politexperten-und-ihre-vorschlaege\/"},"wordCount":307,"publisher":{"@id":"https:\/\/www.inkultura-online.de\/politisch_unkorrekt\/#\/schema\/person\/5b30b80e385478896a1de221e1994d86"},"keywords":["Anschubfinanzierung f\u00fcr Langzeitarbeitslose","B\u00fcrgergeld","Idiokratie","Politexperten"],"articleSection":["Die d\u00fcmmsten Spr\u00fcche der Woche","Fundst\u00fccke","Gedanken zum Tag","Systemfehler"],"inLanguage":"de"},{"@type":"WebPage","@id":"https:\/\/www.inkultura-online.de\/politisch_unkorrekt\/unsere-politexperten-und-ihre-vorschlaege\/","url":"https:\/\/www.inkultura-online.de\/politisch_unkorrekt\/unsere-politexperten-und-ihre-vorschlaege\/","name":"Unsere Politexperten und ihre Vorschl\u00e4ge - Zeitgeist? Frei!","isPartOf":{"@id":"https:\/\/www.inkultura-online.de\/politisch_unkorrekt\/#website"},"datePublished":"2024-10-07T13:58:09+00:00","breadcrumb":{"@id":"https:\/\/www.inkultura-online.de\/politisch_unkorrekt\/unsere-politexperten-und-ihre-vorschlaege\/#breadcrumb"},"inLanguage":"de","potentialAction":[{"@type":"ReadAction","target":["https:\/\/www.inkultura-online.de\/politisch_unkorrekt\/unsere-politexperten-und-ihre-vorschlaege\/"]}]},{"@type":"BreadcrumbList","@id":"https:\/\/www.inkultura-online.de\/politisch_unkorrekt\/unsere-politexperten-und-ihre-vorschlaege\/#breadcrumb","itemListElement":[{"@type":"ListItem","position":1,"name":"Home","item":"https:\/\/www.inkultura-online.de\/politisch_unkorrekt\/"},{"@type":"ListItem","position":2,"name":"Unsere Politexperten und ihre Vorschl\u00e4ge"}]},{"@type":"WebSite","@id":"https:\/\/www.inkultura-online.de\/politisch_unkorrekt\/#website","url":"https:\/\/www.inkultura-online.de\/politisch_unkorrekt\/","name":"Zeitgeist? Frei!","description":"Was Ihr den Geist der Zeiten hei\u00dft...","publisher":{"@id":"https:\/\/www.inkultura-online.de\/politisch_unkorrekt\/#\/schema\/person\/5b30b80e385478896a1de221e1994d86"},"potentialAction":[{"@type":"SearchAction","target":{"@type":"EntryPoint","urlTemplate":"https:\/\/www.inkultura-online.de\/politisch_unkorrekt\/?s={search_term_string}"},"query-input":{"@type":"PropertyValueSpecification","valueRequired":true,"valueName":"search_term_string"}}],"inLanguage":"de"},{"@type":["Person","Organization"],"@id":"https:\/\/www.inkultura-online.de\/politisch_unkorrekt\/#\/schema\/person\/5b30b80e385478896a1de221e1994d86","name":"Orator","image":{"@type":"ImageObject","inLanguage":"de","@id":"https:\/\/secure.gravatar.com\/avatar\/96e03166d31716e9c437060430eb7605c45a8ce6fb6dab483637ca6915dd0844?s=96&d=mm&r=g","url":"https:\/\/secure.gravatar.com\/avatar\/96e03166d31716e9c437060430eb7605c45a8ce6fb6dab483637ca6915dd0844?s=96&d=mm&r=g","contentUrl":"https:\/\/secure.gravatar.com\/avatar\/96e03166d31716e9c437060430eb7605c45a8ce6fb6dab483637ca6915dd0844?s=96&d=mm&r=g","caption":"Orator"},"logo":{"@id":"https:\/\/secure.gravatar.com\/avatar\/96e03166d31716e9c437060430eb7605c45a8ce6fb6dab483637ca6915dd0844?s=96&d=mm&r=g"},"url":"https:\/\/www.inkultura-online.de\/politisch_unkorrekt\/author\/1korrektor21-2\/"}]}},"_links":{"self":[{"href":"https:\/\/www.inkultura-online.de\/politisch_unkorrekt\/wp-json\/wp\/v2\/posts\/2860","targetHints":{"allow":["GET"]}}],"collection":[{"href":"https:\/\/www.inkultura-online.de\/politisch_unkorrekt\/wp-json\/wp\/v2\/posts"}],"about":[{"href":"https:\/\/www.inkultura-online.de\/politisch_unkorrekt\/wp-json\/wp\/v2\/types\/post"}],"author":[{"embeddable":true,"href":"https:\/\/www.inkultura-online.de\/politisch_unkorrekt\/wp-json\/wp\/v2\/users\/1"}],"replies":[{"embeddable":true,"href":"https:\/\/www.inkultura-online.de\/politisch_unkorrekt\/wp-json\/wp\/v2\/comments?post=2860"}],"version-history":[{"count":1,"href":"https:\/\/www.inkultura-online.de\/politisch_unkorrekt\/wp-json\/wp\/v2\/posts\/2860\/revisions"}],"predecessor-version":[{"id":2861,"href":"https:\/\/www.inkultura-online.de\/politisch_unkorrekt\/wp-json\/wp\/v2\/posts\/2860\/revisions\/2861"}],"wp:attachment":[{"href":"https:\/\/www.inkultura-online.de\/politisch_unkorrekt\/wp-json\/wp\/v2\/media?parent=2860"}],"wp:term":[{"taxonomy":"category","embeddable":true,"href":"https:\/\/www.inkultura-online.de\/politisch_unkorrekt\/wp-json\/wp\/v2\/categories?post=2860"},{"taxonomy":"post_tag","embeddable":true,"href":"https:\/\/www.inkultura-online.de\/politisch_unkorrekt\/wp-json\/wp\/v2\/tags?post=2860"}],"curies":[{"name":"wp","href":"https:\/\/api.w.org\/{rel}","templated":true}]}}