{"id":2864,"date":"2024-10-10T18:02:55","date_gmt":"2024-10-10T16:02:55","guid":{"rendered":"https:\/\/www.inkultura-online.de\/politisch_unkorrekt\/?p=2864"},"modified":"2024-10-10T18:04:22","modified_gmt":"2024-10-10T16:04:22","slug":"herrschaftsfreier-diskurs","status":"publish","type":"post","link":"https:\/\/www.inkultura-online.de\/politisch_unkorrekt\/herrschaftsfreier-diskurs\/","title":{"rendered":"Herrschaftsfreier Diskurs?"},"content":{"rendered":"<p>Die Politik? Wie immer vollkommen \u00fcberfordert. Die Polizei? Hat auch keine Ahnung, was sie tun soll. Also sollen jetzt die <a href=\"https:\/\/jungefreiheit.de\/politik\/deutschland\/2024\/kapitulation-wenn-anwohner-kriminellen-migranten-gut-zureden-sollen\/\" target=\"_blank\" rel=\"noopener\">B\u00fcrger<\/a> ran: 30 gefl\u00fcchtete Roma aus der Ukraine mit den Feinheiten unserer mitteleurop\u00e4ischen Kultur und mit unseren zivilisatorischen Werten vertraut machen. Klar, das wird sicher wie ein interkultureller Kaffeeklatsch ablaufen. Nat\u00fcrlich lassen sie ihre Messer zu Hause und st\u00fcrzen sich voller Begeisterung in einen herrschaftsfreien Diskurs \u00e0 la Habermas. Wenn das mal nicht der Plan des Jahrhunderts ist! Oder, so sieht es der aufmerksame Beobachter des politischen Zeitgeists, doch nur Politversagen auf ganzer Linie?<\/p>\n<p>Wie sang Udo J\u00fcrgens doch so treffend: \u201eLieb Vaterland magst ruhig sein\u201c Einfach mal den ganzen Text im Internet suchen. Es lohnt sich.<\/p>\n","protected":false},"excerpt":{"rendered":"<p>Die Politik? Wie immer vollkommen \u00fcberfordert. Die Polizei? Hat auch keine Ahnung, was sie tun soll. Also sollen jetzt die B\u00fcrger ran: 30 gefl\u00fcchtete Roma aus der Ukraine mit den Feinheiten unserer mitteleurop\u00e4ischen Kultur und mit unseren zivilisatorischen Werten vertraut &hellip; <a href=\"https:\/\/www.inkultura-online.de\/politisch_unkorrekt\/herrschaftsfreier-diskurs\/\">Weiterlesen <span class=\"meta-nav\">&rarr;<\/span><\/a><\/p>\n","protected":false},"author":1,"featured_media":0,"comment_status":"closed","ping_status":"closed","sticky":false,"template":"","format":"standard","meta":{"footnotes":""},"categories":[1,444,10],"tags":[1735,1736],"class_list":["post-2864","post","type-post","status-publish","format-standard","hentry","category-fundstuecke","category-gedanken-zum-tag","category-systemfehler","tag-barbaren","tag-zivilisation"],"yoast_head":"<!-- This site is optimized with the Yoast SEO plugin v27.5 - https:\/\/yoast.com\/product\/yoast-seo-wordpress\/ -->\n<title>Herrschaftsfreier Diskurs? - Zeitgeist? Frei!<\/title>\n<meta name=\"robots\" content=\"index, follow, max-snippet:-1, max-image-preview:large, max-video-preview:-1\" \/>\n<link rel=\"canonical\" href=\"https:\/\/www.inkultura-online.de\/politisch_unkorrekt\/herrschaftsfreier-diskurs\/\" \/>\n<meta property=\"og:locale\" content=\"de_DE\" \/>\n<meta property=\"og:type\" content=\"article\" \/>\n<meta property=\"og:title\" content=\"Herrschaftsfreier Diskurs? - Zeitgeist? Frei!\" \/>\n<meta property=\"og:description\" content=\"Die Politik? Wie immer vollkommen \u00fcberfordert. Die Polizei? Hat auch keine Ahnung, was sie tun soll. Also sollen jetzt die B\u00fcrger ran: 30 gefl\u00fcchtete Roma aus der Ukraine mit den Feinheiten unserer mitteleurop\u00e4ischen Kultur und mit unseren zivilisatorischen Werten vertraut &hellip; Weiterlesen &rarr;\" \/>\n<meta property=\"og:url\" content=\"https:\/\/www.inkultura-online.de\/politisch_unkorrekt\/herrschaftsfreier-diskurs\/\" \/>\n<meta property=\"og:site_name\" content=\"Zeitgeist? Frei!\" \/>\n<meta property=\"article:published_time\" content=\"2024-10-10T16:02:55+00:00\" \/>\n<meta property=\"article:modified_time\" content=\"2024-10-10T16:04:22+00:00\" \/>\n<meta name=\"author\" content=\"Orator\" \/>\n<meta name=\"twitter:label1\" content=\"Verfasst von\" \/>\n\t<meta name=\"twitter:data1\" content=\"Orator\" \/>\n\t<meta name=\"twitter:label2\" content=\"Gesch\u00e4tzte Lesezeit\" \/>\n\t<meta name=\"twitter:data2\" content=\"1\u00a0Minute\" \/>\n<script type=\"application\/ld+json\" class=\"yoast-schema-graph\">{\"@context\":\"https:\\\/\\\/schema.org\",\"@graph\":[{\"@type\":\"Article\",\"@id\":\"https:\\\/\\\/www.inkultura-online.de\\\/politisch_unkorrekt\\\/herrschaftsfreier-diskurs\\\/#article\",\"isPartOf\":{\"@id\":\"https:\\\/\\\/www.inkultura-online.de\\\/politisch_unkorrekt\\\/herrschaftsfreier-diskurs\\\/\"},\"author\":{\"name\":\"Orator\",\"@id\":\"https:\\\/\\\/www.inkultura-online.de\\\/politisch_unkorrekt\\\/#\\\/schema\\\/person\\\/5b30b80e385478896a1de221e1994d86\"},\"headline\":\"Herrschaftsfreier Diskurs?\",\"datePublished\":\"2024-10-10T16:02:55+00:00\",\"dateModified\":\"2024-10-10T16:04:22+00:00\",\"mainEntityOfPage\":{\"@id\":\"https:\\\/\\\/www.inkultura-online.de\\\/politisch_unkorrekt\\\/herrschaftsfreier-diskurs\\\/\"},\"wordCount\":123,\"publisher\":{\"@id\":\"https:\\\/\\\/www.inkultura-online.de\\\/politisch_unkorrekt\\\/#\\\/schema\\\/person\\\/5b30b80e385478896a1de221e1994d86\"},\"keywords\":[\"Barbaren\",\"Zivilisation\"],\"articleSection\":[\"Fundst\u00fccke\",\"Gedanken zum Tag\",\"Systemfehler\"],\"inLanguage\":\"de\"},{\"@type\":\"WebPage\",\"@id\":\"https:\\\/\\\/www.inkultura-online.de\\\/politisch_unkorrekt\\\/herrschaftsfreier-diskurs\\\/\",\"url\":\"https:\\\/\\\/www.inkultura-online.de\\\/politisch_unkorrekt\\\/herrschaftsfreier-diskurs\\\/\",\"name\":\"Herrschaftsfreier Diskurs? - Zeitgeist? Frei!\",\"isPartOf\":{\"@id\":\"https:\\\/\\\/www.inkultura-online.de\\\/politisch_unkorrekt\\\/#website\"},\"datePublished\":\"2024-10-10T16:02:55+00:00\",\"dateModified\":\"2024-10-10T16:04:22+00:00\",\"breadcrumb\":{\"@id\":\"https:\\\/\\\/www.inkultura-online.de\\\/politisch_unkorrekt\\\/herrschaftsfreier-diskurs\\\/#breadcrumb\"},\"inLanguage\":\"de\",\"potentialAction\":[{\"@type\":\"ReadAction\",\"target\":[\"https:\\\/\\\/www.inkultura-online.de\\\/politisch_unkorrekt\\\/herrschaftsfreier-diskurs\\\/\"]}]},{\"@type\":\"BreadcrumbList\",\"@id\":\"https:\\\/\\\/www.inkultura-online.de\\\/politisch_unkorrekt\\\/herrschaftsfreier-diskurs\\\/#breadcrumb\",\"itemListElement\":[{\"@type\":\"ListItem\",\"position\":1,\"name\":\"Home\",\"item\":\"https:\\\/\\\/www.inkultura-online.de\\\/politisch_unkorrekt\\\/\"},{\"@type\":\"ListItem\",\"position\":2,\"name\":\"Herrschaftsfreier Diskurs?\"}]},{\"@type\":\"WebSite\",\"@id\":\"https:\\\/\\\/www.inkultura-online.de\\\/politisch_unkorrekt\\\/#website\",\"url\":\"https:\\\/\\\/www.inkultura-online.de\\\/politisch_unkorrekt\\\/\",\"name\":\"Zeitgeist? Frei!\",\"description\":\"Was Ihr den Geist der Zeiten hei\u00dft...\",\"publisher\":{\"@id\":\"https:\\\/\\\/www.inkultura-online.de\\\/politisch_unkorrekt\\\/#\\\/schema\\\/person\\\/5b30b80e385478896a1de221e1994d86\"},\"potentialAction\":[{\"@type\":\"SearchAction\",\"target\":{\"@type\":\"EntryPoint\",\"urlTemplate\":\"https:\\\/\\\/www.inkultura-online.de\\\/politisch_unkorrekt\\\/?s={search_term_string}\"},\"query-input\":{\"@type\":\"PropertyValueSpecification\",\"valueRequired\":true,\"valueName\":\"search_term_string\"}}],\"inLanguage\":\"de\"},{\"@type\":[\"Person\",\"Organization\"],\"@id\":\"https:\\\/\\\/www.inkultura-online.de\\\/politisch_unkorrekt\\\/#\\\/schema\\\/person\\\/5b30b80e385478896a1de221e1994d86\",\"name\":\"Orator\",\"image\":{\"@type\":\"ImageObject\",\"inLanguage\":\"de\",\"@id\":\"https:\\\/\\\/secure.gravatar.com\\\/avatar\\\/96e03166d31716e9c437060430eb7605c45a8ce6fb6dab483637ca6915dd0844?s=96&d=mm&r=g\",\"url\":\"https:\\\/\\\/secure.gravatar.com\\\/avatar\\\/96e03166d31716e9c437060430eb7605c45a8ce6fb6dab483637ca6915dd0844?s=96&d=mm&r=g\",\"contentUrl\":\"https:\\\/\\\/secure.gravatar.com\\\/avatar\\\/96e03166d31716e9c437060430eb7605c45a8ce6fb6dab483637ca6915dd0844?s=96&d=mm&r=g\",\"caption\":\"Orator\"},\"logo\":{\"@id\":\"https:\\\/\\\/secure.gravatar.com\\\/avatar\\\/96e03166d31716e9c437060430eb7605c45a8ce6fb6dab483637ca6915dd0844?s=96&d=mm&r=g\"},\"url\":\"https:\\\/\\\/www.inkultura-online.de\\\/politisch_unkorrekt\\\/author\\\/1korrektor21-2\\\/\"}]}<\/script>\n<!-- \/ Yoast SEO plugin. -->","yoast_head_json":{"title":"Herrschaftsfreier Diskurs? - Zeitgeist? Frei!","robots":{"index":"index","follow":"follow","max-snippet":"max-snippet:-1","max-image-preview":"max-image-preview:large","max-video-preview":"max-video-preview:-1"},"canonical":"https:\/\/www.inkultura-online.de\/politisch_unkorrekt\/herrschaftsfreier-diskurs\/","og_locale":"de_DE","og_type":"article","og_title":"Herrschaftsfreier Diskurs? - Zeitgeist? Frei!","og_description":"Die Politik? Wie immer vollkommen \u00fcberfordert. Die Polizei? Hat auch keine Ahnung, was sie tun soll. Also sollen jetzt die B\u00fcrger ran: 30 gefl\u00fcchtete Roma aus der Ukraine mit den Feinheiten unserer mitteleurop\u00e4ischen Kultur und mit unseren zivilisatorischen Werten vertraut &hellip; Weiterlesen &rarr;","og_url":"https:\/\/www.inkultura-online.de\/politisch_unkorrekt\/herrschaftsfreier-diskurs\/","og_site_name":"Zeitgeist? Frei!","article_published_time":"2024-10-10T16:02:55+00:00","article_modified_time":"2024-10-10T16:04:22+00:00","author":"Orator","twitter_misc":{"Verfasst von":"Orator","Gesch\u00e4tzte Lesezeit":"1\u00a0Minute"},"schema":{"@context":"https:\/\/schema.org","@graph":[{"@type":"Article","@id":"https:\/\/www.inkultura-online.de\/politisch_unkorrekt\/herrschaftsfreier-diskurs\/#article","isPartOf":{"@id":"https:\/\/www.inkultura-online.de\/politisch_unkorrekt\/herrschaftsfreier-diskurs\/"},"author":{"name":"Orator","@id":"https:\/\/www.inkultura-online.de\/politisch_unkorrekt\/#\/schema\/person\/5b30b80e385478896a1de221e1994d86"},"headline":"Herrschaftsfreier Diskurs?","datePublished":"2024-10-10T16:02:55+00:00","dateModified":"2024-10-10T16:04:22+00:00","mainEntityOfPage":{"@id":"https:\/\/www.inkultura-online.de\/politisch_unkorrekt\/herrschaftsfreier-diskurs\/"},"wordCount":123,"publisher":{"@id":"https:\/\/www.inkultura-online.de\/politisch_unkorrekt\/#\/schema\/person\/5b30b80e385478896a1de221e1994d86"},"keywords":["Barbaren","Zivilisation"],"articleSection":["Fundst\u00fccke","Gedanken zum Tag","Systemfehler"],"inLanguage":"de"},{"@type":"WebPage","@id":"https:\/\/www.inkultura-online.de\/politisch_unkorrekt\/herrschaftsfreier-diskurs\/","url":"https:\/\/www.inkultura-online.de\/politisch_unkorrekt\/herrschaftsfreier-diskurs\/","name":"Herrschaftsfreier Diskurs? - Zeitgeist? Frei!","isPartOf":{"@id":"https:\/\/www.inkultura-online.de\/politisch_unkorrekt\/#website"},"datePublished":"2024-10-10T16:02:55+00:00","dateModified":"2024-10-10T16:04:22+00:00","breadcrumb":{"@id":"https:\/\/www.inkultura-online.de\/politisch_unkorrekt\/herrschaftsfreier-diskurs\/#breadcrumb"},"inLanguage":"de","potentialAction":[{"@type":"ReadAction","target":["https:\/\/www.inkultura-online.de\/politisch_unkorrekt\/herrschaftsfreier-diskurs\/"]}]},{"@type":"BreadcrumbList","@id":"https:\/\/www.inkultura-online.de\/politisch_unkorrekt\/herrschaftsfreier-diskurs\/#breadcrumb","itemListElement":[{"@type":"ListItem","position":1,"name":"Home","item":"https:\/\/www.inkultura-online.de\/politisch_unkorrekt\/"},{"@type":"ListItem","position":2,"name":"Herrschaftsfreier Diskurs?"}]},{"@type":"WebSite","@id":"https:\/\/www.inkultura-online.de\/politisch_unkorrekt\/#website","url":"https:\/\/www.inkultura-online.de\/politisch_unkorrekt\/","name":"Zeitgeist? Frei!","description":"Was Ihr den Geist der Zeiten hei\u00dft...","publisher":{"@id":"https:\/\/www.inkultura-online.de\/politisch_unkorrekt\/#\/schema\/person\/5b30b80e385478896a1de221e1994d86"},"potentialAction":[{"@type":"SearchAction","target":{"@type":"EntryPoint","urlTemplate":"https:\/\/www.inkultura-online.de\/politisch_unkorrekt\/?s={search_term_string}"},"query-input":{"@type":"PropertyValueSpecification","valueRequired":true,"valueName":"search_term_string"}}],"inLanguage":"de"},{"@type":["Person","Organization"],"@id":"https:\/\/www.inkultura-online.de\/politisch_unkorrekt\/#\/schema\/person\/5b30b80e385478896a1de221e1994d86","name":"Orator","image":{"@type":"ImageObject","inLanguage":"de","@id":"https:\/\/secure.gravatar.com\/avatar\/96e03166d31716e9c437060430eb7605c45a8ce6fb6dab483637ca6915dd0844?s=96&d=mm&r=g","url":"https:\/\/secure.gravatar.com\/avatar\/96e03166d31716e9c437060430eb7605c45a8ce6fb6dab483637ca6915dd0844?s=96&d=mm&r=g","contentUrl":"https:\/\/secure.gravatar.com\/avatar\/96e03166d31716e9c437060430eb7605c45a8ce6fb6dab483637ca6915dd0844?s=96&d=mm&r=g","caption":"Orator"},"logo":{"@id":"https:\/\/secure.gravatar.com\/avatar\/96e03166d31716e9c437060430eb7605c45a8ce6fb6dab483637ca6915dd0844?s=96&d=mm&r=g"},"url":"https:\/\/www.inkultura-online.de\/politisch_unkorrekt\/author\/1korrektor21-2\/"}]}},"_links":{"self":[{"href":"https:\/\/www.inkultura-online.de\/politisch_unkorrekt\/wp-json\/wp\/v2\/posts\/2864","targetHints":{"allow":["GET"]}}],"collection":[{"href":"https:\/\/www.inkultura-online.de\/politisch_unkorrekt\/wp-json\/wp\/v2\/posts"}],"about":[{"href":"https:\/\/www.inkultura-online.de\/politisch_unkorrekt\/wp-json\/wp\/v2\/types\/post"}],"author":[{"embeddable":true,"href":"https:\/\/www.inkultura-online.de\/politisch_unkorrekt\/wp-json\/wp\/v2\/users\/1"}],"replies":[{"embeddable":true,"href":"https:\/\/www.inkultura-online.de\/politisch_unkorrekt\/wp-json\/wp\/v2\/comments?post=2864"}],"version-history":[{"count":2,"href":"https:\/\/www.inkultura-online.de\/politisch_unkorrekt\/wp-json\/wp\/v2\/posts\/2864\/revisions"}],"predecessor-version":[{"id":2866,"href":"https:\/\/www.inkultura-online.de\/politisch_unkorrekt\/wp-json\/wp\/v2\/posts\/2864\/revisions\/2866"}],"wp:attachment":[{"href":"https:\/\/www.inkultura-online.de\/politisch_unkorrekt\/wp-json\/wp\/v2\/media?parent=2864"}],"wp:term":[{"taxonomy":"category","embeddable":true,"href":"https:\/\/www.inkultura-online.de\/politisch_unkorrekt\/wp-json\/wp\/v2\/categories?post=2864"},{"taxonomy":"post_tag","embeddable":true,"href":"https:\/\/www.inkultura-online.de\/politisch_unkorrekt\/wp-json\/wp\/v2\/tags?post=2864"}],"curies":[{"name":"wp","href":"https:\/\/api.w.org\/{rel}","templated":true}]}}