{"id":2868,"date":"2024-11-10T12:40:55","date_gmt":"2024-11-10T10:40:55","guid":{"rendered":"https:\/\/www.inkultura-online.de\/politisch_unkorrekt\/?p=2868"},"modified":"2024-11-10T12:40:55","modified_gmt":"2024-11-10T10:40:55","slug":"eher-mangel-an-verstand-als-an-papier","status":"publish","type":"post","link":"https:\/\/www.inkultura-online.de\/politisch_unkorrekt\/eher-mangel-an-verstand-als-an-papier\/","title":{"rendered":"Eher Mangel an Verstand als an Papier"},"content":{"rendered":"<p>Deutschland, das Land der Dichter und Denker, und \u2013 ja, auch der B\u00fcrokraten. Ein Land, in dem alles seine Ordnung hat, Papierstapel formvollendet auf Schreibtischen ruhen und das Ger\u00e4usch eines stemmenden Stempels fast so beruhigend wirkt wie das eines Bachlaufes im Schwarzwald. Doch stellen Sie sich vor: Es braucht zeitnah Neuwahlen, und Deutschland steht \u2013 wenn man der Schlagzeile glauben darf \u2013 vor einem unfassbaren Problem: Es gibt nicht gen\u00fcgend Papier, um diese Wahl durchzuf\u00fchren.<!--more--><\/p>\n<p>Papiermangel? In Deutschland? Das ist ungef\u00e4hr so wahrscheinlich, wie dass der Rhein nach Bayern abbiegt. Dennoch geistern Horrorszenarien durch die Republik: Ungekl\u00e4rte Stapelgesetze, Lieferengp\u00e4sse und ein Gef\u00fchl nationalen Entzugs bei jenen, die zu sehr an der B\u00fcrokratie h\u00e4ngen. Es gibt nun Stimmen, die polnische Nachbarn k\u00f6nnten mit Papierlieferungen einspringen. Deutschland m\u00fcsse \u2013 so die bittere Pille \u2013 auf die Gnade Polens hoffen, um die Demokratie aufrechtzuerhalten.<\/p>\n<p>Nun, lassen Sie uns das Bild ein wenig ausmalen: Die deutsche Bundeswahlleiterin, bleich und mit nerv\u00f6sem Griff in einer leeren Hand, ruft bei den polnischen Kollegen an. Freundlich, h\u00f6flich, vielleicht sogar mit einer Anspielung auf \u201eeurop\u00e4ische Solidarit\u00e4t\u201c? Der polnische Amtsleiter am anderen Ende l\u00e4sst sich Zeit, denkt kurz nach, nimmt einen Schluck Kaffee, und dann ert\u00f6nt ein freundliches, aber zur\u00fcckhaltendes \u201eNat\u00fcrlich, Deutschland, kein Problem.\u201c<\/p>\n<p>Die Vorstellung, dass Deutschland ausgerechnet in einem Grundnahrungsmittel der B\u00fcrokratie auf einen Import angewiesen sein k\u00f6nnte, gleicht einem Albtraum f\u00fcr die hiesige Verwaltung. Stellen Sie sich vor: Wahlzettel aus Polen! Eingesetzt im deutschen Wahlsystem! Der deutsche Beamte, der stets auf P\u00fcnktlichkeit und Perfektion achtet, muss pl\u00f6tzlich Kompromisse eingehen \u2013 und das wom\u00f6glich sogar auf Recyclingpapier! Das ist nicht weniger als der Stoff, aus dem eine waschechte b\u00fcrokratische Trag\u00f6die entsteht.<\/p>\n<p>Nat\u00fcrlich k\u00f6nnte man sich fragen, warum denn nicht einfach digital gew\u00e4hlt wird, wie das in anderen L\u00e4ndern l\u00e4ngst m\u00f6glich ist. Aber fragen Sie das besser nicht zu laut. Es g\u00e4be wom\u00f6glich Schwei\u00dfausbr\u00fcche, einen sofortigen Run auf Papierf\u00e4cher in s\u00e4mtlichen Amtsstuben, nur um diese Frage m\u00f6glichst schnell zu verdecken. Schlie\u00dflich bleibt f\u00fcr das, was nicht niedergeschrieben wurde, keine b\u00fcrokratische Spur.<\/p>\n<p>Aber vielleicht ist das die wahre Krux hinter der Misere: Die Panik vor der digitalen Unordnung. Ein Wahlzettel, den man anfassen kann, der in ordentliche Stapel gelegt und kontrolliert abgehakt wird, ist ein Element, das Ordnung und Kontrolle verk\u00f6rpert. Ein Wahlzettel ist die materielle Sicherheit, dass man etwas in der Hand hat, das auch wirklich g\u00fcltig ist. Und diese Sicherheit \u2013 so scheint es \u2013 l\u00e4sst sich zur Not auch aus Polen importieren.<\/p>\n<p>Doch, liebe Leserinnen und Leser, bei aller Satire: Die Vorstellung, dass Deutschland wirklich auf Papier angewiesen w\u00e4re, um eine Wahl zu erm\u00f6glichen, bleibt bemerkenswert. Vielleicht ist es am Ende eine Lehre: Ein wenig mehr Gelassenheit, ein paar leichtere Linien in der B\u00fcrokratie \u2013 und schon k\u00f6nnte uns auch ein digitaler Hauch durch die Amtsstuben wehen. Bis dahin, Polen \u2013 bitte schickt uns Papier.<\/p>\n<p>Oder, so fragt sich der aufmerksame Beobachter des politischen Zeitgeists, ist der angebliche Papiermangel nicht eher dem Unwillen von Olaf (Grinser) Scholz zuzuschreiben, der wie eine Fliege auf dem Sch&#8230;haufen an seinem Stuhl klebt?<\/p>\n","protected":false},"excerpt":{"rendered":"<p>Deutschland, das Land der Dichter und Denker, und \u2013 ja, auch der B\u00fcrokraten. Ein Land, in dem alles seine Ordnung hat, Papierstapel formvollendet auf Schreibtischen ruhen und das Ger\u00e4usch eines stemmenden Stempels fast so beruhigend wirkt wie das eines Bachlaufes &hellip; <a href=\"https:\/\/www.inkultura-online.de\/politisch_unkorrekt\/eher-mangel-an-verstand-als-an-papier\/\">Weiterlesen <span class=\"meta-nav\">&rarr;<\/span><\/a><\/p>\n","protected":false},"author":1,"featured_media":0,"comment_status":"closed","ping_status":"closed","sticky":false,"template":"","format":"standard","meta":{"footnotes":""},"categories":[3,1,444,4,10],"tags":[1009,1737],"class_list":["post-2868","post","type-post","status-publish","format-standard","hentry","category-die-duemmsten-sprueche-der-woche","category-fundstuecke","category-gedanken-zum-tag","category-hauptstadtpossen","category-systemfehler","tag-neuwahlen","tag-papiermangel"],"yoast_head":"<!-- This site is optimized with the Yoast SEO plugin v27.5 - https:\/\/yoast.com\/product\/yoast-seo-wordpress\/ -->\n<title>Eher Mangel an Verstand als an Papier - Zeitgeist? Frei!<\/title>\n<meta name=\"robots\" content=\"index, follow, max-snippet:-1, max-image-preview:large, max-video-preview:-1\" \/>\n<link rel=\"canonical\" href=\"https:\/\/www.inkultura-online.de\/politisch_unkorrekt\/eher-mangel-an-verstand-als-an-papier\/\" \/>\n<meta property=\"og:locale\" content=\"de_DE\" \/>\n<meta property=\"og:type\" content=\"article\" \/>\n<meta property=\"og:title\" content=\"Eher Mangel an Verstand als an Papier - Zeitgeist? Frei!\" \/>\n<meta property=\"og:description\" content=\"Deutschland, das Land der Dichter und Denker, und \u2013 ja, auch der B\u00fcrokraten. Ein Land, in dem alles seine Ordnung hat, Papierstapel formvollendet auf Schreibtischen ruhen und das Ger\u00e4usch eines stemmenden Stempels fast so beruhigend wirkt wie das eines Bachlaufes &hellip; Weiterlesen &rarr;\" \/>\n<meta property=\"og:url\" content=\"https:\/\/www.inkultura-online.de\/politisch_unkorrekt\/eher-mangel-an-verstand-als-an-papier\/\" \/>\n<meta property=\"og:site_name\" content=\"Zeitgeist? Frei!\" \/>\n<meta property=\"article:published_time\" content=\"2024-11-10T10:40:55+00:00\" \/>\n<meta name=\"author\" content=\"Orator\" \/>\n<meta name=\"twitter:label1\" content=\"Verfasst von\" \/>\n\t<meta name=\"twitter:data1\" content=\"Orator\" \/>\n\t<meta name=\"twitter:label2\" content=\"Gesch\u00e4tzte Lesezeit\" \/>\n\t<meta name=\"twitter:data2\" content=\"3\u00a0Minuten\" \/>\n<script type=\"application\/ld+json\" class=\"yoast-schema-graph\">{\"@context\":\"https:\\\/\\\/schema.org\",\"@graph\":[{\"@type\":\"Article\",\"@id\":\"https:\\\/\\\/www.inkultura-online.de\\\/politisch_unkorrekt\\\/eher-mangel-an-verstand-als-an-papier\\\/#article\",\"isPartOf\":{\"@id\":\"https:\\\/\\\/www.inkultura-online.de\\\/politisch_unkorrekt\\\/eher-mangel-an-verstand-als-an-papier\\\/\"},\"author\":{\"name\":\"Orator\",\"@id\":\"https:\\\/\\\/www.inkultura-online.de\\\/politisch_unkorrekt\\\/#\\\/schema\\\/person\\\/5b30b80e385478896a1de221e1994d86\"},\"headline\":\"Eher Mangel an Verstand als an Papier\",\"datePublished\":\"2024-11-10T10:40:55+00:00\",\"mainEntityOfPage\":{\"@id\":\"https:\\\/\\\/www.inkultura-online.de\\\/politisch_unkorrekt\\\/eher-mangel-an-verstand-als-an-papier\\\/\"},\"wordCount\":552,\"publisher\":{\"@id\":\"https:\\\/\\\/www.inkultura-online.de\\\/politisch_unkorrekt\\\/#\\\/schema\\\/person\\\/5b30b80e385478896a1de221e1994d86\"},\"keywords\":[\"Neuwahlen\",\"Papiermangel\"],\"articleSection\":[\"Die d\u00fcmmsten Spr\u00fcche der Woche\",\"Fundst\u00fccke\",\"Gedanken zum Tag\",\"Hauptstadtpossen\",\"Systemfehler\"],\"inLanguage\":\"de\"},{\"@type\":\"WebPage\",\"@id\":\"https:\\\/\\\/www.inkultura-online.de\\\/politisch_unkorrekt\\\/eher-mangel-an-verstand-als-an-papier\\\/\",\"url\":\"https:\\\/\\\/www.inkultura-online.de\\\/politisch_unkorrekt\\\/eher-mangel-an-verstand-als-an-papier\\\/\",\"name\":\"Eher Mangel an Verstand als an Papier - Zeitgeist? Frei!\",\"isPartOf\":{\"@id\":\"https:\\\/\\\/www.inkultura-online.de\\\/politisch_unkorrekt\\\/#website\"},\"datePublished\":\"2024-11-10T10:40:55+00:00\",\"breadcrumb\":{\"@id\":\"https:\\\/\\\/www.inkultura-online.de\\\/politisch_unkorrekt\\\/eher-mangel-an-verstand-als-an-papier\\\/#breadcrumb\"},\"inLanguage\":\"de\",\"potentialAction\":[{\"@type\":\"ReadAction\",\"target\":[\"https:\\\/\\\/www.inkultura-online.de\\\/politisch_unkorrekt\\\/eher-mangel-an-verstand-als-an-papier\\\/\"]}]},{\"@type\":\"BreadcrumbList\",\"@id\":\"https:\\\/\\\/www.inkultura-online.de\\\/politisch_unkorrekt\\\/eher-mangel-an-verstand-als-an-papier\\\/#breadcrumb\",\"itemListElement\":[{\"@type\":\"ListItem\",\"position\":1,\"name\":\"Home\",\"item\":\"https:\\\/\\\/www.inkultura-online.de\\\/politisch_unkorrekt\\\/\"},{\"@type\":\"ListItem\",\"position\":2,\"name\":\"Eher Mangel an Verstand als an Papier\"}]},{\"@type\":\"WebSite\",\"@id\":\"https:\\\/\\\/www.inkultura-online.de\\\/politisch_unkorrekt\\\/#website\",\"url\":\"https:\\\/\\\/www.inkultura-online.de\\\/politisch_unkorrekt\\\/\",\"name\":\"Zeitgeist? Frei!\",\"description\":\"Was Ihr den Geist der Zeiten hei\u00dft...\",\"publisher\":{\"@id\":\"https:\\\/\\\/www.inkultura-online.de\\\/politisch_unkorrekt\\\/#\\\/schema\\\/person\\\/5b30b80e385478896a1de221e1994d86\"},\"potentialAction\":[{\"@type\":\"SearchAction\",\"target\":{\"@type\":\"EntryPoint\",\"urlTemplate\":\"https:\\\/\\\/www.inkultura-online.de\\\/politisch_unkorrekt\\\/?s={search_term_string}\"},\"query-input\":{\"@type\":\"PropertyValueSpecification\",\"valueRequired\":true,\"valueName\":\"search_term_string\"}}],\"inLanguage\":\"de\"},{\"@type\":[\"Person\",\"Organization\"],\"@id\":\"https:\\\/\\\/www.inkultura-online.de\\\/politisch_unkorrekt\\\/#\\\/schema\\\/person\\\/5b30b80e385478896a1de221e1994d86\",\"name\":\"Orator\",\"image\":{\"@type\":\"ImageObject\",\"inLanguage\":\"de\",\"@id\":\"https:\\\/\\\/secure.gravatar.com\\\/avatar\\\/96e03166d31716e9c437060430eb7605c45a8ce6fb6dab483637ca6915dd0844?s=96&d=mm&r=g\",\"url\":\"https:\\\/\\\/secure.gravatar.com\\\/avatar\\\/96e03166d31716e9c437060430eb7605c45a8ce6fb6dab483637ca6915dd0844?s=96&d=mm&r=g\",\"contentUrl\":\"https:\\\/\\\/secure.gravatar.com\\\/avatar\\\/96e03166d31716e9c437060430eb7605c45a8ce6fb6dab483637ca6915dd0844?s=96&d=mm&r=g\",\"caption\":\"Orator\"},\"logo\":{\"@id\":\"https:\\\/\\\/secure.gravatar.com\\\/avatar\\\/96e03166d31716e9c437060430eb7605c45a8ce6fb6dab483637ca6915dd0844?s=96&d=mm&r=g\"},\"url\":\"https:\\\/\\\/www.inkultura-online.de\\\/politisch_unkorrekt\\\/author\\\/1korrektor21-2\\\/\"}]}<\/script>\n<!-- \/ Yoast SEO plugin. -->","yoast_head_json":{"title":"Eher Mangel an Verstand als an Papier - Zeitgeist? Frei!","robots":{"index":"index","follow":"follow","max-snippet":"max-snippet:-1","max-image-preview":"max-image-preview:large","max-video-preview":"max-video-preview:-1"},"canonical":"https:\/\/www.inkultura-online.de\/politisch_unkorrekt\/eher-mangel-an-verstand-als-an-papier\/","og_locale":"de_DE","og_type":"article","og_title":"Eher Mangel an Verstand als an Papier - Zeitgeist? Frei!","og_description":"Deutschland, das Land der Dichter und Denker, und \u2013 ja, auch der B\u00fcrokraten. Ein Land, in dem alles seine Ordnung hat, Papierstapel formvollendet auf Schreibtischen ruhen und das Ger\u00e4usch eines stemmenden Stempels fast so beruhigend wirkt wie das eines Bachlaufes &hellip; Weiterlesen &rarr;","og_url":"https:\/\/www.inkultura-online.de\/politisch_unkorrekt\/eher-mangel-an-verstand-als-an-papier\/","og_site_name":"Zeitgeist? Frei!","article_published_time":"2024-11-10T10:40:55+00:00","author":"Orator","twitter_misc":{"Verfasst von":"Orator","Gesch\u00e4tzte Lesezeit":"3\u00a0Minuten"},"schema":{"@context":"https:\/\/schema.org","@graph":[{"@type":"Article","@id":"https:\/\/www.inkultura-online.de\/politisch_unkorrekt\/eher-mangel-an-verstand-als-an-papier\/#article","isPartOf":{"@id":"https:\/\/www.inkultura-online.de\/politisch_unkorrekt\/eher-mangel-an-verstand-als-an-papier\/"},"author":{"name":"Orator","@id":"https:\/\/www.inkultura-online.de\/politisch_unkorrekt\/#\/schema\/person\/5b30b80e385478896a1de221e1994d86"},"headline":"Eher Mangel an Verstand als an Papier","datePublished":"2024-11-10T10:40:55+00:00","mainEntityOfPage":{"@id":"https:\/\/www.inkultura-online.de\/politisch_unkorrekt\/eher-mangel-an-verstand-als-an-papier\/"},"wordCount":552,"publisher":{"@id":"https:\/\/www.inkultura-online.de\/politisch_unkorrekt\/#\/schema\/person\/5b30b80e385478896a1de221e1994d86"},"keywords":["Neuwahlen","Papiermangel"],"articleSection":["Die d\u00fcmmsten Spr\u00fcche der Woche","Fundst\u00fccke","Gedanken zum Tag","Hauptstadtpossen","Systemfehler"],"inLanguage":"de"},{"@type":"WebPage","@id":"https:\/\/www.inkultura-online.de\/politisch_unkorrekt\/eher-mangel-an-verstand-als-an-papier\/","url":"https:\/\/www.inkultura-online.de\/politisch_unkorrekt\/eher-mangel-an-verstand-als-an-papier\/","name":"Eher Mangel an Verstand als an Papier - Zeitgeist? Frei!","isPartOf":{"@id":"https:\/\/www.inkultura-online.de\/politisch_unkorrekt\/#website"},"datePublished":"2024-11-10T10:40:55+00:00","breadcrumb":{"@id":"https:\/\/www.inkultura-online.de\/politisch_unkorrekt\/eher-mangel-an-verstand-als-an-papier\/#breadcrumb"},"inLanguage":"de","potentialAction":[{"@type":"ReadAction","target":["https:\/\/www.inkultura-online.de\/politisch_unkorrekt\/eher-mangel-an-verstand-als-an-papier\/"]}]},{"@type":"BreadcrumbList","@id":"https:\/\/www.inkultura-online.de\/politisch_unkorrekt\/eher-mangel-an-verstand-als-an-papier\/#breadcrumb","itemListElement":[{"@type":"ListItem","position":1,"name":"Home","item":"https:\/\/www.inkultura-online.de\/politisch_unkorrekt\/"},{"@type":"ListItem","position":2,"name":"Eher Mangel an Verstand als an Papier"}]},{"@type":"WebSite","@id":"https:\/\/www.inkultura-online.de\/politisch_unkorrekt\/#website","url":"https:\/\/www.inkultura-online.de\/politisch_unkorrekt\/","name":"Zeitgeist? Frei!","description":"Was Ihr den Geist der Zeiten hei\u00dft...","publisher":{"@id":"https:\/\/www.inkultura-online.de\/politisch_unkorrekt\/#\/schema\/person\/5b30b80e385478896a1de221e1994d86"},"potentialAction":[{"@type":"SearchAction","target":{"@type":"EntryPoint","urlTemplate":"https:\/\/www.inkultura-online.de\/politisch_unkorrekt\/?s={search_term_string}"},"query-input":{"@type":"PropertyValueSpecification","valueRequired":true,"valueName":"search_term_string"}}],"inLanguage":"de"},{"@type":["Person","Organization"],"@id":"https:\/\/www.inkultura-online.de\/politisch_unkorrekt\/#\/schema\/person\/5b30b80e385478896a1de221e1994d86","name":"Orator","image":{"@type":"ImageObject","inLanguage":"de","@id":"https:\/\/secure.gravatar.com\/avatar\/96e03166d31716e9c437060430eb7605c45a8ce6fb6dab483637ca6915dd0844?s=96&d=mm&r=g","url":"https:\/\/secure.gravatar.com\/avatar\/96e03166d31716e9c437060430eb7605c45a8ce6fb6dab483637ca6915dd0844?s=96&d=mm&r=g","contentUrl":"https:\/\/secure.gravatar.com\/avatar\/96e03166d31716e9c437060430eb7605c45a8ce6fb6dab483637ca6915dd0844?s=96&d=mm&r=g","caption":"Orator"},"logo":{"@id":"https:\/\/secure.gravatar.com\/avatar\/96e03166d31716e9c437060430eb7605c45a8ce6fb6dab483637ca6915dd0844?s=96&d=mm&r=g"},"url":"https:\/\/www.inkultura-online.de\/politisch_unkorrekt\/author\/1korrektor21-2\/"}]}},"_links":{"self":[{"href":"https:\/\/www.inkultura-online.de\/politisch_unkorrekt\/wp-json\/wp\/v2\/posts\/2868","targetHints":{"allow":["GET"]}}],"collection":[{"href":"https:\/\/www.inkultura-online.de\/politisch_unkorrekt\/wp-json\/wp\/v2\/posts"}],"about":[{"href":"https:\/\/www.inkultura-online.de\/politisch_unkorrekt\/wp-json\/wp\/v2\/types\/post"}],"author":[{"embeddable":true,"href":"https:\/\/www.inkultura-online.de\/politisch_unkorrekt\/wp-json\/wp\/v2\/users\/1"}],"replies":[{"embeddable":true,"href":"https:\/\/www.inkultura-online.de\/politisch_unkorrekt\/wp-json\/wp\/v2\/comments?post=2868"}],"version-history":[{"count":1,"href":"https:\/\/www.inkultura-online.de\/politisch_unkorrekt\/wp-json\/wp\/v2\/posts\/2868\/revisions"}],"predecessor-version":[{"id":2869,"href":"https:\/\/www.inkultura-online.de\/politisch_unkorrekt\/wp-json\/wp\/v2\/posts\/2868\/revisions\/2869"}],"wp:attachment":[{"href":"https:\/\/www.inkultura-online.de\/politisch_unkorrekt\/wp-json\/wp\/v2\/media?parent=2868"}],"wp:term":[{"taxonomy":"category","embeddable":true,"href":"https:\/\/www.inkultura-online.de\/politisch_unkorrekt\/wp-json\/wp\/v2\/categories?post=2868"},{"taxonomy":"post_tag","embeddable":true,"href":"https:\/\/www.inkultura-online.de\/politisch_unkorrekt\/wp-json\/wp\/v2\/tags?post=2868"}],"curies":[{"name":"wp","href":"https:\/\/api.w.org\/{rel}","templated":true}]}}