{"id":2870,"date":"2024-11-14T10:27:05","date_gmt":"2024-11-14T08:27:05","guid":{"rendered":"https:\/\/www.inkultura-online.de\/politisch_unkorrekt\/?p=2870"},"modified":"2024-11-14T10:27:05","modified_gmt":"2024-11-14T08:27:05","slug":"wessen-brot-ich-esse-dessen-lied-ich-singe-2","status":"publish","type":"post","link":"https:\/\/www.inkultura-online.de\/politisch_unkorrekt\/wessen-brot-ich-esse-dessen-lied-ich-singe-2\/","title":{"rendered":"Wessen Brot ich esse, dessen Lied ich singe"},"content":{"rendered":"<p>Wir befinden uns, die sog. Corona-Epidemie hat es gezeigt, in einem Informationskrieg. Dieser setzt sich, wie vorher in der \u201eglobalen Pandemie\u201c, nahtlos und unisono bez\u00fcglich der Berichterstattung, besser ausgedr\u00fcckt, der Informationsverschleierung im Ukraine-Krieg fort. Hier wie dort war und ist Information eine Ware, die unter kapitalistischen Marktgesetzen gehandelt wird; mit den ersichtlichen Konsequenzen.<!--more--><\/p>\n<p>Wenn Information als Ware auf dem kapitalistischen Markt gehandelt wird, geraten Meinungsfreiheit und Profitstreben potenziell in Konflikt. Verlagsh\u00e4user, die in einem marktorientierten System agieren, haben einerseits die Aufgabe, Informationen frei zug\u00e4nglich zu machen und \u00f6ffentliche Debatten zu f\u00f6rdern. Andererseits unterliegen sie dem Druck, Gewinne zu erzielen und auf wirtschaftliche Interessen zu reagieren, die manchmal die Inhalte und Meinungen, die sie ver\u00f6ffentlichen, beeinflussen k\u00f6nnen.<\/p>\n<p>In kapitalistischen M\u00e4rkten sind Verlage nicht nur Informationsanbieter, sondern auch gewinnorientierte Unternehmen, die auf Verk\u00e4ufe, Abonnements und Werbeeinnahmen angewiesen sind. Dieser \u00f6konomische Druck kann zu einer Selektion von Informationen f\u00fchren: Themen, die sich besser verkaufen oder die Werbekunden anziehen, k\u00f6nnten priorisiert werden, w\u00e4hrend kontroverse, politisch heikle oder schwer zu monetarisierende Inhalte m\u00f6glicherweise unterrepr\u00e4sentiert bleiben. So entsteht das Risiko einer Verzerrung der Meinungsvielfalt zugunsten marktf\u00e4higer, massentauglicher Inhalte.<\/p>\n<p>Zus\u00e4tzlich f\u00fchrt das Profitstreben dazu, dass Verlage \u2013 besonders solche in finanzieller Abh\u00e4ngigkeit von Anzeigenkunden oder Gro\u00dfinvestoren \u2013 die Ver\u00f6ffentlichung bestimmter Meinungen vermeiden, wenn diese die Interessen von Anzeigenkunden oder Investoren gef\u00e4hrden k\u00f6nnten. Dieser Mechanismus schr\u00e4nkt die Meinungsfreiheit ein, weil die Entscheidungsfreiheit \u00fcber die Ver\u00f6ffentlichung von Informationen zunehmend von \u00f6konomischen Interessen gepr\u00e4gt wird.<\/p>\n<p>Digitalisierung und die Verbreitung von Informationen \u00fcber soziale Medien haben dieses Problem versch\u00e4rft. Viele Plattformen setzen Algorithmen ein, die vor allem Inhalte mit hoher \u201eEngagement-Rate\u201c bevorzugen \u2013 h\u00e4ufig Sensationelles, Polarisierendes oder Emotionales \u2013, um die Verweildauer und damit die Werbeeinnahmen zu steigern. Dies beeinflusst die Meinungsfreiheit indirekt, indem manche Meinungen verst\u00e4rkt und andere unterdr\u00fcckt werden, was oft weniger mit journalistischer Relevanz als mit algorithmisch optimiertem Profitpotenzial zu tun hat.<\/p>\n<p>Die Gefahr von Propaganda anstelle von Information w\u00e4chst erheblich, wenn marktwirtschaftliche Interessen das Mediensystem dominieren. Denn in einem solchen Umfeld kann die Verbreitung von Informationen stark von wirtschaftlichen, politischen oder ideologischen Agenden beeinflusst werden. Verlage oder Medienunternehmen, die prim\u00e4r auf Profite ausgerichtet sind, k\u00f6nnten dazu neigen, Inhalte zu verbreiten, die bestimmten Interessen dienen, anstatt neutral und unabh\u00e4ngig zu berichten. Dies ist besonders problematisch, wenn Medienunternehmen politisch oder finanziell von bestimmten Interessengruppen abh\u00e4ngig sind.<\/p>\n<p>In einem profitorientierten System w\u00e4hlen Unternehmen Informationen selektiv aus oder schaffen gezielt Inhalte, um eine bestimmte \u00f6ffentliche Meinung zu formen oder zu manipulieren. Dies f\u00fchrt zu einer Art Propaganda, die nicht notwendigerweise staatlich gelenkt ist, sondern durch privatwirtschaftliche Akteure gesteuert wird, die spezielle Botschaften oder Perspektiven verbreiten. Besonders durch emotionale oder polarisierende Inhalte k\u00f6nnen Medien gezielt Meinungen beeinflussen und Leser an sich binden, w\u00e4hrend sie auf diese Weise gleichzeitig ihre wirtschaftlichen Interessen absichern.<\/p>\n<p>Eine weitere Gefahr besteht darin, dass die Grenze zwischen Information und Propaganda f\u00fcr den Konsumenten zunehmend verschwimmt. Gerade im digitalen Zeitalter, in dem sogenannte \u201eClickbait\u201c-Artikel und stark emotionale Inhalte bevorzugt behandelt werden, erhalten wir oft Inhalte, die weniger auf sachlicher Information als auf emotionaler oder polarisierender Wirkung beruhen. Die Verbreitung solcher Inhalte dient weniger der Meinungsvielfalt und dem Erkenntnisgewinn, sondern zielt vielmehr darauf ab, maximale Aufmerksamkeit und Interaktion zu erzielen \u2013 h\u00e4ufig zugunsten wirtschaftlicher Ziele, aber auf Kosten einer fundierten und ausgewogenen Information.<\/p>\n<p>Eine weitere Facette dieser Gefahr zeigt sich in der sogenannten \u201eEcho-Kammer\u201c-Dynamik, die durch algorithmische Filterblasen entsteht: Menschen sehen bevorzugt Inhalte, die ihren bestehenden \u00dcberzeugungen entsprechen, wodurch abweichende Meinungen oder neutrale Informationen an Reichweite verlieren. Auch hierdurch k\u00f6nnen Medienunternehmen eine Form der Propaganda f\u00f6rdern, die indirekt durch die selektive Verst\u00e4rkung bestimmter Meinungen zustande kommt.<\/p>\n<p>Das Sprichwort \u201eWessen Brot ich esse, dessen Lied ich singe\u201c beschreibt treffend die Abh\u00e4ngigkeit, die jemand gegen\u00fcber seinem \u201eBrotgeber\u201c hat \u2013 also gegen\u00fcber der Person oder Institution, die ihn finanziell unterst\u00fctzt. Es bedeutet, dass man sich oft den Ansichten, Erwartungen oder Interessen derjenigen beugt, von denen man wirtschaftlich abh\u00e4ngig ist, und deren Interessen m\u00f6glicherweise sogar aktiv verteidigt oder repr\u00e4sentiert.<\/p>\n<p>In Bezug auf Medienunternehmen und Verlage verdeutlicht das Sprichwort die Problematik, dass wirtschaftliche Abh\u00e4ngigkeiten die Berichterstattung beeinflussen k\u00f6nnen. Wenn ein Verlag stark von Anzeigenkunden oder bestimmten Geldgebern (warum f\u00e4llt mir jetzt der \u201egute\u201c Bill Gates und seine gro\u00dfz\u00fcgigen finanziellen Spenden an Medienkonzerne ein?) abh\u00e4ngig ist, k\u00f6nnte er in Versuchung geraten, seine Berichterstattung zugunsten dieser Interessen anzupassen oder kritische Inhalte zu vermeiden. Die Gefahr liegt dann darin, dass die Medien nicht mehr unabh\u00e4ngig informieren, sondern \u201edas Lied singen\u201c, das ihren Geldgebern gef\u00e4llt \u2013 ein Mechanismus, der wohl zu Recht als Propaganda bezeichnet werden kann.<\/p>\n<p>Journalisten sind Herdentiere und schrieben mangels Wissen gerne von Kollegen ab und so lebt diese Spezies in Echo-Blasen. Dieser Begriff beschreibt ein Ph\u00e4nomen, bei dem sich Menschen in einem Umfeld bewegen \u2013 etwa in sozialen Medien \u2013, das fast ausschlie\u00dflich Inhalte widerspiegelt, die ihren eigenen Ansichten und \u00dcberzeugungen entsprechen. Diese Blasen entstehen h\u00e4ufig durch algorithmische Mechanismen, die personalisierte Inhalte basierend auf den bisherigen Pr\u00e4ferenzen und dem Verhalten der Nutzer zeigen.<\/p>\n<p>Das f\u00fchrt zur Selbstreferentialit\u00e4t: Innerhalb einer Echoblase werden die gleichen Meinungen und Informationen immer wieder best\u00e4tigt und verst\u00e4rkt, w\u00e4hrend abweichende Meinungen kaum vorkommen. So wird das Weltbild innerhalb der Blase selbstreferentiell, da neue Informationen fast nur in einer Weise pr\u00e4sentiert werden, die das bestehende Verst\u00e4ndnis und die eigenen \u00dcberzeugungen weiter untermauert. Dadurch fehlen oft Impulse von au\u00dfen, die das eigene Weltbild erweitern oder in Frage stellen k\u00f6nnten.<\/p>\n<p>Diese Dynamik f\u00fchrt nicht nur zu einer Verst\u00e4rkung bestehender Ansichten, sondern auch zu einer zunehmenden Radikalisierung oder Polarisierung, da sich die Meinungen innerhalb der Blase immer weiter zuspitzen, ohne durch alternative Perspektiven gemildert zu werden. In diesem Sinne kann die Echoblase als eine Form der Selbstreferentialit\u00e4t betrachtet werden, bei der der Informationsfluss geschlossen ist und nur noch die eigene Perspektive zur\u00fcckhallt.<\/p>\n<p>Wer profitiert noch von diesem kranken Informationssystem? Na klar, die oberste F\u00fchrung. Regierungen haben ein Interesse daran, Echokammern zu f\u00f6rdern oder zu nutzen, um propagandistische Ziele zu erreichen. Wenn gezielt nur bestimmte Informationen oder Meinungen verst\u00e4rkt und alternative Sichtweisen unterdr\u00fcckt werden, kann dies die \u00f6ffentliche Meinung in eine gew\u00fcnschte Richtung lenken. Durch die Kontrolle oder gezielte Beeinflussung von Echokammern lie\u00dfen sich Menschen relativ einfach erreichen und in ihrer Meinung beeinflussen \u2013 ohne dass es offensichtlicher Propaganda bedarf.<\/p>\n<p>Eine M\u00f6glichkeit f\u00fcr Regierungen besteht darin, gezielt Inhalte \u00fcber kontrollierte oder gef\u00f6rderte Nachrichtenkan\u00e4le, bezahlte Beitr\u00e4ge oder Social-Media-Kampagnen zu verbreiten. So k\u00f6nnen die gew\u00fcnschten Narrative an Personen weitergegeben werden, die daf\u00fcr empf\u00e4nglich sind und kaum Kontakt zu widersprechenden Meinungen haben. Dar\u00fcber hinaus k\u00f6nnten Regierungen in Zusammenarbeit mit sozialen Plattformen Einfluss darauf nehmen, welche Inhalte algorithmisch bevorzugt angezeigt werden, um bestimmte Botschaften zu verst\u00e4rken und kritische Inhalte in den Hintergrund zu r\u00fccken.<\/p>\n<p>Auch die gezielte Verbreitung von Desinformation oder stark vereinfachten, emotional aufgeladenen Inhalten kann in Echokammern besonders wirksam sein, da solche Inhalte bestehende \u00dcberzeugungen st\u00fctzen und daher oft unreflektiert angenommen werden. Dies erschwert den Zugang zu objektiven Informationen und beeinflusst die Bev\u00f6lkerung im Sinne der Regierenden.<\/p>\n<p>Ein weiterer Effekt von Echokammern besteht darin, dass sie Isolation f\u00f6rdern: Menschen bleiben oft innerhalb dieser Meinungsr\u00e4ume, was sie in ihrer Sichtweise best\u00e4tigt und darin best\u00e4rkt, alternative Informationen zu meiden. Eine Regierung k\u00f6nnte diesen Effekt nutzen, um Konflikte zwischen verschiedenen gesellschaftlichen Gruppen zu versch\u00e4rfen und so von sozialen Problemen oder Kritik an der eigenen Politik abzulenken.<\/p>\n<p>Diese Mechanismen tragen zur Polarisierung der Gesellschaft bei, da unterschiedliche Gruppen zunehmend gegens\u00e4tzliche Weltsichten entwickeln und weniger miteinander in Dialog treten. Wenn eine Regierung dies gezielt steuert, k\u00f6nnen diese isolierten Meinungsr\u00e4ume ein machtvolles Mittel werden, um die \u00f6ffentliche Meinung und gesellschaftliche Strukturen in eine bestimmte Richtung zu lenken \u2013 ohne dass offene Zensur erforderlich w\u00e4re.<\/p>\n<p>Wenn man in diesem Kontext \u201eEchokammern\u201c durch \u201ePropaganda\u201c ersetzt, wird das Bild noch deutlicher. Propaganda zielt darauf ab, die \u00f6ffentliche Meinung systematisch und einseitig zu beeinflussen, indem gezielt Informationen verst\u00e4rkt und alternative Perspektiven unterdr\u00fcckt werden. In einer demokratischen Gesellschaft bedeutet die gezielte Propaganda durch Regierungen oder m\u00e4chtige Interessen eine klare Bedrohung f\u00fcr die Meinungsfreiheit und die Unabh\u00e4ngigkeit des \u00f6ffentlichen Diskurses.<\/p>\n<p>Durch Propaganda w\u00fcrde das Informationsumfeld zunehmend einseitig und kontrolliert werden. Die B\u00fcrgerinnen und B\u00fcrger h\u00e4tten zwar m\u00f6glicherweise Zugang zu einer F\u00fclle an Informationen, doch diese w\u00e4ren stark gef\u00e4rbt und manipuliert, um bestimmte Narrative und \u00dcberzeugungen zu verst\u00e4rken. Dies w\u00e4re besonders problematisch, da die Demokratie darauf basiert, dass Menschen informierte Entscheidungen treffen k\u00f6nnen \u2013 Entscheidungen, die auf einer Vielfalt von Perspektiven und Informationen beruhen.<\/p>\n<p>Propaganda kann dabei nicht nur bestimmte Informationen verst\u00e4rken, sondern auch dazu beitragen, kritische Stimmen zu marginalisieren oder zu diskreditieren. Dies f\u00fchrt zu einer Art \u201eInformationsuniformit\u00e4t\u201c, in der abweichende Meinungen, die das propagierte Narrativ in Frage stellen, als unwahr oder bedrohlich dargestellt werden. Die demokratische Meinungsbildung verkommt dann zu einem formalisierten Prozess, der jedoch inhaltlich durch kontrollierte Information gelenkt wird.<\/p>\n<p>Eine Gesellschaft, die durch Propaganda gepr\u00e4gt ist, l\u00e4uft Gefahr, den pluralistischen Diskurs, der f\u00fcr die Demokratie essenziell ist, zu verlieren. Die Folge w\u00e4re eine \u201egelenkte Demokratie\u201c oder eine \u201ePseudo-Demokratie\u201c, eine \u201eFassadendemokratie\u201c: \u00c4u\u00dferlich gibt es zwar Wahlen und Meinungsfreiheit, doch die Basis f\u00fcr eine wirklich freie Willensbildung fehlt, da die B\u00fcrgerinnen und B\u00fcrger nicht mehr unvoreingenommen informiert sind. Das w\u00e4re das Ende einer freien und offenen Gesellschaft.<\/p>\n","protected":false},"excerpt":{"rendered":"<p>Wir befinden uns, die sog. Corona-Epidemie hat es gezeigt, in einem Informationskrieg. Dieser setzt sich, wie vorher in der \u201eglobalen Pandemie\u201c, nahtlos und unisono bez\u00fcglich der Berichterstattung, besser ausgedr\u00fcckt, der Informationsverschleierung im Ukraine-Krieg fort. Hier wie dort war und ist &hellip; <a href=\"https:\/\/www.inkultura-online.de\/politisch_unkorrekt\/wessen-brot-ich-esse-dessen-lied-ich-singe-2\/\">Weiterlesen <span class=\"meta-nav\">&rarr;<\/span><\/a><\/p>\n","protected":false},"author":1,"featured_media":0,"comment_status":"closed","ping_status":"closed","sticky":false,"template":"","format":"standard","meta":{"footnotes":""},"categories":[444,10,11],"tags":[1738,1723,255,365,1739],"class_list":["post-2870","post","type-post","status-publish","format-standard","hentry","category-gedanken-zum-tag","category-systemfehler","category-was-die-qualitaetspresse-gern-verschweigt","tag-betreutes-denken","tag-fassadendemokratie","tag-oeffentlich-rechtliche-verdummung","tag-propaganda","tag-scheindemokratie"],"yoast_head":"<!-- This site is optimized with the Yoast SEO plugin v27.5 - https:\/\/yoast.com\/product\/yoast-seo-wordpress\/ -->\n<title>Wessen Brot ich esse, dessen Lied ich singe - Zeitgeist? Frei!<\/title>\n<meta name=\"robots\" content=\"index, follow, max-snippet:-1, max-image-preview:large, max-video-preview:-1\" \/>\n<link rel=\"canonical\" href=\"https:\/\/www.inkultura-online.de\/politisch_unkorrekt\/wessen-brot-ich-esse-dessen-lied-ich-singe-2\/\" \/>\n<meta property=\"og:locale\" content=\"de_DE\" \/>\n<meta property=\"og:type\" content=\"article\" \/>\n<meta property=\"og:title\" content=\"Wessen Brot ich esse, dessen Lied ich singe - Zeitgeist? Frei!\" \/>\n<meta property=\"og:description\" content=\"Wir befinden uns, die sog. Corona-Epidemie hat es gezeigt, in einem Informationskrieg. Dieser setzt sich, wie vorher in der \u201eglobalen Pandemie\u201c, nahtlos und unisono bez\u00fcglich der Berichterstattung, besser ausgedr\u00fcckt, der Informationsverschleierung im Ukraine-Krieg fort. Hier wie dort war und ist &hellip; Weiterlesen &rarr;\" \/>\n<meta property=\"og:url\" content=\"https:\/\/www.inkultura-online.de\/politisch_unkorrekt\/wessen-brot-ich-esse-dessen-lied-ich-singe-2\/\" \/>\n<meta property=\"og:site_name\" content=\"Zeitgeist? Frei!\" \/>\n<meta property=\"article:published_time\" content=\"2024-11-14T08:27:05+00:00\" \/>\n<meta name=\"author\" content=\"Orator\" \/>\n<meta name=\"twitter:label1\" content=\"Verfasst von\" \/>\n\t<meta name=\"twitter:data1\" content=\"Orator\" \/>\n\t<meta name=\"twitter:label2\" content=\"Gesch\u00e4tzte Lesezeit\" \/>\n\t<meta name=\"twitter:data2\" content=\"9\u00a0Minuten\" \/>\n<script type=\"application\/ld+json\" class=\"yoast-schema-graph\">{\"@context\":\"https:\\\/\\\/schema.org\",\"@graph\":[{\"@type\":\"Article\",\"@id\":\"https:\\\/\\\/www.inkultura-online.de\\\/politisch_unkorrekt\\\/wessen-brot-ich-esse-dessen-lied-ich-singe-2\\\/#article\",\"isPartOf\":{\"@id\":\"https:\\\/\\\/www.inkultura-online.de\\\/politisch_unkorrekt\\\/wessen-brot-ich-esse-dessen-lied-ich-singe-2\\\/\"},\"author\":{\"name\":\"Orator\",\"@id\":\"https:\\\/\\\/www.inkultura-online.de\\\/politisch_unkorrekt\\\/#\\\/schema\\\/person\\\/5b30b80e385478896a1de221e1994d86\"},\"headline\":\"Wessen Brot ich esse, dessen Lied ich singe\",\"datePublished\":\"2024-11-14T08:27:05+00:00\",\"mainEntityOfPage\":{\"@id\":\"https:\\\/\\\/www.inkultura-online.de\\\/politisch_unkorrekt\\\/wessen-brot-ich-esse-dessen-lied-ich-singe-2\\\/\"},\"wordCount\":1620,\"publisher\":{\"@id\":\"https:\\\/\\\/www.inkultura-online.de\\\/politisch_unkorrekt\\\/#\\\/schema\\\/person\\\/5b30b80e385478896a1de221e1994d86\"},\"keywords\":[\"betreutes Denken\",\"Fassadendemokratie\",\"\u00d6ffentlich-Rechtliche-Verdummung\",\"Propaganda\",\"Scheindemokratie\"],\"articleSection\":[\"Gedanken zum Tag\",\"Systemfehler\",\"Was die \\\"Qualit\u00e4tspresse\\\" gern verschweigt\"],\"inLanguage\":\"de\"},{\"@type\":\"WebPage\",\"@id\":\"https:\\\/\\\/www.inkultura-online.de\\\/politisch_unkorrekt\\\/wessen-brot-ich-esse-dessen-lied-ich-singe-2\\\/\",\"url\":\"https:\\\/\\\/www.inkultura-online.de\\\/politisch_unkorrekt\\\/wessen-brot-ich-esse-dessen-lied-ich-singe-2\\\/\",\"name\":\"Wessen Brot ich esse, dessen Lied ich singe - Zeitgeist? Frei!\",\"isPartOf\":{\"@id\":\"https:\\\/\\\/www.inkultura-online.de\\\/politisch_unkorrekt\\\/#website\"},\"datePublished\":\"2024-11-14T08:27:05+00:00\",\"breadcrumb\":{\"@id\":\"https:\\\/\\\/www.inkultura-online.de\\\/politisch_unkorrekt\\\/wessen-brot-ich-esse-dessen-lied-ich-singe-2\\\/#breadcrumb\"},\"inLanguage\":\"de\",\"potentialAction\":[{\"@type\":\"ReadAction\",\"target\":[\"https:\\\/\\\/www.inkultura-online.de\\\/politisch_unkorrekt\\\/wessen-brot-ich-esse-dessen-lied-ich-singe-2\\\/\"]}]},{\"@type\":\"BreadcrumbList\",\"@id\":\"https:\\\/\\\/www.inkultura-online.de\\\/politisch_unkorrekt\\\/wessen-brot-ich-esse-dessen-lied-ich-singe-2\\\/#breadcrumb\",\"itemListElement\":[{\"@type\":\"ListItem\",\"position\":1,\"name\":\"Home\",\"item\":\"https:\\\/\\\/www.inkultura-online.de\\\/politisch_unkorrekt\\\/\"},{\"@type\":\"ListItem\",\"position\":2,\"name\":\"Wessen Brot ich esse, dessen Lied ich singe\"}]},{\"@type\":\"WebSite\",\"@id\":\"https:\\\/\\\/www.inkultura-online.de\\\/politisch_unkorrekt\\\/#website\",\"url\":\"https:\\\/\\\/www.inkultura-online.de\\\/politisch_unkorrekt\\\/\",\"name\":\"Zeitgeist? Frei!\",\"description\":\"Was Ihr den Geist der Zeiten hei\u00dft...\",\"publisher\":{\"@id\":\"https:\\\/\\\/www.inkultura-online.de\\\/politisch_unkorrekt\\\/#\\\/schema\\\/person\\\/5b30b80e385478896a1de221e1994d86\"},\"potentialAction\":[{\"@type\":\"SearchAction\",\"target\":{\"@type\":\"EntryPoint\",\"urlTemplate\":\"https:\\\/\\\/www.inkultura-online.de\\\/politisch_unkorrekt\\\/?s={search_term_string}\"},\"query-input\":{\"@type\":\"PropertyValueSpecification\",\"valueRequired\":true,\"valueName\":\"search_term_string\"}}],\"inLanguage\":\"de\"},{\"@type\":[\"Person\",\"Organization\"],\"@id\":\"https:\\\/\\\/www.inkultura-online.de\\\/politisch_unkorrekt\\\/#\\\/schema\\\/person\\\/5b30b80e385478896a1de221e1994d86\",\"name\":\"Orator\",\"image\":{\"@type\":\"ImageObject\",\"inLanguage\":\"de\",\"@id\":\"https:\\\/\\\/secure.gravatar.com\\\/avatar\\\/96e03166d31716e9c437060430eb7605c45a8ce6fb6dab483637ca6915dd0844?s=96&d=mm&r=g\",\"url\":\"https:\\\/\\\/secure.gravatar.com\\\/avatar\\\/96e03166d31716e9c437060430eb7605c45a8ce6fb6dab483637ca6915dd0844?s=96&d=mm&r=g\",\"contentUrl\":\"https:\\\/\\\/secure.gravatar.com\\\/avatar\\\/96e03166d31716e9c437060430eb7605c45a8ce6fb6dab483637ca6915dd0844?s=96&d=mm&r=g\",\"caption\":\"Orator\"},\"logo\":{\"@id\":\"https:\\\/\\\/secure.gravatar.com\\\/avatar\\\/96e03166d31716e9c437060430eb7605c45a8ce6fb6dab483637ca6915dd0844?s=96&d=mm&r=g\"},\"url\":\"https:\\\/\\\/www.inkultura-online.de\\\/politisch_unkorrekt\\\/author\\\/1korrektor21-2\\\/\"}]}<\/script>\n<!-- \/ Yoast SEO plugin. -->","yoast_head_json":{"title":"Wessen Brot ich esse, dessen Lied ich singe - Zeitgeist? Frei!","robots":{"index":"index","follow":"follow","max-snippet":"max-snippet:-1","max-image-preview":"max-image-preview:large","max-video-preview":"max-video-preview:-1"},"canonical":"https:\/\/www.inkultura-online.de\/politisch_unkorrekt\/wessen-brot-ich-esse-dessen-lied-ich-singe-2\/","og_locale":"de_DE","og_type":"article","og_title":"Wessen Brot ich esse, dessen Lied ich singe - Zeitgeist? Frei!","og_description":"Wir befinden uns, die sog. Corona-Epidemie hat es gezeigt, in einem Informationskrieg. Dieser setzt sich, wie vorher in der \u201eglobalen Pandemie\u201c, nahtlos und unisono bez\u00fcglich der Berichterstattung, besser ausgedr\u00fcckt, der Informationsverschleierung im Ukraine-Krieg fort. Hier wie dort war und ist &hellip; Weiterlesen &rarr;","og_url":"https:\/\/www.inkultura-online.de\/politisch_unkorrekt\/wessen-brot-ich-esse-dessen-lied-ich-singe-2\/","og_site_name":"Zeitgeist? Frei!","article_published_time":"2024-11-14T08:27:05+00:00","author":"Orator","twitter_misc":{"Verfasst von":"Orator","Gesch\u00e4tzte Lesezeit":"9\u00a0Minuten"},"schema":{"@context":"https:\/\/schema.org","@graph":[{"@type":"Article","@id":"https:\/\/www.inkultura-online.de\/politisch_unkorrekt\/wessen-brot-ich-esse-dessen-lied-ich-singe-2\/#article","isPartOf":{"@id":"https:\/\/www.inkultura-online.de\/politisch_unkorrekt\/wessen-brot-ich-esse-dessen-lied-ich-singe-2\/"},"author":{"name":"Orator","@id":"https:\/\/www.inkultura-online.de\/politisch_unkorrekt\/#\/schema\/person\/5b30b80e385478896a1de221e1994d86"},"headline":"Wessen Brot ich esse, dessen Lied ich singe","datePublished":"2024-11-14T08:27:05+00:00","mainEntityOfPage":{"@id":"https:\/\/www.inkultura-online.de\/politisch_unkorrekt\/wessen-brot-ich-esse-dessen-lied-ich-singe-2\/"},"wordCount":1620,"publisher":{"@id":"https:\/\/www.inkultura-online.de\/politisch_unkorrekt\/#\/schema\/person\/5b30b80e385478896a1de221e1994d86"},"keywords":["betreutes Denken","Fassadendemokratie","\u00d6ffentlich-Rechtliche-Verdummung","Propaganda","Scheindemokratie"],"articleSection":["Gedanken zum Tag","Systemfehler","Was die \"Qualit\u00e4tspresse\" gern verschweigt"],"inLanguage":"de"},{"@type":"WebPage","@id":"https:\/\/www.inkultura-online.de\/politisch_unkorrekt\/wessen-brot-ich-esse-dessen-lied-ich-singe-2\/","url":"https:\/\/www.inkultura-online.de\/politisch_unkorrekt\/wessen-brot-ich-esse-dessen-lied-ich-singe-2\/","name":"Wessen Brot ich esse, dessen Lied ich singe - Zeitgeist? Frei!","isPartOf":{"@id":"https:\/\/www.inkultura-online.de\/politisch_unkorrekt\/#website"},"datePublished":"2024-11-14T08:27:05+00:00","breadcrumb":{"@id":"https:\/\/www.inkultura-online.de\/politisch_unkorrekt\/wessen-brot-ich-esse-dessen-lied-ich-singe-2\/#breadcrumb"},"inLanguage":"de","potentialAction":[{"@type":"ReadAction","target":["https:\/\/www.inkultura-online.de\/politisch_unkorrekt\/wessen-brot-ich-esse-dessen-lied-ich-singe-2\/"]}]},{"@type":"BreadcrumbList","@id":"https:\/\/www.inkultura-online.de\/politisch_unkorrekt\/wessen-brot-ich-esse-dessen-lied-ich-singe-2\/#breadcrumb","itemListElement":[{"@type":"ListItem","position":1,"name":"Home","item":"https:\/\/www.inkultura-online.de\/politisch_unkorrekt\/"},{"@type":"ListItem","position":2,"name":"Wessen Brot ich esse, dessen Lied ich singe"}]},{"@type":"WebSite","@id":"https:\/\/www.inkultura-online.de\/politisch_unkorrekt\/#website","url":"https:\/\/www.inkultura-online.de\/politisch_unkorrekt\/","name":"Zeitgeist? Frei!","description":"Was Ihr den Geist der Zeiten hei\u00dft...","publisher":{"@id":"https:\/\/www.inkultura-online.de\/politisch_unkorrekt\/#\/schema\/person\/5b30b80e385478896a1de221e1994d86"},"potentialAction":[{"@type":"SearchAction","target":{"@type":"EntryPoint","urlTemplate":"https:\/\/www.inkultura-online.de\/politisch_unkorrekt\/?s={search_term_string}"},"query-input":{"@type":"PropertyValueSpecification","valueRequired":true,"valueName":"search_term_string"}}],"inLanguage":"de"},{"@type":["Person","Organization"],"@id":"https:\/\/www.inkultura-online.de\/politisch_unkorrekt\/#\/schema\/person\/5b30b80e385478896a1de221e1994d86","name":"Orator","image":{"@type":"ImageObject","inLanguage":"de","@id":"https:\/\/secure.gravatar.com\/avatar\/96e03166d31716e9c437060430eb7605c45a8ce6fb6dab483637ca6915dd0844?s=96&d=mm&r=g","url":"https:\/\/secure.gravatar.com\/avatar\/96e03166d31716e9c437060430eb7605c45a8ce6fb6dab483637ca6915dd0844?s=96&d=mm&r=g","contentUrl":"https:\/\/secure.gravatar.com\/avatar\/96e03166d31716e9c437060430eb7605c45a8ce6fb6dab483637ca6915dd0844?s=96&d=mm&r=g","caption":"Orator"},"logo":{"@id":"https:\/\/secure.gravatar.com\/avatar\/96e03166d31716e9c437060430eb7605c45a8ce6fb6dab483637ca6915dd0844?s=96&d=mm&r=g"},"url":"https:\/\/www.inkultura-online.de\/politisch_unkorrekt\/author\/1korrektor21-2\/"}]}},"_links":{"self":[{"href":"https:\/\/www.inkultura-online.de\/politisch_unkorrekt\/wp-json\/wp\/v2\/posts\/2870","targetHints":{"allow":["GET"]}}],"collection":[{"href":"https:\/\/www.inkultura-online.de\/politisch_unkorrekt\/wp-json\/wp\/v2\/posts"}],"about":[{"href":"https:\/\/www.inkultura-online.de\/politisch_unkorrekt\/wp-json\/wp\/v2\/types\/post"}],"author":[{"embeddable":true,"href":"https:\/\/www.inkultura-online.de\/politisch_unkorrekt\/wp-json\/wp\/v2\/users\/1"}],"replies":[{"embeddable":true,"href":"https:\/\/www.inkultura-online.de\/politisch_unkorrekt\/wp-json\/wp\/v2\/comments?post=2870"}],"version-history":[{"count":1,"href":"https:\/\/www.inkultura-online.de\/politisch_unkorrekt\/wp-json\/wp\/v2\/posts\/2870\/revisions"}],"predecessor-version":[{"id":2871,"href":"https:\/\/www.inkultura-online.de\/politisch_unkorrekt\/wp-json\/wp\/v2\/posts\/2870\/revisions\/2871"}],"wp:attachment":[{"href":"https:\/\/www.inkultura-online.de\/politisch_unkorrekt\/wp-json\/wp\/v2\/media?parent=2870"}],"wp:term":[{"taxonomy":"category","embeddable":true,"href":"https:\/\/www.inkultura-online.de\/politisch_unkorrekt\/wp-json\/wp\/v2\/categories?post=2870"},{"taxonomy":"post_tag","embeddable":true,"href":"https:\/\/www.inkultura-online.de\/politisch_unkorrekt\/wp-json\/wp\/v2\/tags?post=2870"}],"curies":[{"name":"wp","href":"https:\/\/api.w.org\/{rel}","templated":true}]}}